{"id":895,"date":"2014-08-26T00:00:58","date_gmt":"2014-08-26T03:00:58","guid":{"rendered":"http:\/\/aarquiteta.com.br\/?p=895"},"modified":"2025-02-15T10:53:59","modified_gmt":"2025-02-15T13:53:59","slug":"lar-dos-idosos","status":"publish","type":"post","link":"https:\/\/www.aarquiteta.com.br\/blog\/lar-dos-idosos\/","title":{"rendered":"Estudo de Caso Lar para Idosos &#8211; Inspire-se!"},"content":{"rendered":"<p style=\"text-align: justify;\">Ol\u00e1! Como prometido, segue mais um estudo de caso de <a href=\"https:\/\/www.aarquiteta.com.br\/blog\/?s=PROJETO\">projeto<\/a> arquitet\u00f4nico!<\/p><p style=\"text-align: justify;\">O edif\u00edcio escolhido foi o:\u00a0<b>Lar dos Idosos,<\/b> localiza\u00e7\u00e3o no\u00a0Bairro do Pari em S\u00e3o Paulo &#8211; \u00a0Capital \u00a0do <a href=\"https:\/\/www.aarquiteta.com.br\/blog\/?s=ESCRITORIO\">Escrit\u00f3rio<\/a> de\u00a0Arquiteura<b>\u00a0<\/b>Vigliecca &amp; Associados<\/p><p style=\"text-align: justify;\">Ent\u00e3o vamos l\u00e1:\u00a0<strong>LAR DOS IDOSOS!<\/strong><\/p><p style=\"text-align: justify;\"><strong>\u00a0-Objetivo do Projeto:\u00a0<\/strong>Executado pela Companhia Metropolitana de Habita\u00e7\u00e3o de S\u00e3o Paulo (COHAB), o projeto de loca\u00e7\u00e3o social\u00a0\u00e9 destinado a pessoas com mais de 65 anos que morem\u00a0na capital h\u00e1 pelo menos quatro anos e ganhem at\u00e9 tr\u00eas sal\u00e1rios m\u00ednimos.<\/p><h2 style=\"text-align: justify;\"><strong>\u00a0-Objetivo da escolha do Edif\u00edcio para estudo de caso<\/strong>:<\/h2><p style=\"text-align: justify;\">Como proposta para tema de Final de Curso de Gradua\u00e7\u00e3o a Vila dos Idosos servir\u00e1 de objeto de estudo no que se diz as particularidades do projeto voltadas para as necessidades dos idosos: Acessos especiais, rampas, lazer, espa\u00e7o comunit\u00e1rio e outros.<\/p><p style=\"text-align: justify;\">Foi verificado que o fator mais observado foi a acessibilidade e o senso comunit\u00e1rio, ou seja, que nenhum morador fique sozinho. A implanta\u00e7\u00e3o tamb\u00e9m foi primordial para a disposi\u00e7\u00e3o dos edif\u00edcios com fachadas voltadas para o interior do terreno. A volumetria \u00e9 simples com eixos estruturais regulares.<\/p><h2 style=\"text-align: justify;\"><strong>-Objetivo da escolha do Edif\u00edcio para estudo de caso<\/strong>:<\/h2><p style=\"text-align: justify;\">Como proposta para tema de Final de Curso de Gradua\u00e7\u00e3o a Vila dos Idosos servir\u00e1 de objeto de estudo no que se diz as particularidades do projeto voltadas para as necessidades dos idosos: Acessos especiais, rampas, lazer, espa\u00e7o comunit\u00e1rio e outros.<\/p><p style=\"text-align: justify;\">Foi verificado que o fator mais observado foi a acessibilidade e o senso comunit\u00e1rio, ou seja, que nenhum morador fique sozinho. A implanta\u00e7\u00e3o tamb\u00e9m foi primordial para a disposi\u00e7\u00e3o dos edif\u00edcios com fachadas voltadas para o interior do terreno. A volumetria \u00e9 simples com eixos estruturais regulares.<\/p><h2 style=\"text-align: justify;\"><strong>-An\u00e1lise da obra:<\/strong><\/h2><p style=\"text-align: justify;\">Tudo foi planejado para oferecer melhor qualidade de vida aos idosos. Elevadores ajudam aqueles que n\u00e3o conseguem subir as escadas. Em cada andar h\u00e1 um sal\u00e3o com espa\u00e7o para assistir \u00e0 televis\u00e3o ou jogar cartas. Nos banheiros, barras nas <a href=\"https:\/\/www.aarquiteta.com.br\/blog\/?s=PAREDE\">paredes<\/a> para dar mais seguran\u00e7a e evitar acidentes. Os acessos das unidades voltam-se para o corredor de conv\u00edvio, orientado para o p\u00e1tio central &#8211; no t\u00e9rreo, ele \u00e9 uma esp\u00e9cie de galeria.<b> <\/b><\/p><p style=\"text-align: justify;\">A Vila dos Idosos \u00e9 adaptada \u00e0s necessidades f\u00edsicas dos residentes, o que implica em portas mais largas, \u00e1reas com f\u00e1cil acesso, ventila\u00e7\u00e3o cruzada, adequa\u00e7\u00e3o dos <a href=\"https:\/\/www.aarquiteta.com.br\/blog\/?s=PISO\">pisos<\/a> e altura das janelas. Com todos esses itens observados ser\u00e1 poss\u00edvel fomentar a autonomia e independ\u00eancia do idoso.<\/p><p style=\"text-align: justify;\">As unidades ter\u00e3o interven\u00e7\u00f5es que levem em conta a forma dos objetos, como por exemplo, largura e altura dos degraus, adequa\u00e7\u00e3o dos pisos, altura das janelas, assim como as ordena\u00e7\u00f5es espaciais, considerando a necessidade de um espa\u00e7o f\u00edsico adequado e confort\u00e1vel para os moradores. Com todos esses cuidados voltados para o melhor conforto e comodidade dos futuros residentes, ser\u00e1 poss\u00edvel fomentar a autonomia e independ\u00eancia do idoso al\u00e9m do limite comum.<\/p><p style=\"text-align: justify;\">A seguir a apresenta\u00e7\u00e3o com imagens e plantas sobre a <a href=\"https:\/\/www.aarquiteta.com.br\/blog\/cursos-de-arquitetura-e-decoracao\/curso-de-gerenciamento-de-obras\">obra<\/a>: Clique na imagem para abrir:<\/p><p>&nbsp;<\/p><p style=\"text-align: center;\"><a href=\"https:\/\/www.slideshare.net\/lucpaixao\/vila-dos-idosossp\" target=\"_blank\" rel=\"noopener\"><img decoding=\"async\" class=\"aligncenter wp-image-11454 size-full\" title=\"estudo de caso\" src=\"https:\/\/www.aarquiteta.com.br\/blog\/wp-content\/uploads\/2014\/04\/estudo_caso.jpg\" alt=\"\" width=\"618\" height=\"533\" srcset=\"https:\/\/www.aarquiteta.com.br\/blog\/wp-content\/uploads\/2014\/04\/estudo_caso.jpg 618w, https:\/\/www.aarquiteta.com.br\/blog\/wp-content\/uploads\/2014\/04\/estudo_caso-150x129.jpg 150w\" sizes=\"(max-width: 618px) 100vw, 618px\" \/><\/a><\/p><div style=\"margin-bottom: 5px; text-align: center;\"><strong> <a title=\"Vila dos Idosos-SP\" href=\"https:\/\/www.slideshare.net\/lucpaixao\/vila-dos-idosossp\" target=\"_blank\" rel=\"noopener\">Vila dos Idosos-SP<\/a> <\/strong> from <strong><a href=\"https:\/\/www.slideshare.net\/lucpaixao\" target=\"_blank\" rel=\"noopener\">Luciana Paix\u00e3o Arquitetura<\/a><\/strong><\/div><div><\/div><div><\/div><div style=\"margin-bottom: 5px; text-align: center;\"><a href=\"https:\/\/www.aarquiteta.com.br\/curso-3ds-max-vray-pos-3d\/\" target=\"_blank\" rel=\"noopener\"><img decoding=\"async\" class=\"aligncenter wp-image-2827 size-full\" src=\"https:\/\/www.aarquiteta.com.br\/blog\/wp-content\/uploads\/2014\/03\/ban-3ds.jpg\" alt=\"ban 3ds\" width=\"656\" height=\"101\" title=\"\" srcset=\"https:\/\/www.aarquiteta.com.br\/blog\/wp-content\/uploads\/2014\/03\/ban-3ds.jpg 656w, https:\/\/www.aarquiteta.com.br\/blog\/wp-content\/uploads\/2014\/03\/ban-3ds-150x23.jpg 150w\" sizes=\"(max-width: 656px) 100vw, 656px\" \/><\/a><\/div><div style=\"margin-bottom: 5px;\"><\/div><div style=\"margin-bottom: 5px;\"><p>Quer aprender a fazer projetos de prefeitura?<\/p><p>&nbsp;<\/p><p align=\"justify\">Gostou deste post? Curta nossa p\u00e1gina e compartilhe-a com os amigos no facebook:\u00a0https:\/\/www.facebook.com\/Aarquiteta<\/p><p align=\"justify\">Assine o nosso blog na barra lateral a sua direita e nosso canal do youtube: \u00a0<a href=\"https:\/\/www.youtube.com\/user\/lucpaixao\" target=\"_blank\" rel=\"noopener\">https:\/\/www.youtube.com\/user\/lucpaixao<\/a>\u00a0para receber as novas postagens de videos em primeira m\u00e3o e ainda concorrer a sorteios!<\/p><p>Cadastre-se em minha loja de cursos e fa\u00e7a o download de materiais e bibliotecas totalmente gratuitos: \u00a0<a href=\"https:\/\/www.aarquiteta.com.br\" rel=\"nofollow\">https:\/\/www.aarquiteta.com.br\/<\/a><\/p><p>Me ajude a divulgar esse trabalho! Assim como voc\u00ea outras pessoas podem se interessar!<\/p><p>MUITO OBRIGADA!<\/p><p>&nbsp;<\/p><p>Luciana Paix\u00e3o<\/p><p>A Arquiteta<\/p><\/div>","protected":false},"excerpt":{"rendered":"<p>Ol\u00e1! Como prometido, segue mais um estudo de caso de projeto arquitet\u00f4nico!O edif\u00edcio escolhido foi o:\u00a0Lar dos Idosos, localiza\u00e7\u00e3o no\u00a0Bairro do Pari em S\u00e3o Paulo &#8211; \u00a0Capital \u00a0do Escrit\u00f3rio de\u00a0Arquiteura\u00a0Vigliecca &amp; AssociadosEnt\u00e3o vamos l\u00e1:\u00a0LAR DOS IDOSOS!\u00a0-Objetivo do Projeto:\u00a0Executado pela Companhia Metropolitana de Habita\u00e7\u00e3o de S\u00e3o Paulo (COHAB), o projeto de loca\u00e7\u00e3o social\u00a0\u00e9 destinado a pessoas [&hellip;]<\/p>\n","protected":false},"author":102,"featured_media":972,"comment_status":"closed","ping_status":"closed","sticky":false,"template":"","format":"standard","meta":{"footnotes":""},"categories":[1507,6],"tags":[171,172],"class_list":["post-895","post","type-post","status-publish","format-standard","has-post-thumbnail","category-arquitetura","category-carreira-de-arquitetura","tag-lar-dos-idosos","tag-um-estudo-de-caso"],"_wp_attached_file":null,"_wp_attachment_metadata":null,"_wp_attachment_context":null,"_wp_attachment_is_custom_header":null,"geo_longitude":null,"geo_public":null,"geo_latitude":null,"_publicize_done_external":null,"_wpas_done_3897181":null,"publicize_twitter_user":null,"_wpas_done_3897175":null,"_wpas_skip_3897181":null,"_wpas_skip_3897175":null,"_wpas_skip_3924723":null,"_wpas_mess":null,"_wpas_done_3924723":null,"wps_subtitle":"","_links":{"self":[{"href":"https:\/\/www.aarquiteta.com.br\/blog\/wp-json\/wp\/v2\/posts\/895","targetHints":{"allow":["GET"]}}],"collection":[{"href":"https:\/\/www.aarquiteta.com.br\/blog\/wp-json\/wp\/v2\/posts"}],"about":[{"href":"https:\/\/www.aarquiteta.com.br\/blog\/wp-json\/wp\/v2\/types\/post"}],"author":[{"embeddable":true,"href":"https:\/\/www.aarquiteta.com.br\/blog\/wp-json\/wp\/v2\/users\/102"}],"replies":[{"embeddable":true,"href":"https:\/\/www.aarquiteta.com.br\/blog\/wp-json\/wp\/v2\/comments?post=895"}],"version-history":[{"count":0,"href":"https:\/\/www.aarquiteta.com.br\/blog\/wp-json\/wp\/v2\/posts\/895\/revisions"}],"wp:featuredmedia":[{"embeddable":true,"href":"https:\/\/www.aarquiteta.com.br\/blog\/wp-json\/wp\/v2\/media\/972"}],"wp:attachment":[{"href":"https:\/\/www.aarquiteta.com.br\/blog\/wp-json\/wp\/v2\/media?parent=895"}],"wp:term":[{"taxonomy":"category","embeddable":true,"href":"https:\/\/www.aarquiteta.com.br\/blog\/wp-json\/wp\/v2\/categories?post=895"},{"taxonomy":"post_tag","embeddable":true,"href":"https:\/\/www.aarquiteta.com.br\/blog\/wp-json\/wp\/v2\/tags?post=895"}],"curies":[{"name":"wp","href":"https:\/\/api.w.org\/{rel}","templated":true}]}}