{"id":8832,"date":"2022-03-11T19:10:10","date_gmt":"2022-03-11T22:10:10","guid":{"rendered":"http:\/\/aarquiteta.com.br\/?p=8832"},"modified":"2024-09-11T16:16:33","modified_gmt":"2024-09-11T19:16:33","slug":"etapas-de-uma-reforma-de-apartamento","status":"publish","type":"post","link":"https:\/\/www.aarquiteta.com.br\/blog\/etapas-de-uma-reforma-de-apartamento\/","title":{"rendered":"Reforma de Apartamento &#8211; As 13 etapas de uma obra!"},"content":{"rendered":"<figure id=\"attachment_45900\" aria-describedby=\"caption-attachment-45900\" style=\"width: 1200px\" class=\"wp-caption alignnone\"><img decoding=\"async\" class=\"wp-image-45900 size-full\" title=\"As 13 etapas de uma reforma de apartamento\" src=\"https:\/\/www.aarquiteta.com.br\/blog\/wp-content\/uploads\/2021\/06\/reforma-apartamento.jpg\" alt=\"As 13 etapas de uma reforma de apartamento\" width=\"1200\" height=\"800\" srcset=\"https:\/\/www.aarquiteta.com.br\/blog\/wp-content\/uploads\/2021\/06\/reforma-apartamento.jpg 1200w, https:\/\/www.aarquiteta.com.br\/blog\/wp-content\/uploads\/2021\/06\/reforma-apartamento-1024x683.jpg 1024w, https:\/\/www.aarquiteta.com.br\/blog\/wp-content\/uploads\/2021\/06\/reforma-apartamento-696x464.jpg 696w, https:\/\/www.aarquiteta.com.br\/blog\/wp-content\/uploads\/2021\/06\/reforma-apartamento-150x100.jpg 150w\" sizes=\"(max-width: 1200px) 100vw, 1200px\" \/><figcaption id=\"caption-attachment-45900\" class=\"wp-caption-text\">As 13 etapas de uma reforma de <a href=\"https:\/\/www.aarquiteta.com.br\/blog\/?s=APARTAMENTO\">apartamento<\/a><\/figcaption><\/figure><p>Reforma de Apartamento &#8211; As 13 etapas de uma obra!<\/p><p>Em\u00a0continuidade ao assunto abordado no artigo anterior sobre <a href=\"https:\/\/www.aarquiteta.com.br\/blog\/reforma-de-apartamento\/\" target=\"_blank\" rel=\"noopener\">autoriza\u00e7\u00e3o de obra para reforma em apartamentos<\/a>, vamos conhecer as <strong>etapas de uma reforma<\/strong> de apartamento.<\/p><p>Depois de obtida a autoriza\u00e7\u00e3o de in\u00edcio de obra, a equipe de obras j\u00e1 pode dar in\u00edcio aos trabalhos de reforma.<\/p><h2>As 13 etapas de uma reforma de apartamento:<\/h2><h3>1- Prote\u00e7\u00f5es:<\/h3><p>Todo mundo sabe que uma reforma\u00a0est\u00e1 sujeita a sujeira e poeira, os objetos podem ser riscados ou manchados.<\/p><p>As prote\u00e7\u00f5es s\u00e3o um cuidado especial que o empreiteiro precisa ter nas etapas de uma reforma,\u00a0para que o apartamento\u00a0seja entregue em perfeitas condi\u00e7\u00f5es de uso e qualidade do existente para o uso.<\/p><p>Para que n\u00e3o\u00a0haja danos recorrentes do per\u00edodo de reforma, proteger o existente \u00e9 fundamental.<\/p><p>As prote\u00e7\u00f5es mais utilizadas em uma reforma, antes de come\u00e7ar o quebra-quebra, s\u00e3o para <a href=\"https:\/\/www.aarquiteta.com.br\/blog\/?s=PISO\">pisos<\/a>, portas, janelas e vidros.<\/p><figure id=\"attachment_10272\" aria-describedby=\"caption-attachment-10272\" style=\"width: 1100px\" class=\"wp-caption aligncenter\"><img decoding=\"async\" class=\"wp-image-10272\" title=\"As 13 etapas de uma reforma de apartamento - Descubra onde come\u00e7ar!\" src=\"https:\/\/www.aarquiteta.com.br\/blog\/wp-content\/uploads\/2016\/08\/reforma01-670x434.jpg\" alt=\"As 13 etapas de uma reforma de apartamento - Descubra onde come\u00e7ar!\" width=\"1100\" height=\"670\" \/><figcaption id=\"caption-attachment-10272\" class=\"wp-caption-text\">As 13 etapas de uma reforma de apartamento &#8211; Descubra onde come\u00e7ar!<\/figcaption><\/figure><figure id=\"attachment_10273\" aria-describedby=\"caption-attachment-10273\" style=\"width: 1100px\" class=\"wp-caption aligncenter\"><img decoding=\"async\" class=\"wp-image-10273\" title=\"As 13 etapas de uma reforma de apartamento - Descubra onde come\u00e7ar!\" src=\"https:\/\/www.aarquiteta.com.br\/blog\/wp-content\/uploads\/2016\/08\/reforma02-670x437.jpg\" alt=\"As 13 etapas de uma reforma de apartamento - Descubra onde come\u00e7ar!\" width=\"1100\" height=\"680\" \/><figcaption id=\"caption-attachment-10273\" class=\"wp-caption-text\">As 13 etapas de uma reforma de apartamento &#8211; Descubra onde come\u00e7ar! <strong>Protegendo toda a obra.<\/strong><\/figcaption><\/figure><p>N\u00e3o tem jeito, se a melhor alternativa de aproveitamento de espa\u00e7o for a altera\u00e7\u00e3o da configura\u00e7\u00e3o original do layout do apartamento, realocar ou eliminar <a href=\"https:\/\/www.aarquiteta.com.br\/blog\/?s=PAREDE\">paredes<\/a>, ser\u00e1 necess\u00e1rio fazer a demoli\u00e7\u00e3o no ponto de interfer\u00eancia no existente.<\/p><p><strong>Aten\u00e7\u00e3o<\/strong> ao m\u00e9todo construtivo do pr\u00e9dio antes de demolir qualquer coisa \u00e9 uma das etapas de uma reforma muito importante.<\/p><p><strong>Leia atentamente<\/strong> meu artigo anterior sobre as medidas pr\u00e9-projeto a serem adotadas antes de mais nada.<\/p><p>No projeto s\u00e3o indicadas todas as interfer\u00eancias como as paredes a demolir e construir:<\/p><figure id=\"attachment_8851\" aria-describedby=\"caption-attachment-8851\" style=\"width: 1100px\" class=\"wp-caption aligncenter\"><img decoding=\"async\" class=\"wp-image-8851\" title=\"As 13 etapas de uma reforma de apartamento - Descubra onde come\u00e7ar!\" src=\"https:\/\/www.aarquiteta.com.br\/blog\/wp-content\/uploads\/2016\/08\/referencias-demolicao.jpg\" alt=\"referencias-demolicao\" width=\"1100\" height=\"762\" srcset=\"https:\/\/www.aarquiteta.com.br\/blog\/wp-content\/uploads\/2016\/08\/referencias-demolicao.jpg 1040w, https:\/\/www.aarquiteta.com.br\/blog\/wp-content\/uploads\/2016\/08\/referencias-demolicao-1024x709.jpg 1024w, https:\/\/www.aarquiteta.com.br\/blog\/wp-content\/uploads\/2016\/08\/referencias-demolicao-696x482.jpg 696w, https:\/\/www.aarquiteta.com.br\/blog\/wp-content\/uploads\/2016\/08\/referencias-demolicao-150x104.jpg 150w\" sizes=\"(max-width: 1100px) 100vw, 1100px\" \/><figcaption id=\"caption-attachment-8851\" class=\"wp-caption-text\">As 13 etapas de uma reforma de apartamento &#8211; Descubra onde come\u00e7ar!<\/figcaption><\/figure><h3>2- Demoli\u00e7\u00e3o:<\/h3><p>Nessa etapa \u00e9 importante termos muito cuidado com a acomoda\u00e7\u00e3o do entulho dentro do apartamento.<\/p><p>Em uma reforma de apartamento, devemos sempre evitar acumular todo o material em um \u00fanico ponto, de prefer\u00eancia espalhar os sacos com os res\u00edduos por diversos locais dentro do apartamento para evitarmos problemas ou comprometimentos com a estrutura do pr\u00e9dio, j\u00e1 que estamos falando de reformas em condom\u00ednios verticais.<\/p><p>Em resid\u00eancias t\u00e9rreas n\u00e3o \u00e9 t\u00e3o necess\u00e1ria essa preocupa\u00e7\u00e3o, por\u00e9m em sobrados \u00e9 sempre bom tomarmos a mesma medida de distribuir o peso do entulho por diferentes lugares no andar ou j\u00e1 ir descendo para o t\u00e9rreo, se for poss\u00edvel.<\/p><figure id=\"attachment_8868\" aria-describedby=\"caption-attachment-8868\" style=\"width: 1100px\" class=\"wp-caption aligncenter\"><img decoding=\"async\" class=\"wp-image-8868\" title=\"As 13 etapas de uma reforma de apartamento - Descubra onde come\u00e7ar!\" src=\"https:\/\/www.aarquiteta.com.br\/blog\/wp-content\/uploads\/2016\/08\/acomodacao-entulho-640x500.jpg\" alt=\"As 13 etapas de uma reforma de apartamento - Descubra onde come\u00e7ar!\" width=\"1100\" height=\"1681\" \/><figcaption id=\"caption-attachment-8868\" class=\"wp-caption-text\">As 13 etapas de uma reforma de apartamento &#8211; Descubra onde come\u00e7ar! <strong>Organizando o entulho da obra.<\/strong><\/figcaption><\/figure><h3>3- O descarte:<\/h3><p>Entulho \u00e9 um material que muitas vezes pode ser reaproveitado em alguns programas de recupera\u00e7\u00e3o de material para reciclagem dentro da constru\u00e7\u00e3o civil, mas isso ainda acontece muito pouco.<\/p><p>Portanto \u00e9 necess\u00e1rio a contrata\u00e7\u00e3o de ca\u00e7ambas, especialmente as que tenham autoriza\u00e7\u00e3o para o descarte em local correto.<\/p><p><a href=\"https:\/\/www.aarquiteta.com.br\/curso-gerenciamento-obras-interiores\/\"><img decoding=\"async\" class=\"wp-image-8311 size-full aligncenter\" src=\"https:\/\/www.aarquiteta.com.br\/blog\/wp-content\/uploads\/2016\/07\/banner-centro-artigo-gerenciamento-de-projeto-de-interiores.png\" alt=\"banner-centro-artigo-gerenciamento-de-projeto-de-interiores\" width=\"728\" height=\"90\" title=\"\" srcset=\"https:\/\/www.aarquiteta.com.br\/blog\/wp-content\/uploads\/2016\/07\/banner-centro-artigo-gerenciamento-de-projeto-de-interiores.png 728w, https:\/\/www.aarquiteta.com.br\/blog\/wp-content\/uploads\/2016\/07\/banner-centro-artigo-gerenciamento-de-projeto-de-interiores-696x86.png 696w, https:\/\/www.aarquiteta.com.br\/blog\/wp-content\/uploads\/2016\/07\/banner-centro-artigo-gerenciamento-de-projeto-de-interiores-150x19.png 150w\" sizes=\"(max-width: 728px) 100vw, 728px\" \/><\/a><\/p><p>N\u00e3o se pode deixar o entulho nas cal\u00e7adas ou terrenos vazios da vizinhan\u00e7a, tal procedimento \u00e9 pass\u00edvel de multa tanto pelo condom\u00ednio, como pela prefeitura.<\/p><p>Providenciar o descarte correto \u00e9 um item importante e tamb\u00e9m uma preocupa\u00e7\u00e3o ambiental.<\/p><h2>As 13 etapas de uma reforma de apartamento &#8211; Passo a passo para voc\u00ea reformar!<\/h2><p><iframe title=\"Decore f\u00e1cil: O que \u00e9 decora\u00e7\u00e3o de ambientes?\" width=\"696\" height=\"392\" src=\"https:\/\/www.youtube.com\/embed\/9PjhGXgCGLU?feature=oembed\" frameborder=\"0\" allow=\"accelerometer; autoplay; clipboard-write; encrypted-media; gyroscope; picture-in-picture; web-share\" allowfullscreen><\/iframe><\/p><h3>4- Reconstru\u00e7\u00e3o:<\/h3><p>Depois que demolimos, se o projeto especificar acr\u00e9scimo de <a href=\"https:\/\/www.aarquiteta.com.br\/blog\/?s=PAREDE\">parede<\/a>, \u00e9 a hora de constru\u00edmos novamente!<\/p><p>Paredes de alvenaria convencional ou drywall fazem o novo fechamento do ambiente, gerando uma nova configura\u00e7\u00e3o do layout arquitet\u00f4nico.<\/p><p>Nessa hora o <a href=\"https:\/\/www.aarquiteta.com.br\/blog\/?s=ARQUITETO\">arquiteto<\/a> \u00e9 quem vai especificar em projeto qual a melhor alternativa para a reconstru\u00e7\u00e3o da nova parede.<\/p><p>Na foto a seguir vemos a demoli\u00e7\u00e3o do nicho do HomeTheater e o novo fechamento em drywall.<\/p><figure id=\"attachment_8960\" aria-describedby=\"caption-attachment-8960\" style=\"width: 1100px\" class=\"wp-caption aligncenter\"><img decoding=\"async\" class=\"wp-image-8960\" title=\"As 13 etapas de uma reforma de apartamento - Descubra onde come\u00e7ar!\" src=\"https:\/\/www.aarquiteta.com.br\/blog\/wp-content\/uploads\/2016\/08\/reconstrucao-670x500.jpg\" alt=\"As 13 etapas de uma reforma de apartamento - Descubra onde come\u00e7ar!\" width=\"1100\" height=\"720\" \/><figcaption id=\"caption-attachment-8960\" class=\"wp-caption-text\">As 13 etapas de uma reforma de apartamento &#8211; Descubra onde come\u00e7ar!<\/figcaption><\/figure><h3>5- Instala\u00e7\u00f5es Prediais:<\/h3><h4>Instala\u00e7\u00e3o El\u00e9trica:<\/h4><p>Toda reforma de apartamento demanda novos pontos de instala\u00e7\u00e3o el\u00e9trica, al\u00e9m de previs\u00e3o de automa\u00e7\u00e3o e infraestrutura de ar condicionado.<\/p><p>Para esse tipo de servi\u00e7os ser\u00e1 necess\u00e1rio contratar um <strong>eletricista,<\/strong>\u00a0pois \u00e9 ele quem vai puxar novos pontos de tomada e da ilumina\u00e7\u00e3o.<\/p><p>Dentre as etapas de uma reforma, \u00e9 nessa fase que tamb\u00e9m s\u00e3o previstos a passagem das tubula\u00e7\u00f5es secas, os chamados condu\u00edtes para os novos pontos de ilumina\u00e7\u00e3o do teto de gesso que ser\u00e3o interligados e levados ao quadro de distribui\u00e7\u00e3o.<\/p><figure id=\"attachment_8838\" aria-describedby=\"caption-attachment-8838\" style=\"width: 1100px\" class=\"wp-caption aligncenter\"><img decoding=\"async\" class=\"wp-image-8838\" title=\"novos pontos de eletrica das etapas de uma reforma\" src=\"https:\/\/www.aarquiteta.com.br\/blog\/wp-content\/uploads\/2016\/08\/instalacao-eletrica-01.png\" alt=\"As 13 etapas de uma reforma de apartamento - Descubra onde come\u00e7ar!\" width=\"1100\" height=\"618\" srcset=\"https:\/\/www.aarquiteta.com.br\/blog\/wp-content\/uploads\/2016\/08\/instalacao-eletrica-01.png 646w, https:\/\/www.aarquiteta.com.br\/blog\/wp-content\/uploads\/2016\/08\/instalacao-eletrica-01-150x84.png 150w\" sizes=\"(max-width: 1100px) 100vw, 1100px\" \/><figcaption id=\"caption-attachment-8838\" class=\"wp-caption-text\">As 13 etapas de uma reforma de apartamento &#8211; Descubra onde come\u00e7ar!<\/figcaption><\/figure><figure id=\"attachment_8839\" aria-describedby=\"caption-attachment-8839\" style=\"width: 1100px\" class=\"wp-caption aligncenter\"><img decoding=\"async\" class=\"wp-image-8839\" title=\"etapas de uma reforma eletrica \" src=\"https:\/\/www.aarquiteta.com.br\/blog\/wp-content\/uploads\/2016\/08\/instalacao-eletrica-02.png\" alt=\"instalacao-eletrica-02\" width=\"1100\" height=\"1433\" srcset=\"https:\/\/www.aarquiteta.com.br\/blog\/wp-content\/uploads\/2016\/08\/instalacao-eletrica-02.png 635w, https:\/\/www.aarquiteta.com.br\/blog\/wp-content\/uploads\/2016\/08\/instalacao-eletrica-02-150x195.png 150w\" sizes=\"(max-width: 1100px) 100vw, 1100px\" \/><figcaption id=\"caption-attachment-8839\" class=\"wp-caption-text\">As 13 etapas de uma reforma de apartamento &#8211; Descubra onde come\u00e7ar!<\/figcaption><\/figure><h4>Ar condicionado e Automa\u00e7\u00e3o:<\/h4><p>O eletricista, juntamente com o t\u00e9cnico da empresa de automa\u00e7\u00e3o, s\u00e3o quem v\u00e3o cuidar dessa parte do projeto.<\/p><p>\u00c9 extremamente importante que seja preparada, nessa etapa de uma reforma,\u00a0a infra do ar condicionado (n\u00e3o esquecer da instala\u00e7\u00e3o dos dutos) e deixar previstas as passagens para os servi\u00e7os de automa\u00e7\u00e3o como dimeriza\u00e7\u00e3o, automa\u00e7\u00e3o de persianas, caixas de som no teto (ser for o caso), entre outros.<\/p><p><img decoding=\"async\" class=\"aligncenter wp-image-8856\" title=\"etapas de uma reforma arcondicionado\" src=\"https:\/\/www.aarquiteta.com.br\/blog\/wp-content\/uploads\/2016\/08\/instalacao-ar-condicionado-automacao01.jpg\" alt=\"instalacao-ar-condicionado-automacao01\" width=\"1100\" height=\"810\" srcset=\"https:\/\/www.aarquiteta.com.br\/blog\/wp-content\/uploads\/2016\/08\/instalacao-ar-condicionado-automacao01.jpg 638w, https:\/\/www.aarquiteta.com.br\/blog\/wp-content\/uploads\/2016\/08\/instalacao-ar-condicionado-automacao01-150x111.jpg 150w\" sizes=\"(max-width: 1100px) 100vw, 1100px\" \/><\/p><p>Por isso \u00e9 sempre bom consultar uma empresa de automa\u00e7\u00e3o e ar condicionado antes, para que sejam escolhidos os servi\u00e7os especiais a serem instalados e tamb\u00e9m o c\u00e1lculo correto da carga do ar condicionado, BTUs e etc, de acordo com o permitido pela construtora (consulte o manual do propriet\u00e1rio).<\/p><figure id=\"attachment_8837\" aria-describedby=\"caption-attachment-8837\" style=\"width: 1100px\" class=\"wp-caption aligncenter\"><img decoding=\"async\" class=\"wp-image-8837\" title=\"etapas de uma reforma maquina de ar condicionado\" src=\"https:\/\/www.aarquiteta.com.br\/blog\/wp-content\/uploads\/2016\/08\/instalacao-ar-condicionado-automacao02.jpg\" alt=\"instalacao-ar-condicionado-automacao02\" width=\"1100\" height=\"606\" srcset=\"https:\/\/www.aarquiteta.com.br\/blog\/wp-content\/uploads\/2016\/08\/instalacao-ar-condicionado-automacao02.jpg 639w, https:\/\/www.aarquiteta.com.br\/blog\/wp-content\/uploads\/2016\/08\/instalacao-ar-condicionado-automacao02-150x83.jpg 150w\" sizes=\"(max-width: 1100px) 100vw, 1100px\" \/><figcaption id=\"caption-attachment-8837\" class=\"wp-caption-text\">Instala\u00e7\u00f5es dos dutos do ar condicionado.<\/figcaption><\/figure><h4>Instala\u00e7\u00e3o Hidr\u00e1ulica:<\/h4><p>Para mudan\u00e7as de pontos de \u00e1gua, de bacias sanit\u00e1rias, chuveiros, torneiras ou acrescimentos de novos pontos hidr\u00e1ulicos, bem como instala\u00e7\u00e3o de pontos de \u00e1gua quente, duchas higi\u00eanicas, etc, voc\u00ea vai precisar de um <strong>encanador <\/strong>e enquanto estivermos na fase de reforma de uma obra, esta \u00e9 a hora de realizarmos toda e qualquer mudan\u00e7a.<\/p><p>Tanto o encanador, como eletricista, v\u00e3o rasgar toda a sua parede para a realiza\u00e7\u00e3o dos novos servi\u00e7os e \u00e9 melhor que eles sejam feitos nessa etapa de uma reforma, antes de qualquer acabamento, para evitar o retrabalho e consequentemente o desperd\u00edcio.<\/p><p>Para esse trabalho de fechamento dos rasgos voc\u00ea vai precisar de um <strong>pedreiro<\/strong>.<strong><br \/><\/strong><\/p><p><strong><img decoding=\"async\" class=\"aligncenter wp-image-8840\" title=\"etapas de uma reforma hidraulica nova\" src=\"https:\/\/www.aarquiteta.com.br\/blog\/wp-content\/uploads\/2016\/08\/instalacao-hidraulica01.png\" alt=\"instalacao-hidraulica01\" width=\"1100\" height=\"829\" srcset=\"https:\/\/www.aarquiteta.com.br\/blog\/wp-content\/uploads\/2016\/08\/instalacao-hidraulica01.png 373w, https:\/\/www.aarquiteta.com.br\/blog\/wp-content\/uploads\/2016\/08\/instalacao-hidraulica01-150x113.png 150w\" sizes=\"(max-width: 1100px) 100vw, 1100px\" \/><\/strong><\/p><p><img decoding=\"async\" class=\"aligncenter wp-image-8841\" title=\"etapas de uma reforma cozinha reformada\" src=\"https:\/\/www.aarquiteta.com.br\/blog\/wp-content\/uploads\/2016\/08\/instalacao-hidraulica02.png\" alt=\"instalacao-hidraulica02\" width=\"1100\" height=\"753\" srcset=\"https:\/\/www.aarquiteta.com.br\/blog\/wp-content\/uploads\/2016\/08\/instalacao-hidraulica02.png 393w, https:\/\/www.aarquiteta.com.br\/blog\/wp-content\/uploads\/2016\/08\/instalacao-hidraulica02-150x103.png 150w\" sizes=\"(max-width: 1100px) 100vw, 1100px\" \/><\/p><figure id=\"attachment_8842\" aria-describedby=\"caption-attachment-8842\" style=\"width: 1100px\" class=\"wp-caption aligncenter\"><img decoding=\"async\" class=\"wp-image-8842\" title=\"etapas de uma reforma tubula\u00e7\u00e3o\" src=\"https:\/\/www.aarquiteta.com.br\/blog\/wp-content\/uploads\/2016\/08\/instalacao-hidraulica03.png\" alt=\"instalacao-hidraulica03\" width=\"1100\" height=\"628\" srcset=\"https:\/\/www.aarquiteta.com.br\/blog\/wp-content\/uploads\/2016\/08\/instalacao-hidraulica03.png 401w, https:\/\/www.aarquiteta.com.br\/blog\/wp-content\/uploads\/2016\/08\/instalacao-hidraulica03-150x86.png 150w\" sizes=\"(max-width: 1100px) 100vw, 1100px\" \/><figcaption id=\"caption-attachment-8842\" class=\"wp-caption-text\">Projeto hidr\u00e1ulico da cozinha<\/figcaption><\/figure><h2>As 13 etapas de uma reforma de apartamento &#8211; Passa a passo de uma reforma.<\/h2><h3>6- Gesso:<\/h3><p>O forro de gesso \u00e9 a uma das etapas de uma reforma\u00a0mais demoradas. Por\u00e9m, depois de pronto, \u00e9 ele quem dar\u00e1 todo o charme ao apartamento.<\/p><p>O gesso possui toda uma infra de alum\u00ednio de sustenta\u00e7\u00e3o que s\u00e3o fixadas nas placas e seladas com uma esp\u00e9cie de p\u00f3 de gesso.<\/p><p>Nessa fase j\u00e1 devem ter sido passados toda a infra do item anterior e tamb\u00e9m j\u00e1 marcados os pontos de ilumina\u00e7\u00e3o atrav\u00e9s dos condu\u00edtes.<\/p><p>\u00c9 o <strong>gesseiro <\/strong>quem vai fazer as tabicas, os detalhes da ilumina\u00e7\u00e3o como por exemplo as aberturas das sancas e o cortineiro.<\/p><p>Essa etapa de uma reforma\u00a0\u00e9 mesmo agoniante, pois essa fase faz muita sujeira, assim como a fase seguinte que j\u00e1 vamos ver. O gesso em p\u00f3 utilizado para dar acabamento impregna em tudo, \u00e9 dif\u00edcil&#8230;<\/p><figure id=\"attachment_8854\" aria-describedby=\"caption-attachment-8854\" style=\"width: 1100px\" class=\"wp-caption aligncenter\"><img decoding=\"async\" class=\"wp-image-8854\" title=\"etapas de uma reforma gesso\" src=\"https:\/\/www.aarquiteta.com.br\/blog\/wp-content\/uploads\/2016\/08\/gesso01.jpg\" alt=\"gesso01\" width=\"1100\" height=\"1100\" srcset=\"https:\/\/www.aarquiteta.com.br\/blog\/wp-content\/uploads\/2016\/08\/gesso01.jpg 656w, https:\/\/www.aarquiteta.com.br\/blog\/wp-content\/uploads\/2016\/08\/gesso01-96x96.jpg 96w, https:\/\/www.aarquiteta.com.br\/blog\/wp-content\/uploads\/2016\/08\/gesso01-150x150.jpg 150w\" sizes=\"(max-width: 1100px) 100vw, 1100px\" \/><figcaption id=\"caption-attachment-8854\" class=\"wp-caption-text\">Instala\u00e7\u00e3o gesso na sala<\/figcaption><\/figure><h3>7: Amaciamento de portas e paredes:<\/h3><p>Quando a construtora entrega um empreendimento, o acabamento infelizmente n\u00e3o \u00e9 l\u00e1 5 estrelas.\u00a0\u00c9 passado a massa fina ou gesso e por cima uma pinturinha b\u00e1sica.<\/p><p>Por isso \u00e9 que fazemos sempre o amaciamento das paredes, que \u00e9 a aplica\u00e7\u00e3o da massa corrida com lixamento posterior.<\/p><p>Se voc\u00ea n\u00e3o se atentar, poder\u00e1 inclusive ter problemas com imperfei\u00e7\u00f5es nas paredes que ser\u00e3o claramente percebidas com o reflexo da luz, assim que forem instaladas as lumin\u00e1rias.<\/p><p><img decoding=\"async\" class=\"aligncenter wp-image-8882\" title=\"etapas de uma reforma gesso\" src=\"https:\/\/www.aarquiteta.com.br\/blog\/wp-content\/uploads\/2016\/08\/amaciamento-portas-paredes.jpg\" alt=\"amaciamento-portas-paredes\" width=\"1100\" height=\"572\" srcset=\"https:\/\/www.aarquiteta.com.br\/blog\/wp-content\/uploads\/2016\/08\/amaciamento-portas-paredes.jpg 640w, https:\/\/www.aarquiteta.com.br\/blog\/wp-content\/uploads\/2016\/08\/amaciamento-portas-paredes-150x78.jpg 150w\" sizes=\"(max-width: 1100px) 100vw, 1100px\" \/><\/p><p>Para as portas \u00e9 a mesma coisa, s\u00e3o lixadas, amaciadas e repintadas para dar um melhor acabamento no aspecto final.<\/p><p>Assim como a instala\u00e7\u00e3o do gesso, o amaciamento faz muita sujeira, por isso sempre se realiza os servi\u00e7os que causam mais sujeira antes dos acabamentos finais.<\/p><h2>As 13 etapas de uma reforma de apartamento &#8211; Reforme sem sofrer!<\/h2><p><iframe title=\"Decore f\u00e1cil: O que \u00e9 decora\u00e7\u00e3o de ambientes?\" width=\"696\" height=\"392\" src=\"https:\/\/www.youtube.com\/embed\/9PjhGXgCGLU?feature=oembed\" frameborder=\"0\" allow=\"accelerometer; autoplay; clipboard-write; encrypted-media; gyroscope; picture-in-picture; web-share\" allowfullscreen><\/iframe><\/p><h3>8- Instala\u00e7\u00e3o de Bancadas, M\u00e1rmores e Granitos:<\/h3><p>\u00c9 aconselhado que antes de darmos in\u00edcio a instala\u00e7\u00e3o dos revestimentos, seja instalado todas as bancadas.<\/p><p>Alguns tipos de pedras produzem tamb\u00e9m um p\u00f3 que suja muito, ent\u00e3o \u00e9 melhor instalar as pedras antes de revestirmos, principalmente, as paredes, e tamb\u00e9m pela seguran\u00e7a, j\u00e1 que elas estar\u00e3o chumbadas nas mesmas.<\/p><figure id=\"attachment_8891\" aria-describedby=\"caption-attachment-8891\" style=\"width: 1100px\" class=\"wp-caption aligncenter\"><img decoding=\"async\" class=\"wp-image-8891\" title=\"etapas de uma reforma granito\" src=\"https:\/\/www.aarquiteta.com.br\/blog\/wp-content\/uploads\/2016\/08\/instalacoes-bancadas-marmores-granitos.png\" alt=\"instalacoes-bancadas-marmores-granitos\" width=\"1100\" height=\"825\" srcset=\"https:\/\/www.aarquiteta.com.br\/blog\/wp-content\/uploads\/2016\/08\/instalacoes-bancadas-marmores-granitos.png 1000w, https:\/\/www.aarquiteta.com.br\/blog\/wp-content\/uploads\/2016\/08\/instalacoes-bancadas-marmores-granitos-696x522.png 696w, https:\/\/www.aarquiteta.com.br\/blog\/wp-content\/uploads\/2016\/08\/instalacoes-bancadas-marmores-granitos-150x113.png 150w\" sizes=\"(max-width: 1100px) 100vw, 1100px\" \/><figcaption id=\"caption-attachment-8891\" class=\"wp-caption-text\">Instala\u00e7\u00e3o da pia do banheiro de casal<\/figcaption><\/figure><h3>9- Pintura:<\/h3><p>Depois de amaciadas as paredes, podemos dar in\u00edcio a fase da pintura, que ainda n\u00e3o \u00e9 a fase final, mas\u00a0apenas uma op\u00e7\u00e3o de darmos um pr\u00e9 acabamento enquanto as outras etapas de uma reforma ainda est\u00e3o em andamento.<\/p><p>Essa primeira dem\u00e3o de tinta \u00e9 preferencialmente realizada antes da instala\u00e7\u00e3o dos revestimentos para evitarmos mancharmos o piso.<\/p><p>Depois de instalados os pisos, podemos dar continuidade nos servi\u00e7os de pintura final, desde que protejamos o piso j\u00e1 assentado.<\/p><h3>10- Revestimento:<\/h3><p>Depois da realiza\u00e7\u00e3o de todos os servi\u00e7os que causam sujeira \u00e9 que partimos para a instala\u00e7\u00e3o dos pisos e azulejos.<\/p><p>Por qu\u00ea?<\/p><p>Para evitamos sujar ou manchar sua cer\u00e2mica ou seu porcelanato.<\/p><p>No caso dos pisos de madeira e derivados vale a mesma premissa, esses ser\u00e3o os \u00faltimos dos \u00faltimos a serem instalados para evitarmos problemas.<\/p><p>Proteger ao m\u00e1ximo a pintura \u00e9 importante nessa fase.<\/p><p>A seguir a imagem da prote\u00e7\u00e3o da parede durante a realiza\u00e7\u00e3o do contra piso:<\/p><p><img decoding=\"async\" class=\"aligncenter wp-image-8852\" title=\"etapas de uma reforma nichos e home theather\" src=\"https:\/\/www.aarquiteta.com.br\/blog\/wp-content\/uploads\/2016\/08\/revestimento.jpg\" alt=\"revestimento\" width=\"1100\" height=\"825\" srcset=\"https:\/\/www.aarquiteta.com.br\/blog\/wp-content\/uploads\/2016\/08\/revestimento.jpg 2048w, https:\/\/www.aarquiteta.com.br\/blog\/wp-content\/uploads\/2016\/08\/revestimento-1024x768.jpg 1024w, https:\/\/www.aarquiteta.com.br\/blog\/wp-content\/uploads\/2016\/08\/revestimento-696x522.jpg 696w, https:\/\/www.aarquiteta.com.br\/blog\/wp-content\/uploads\/2016\/08\/revestimento-150x113.jpg 150w\" sizes=\"(max-width: 1100px) 100vw, 1100px\" \/><\/p><p>Na imagem acima ainda ser\u00e3o dadas mais algumas dem\u00e3os de tinta, mas a primeira dem\u00e3o j\u00e1 foi realizada, por isso temos que proteger sempre.<\/p><p>Um item muito importante que deve ser verificado antes de dar in\u00edcio aos trabalhos de coloca\u00e7\u00e3o de revestimentos \u00e9 o nivelamento do piso<span style=\"line-height: 1.5;\">, principalmente se tratando de um im\u00f3vel novo, pois assim como no caso do nivelamento das alvenarias, o mesmo pode ocorrer com o piso que pode estar totalmente fora do n\u00edvel.<\/span><\/p><p>Veja na imagem a seguir a diferen\u00e7a de n\u00edvel entre diferentes pontos dentro do mesmo ambiente.<\/p><p>Por que isso acontece?<\/p><p>As construtoras ao entregarem o apartamento, entregam apenas com uma pequena regulariza\u00e7\u00e3o, direto da laje e n\u00e3o com um contra piso como deveria ser, sendo\u00a0necess\u00e1rio o nivelamento do piso.<\/p><p>Imagine assentar o piso sem ter checado o n\u00edvel, a trag\u00e9dia que \u00e9&#8230;<\/p><p>Como consequ\u00eancia dessa m\u00e1 execu\u00e7\u00e3o, ser\u00e1 muito provavelmente tamb\u00e9m necess\u00e1rio acertar a altura das portas, pois elas poder\u00e3o ficar justas e rentes ao novo piso.<\/p><p>Cuidado com esses pormenores em vistorias de entrega de im\u00f3vel.<\/p><p><img decoding=\"async\" class=\"aligncenter wp-image-8886\" title=\"etapas de uma reforma nivelamento de piso\" src=\"https:\/\/www.aarquiteta.com.br\/blog\/wp-content\/uploads\/2016\/08\/diferenca-de-nivel01.jpg\" alt=\"diferenca-de-nivel01\" width=\"1100\" height=\"825\" srcset=\"https:\/\/www.aarquiteta.com.br\/blog\/wp-content\/uploads\/2016\/08\/diferenca-de-nivel01.jpg 1000w, https:\/\/www.aarquiteta.com.br\/blog\/wp-content\/uploads\/2016\/08\/diferenca-de-nivel01-696x522.jpg 696w, https:\/\/www.aarquiteta.com.br\/blog\/wp-content\/uploads\/2016\/08\/diferenca-de-nivel01-150x113.jpg 150w\" sizes=\"(max-width: 1100px) 100vw, 1100px\" \/><\/p><figure id=\"attachment_8887\" aria-describedby=\"caption-attachment-8887\" style=\"width: 1100px\" class=\"wp-caption aligncenter\"><img decoding=\"async\" class=\"wp-image-8887\" title=\"etapas de uma reforma piso nivelado\" src=\"https:\/\/www.aarquiteta.com.br\/blog\/wp-content\/uploads\/2016\/08\/diferenca-de-nivel02.jpg\" alt=\"diferenca-de-nivel02\" width=\"1100\" height=\"1471\" srcset=\"https:\/\/www.aarquiteta.com.br\/blog\/wp-content\/uploads\/2016\/08\/diferenca-de-nivel02.jpg 1000w, https:\/\/www.aarquiteta.com.br\/blog\/wp-content\/uploads\/2016\/08\/diferenca-de-nivel02-766x1024.jpg 766w, https:\/\/www.aarquiteta.com.br\/blog\/wp-content\/uploads\/2016\/08\/diferenca-de-nivel02-696x931.jpg 696w, https:\/\/www.aarquiteta.com.br\/blog\/wp-content\/uploads\/2016\/08\/diferenca-de-nivel02-150x201.jpg 150w\" sizes=\"(max-width: 1100px) 100vw, 1100px\" \/><figcaption id=\"caption-attachment-8887\" class=\"wp-caption-text\">Diferen\u00e7a de n\u00edvel da entrada do corredor at\u00e9 a ponta do quarto de casal<\/figcaption><\/figure><h2>As 13 etapas de uma reforma de apartamento &#8211; Confira o antes e o depois!<\/h2><p>A qualidade da regulariza\u00e7\u00e3o do n\u00edvel \u00e9 quem vai determinar o bom resultado no momento da coloca\u00e7\u00e3o de seu revestimento. A verdade aparecer\u00e1 no resultado final da instala\u00e7\u00e3o.<\/p><p><img decoding=\"async\" class=\"aligncenter wp-image-8885\" title=\"etapas de uma reforma piso vinilico\" src=\"https:\/\/www.aarquiteta.com.br\/blog\/wp-content\/uploads\/2016\/08\/resultado-final-nivel.jpg\" alt=\"resultado-final-nivel\" width=\"1100\" height=\"1100\" srcset=\"https:\/\/www.aarquiteta.com.br\/blog\/wp-content\/uploads\/2016\/08\/resultado-final-nivel.jpg 873w, https:\/\/www.aarquiteta.com.br\/blog\/wp-content\/uploads\/2016\/08\/resultado-final-nivel-696x696.jpg 696w, https:\/\/www.aarquiteta.com.br\/blog\/wp-content\/uploads\/2016\/08\/resultado-final-nivel-96x96.jpg 96w, https:\/\/www.aarquiteta.com.br\/blog\/wp-content\/uploads\/2016\/08\/resultado-final-nivel-150x150.jpg 150w\" sizes=\"(max-width: 1100px) 100vw, 1100px\" \/><\/p><p>Veja este v\u00eddeo abaixo, mostrando como estava o apartamento at\u00e9 este ponto que descrevemos:<\/p><p><iframe src=\"https:\/\/www.youtube.com\/embed\/l3bV-GVa6aQ\" width=\"560\" height=\"315\" frameborder=\"0\" allowfullscreen=\"allowfullscreen\"><\/iframe><\/p><p>E aqui, algumas fotos do antes e depois:<\/p><p><img decoding=\"async\" class=\"aligncenter wp-image-10096\" title=\"etapas de uma reforma - lavabo antes e depois\" src=\"https:\/\/www.aarquiteta.com.br\/blog\/wp-content\/uploads\/2017\/03\/lavabo_antes_e_depois.jpg\" alt=\"\" width=\"1100\" height=\"1633\" srcset=\"https:\/\/www.aarquiteta.com.br\/blog\/wp-content\/uploads\/2017\/03\/lavabo_antes_e_depois.jpg 592w, https:\/\/www.aarquiteta.com.br\/blog\/wp-content\/uploads\/2017\/03\/lavabo_antes_e_depois-150x223.jpg 150w\" sizes=\"(max-width: 1100px) 100vw, 1100px\" \/><\/p><p style=\"text-align: center;\">Lavabo<\/p><p><img decoding=\"async\" class=\"aligncenter wp-image-10042\" title=\"etapas de uma reforma box antes e depois\" src=\"https:\/\/www.aarquiteta.com.br\/blog\/wp-content\/uploads\/2017\/03\/antes_depois_banheiro-670x500.jpg\" alt=\"\" width=\"1100\" height=\"743\"><\/p><p style=\"text-align: center;\">Banheiro do casal<\/p><figure id=\"attachment_8786\" aria-describedby=\"caption-attachment-8786\" style=\"width: 1100px\" class=\"wp-caption aligncenter\"><img decoding=\"async\" class=\"wp-image-8786\" title=\"As 13 etapas de uma reforma de apartamento - Descubra onde come\u00e7ar!\" src=\"https:\/\/www.aarquiteta.com.br\/blog\/wp-content\/uploads\/2016\/08\/design-de-interiores-cozinha.jpg\" alt=\"As 13 etapas de uma reforma de apartamento - Descubra onde come\u00e7ar!\" width=\"1100\" height=\"1102\" srcset=\"https:\/\/www.aarquiteta.com.br\/blog\/wp-content\/uploads\/2016\/08\/design-de-interiores-cozinha.jpg 730w, https:\/\/www.aarquiteta.com.br\/blog\/wp-content\/uploads\/2016\/08\/design-de-interiores-cozinha-696x697.jpg 696w, https:\/\/www.aarquiteta.com.br\/blog\/wp-content\/uploads\/2016\/08\/design-de-interiores-cozinha-96x96.jpg 96w, https:\/\/www.aarquiteta.com.br\/blog\/wp-content\/uploads\/2016\/08\/design-de-interiores-cozinha-150x150.jpg 150w\" sizes=\"(max-width: 1100px) 100vw, 1100px\" \/><figcaption id=\"caption-attachment-8786\" class=\"wp-caption-text\">As 13 etapas de uma reforma de apartamento &#8211; Descubra onde come\u00e7ar! Cozinha<\/figcaption><\/figure><h3>11- Lumin\u00e1rias:<\/h3><p>Com a finaliza\u00e7\u00e3o dos servi\u00e7os de gesso e a primeira dem\u00e3o de pintura, podemos dar in\u00edcio a instala\u00e7\u00e3o das lumin\u00e1rias segundo o projeto.<\/p><figure id=\"attachment_8845\" aria-describedby=\"caption-attachment-8845\" style=\"width: 1100px\" class=\"wp-caption aligncenter\"><img decoding=\"async\" class=\"wp-image-8845\" title=\"As 13 etapas de uma reforma de apartamento - Descubra onde come\u00e7ar!\" src=\"https:\/\/www.aarquiteta.com.br\/blog\/wp-content\/uploads\/2016\/08\/projeto-luminarias.jpg\" alt=\"As 13 etapas de uma reforma de apartamento - Descubra onde come\u00e7ar!\" width=\"1100\" height=\"762\" srcset=\"https:\/\/www.aarquiteta.com.br\/blog\/wp-content\/uploads\/2016\/08\/projeto-luminarias.jpg 1040w, https:\/\/www.aarquiteta.com.br\/blog\/wp-content\/uploads\/2016\/08\/projeto-luminarias-1024x709.jpg 1024w, https:\/\/www.aarquiteta.com.br\/blog\/wp-content\/uploads\/2016\/08\/projeto-luminarias-696x482.jpg 696w, https:\/\/www.aarquiteta.com.br\/blog\/wp-content\/uploads\/2016\/08\/projeto-luminarias-150x104.jpg 150w\" sizes=\"(max-width: 1100px) 100vw, 1100px\" \/><figcaption id=\"caption-attachment-8845\" class=\"wp-caption-text\">As 13 etapas de uma reforma de apartamento &#8211; Descubra onde come\u00e7ar!<\/figcaption><\/figure><p>E de acordo com ele, o eletricista j\u00e1 pode fazer as aberturas das lumin\u00e1rias embutidas, cortando o gesso e instalando as lumin\u00e1rias.<\/p><p>Nessa fase da reforma, ele tamb\u00e9m j\u00e1 pode instalar as tomadas e interruptore,s caso queira j\u00e1 finalizar esta etapa da reforma\u00a0e deixar tudo funcionando direitinho.<\/p><figure id=\"attachment_8889\" aria-describedby=\"caption-attachment-8889\" style=\"width: 1100px\" class=\"wp-caption aligncenter\"><img decoding=\"async\" class=\"wp-image-8889\" title=\"As 13 etapas de uma reforma de apartamento - Descubra onde come\u00e7ar!\" src=\"https:\/\/www.aarquiteta.com.br\/blog\/wp-content\/uploads\/2016\/08\/tomadas-e-interruptores.png\" alt=\"As 13 etapas de uma reforma de apartamento - Descubra onde come\u00e7ar!\" width=\"1100\" height=\"983\" srcset=\"https:\/\/www.aarquiteta.com.br\/blog\/wp-content\/uploads\/2016\/08\/tomadas-e-interruptores.png 713w, https:\/\/www.aarquiteta.com.br\/blog\/wp-content\/uploads\/2016\/08\/tomadas-e-interruptores-696x622.png 696w, https:\/\/www.aarquiteta.com.br\/blog\/wp-content\/uploads\/2016\/08\/tomadas-e-interruptores-150x134.png 150w\" sizes=\"(max-width: 1100px) 100vw, 1100px\" \/><figcaption id=\"caption-attachment-8889\" class=\"wp-caption-text\">As 13 etapas de uma reforma de apartamento &#8211; Descubra onde come\u00e7ar!<\/figcaption><\/figure><h3>12- Marcenaria e Planejados:<\/h3><p>Eis a etapa\u00a0final da reforma, onde finalmente j\u00e1 est\u00e3o entrando as instala\u00e7\u00f5es dos arm\u00e1rios.<\/p><p>Este \u00e9 o momento em que a obra est\u00e1 limpa, praticamente livre do p\u00f3, da sujeira grossa, do entulho, de tudo que polua e suje o apartamento.<\/p><p>Os instaladores devem tomar cuidado durante a instala\u00e7\u00e3o para n\u00e3o riscar ou sujar paredes e pisos, por isso contrate sempre empresas que d\u00e3o garantia da qualidade da m\u00e3o de obra e proteja o piso durante o processo de instala\u00e7\u00e3o, at\u00e9 o aceite e entregue da obra.<\/p><figure id=\"attachment_8888\" aria-describedby=\"caption-attachment-8888\" style=\"width: 1100px\" class=\"wp-caption aligncenter\"><img decoding=\"async\" class=\"wp-image-8888\" title=\"As 13 etapas de uma reforma de apartamento - Descubra onde come\u00e7ar!\" src=\"https:\/\/www.aarquiteta.com.br\/blog\/wp-content\/uploads\/2016\/08\/marcenaria-e-planejados.jpg\" alt=\"As 13 etapas de uma reforma de apartamento - Descubra onde come\u00e7ar!\" width=\"1100\" height=\"718\" srcset=\"https:\/\/www.aarquiteta.com.br\/blog\/wp-content\/uploads\/2016\/08\/marcenaria-e-planejados.jpg 1000w, https:\/\/www.aarquiteta.com.br\/blog\/wp-content\/uploads\/2016\/08\/marcenaria-e-planejados-696x454.jpg 696w, https:\/\/www.aarquiteta.com.br\/blog\/wp-content\/uploads\/2016\/08\/marcenaria-e-planejados-150x98.jpg 150w\" sizes=\"(max-width: 1100px) 100vw, 1100px\" \/><figcaption id=\"caption-attachment-8888\" class=\"wp-caption-text\">As 13 etapas de uma reforma de apartamento &#8211; Descubra onde come\u00e7ar!<\/figcaption><\/figure><h3>13 &#8211; Limpeza da obra:<\/h3><p>Um bom empreiteiro sempre tem o cuidado de manter sua obra o mais limpa poss\u00edvel, mas para habitar seu novo lar voc\u00ea vai precisar realizar a limpeza fina de todo o apartamento.<\/p><h4>Para essa etapa de uma reforma voc\u00ea tem 3 op\u00e7\u00f5es<\/h4><ol><li>Alguns empreiteiros realizam os servi\u00e7os de limpeza para voc\u00ea, j\u00e1 deixando a obra limpinha para a habita\u00e7\u00e3o;<\/li><li>Voc\u00ea pode contratar uma empresa que realiza esse tipo de servi\u00e7o ou uma pessoa f\u00edsica para limpar tudo;<\/li><li>Ou caso seus recursos financeiros sejam limitados e voc\u00ea goste de faxinar, voc\u00ea mesmo pode fazer a limpeza.<\/li><\/ol><h4>Entrega da obra:<\/h4><p>Quando voc\u00ea inicia a reforma, voc\u00ea entrega a chave do seu apartamento ao empreiteiro e essa chave passa pelas m\u00e3os de v\u00e1rias pessoas.<\/p><p>Para sua seguran\u00e7a, na hora da entrega, o empreiteiro solicita a troca da fechadura do apartamento e ela acontece na sua presen\u00e7a.<\/p><p>O empreiteiro faz a checagem dos servi\u00e7os realizados, entrega a obra formalmente e a\u00ed \u00e9 s\u00f3 chamar o caminh\u00e3o da mudan\u00e7a!<\/p><figure id=\"attachment_12539\" aria-describedby=\"caption-attachment-12539\" style=\"width: 1100px\" class=\"wp-caption aligncenter\"><img decoding=\"async\" class=\"wp-image-12539\" title=\"As 13 etapas de uma reforma de apartamento - Descubra onde come\u00e7ar!\" src=\"https:\/\/www.aarquiteta.com.br\/blog\/wp-content\/uploads\/2016\/08\/sala-TV-ipe-144.jpg\" alt=\"As 13 etapas de uma reforma de apartamento - Descubra onde come\u00e7ar!\" width=\"1100\" height=\"733\" srcset=\"https:\/\/www.aarquiteta.com.br\/blog\/wp-content\/uploads\/2016\/08\/sala-TV-ipe-144.jpg 1280w, https:\/\/www.aarquiteta.com.br\/blog\/wp-content\/uploads\/2016\/08\/sala-TV-ipe-144-1024x682.jpg 1024w, https:\/\/www.aarquiteta.com.br\/blog\/wp-content\/uploads\/2016\/08\/sala-TV-ipe-144-696x464.jpg 696w, https:\/\/www.aarquiteta.com.br\/blog\/wp-content\/uploads\/2016\/08\/sala-TV-ipe-144-150x100.jpg 150w\" sizes=\"(max-width: 1100px) 100vw, 1100px\" \/><figcaption id=\"caption-attachment-12539\" class=\"wp-caption-text\">As 13 etapas de uma reforma de apartamento &#8211; Descubra onde come\u00e7ar!<\/figcaption><\/figure><h2>As 13 etapas de uma reforma de apartamento &#8211; Conclus\u00e3o:<\/h2><p>Viu s\u00f3 quanta coisa voc\u00ea precisa saber antes de iniciar uma reforma?<\/p><p>Mas depois de tudo pronto vale a pena!<\/p><p>Contrate sempre profissionais de qualidade com refer\u00eancia de servi\u00e7os, pois s\u00e3o eles que v\u00e3o cuidar para que tudo fique do jeito que voc\u00ea sonhou e planejou.<\/p><p>Caso voc\u00ea seja um Arquiteto, ou um Designer de Interiores, procure entender o <strong>quanto \u00e9 importante saber e entender todos estes passos<\/strong>. Ficar apenas no design, no papel, n\u00e3o vai tornar voc\u00ea um profissional completo e dificilmente voc\u00ea conseguir\u00e1 viver desta profiss\u00e3o.<\/p><p>N\u00e3o adianta nada comprar o melhor ou mais mais caro dos materiais se a m\u00e3o-de-obra for de baixa qualidade.<\/p><p>Pense nisso!<\/p><p>Confira mais sobre reformas de apartamentos nesse v\u00eddeo que preparei para quem deseja se capacitar para trabalhar em reformas em condom\u00ednios verticais:<\/p><p><iframe src=\"https:\/\/www.youtube.com\/embed\/TKFdaDQ3Qe0\" width=\"560\" height=\"315\" frameborder=\"0\" allowfullscreen=\"allowfullscreen\"><\/iframe><\/p><h3>Voc\u00ea vai reformar ou \u00e9 um profissional? Confira mais dicas:<\/h3><ul><li>8 dicas para <a href=\"https:\/\/www.aarquiteta.com.br\/blog\/dicas-para-projetar-lavabo\/\">reformar um lavabo<\/a> e deixar ele maravilhoso!<\/li><li>Projeto de reforma: <a href=\"https:\/\/www.aarquiteta.com.br\/blog\/projeto-de-reforma-decorando-um-bar\/\">decorando um bar<\/a><\/li><li>7 dicas de como <a href=\"https:\/\/www.aarquiteta.com.br\/blog\/como-projetar-uma-cozinha-planejada\/\">projetar ou reformar uma cozinha<\/a> gourmet<\/li><li><a href=\"https:\/\/www.aarquiteta.com.br\/blog\/shaft-duto-o-que-e-e-para-que-serve\/\">O que \u00e9 um SHAFT<\/a> e para que serve?<\/li><\/ul><p>Gostou do post? Quer saber mais e ir mais a fundo sobre todo o universo de uma reforma e design de interiores? ent\u00e3o <a href=\"https:\/\/gerenciamentodeinteriores.aarquiteta.com.br\/curso-de-projeto-de-interiores\"><strong>acesse aqui e receba mais conte\u00fado sobre!<\/strong><\/a><\/p><p><a href=\"https:\/\/gerenciamentodeinteriores.aarquiteta.com.br\/curso-de-projeto-de-interiores\"><img decoding=\"async\" class=\"alignnone size-full wp-image-8311\" src=\"https:\/\/www.aarquiteta.com.br\/blog\/wp-content\/uploads\/2016\/07\/banner-centro-artigo-gerenciamento-de-projeto-de-interiores.png\" alt=\"banner-centro-artigo-gerenciamento-de-projeto-de-interiores\" width=\"728\" height=\"90\" title=\"\" srcset=\"https:\/\/www.aarquiteta.com.br\/blog\/wp-content\/uploads\/2016\/07\/banner-centro-artigo-gerenciamento-de-projeto-de-interiores.png 728w, https:\/\/www.aarquiteta.com.br\/blog\/wp-content\/uploads\/2016\/07\/banner-centro-artigo-gerenciamento-de-projeto-de-interiores-696x86.png 696w, https:\/\/www.aarquiteta.com.br\/blog\/wp-content\/uploads\/2016\/07\/banner-centro-artigo-gerenciamento-de-projeto-de-interiores-150x19.png 150w\" sizes=\"(max-width: 728px) 100vw, 728px\" \/><\/a><\/p><h2>E a\u00ed, gostou do artigo sobre Reforma de Apartamento &#8211; As 13 etapas de uma obra?<\/h2><p>Ent\u00e3o deslize a tela para baixo e<a href=\"https:\/\/br.pinterest.com\/aarquitetapinterest\/_created\/\" target=\"_blank\" rel=\"noopener\"> confira mais dicas<\/a> como esta e n\u00e3o se esque\u00e7a de compartilhar com os amigos!<\/p><p>Quer mais dicas sobre o mundo da Arquitetura e Decora\u00e7\u00e3o? Ent\u00e3o decore f\u00e1cil sem mist\u00e9rios, confira alguns dos nossos artigos em:<\/p><ul><li style=\"list-style-type: none;\"><ul><li><a href=\"https:\/\/www.aarquiteta.com.br\/blog\/paisagismo\/\" target=\"_blank\" rel=\"noopener\">Casa e Jardim<\/a><\/li><li><a href=\"https:\/\/www.aarquiteta.com.br\/blog\/arquitetura\/mundo-arquitetura\/\" target=\"_blank\" rel=\"noopener\">Mundo Arquitetura<\/a><\/li><li><a href=\"https:\/\/www.aarquiteta.com.br\/decoracao\/\" target=\"_blank\" rel=\"noopener\">Decora\u00e7\u00e3o<br \/>\n<\/a><\/li><\/ul><\/li><\/ul><p>&nbsp;<\/p>","protected":false},"excerpt":{"rendered":"<p>Reforma de Apartamento &#8211; As 13 etapas de uma obra!Em\u00a0continuidade ao assunto abordado no artigo anterior sobre autoriza\u00e7\u00e3o de obra para reforma em apartamentos, vamos conhecer as etapas de uma reforma de apartamento.Depois de obtida a autoriza\u00e7\u00e3o de in\u00edcio de obra, a equipe de obras j\u00e1 pode dar in\u00edcio aos trabalhos de reforma.As 13 etapas [&hellip;]<\/p>\n","protected":false},"author":102,"featured_media":45900,"comment_status":"closed","ping_status":"closed","sticky":false,"template":"","format":"standard","meta":{"footnotes":""},"categories":[33423,35344,18792,19127],"tags":[10171,6925,10170,10169,5431,9165],"class_list":["post-8832","post","type-post","status-publish","format-standard","has-post-thumbnail","category-engenharia-civil","category-instalacoes-prediais","category-decoracao-de-apartamento","category-reforma-e-manutencao","tag-como-reformar","tag-demolicao","tag-etapas-de-uma-reforma","tag-fases-de-uma-reforma","tag-reforma","tag-reforma-apartamento"],"_wp_attached_file":null,"_wp_attachment_metadata":null,"_wp_attachment_context":null,"_wp_attachment_is_custom_header":null,"geo_longitude":null,"geo_public":null,"geo_latitude":null,"_publicize_done_external":null,"_wpas_done_3897181":null,"publicize_twitter_user":null,"_wpas_done_3897175":null,"_wpas_skip_3897181":null,"_wpas_skip_3897175":null,"_wpas_skip_3924723":null,"_wpas_mess":null,"_wpas_done_3924723":null,"wps_subtitle":"Confira as 13 etapas de uma reforma de apartamento, dicas para quem quer reformar sem surpresas!","_links":{"self":[{"href":"https:\/\/www.aarquiteta.com.br\/blog\/wp-json\/wp\/v2\/posts\/8832","targetHints":{"allow":["GET"]}}],"collection":[{"href":"https:\/\/www.aarquiteta.com.br\/blog\/wp-json\/wp\/v2\/posts"}],"about":[{"href":"https:\/\/www.aarquiteta.com.br\/blog\/wp-json\/wp\/v2\/types\/post"}],"author":[{"embeddable":true,"href":"https:\/\/www.aarquiteta.com.br\/blog\/wp-json\/wp\/v2\/users\/102"}],"replies":[{"embeddable":true,"href":"https:\/\/www.aarquiteta.com.br\/blog\/wp-json\/wp\/v2\/comments?post=8832"}],"version-history":[{"count":0,"href":"https:\/\/www.aarquiteta.com.br\/blog\/wp-json\/wp\/v2\/posts\/8832\/revisions"}],"wp:featuredmedia":[{"embeddable":true,"href":"https:\/\/www.aarquiteta.com.br\/blog\/wp-json\/wp\/v2\/media\/45900"}],"wp:attachment":[{"href":"https:\/\/www.aarquiteta.com.br\/blog\/wp-json\/wp\/v2\/media?parent=8832"}],"wp:term":[{"taxonomy":"category","embeddable":true,"href":"https:\/\/www.aarquiteta.com.br\/blog\/wp-json\/wp\/v2\/categories?post=8832"},{"taxonomy":"post_tag","embeddable":true,"href":"https:\/\/www.aarquiteta.com.br\/blog\/wp-json\/wp\/v2\/tags?post=8832"}],"curies":[{"name":"wp","href":"https:\/\/api.w.org\/{rel}","templated":true}]}}