{"id":86168,"date":"2023-07-23T14:42:00","date_gmt":"2023-07-23T17:42:00","guid":{"rendered":"http:\/\/aarquiteta.com.br\/?p=86168"},"modified":"2023-07-22T12:54:40","modified_gmt":"2023-07-22T15:54:40","slug":"como-a-arquitetura-do-palacio-do-planalto-representa-o-modernismo-brasileiro","status":"publish","type":"post","link":"https:\/\/www.aarquiteta.com.br\/blog\/como-a-arquitetura-do-palacio-do-planalto-representa-o-modernismo-brasileiro\/","title":{"rendered":"Como a Arquitetura do Pal\u00e1cio do Planalto Representa o Modernismo Brasileiro"},"content":{"rendered":"<p>O <b>Pal\u00e1cio do Planalto<\/b>, localizado em Bras\u00edlia, capital do Brasil, \u00e9 um importante marco da arquitetura e do modernismo brasileiro. Projetado por <b>Oscar Niemeyer<\/b>, renomado arquiteto brasileiro, o pal\u00e1cio \u00e9 um exemplo emblem\u00e1tico da fus\u00e3o entre arte e arquitetura que caracteriza o modernismo brasileiro.<\/p>\n<p>Constru\u00eddo na d\u00e9cada de 1950, durante a constru\u00e7\u00e3o da nova capital do pa\u00eds, o Pal\u00e1cio do Planalto apresenta elementos arquitet\u00f4nicos distintos, como linhas curvas e a utiliza\u00e7\u00e3o de concreto armado.<\/p>\n<figure id=\"attachment_87032\" aria-describedby=\"caption-attachment-87032\" style=\"width: 1200px\" class=\"wp-caption alignnone\"><img decoding=\"async\" class=\"size-full wp-image-87032\" src=\"https:\/\/www.aarquiteta.com.br\/blog\/wp-content\/uploads\/2023\/07\/palacio-do-planalto-.jpg\" alt=\"palacio do planalto\" width=\"1200\" height=\"800\" title=\"\" srcset=\"https:\/\/www.aarquiteta.com.br\/blog\/wp-content\/uploads\/2023\/07\/palacio-do-planalto-.jpg 1200w, https:\/\/www.aarquiteta.com.br\/blog\/wp-content\/uploads\/2023\/07\/palacio-do-planalto--1024x683.jpg 1024w, https:\/\/www.aarquiteta.com.br\/blog\/wp-content\/uploads\/2023\/07\/palacio-do-planalto--696x464.jpg 696w, https:\/\/www.aarquiteta.com.br\/blog\/wp-content\/uploads\/2023\/07\/palacio-do-planalto--150x100.jpg 150w\" sizes=\"(max-width: 1200px) 100vw, 1200px\" \/><figcaption id=\"caption-attachment-87032\" class=\"wp-caption-text\">palacio do planalto<\/figcaption><\/figure>\n<p>Esses elementos refletem os princ\u00edpios do modernismo brasileiro, como a valoriza\u00e7\u00e3o da simplicidade, a incorpora\u00e7\u00e3o da natureza e a busca por uma identidade pr\u00f3pria na arquitetura.<\/p>\n<p>O Pal\u00e1cio do Planalto \u00e9, portanto, um exemplo significativo de como a arquitetura pode representar e personificar o modernismo brasileiro, desempenhando um papel importante na hist\u00f3ria da arquitetura do pa\u00eds.<\/p>\n<p>&nbsp;<\/p>\n<p><iframe src=\"https:\/\/www.youtube.com\/embed\/vbSJ2kfRX0Q\" width=\"500\" height=\"350\" frameborder=\"0\" allowfullscreen=\"allowfullscreen\"><\/iframe><\/p>\n<h2>O que \u00e9 o Pal\u00e1cio do Planalto?<\/h2>\n<p>O Pal\u00e1cio do Planalto \u00e9 a sede do Poder Executivo Federal do Brasil e est\u00e1 localizado na cidade de Bras\u00edlia. Ele \u00e9 a resid\u00eancia oficial do Presidente da Rep\u00fablica e tamb\u00e9m abriga diversos \u00f3rg\u00e3os do governo.<\/p>\n<p>Constru\u00eddo durante a d\u00e9cada de 1950, o pal\u00e1cio foi projetado pelo arquiteto <b>Oscar Niemeyer<\/b>, um dos principais nomes do <em>modernismo brasileiro<\/em>.<\/p>\n<p>Com linhas retas e formato de asa delta, caracter\u00edsticas do estilo arquitet\u00f4nico de Niemeyer, o pal\u00e1cio \u00e9 uma constru\u00e7\u00e3o imponente.<\/p>\n<p>\u00c9 composto por uma rampa de acesso, um p\u00e1tio interno e v\u00e1rios sal\u00f5es e gabinetes. Sua fachada revestida em m\u00e1rmore possui grandes janelas, permitindo a entrada de luz natural.<\/p>\n<p>Al\u00e9m de sua import\u00e2ncia como s\u00edmbolo do poder pol\u00edtico do pa\u00eds, o Pal\u00e1cio do Planalto \u00e9 um marco do <em>modernismo brasileiro<\/em> na arquitetura.<\/p>\n<p>Sua constru\u00e7\u00e3o representou uma ruptura com os estilos cl\u00e1ssicos e tradicionais, incorporando elementos inovadores e futuristas.<\/p>\n<p>No entanto, o pal\u00e1cio tamb\u00e9m desperta opini\u00f5es diversas. Alguns o consideram uma obra-prima do design moderno, enquanto outros criticam seu estilo frio e austero, que pode transmitir uma imagem distante do poder governamental.<\/p>\n<p>Independentemente das opini\u00f5es sobre sua est\u00e9tica, o Pal\u00e1cio do Planalto \u00e9 um marco do Brasil e uma parte significativa da hist\u00f3ria do pa\u00eds.<\/p>\n<h2>O Modernismo Brasileiro na Arquitetura<\/h2>\n<figure id=\"attachment_82446\" aria-describedby=\"caption-attachment-82446\" style=\"width: 1200px\" class=\"wp-caption alignnone\"><img decoding=\"async\" class=\"size-full wp-image-82446\" src=\"https:\/\/www.aarquiteta.com.br\/blog\/wp-content\/uploads\/2023\/07\/Brasilia-Palacio-do-Planalto.jpg\" alt=\"5 Curiosidades Sobre Bras\u00edlia Que V\u00e3o Te Surpreender!\" width=\"1200\" height=\"800\" title=\"\" srcset=\"https:\/\/www.aarquiteta.com.br\/blog\/wp-content\/uploads\/2023\/07\/Brasilia-Palacio-do-Planalto.jpg 1200w, https:\/\/www.aarquiteta.com.br\/blog\/wp-content\/uploads\/2023\/07\/Brasilia-Palacio-do-Planalto-1024x683.jpg 1024w, https:\/\/www.aarquiteta.com.br\/blog\/wp-content\/uploads\/2023\/07\/Brasilia-Palacio-do-Planalto-696x464.jpg 696w, https:\/\/www.aarquiteta.com.br\/blog\/wp-content\/uploads\/2023\/07\/Brasilia-Palacio-do-Planalto-150x100.jpg 150w\" sizes=\"(max-width: 1200px) 100vw, 1200px\" \/><figcaption id=\"caption-attachment-82446\" class=\"wp-caption-text\">Foto: Canva.com<\/figcaption><\/figure>\n<p>A arquitetura modernista brasileira na \u00e9poca do Pal\u00e1cio do Planalto buscava romper com os estilos europeus e criar uma linguagem pr\u00f3pria.<\/p>\n<p>Com suas formas geometricamente puras e uso da simplicidade como forma de express\u00e3o, o Modernismo Brasileiro na Arquitetura inovou e deixou um legado que ainda \u00e9 admirado hoje em dia.<\/p>\n<p>Um dos maiores exemplos do <b>Modernismo Brasileiro na Arquitetura<\/b> \u00e9 o <b>Pal\u00e1cio do Planalto<\/b>, em Bras\u00edlia. Projetado por <b>Oscar Niemeyer<\/b>, o edif\u00edcio \u00e9 marcado por suas formas simples, linhas sinuosas e pelo uso do concreto armado.<\/p>\n<p>Esses aspectos caracter\u00edsticos do <b>Modernismo Brasileiro na Arquitetura<\/b> tornam o <b>Pal\u00e1cio do Planalto<\/b> uma obra emblem\u00e1tica desse movimento art\u00edstico no Brasil.<\/p>\n<p>O <b>Modernismo Brasileiro na Arquitetura<\/b> \u00e9 caracterizado pela busca de uma identidade nacional na constru\u00e7\u00e3o dos edif\u00edcios.<\/p>\n<p>Esse movimento art\u00edstico, que ocorreu principalmente nas d\u00e9cadas de 1920 e 1930, valorizava a cultura brasileira e os materiais nativos na cria\u00e7\u00e3o de projetos arquitet\u00f4nicos.<\/p>\n<p>Em um tom semelhante, uma hist\u00f3ria real que ilustra o impacto do <b>Modernismo Brasileiro na Arquitetura<\/b> \u00e9 a constru\u00e7\u00e3o de Bras\u00edlia.<\/p>\n<p>A capital do Brasil foi planejada e constru\u00edda sob os princ\u00edpios modernistas, com seus edif\u00edcios ic\u00f4nicos e urbanismo singular.<\/p>\n<p>A cidade \u00e9 um exemplo vivo do legado do <b>Modernismo Brasileiro na Arquitetura<\/b>, destacando a import\u00e2ncia desse movimento no pa\u00eds.<\/p>\n[amazon table=&#8221;83162&#8243;]\n<h3>Quais s\u00e3o os princ\u00edpios do Modernismo Brasileiro na Arquitetura?<\/h3>\n<p>Os princ\u00edpios do <b>Modernismo Brasileiro na Arquitetura<\/b> s\u00e3o a valoriza\u00e7\u00e3o da funcionalidade, a busca por uma est\u00e9tica pr\u00f3pria e o uso de materiais e t\u00e9cnicas construtivas modernas.<\/p>\n<p>A <b>funcionalidade<\/b> \u00e9 um dos princ\u00edpios mais importantes do <b>Modernismo Brasileiro na Arquitetura<\/b>, buscando criar espa\u00e7os que sejam eficientes e atendam \u00e0s necessidades dos usu\u00e1rios.<\/p>\n<p>Al\u00e9m disso, o Movimento valoriza uma est\u00e9tica pr\u00f3pria, que muitas vezes \u00e9 inspirada nas formas geom\u00e9tricas e na simplicidade.<\/p>\n<p>O uso de <b>linhas retas<\/b> e <b>formas simples<\/b> \u00e9 uma caracter\u00edstica marcante do <b>Modernismo Brasileiro na Arquitetura<\/b>. Outro aspecto fundamental \u00e9 o uso de materiais e t\u00e9cnicas construtivas modernas.<\/p>\n<p>Os arquitetos modernistas buscavam utilizar materiais industrializados, como o concreto armado, que permitia a cria\u00e7\u00e3o de estruturas mais leves e espa\u00e7os mais amplos.<\/p>\n<p>Esses princ\u00edpios foram fundamentais para o desenvolvimento da arquitetura moderna brasileira, influenciando tanto a constru\u00e7\u00e3o de casas e pr\u00e9dios p\u00fablicos, como o ic\u00f4nico <b>Pal\u00e1cio do Planalto<\/b>, quanto a cria\u00e7\u00e3o de mobili\u00e1rio e objetos de design.<\/p>\n<p>Atrav\u00e9s desses princ\u00edpios, o <b>Modernismo Brasileiro na Arquitetura<\/b> buscou romper com os padr\u00f5es do passado e criar uma identidade pr\u00f3pria para a arquitetura brasileira, incorporando elementos da cultura e da natureza do pa\u00eds.<\/p>\n<p><b>Esta<\/b> \u00e9 uma hist\u00f3ria verdadeira que exemplifica esses princ\u00edpios: <b>Oscar Niemeyer<\/b>, um dos principais arquitetos modernistas brasileiros, projetou o edif\u00edcio do <b>Congresso Nacional<\/b>, uma obra-prima arquitet\u00f4nica que reflete perfeitamente os princ\u00edpios do <b>Modernismo Brasileiro<\/b>.<\/p>\n<p>Sua forma curva e ousada se destaca na paisagem de <b>Bras\u00edlia<\/b>, mostrando a busca pela funcionalidade e est\u00e9tica \u00fanicas do movimento.<\/p>\n<p><b>Este<\/b> projeto representa a import\u00e2ncia do <b>Modernismo Brasileiro na Arquitetura<\/b> na hist\u00f3ria do pa\u00eds e sua influ\u00eancia duradoura na cultura arquitet\u00f4nica brasileira.<\/p>\n<h2>A Arquitetura do Pal\u00e1cio do Planalto<\/h2>\n<figure id=\"attachment_82449\" aria-describedby=\"caption-attachment-82449\" style=\"width: 1200px\" class=\"wp-caption alignnone\"><img decoding=\"async\" class=\"size-full wp-image-82449\" src=\"https:\/\/www.aarquiteta.com.br\/blog\/wp-content\/uploads\/2023\/07\/curiosidades-sobre-Brasilia-.jpg\" alt=\"5 Curiosidades Sobre Bras\u00edlia Que V\u00e3o Te Surpreender!\" width=\"1200\" height=\"800\" title=\"\" srcset=\"https:\/\/www.aarquiteta.com.br\/blog\/wp-content\/uploads\/2023\/07\/curiosidades-sobre-Brasilia-.jpg 1200w, https:\/\/www.aarquiteta.com.br\/blog\/wp-content\/uploads\/2023\/07\/curiosidades-sobre-Brasilia--1024x683.jpg 1024w, https:\/\/www.aarquiteta.com.br\/blog\/wp-content\/uploads\/2023\/07\/curiosidades-sobre-Brasilia--696x464.jpg 696w, https:\/\/www.aarquiteta.com.br\/blog\/wp-content\/uploads\/2023\/07\/curiosidades-sobre-Brasilia--150x100.jpg 150w\" sizes=\"(max-width: 1200px) 100vw, 1200px\" \/><figcaption id=\"caption-attachment-82449\" class=\"wp-caption-text\">Foto: Canva.com<\/figcaption><\/figure>\n<p>A arquitetura do Pal\u00e1cio do Planalto, projetada por Oscar Niemeyer e constru\u00edda entre 1958 e 1960, \u00e9 um exemplo ic\u00f4nico do modernismo brasileiro.<\/p>\n<p>Suas linhas simples e formas abstratas destacam-se, resultando em uma est\u00e9tica \u00fanica e futurista. A utiliza\u00e7\u00e3o de concreto e vidro proporciona essa atmosfera \u00fanica.<\/p>\n<p>O Pal\u00e1cio do Planalto possui uma planta em formato de cruz, composta por quatro blocos que representam os poderes do Estado brasileiro. Essa simetria e organiza\u00e7\u00e3o refletem a ideia de equil\u00edbrio e harmonia no governo.<\/p>\n<p>Com uma fachada revestida com m\u00e1rmore branco, o Pal\u00e1cio do Planalto transmite sofistica\u00e7\u00e3o e eleg\u00e2ncia.<\/p>\n<p>As amplas janelas e varandas permitem a entrada de luz natural, criando um ambiente luminoso e arejado no interior do edif\u00edcio.<\/p>\n<p>Al\u00e9m disso, o Pal\u00e1cio do Planalto conta com espa\u00e7os abertos, como o p\u00e1tio interno e os jardins, que proporcionam um contato direto com a natureza. Esses espa\u00e7os transmitem uma sensa\u00e7\u00e3o de tranquilidade e serenidade.<\/p>\n<p>Al\u00e9m de sua import\u00e2ncia arquitet\u00f4nica, o Pal\u00e1cio do Planalto \u00e9 tamb\u00e9m um s\u00edmbolo do poder e da democracia no Brasil.<\/p>\n<p>Sua grandiosidade e impon\u00eancia destacam a import\u00e2ncia do governo federal e o papel central que o pal\u00e1cio desempenha como sede do poder executivo brasileiro.<\/p>\n<h3>Quem foi o arquiteto respons\u00e1vel pelo projeto?<\/h3>\n<figure id=\"attachment_63891\" aria-describedby=\"caption-attachment-63891\" style=\"width: 700px\" class=\"wp-caption alignnone\"><img decoding=\"async\" class=\"size-full wp-image-63891\" src=\"https:\/\/www.aarquiteta.com.br\/blog\/wp-content\/uploads\/2021\/12\/oscar-niemeyer.jpg\" alt=\"Oscar Niemeyer - Voc\u00ea conhece a hist\u00f3ria deste Arquiteto?\" width=\"700\" height=\"400\" title=\"\" srcset=\"https:\/\/www.aarquiteta.com.br\/blog\/wp-content\/uploads\/2021\/12\/oscar-niemeyer.jpg 700w, https:\/\/www.aarquiteta.com.br\/blog\/wp-content\/uploads\/2021\/12\/oscar-niemeyer-696x398.jpg 696w, https:\/\/www.aarquiteta.com.br\/blog\/wp-content\/uploads\/2021\/12\/oscar-niemeyer-150x86.jpg 150w\" sizes=\"(max-width: 700px) 100vw, 700px\" \/><figcaption id=\"caption-attachment-63891\" class=\"wp-caption-text\">Oscar Niemeyer &#8211; Voc\u00ea conhece a hist\u00f3ria deste Arquiteto?<\/figcaption><\/figure>\n<p>O arquiteto respons\u00e1vel pelo projeto do Pal\u00e1cio do Planalto foi Oscar Niemeyer.<\/p>\n<p>Oscar Niemeyer, um renomado arquiteto brasileiro, foi escolhido pelo ent\u00e3o presidente Juscelino Kubitschek para liderar a constru\u00e7\u00e3o do complexo arquitet\u00f4nico de Bras\u00edlia, incluindo o Pal\u00e1cio do Planalto, sede do governo federal do Brasil.<\/p>\n<p>Oscar Niemeyer \u00e9 reconhecido internacionalmente por seu estilo arquitet\u00f4nico modernista e suas contribui\u00e7\u00f5es para a arquitetura brasileira.<\/p>\n<p>Ele projetou diversos edif\u00edcios ic\u00f4nicos em todo o Brasil e em outros pa\u00edses, e o Pal\u00e1cio do Planalto \u00e9 um exemplo de sua genialidade.<\/p>\n<p>O projeto do Pal\u00e1cio do Planalto foi conclu\u00eddo em 1960, o mesmo ano em que Bras\u00edlia se tornou a capital do pa\u00eds. Niemeyer concebeu um edif\u00edcio de linhas simples e elegantes, com uma fachada ampla e uma laje em curva, caracter\u00edstica marcante de sua arquitetura.<\/p>\n<p>A influ\u00eancia de <b>Oscar Niemeyer<\/b> e seu projeto do Pal\u00e1cio do Planalto refletem o modernismo brasileiro. Seu estilo arquitet\u00f4nico representa os princ\u00edpios do movimento modernista, que buscava inova\u00e7\u00e3o, funcionalidade e simplicidade.<\/p>\n<p>Niemeyer incorporou esses ideais em sua arquitetura, promovendo uma nova forma de pensar e projetar edif\u00edcios.<\/p>\n<p>Portanto, <b>Oscar Niemeyer<\/b> \u00e9 o arquiteto respons\u00e1vel pelo projeto do Pal\u00e1cio do Planalto, uma obra de grande import\u00e2ncia na hist\u00f3ria da arquitetura brasileira.<\/p>\n<p><strong>Dica profissional:<\/strong> Ao visitar o Pal\u00e1cio do Planalto, aproveite para apreciar o incr\u00edvel trabalho arquitet\u00f4nico de <b>Oscar Niemeyer<\/b> e a influ\u00eancia do modernismo brasileiro.<\/p>\n<p>N\u00e3o deixe de explorar outros pontos tur\u00edsticos ic\u00f4nicos de Bras\u00edlia, como a Catedral Metropolitana, o Congresso Nacional e o Memorial JK.<\/p>\n<h3>Quando foi constru\u00eddo o Pal\u00e1cio do Planalto?<\/h3>\n<figure id=\"attachment_16008\" aria-describedby=\"caption-attachment-16008\" style=\"width: 750px\" class=\"wp-caption alignnone\"><img decoding=\"async\" class=\"size-full wp-image-16008\" src=\"https:\/\/www.aarquiteta.com.br\/blog\/wp-content\/uploads\/2020\/02\/oscar-niemeyer-a-arquiteta-7.jpg\" alt=\"Oscar Niemeyer\" width=\"750\" height=\"509\" title=\"\" srcset=\"https:\/\/www.aarquiteta.com.br\/blog\/wp-content\/uploads\/2020\/02\/oscar-niemeyer-a-arquiteta-7.jpg 750w, https:\/\/www.aarquiteta.com.br\/blog\/wp-content\/uploads\/2020\/02\/oscar-niemeyer-a-arquiteta-7-696x472.jpg 696w, https:\/\/www.aarquiteta.com.br\/blog\/wp-content\/uploads\/2020\/02\/oscar-niemeyer-a-arquiteta-7-150x102.jpg 150w\" sizes=\"(max-width: 750px) 100vw, 750px\" \/><figcaption id=\"caption-attachment-16008\" class=\"wp-caption-text\">Imagem: archdaily.com.br<\/figcaption><\/figure>\n<p>O Pal\u00e1cio do Planalto foi constru\u00eddo em 1958, seguindo as diretrizes fornecidas. Levando em considera\u00e7\u00e3o a pergunta &#8220;<b>Quando foi constru\u00eddo o Pal\u00e1cio do Planalto?<\/b>&#8220;, \u00e9 importante destacar que ele foi constru\u00eddo em um <b>determinado per\u00edodo de tempo<\/b>.<\/p>\n<h3>Quais s\u00e3o os elementos arquitet\u00f4nicos caracter\u00edsticos do Pal\u00e1cio do Planalto?<\/h3>\n<p>Os elementos arquitet\u00f4nicos caracter\u00edsticos do Pal\u00e1cio do Planalto s\u00e3o a estrutura em forma de cruz, com dois blocos principais, um horizontal e outro vertical, as colunas de concreto armado, que conferem impon\u00eancia e solidez \u00e0 constru\u00e7\u00e3o.<\/p>\n<p>Os jardins suspensos, que emolduram os espa\u00e7os e trazem a natureza para o interior do edif\u00edcio, as esquadrias de vidro, que proporcionam transpar\u00eancia e integra\u00e7\u00e3o com o entorno, e os pilotis, que elevam o edif\u00edcio do solo, dando uma sensa\u00e7\u00e3o de leveza e amplid\u00e3o.<\/p>\n<p>Esses elementos arquitet\u00f4nicos combinados criam a identidade visual e est\u00e9tica do Pal\u00e1cio do Planalto, representando o estilo modernista presente na arquitetura brasileira.<\/p>\n<h2>A Representa\u00e7\u00e3o do Modernismo Brasileiro<\/h2>\n<p><img decoding=\"async\" class=\"alignnone size-full wp-image-26287\" src=\"https:\/\/www.aarquiteta.com.br\/blog\/wp-content\/uploads\/2018\/11\/cidades-planejadas-alem-de-brasilia.jpg\" alt=\"\" width=\"730\" height=\"515\" title=\"\" srcset=\"https:\/\/www.aarquiteta.com.br\/blog\/wp-content\/uploads\/2018\/11\/cidades-planejadas-alem-de-brasilia.jpg 730w, https:\/\/www.aarquiteta.com.br\/blog\/wp-content\/uploads\/2018\/11\/cidades-planejadas-alem-de-brasilia-696x491.jpg 696w, https:\/\/www.aarquiteta.com.br\/blog\/wp-content\/uploads\/2018\/11\/cidades-planejadas-alem-de-brasilia-150x106.jpg 150w\" sizes=\"(max-width: 730px) 100vw, 730px\" \/><\/p>\n<p>A arquitetura do Pal\u00e1cio do Planalto reflete a representa\u00e7\u00e3o do modernismo brasileiro de forma inovadora e progressista.<\/p>\n<p>Projetado por Oscar Niemeyer, o pal\u00e1cio busca uma identidade arquitet\u00f4nica \u00fanica e moderna para o Brasil, incorporando elementos futuristas e rompendo com os padr\u00f5es tradicionais. Suas formas curvas distintas e estrutura arrojada evidenciam as caracter\u00edsticas do movimento modernista brasileiro.<\/p>\n<p>Al\u00e9m da est\u00e9tica marcante, o Pal\u00e1cio do Planalto tamb\u00e9m mostra a representa\u00e7\u00e3o do modernismo brasileiro em sua funcionalidade.<\/p>\n<p>Seu design interno \u00e9 pensado para otimizar o fluxo de trabalho do governo e facilitar a comunica\u00e7\u00e3o entre os diferentes setores, refletindo a \u00eanfase modernista na efici\u00eancia e no uso inteligente do espa\u00e7o.<\/p>\n<p>Para compreender plenamente a representa\u00e7\u00e3o do modernismo brasileiro no Pal\u00e1cio do Planalto, \u00e9 essencial visitar o local e apreciar de perto sua arquitetura.<\/p>\n<p>Recomenda-se tamb\u00e9m a leitura de <b>livros<\/b> e <b>artigos<\/b> sobre o movimento modernista brasileiro para aprofundar o conhecimento, assim como participar de eventos ou exposi\u00e7\u00f5es relacionadas ao modernismo brasileiro para ampliar a compreens\u00e3o do tema.<\/p>\n<h3>Como a arquitetura do Pal\u00e1cio do Planalto reflete o Modernismo Brasileiro?<\/h3>\n<p>A arquitetura do Pal\u00e1cio do Planalto reflete o Modernismo Brasileiro de diversas maneiras. Como? Atrav\u00e9s da utiliza\u00e7\u00e3o de linhas retas e formas geom\u00e9tricas simples, caracter\u00edsticas marcantes dessa corrente arquitet\u00f4nica.<\/p>\n<p>Esses elementos est\u00e3o presentes na estrutura do Pal\u00e1cio, como nas linhas retas e nos \u00e2ngulos definidos do pr\u00e9dio. Al\u00e9m disso, a funcionalidade tamb\u00e9m \u00e9 uma caracter\u00edstica importante do Modernismo, e o Pal\u00e1cio do Planalto reflete essa ideia.<\/p>\n<p>O edif\u00edcio foi projetado para abrigar o poder executivo do Brasil, com espa\u00e7os amplos e bem distribu\u00eddos para as atividades governamentais.<\/p>\n<p>Outra maneira como a arquitetura do Pal\u00e1cio do Planalto reflete o Modernismo Brasileiro \u00e9 pela busca pela integra\u00e7\u00e3o entre arquitetura e natureza.<\/p>\n<p>Isso pode ser observado no pr\u00e9dio constru\u00eddo em meio a um amplo jardim projetado por Burle Marx, com \u00e1rvores e paisagismo que se integram harmoniosamente \u00e0 arquitetura.<\/p>\n<p>A valoriza\u00e7\u00e3o dos materiais naturais tamb\u00e9m \u00e9 uma caracter\u00edstica do Modernismo, e o Pal\u00e1cio do Planalto utiliza materiais como concreto e vidro em sua constru\u00e7\u00e3o, ressaltando sua simplicidade e valorizando a est\u00e9tica da arquitetura moderna.<\/p>\n<p>Em resumo, a arquitetura do Pal\u00e1cio do Planalto reflete o Modernismo Brasileiro atrav\u00e9s do uso de linhas retas, funcionalidade, integra\u00e7\u00e3o com a natureza e valoriza\u00e7\u00e3o dos materiais naturais.<\/p>\n<p>\u00c9 interessante destacar que Oscar Niemeyer, um renomado arquiteto brasileiro, foi o respons\u00e1vel pelo projeto do Pal\u00e1cio.<\/p>\n<p>Durante a constru\u00e7\u00e3o do pr\u00e9dio, Niemeyer teve a ideia de incluir uma rampa em sua fachada principal, tornando-se um \u00edcone da arquitetura moderna brasileira e um dos elementos mais caracter\u00edsticos do Pal\u00e1cio do Planalto.<\/p>\n<h3>Quais s\u00e3o as principais caracter\u00edsticas do Modernismo presentes na arquitetura do Pal\u00e1cio do Planalto?<\/h3>\n<figure id=\"attachment_82244\" aria-describedby=\"caption-attachment-82244\" style=\"width: 1200px\" class=\"wp-caption alignnone\"><img decoding=\"async\" class=\"size-full wp-image-82244\" src=\"https:\/\/www.aarquiteta.com.br\/blog\/wp-content\/uploads\/2023\/06\/Obras-Arquitetonicas-Brasileiras-4.jpg\" alt=\"5 Obras Arquitet\u00f4nicas Brasileiras Que Voc\u00ea Deve Conhecer!\" width=\"1200\" height=\"800\" title=\"\" srcset=\"https:\/\/www.aarquiteta.com.br\/blog\/wp-content\/uploads\/2023\/06\/Obras-Arquitetonicas-Brasileiras-4.jpg 1200w, https:\/\/www.aarquiteta.com.br\/blog\/wp-content\/uploads\/2023\/06\/Obras-Arquitetonicas-Brasileiras-4-1024x683.jpg 1024w, https:\/\/www.aarquiteta.com.br\/blog\/wp-content\/uploads\/2023\/06\/Obras-Arquitetonicas-Brasileiras-4-696x464.jpg 696w, https:\/\/www.aarquiteta.com.br\/blog\/wp-content\/uploads\/2023\/06\/Obras-Arquitetonicas-Brasileiras-4-150x100.jpg 150w\" sizes=\"(max-width: 1200px) 100vw, 1200px\" \/><figcaption id=\"caption-attachment-82244\" class=\"wp-caption-text\">Foto: Canva.com<\/figcaption><\/figure>\n<p>Principais caracter\u00edsticas do Modernismo presentes na arquitetura do Pal\u00e1cio do Planalto:<\/p>\n<p>1. Linhas retas e formas geom\u00e9tricas: O Pal\u00e1cio do Planalto apresenta uma arquitetura marcada por <b>linhas retas<\/b> e <b>formas geom\u00e9tricas<\/b>, caracter\u00edsticas t\u00edpicas do Movimento Modernista.<\/p>\n<p>2. Uso de concreto armado: O concreto armado \u00e9 amplamente utilizado na estrutura do Pal\u00e1cio do Planalto, demonstrando a influ\u00eancia do <b>Modernismo Brasileiro<\/b> na arquitetura.<\/p>\n<p>3. Valoriza\u00e7\u00e3o da funcionalidade: O projeto arquitet\u00f4nico do Pal\u00e1cio do Planalto prioriza a <b>funcionalidade<\/b> dos espa\u00e7os, refletindo a preocupa\u00e7\u00e3o do Modernismo em conciliar est\u00e9tica e utilidade.<\/p>\n<p>4. Abertura e transpar\u00eancia: O Pal\u00e1cio do Planalto possui amplas \u00e1reas envidra\u00e7adas, proporcionando uma sensa\u00e7\u00e3o de <b>transpar\u00eancia<\/b> e conectando o edif\u00edcio com o ambiente ao seu redor.<\/p>\n<p>5. Integra\u00e7\u00e3o com a natureza: O projeto arquitet\u00f4nico do Pal\u00e1cio do Planalto valoriza a integra\u00e7\u00e3o com os jardins e paisagens ao redor, ressaltando a preocupa\u00e7\u00e3o com a harmonia entre arquitetura e natureza, caracter\u00edstica central do <b>Modernismo Brasileiro<\/b>.<\/p>\n<p>Essas s\u00e3o algumas das principais caracter\u00edsticas do Modernismo presentes na arquitetura do Pal\u00e1cio do Planalto, que refletem a vis\u00e3o inovadora e vanguardista desse movimento art\u00edstico no Brasil.<\/p>\n<h2>A Import\u00e2ncia do Pal\u00e1cio do Planalto para a Hist\u00f3ria da Arquitetura Brasileira<\/h2>\n<figure id=\"attachment_67032\" aria-describedby=\"caption-attachment-67032\" style=\"width: 993px\" class=\"wp-caption alignnone\"><img decoding=\"async\" class=\"size-full wp-image-67032\" src=\"https:\/\/www.aarquiteta.com.br\/blog\/wp-content\/uploads\/2022\/08\/Brasilia-Palace-Hotel.jpg\" alt=\"\" width=\"993\" height=\"577\" title=\"\" srcset=\"https:\/\/www.aarquiteta.com.br\/blog\/wp-content\/uploads\/2022\/08\/Brasilia-Palace-Hotel.jpg 993w, https:\/\/www.aarquiteta.com.br\/blog\/wp-content\/uploads\/2022\/08\/Brasilia-Palace-Hotel-696x404.jpg 696w, https:\/\/www.aarquiteta.com.br\/blog\/wp-content\/uploads\/2022\/08\/Brasilia-Palace-Hotel-150x87.jpg 150w\" sizes=\"(max-width: 993px) 100vw, 993px\" \/><figcaption id=\"caption-attachment-67032\" class=\"wp-caption-text\">Imagem por@trivago<\/figcaption><\/figure>\n<p>O Pal\u00e1cio do Planalto tem uma import\u00e2ncia significativa para a hist\u00f3ria da arquitetura brasileira. Constru\u00eddo na d\u00e9cada de 1950, o pal\u00e1cio se tornou um s\u00edmbolo do modernismo brasileiro, caracterizado pela funcionalidade, simplicidade e integra\u00e7\u00e3o com o ambiente natural.<\/p>\n<p>Projetado por Oscar Niemeyer, o Pal\u00e1cio do Planalto representa a busca do pa\u00eds por uma identidade arquitet\u00f4nica \u00fanica e uma nova forma de express\u00e3o art\u00edstica.<\/p>\n<p>Al\u00e9m de sua relev\u00e2ncia est\u00e9tica, o Pal\u00e1cio do Planalto desempenha um papel fundamental na hist\u00f3ria da arquitetura brasileira.<\/p>\n<p>Ele abriga o poder executivo brasileiro e \u00e9 a resid\u00eancia oficial do presidente do pa\u00eds, o que o torna uma representa\u00e7\u00e3o visual do poder pol\u00edtico do Brasil. Sua localiza\u00e7\u00e3o central em Bras\u00edlia e seu imponente design contribuem para sua import\u00e2ncia hist\u00f3rica.<\/p>\n<p>A arquitetura do Pal\u00e1cio do Planalto tamb\u00e9m reflete os ideais do movimento modernista brasileiro. Este movimento buscava uma ruptura com as influ\u00eancias europeias e a cria\u00e7\u00e3o de um estilo arquitet\u00f4nico genuinamente brasileiro.<\/p>\n<p>As linhas curvas e formas arrojadas do pal\u00e1cio s\u00e3o um testemunho da abordagem inovadora de Niemeyer \u00e0 arquitetura.<\/p>\n<p>Em resumo, o Pal\u00e1cio do Planalto desempenha um papel fundamental na hist\u00f3ria da arquitetura brasileira. Sua import\u00e2ncia vai al\u00e9m do valor est\u00e9tico, pois tamb\u00e9m representa a busca do Brasil por uma identidade nacional e sua capacidade de criar obras arquitet\u00f4nicas \u00fanicas e significativas.<\/p>\n<p>Dica Importante: Ao visitar o Pal\u00e1cio do Planalto, n\u00e3o deixe de admirar sua arquitetura impressionante e aprender mais sobre sua import\u00e2ncia para a hist\u00f3ria do Brasil.<\/p>\n<h2>A Visita\u00e7\u00e3o P\u00fablica e as Obras de Arte do Pal\u00e1cio do Planalto<\/h2>\n<p>A Visita\u00e7\u00e3o P\u00fablica e as Obras de Arte do Pal\u00e1cio do Planalto proporcionam uma experi\u00eancia cultural rica aos visitantes.<\/p>\n<p>\u00c9 poss\u00edvel conhecer a arquitetura modernista do pal\u00e1cio enquanto aprecia obras de artistas renomados. A entrada \u00e9 gratuita, o que permite que um grande n\u00famero de pessoas desfrute dessa experi\u00eancia.<\/p>\n<p>S\u00e3o exibidas diversas obras, incluindo pinturas, esculturas e tape\u00e7arias, que retratam a diversidade cultural brasileira. Al\u00e9m disso, o espa\u00e7o \u00e9 cuidadosamente planejado para oferecer uma atmosfera prop\u00edcia \u00e0 aprecia\u00e7\u00e3o da arte.<\/p>\n<p>Durante a Visita\u00e7\u00e3o P\u00fablica e as Obras de Arte do Pal\u00e1cio do Planalto, os visitantes t\u00eam a oportunidade de conhecer o <b>Sal\u00e3o Nobre<\/b>, onde est\u00e3o expostas obras famosas, como o painel em bronze &#8220;O Povo Brasileiro&#8221;, de C\u00e2ndido Portinari.<\/p>\n<p>Tamb\u00e9m \u00e9 poss\u00edvel visitar a <b>Galeria dos Presidentes<\/b>, que exibe os retratos dos presidentes que j\u00e1 ocuparam o cargo no Brasil. Al\u00e9m disso, h\u00e1 v\u00e1rias obras de artistas contempor\u00e2neos, que trazem uma perspectiva atual para o espa\u00e7o.<\/p>\n<p>O Pal\u00e1cio do Planalto \u00e9 um local \u00fanico, onde arte e hist\u00f3ria se encontram. \u00c9 uma oportunidade imperd\u00edvel para os amantes da cultura e da arte compreenderem melhor a hist\u00f3ria e os valores do Brasil.<\/p>\n<p>A Visita\u00e7\u00e3o P\u00fablica e as Obras de Arte presentes no pal\u00e1cio representam a diversidade cultural e art\u00edstica do pa\u00eds de forma inspiradora.<\/p>\n<h2>Perguntas frequentes<\/h2>\n<h3>Qual \u00e9 a localiza\u00e7\u00e3o do Pal\u00e1cio do Planalto?<\/h3>\n<p>O Pal\u00e1cio do Planalto est\u00e1 localizado na Pra\u00e7a dos Tr\u00eas Poderes, em Bras\u00edlia, a capital do Brasil.<\/p>\n<h3>Quando o Pal\u00e1cio do Planalto foi inaugurado?<\/h3>\n<p>O Pal\u00e1cio do Planalto foi inaugurado em 21 de abril de 1960.<\/p>\n<h3>Como a arquitetura do Pal\u00e1cio do Planalto representa o modernismo brasileiro?<\/h3>\n<p>A arquitetura do Pal\u00e1cio do Planalto representa o modernismo brasileiro por meio de suas formas org\u00e2nicas, linhas horizontais predominantes, fachada de vidro, colunas longitudinais e uso de concreto aparente.<\/p>\n<h3>Qual \u00e9 a import\u00e2ncia hist\u00f3rica do Pal\u00e1cio do Planalto?<\/h3>\n<p>O Pal\u00e1cio do Planalto \u00e9 considerado o pr\u00e9dio mais importante do Brasil e um s\u00edmbolo da transfer\u00eancia da capital do Rio de Janeiro para Bras\u00edlia. Tamb\u00e9m \u00e9 um patrim\u00f4nio da humanidade e representa a democracia brasileira.<\/p>\n<h3>Posso visitar o Pal\u00e1cio do Planalto?<\/h3>\n<p>Sim, o Pal\u00e1cio do Planalto est\u00e1 aberto para visita\u00e7\u00e3o p\u00fablica aos domingos. \u00c9 necess\u00e1rio agendar previamente a visita e ela ser\u00e1 guiada por profissionais de rela\u00e7\u00f5es p\u00fablicas.<\/p>\n<h3>O que posso encontrar dentro do Pal\u00e1cio do Planalto durante a visita?<\/h3>\n<p>Durante a visita ao Pal\u00e1cio do Planalto, voc\u00ea poder\u00e1 ver sal\u00f5es importantes, salas de reuni\u00e3o, obras de arte, esculturas, fotografias de ex-presidentes e a galeria de arte. Tamb\u00e9m ter\u00e1 a oportunidade de apreciar a arquitetura e o espelho d&#8217;\u00e1gua em frente ao pr\u00e9dio.<\/p>\n<p><script type=\"application\/ld+json\">\n{\n  \"@context\": \"https:\/\/schema.org\",\n  \"@type\": \"FAQPage\",\n  \"mainEntity\": [{\n    \"@type\": \"Question\",\n    \"name\": \"Qual \u00e9 a localiza\u00e7\u00e3o do Pal\u00e1cio do Planalto?\",\n    \"acceptedAnswer\": {\n      \"@type\": \"Answer\",\n      \"text\": \"O Pal\u00e1cio do Planalto est\u00e1 localizado na Pra\u00e7a dos Tr\u00eas Poderes, em Bras\u00edlia, a capital do Brasil.\"\n    }\n  },{\n    \"@type\": \"Question\",\n    \"name\": \"Quando o Pal\u00e1cio do Planalto foi inaugurado?\",\n    \"acceptedAnswer\": {\n      \"@type\": \"Answer\",\n      \"text\": \"O Pal\u00e1cio do Planalto foi inaugurado em 21 de abril de 1960.\"\n    }\n  },{\n    \"@type\": \"Question\",\n    \"name\": \"Como a arquitetura do Pal\u00e1cio do Planalto representa o modernismo brasileiro?\",\n    \"acceptedAnswer\": {\n      \"@type\": \"Answer\",\n      \"text\": \"A arquitetura do Pal\u00e1cio do Planalto representa o modernismo brasileiro por meio de suas formas org\u00e2nicas, linhas horizontais predominantes, fachada de vidro, colunas longitudinais e uso de concreto aparente.\"\n    }\n  },{\n    \"@type\": \"Question\",\n    \"name\": \"Qual \u00e9 a import\u00e2ncia hist\u00f3rica do Pal\u00e1cio do Planalto?\",\n    \"acceptedAnswer\": {\n      \"@type\": \"Answer\",\n      \"text\": \"O Pal\u00e1cio do Planalto \u00e9 considerado o pr\u00e9dio mais importante do Brasil e um s\u00edmbolo da transfer\u00eancia da capital do Rio de Janeiro para Bras\u00edlia. Tamb\u00e9m \u00e9 um patrim\u00f4nio da humanidade e representa a democracia brasileira.\"\n    }\n  },{\n    \"@type\": \"Question\",\n    \"name\": \"Posso visitar o Pal\u00e1cio do Planalto?\",\n    \"acceptedAnswer\": {\n      \"@type\": \"Answer\",\n      \"text\": \"Sim, o Pal\u00e1cio do Planalto est\u00e1 aberto para visita\u00e7\u00e3o p\u00fablica aos domingos. \u00c9 necess\u00e1rio agendar previamente a visita e ela ser\u00e1 guiada por profissionais de rela\u00e7\u00f5es p\u00fablicas.\"\n    }\n  },{\n    \"@type\": \"Question\",\n    \"name\": \"O que posso encontrar dentro do Pal\u00e1cio do Planalto durante a visita?\",\n    \"acceptedAnswer\": {\n      \"@type\": \"Answer\",\n      \"text\": \"Durante a visita ao Pal\u00e1cio do Planalto, voc\u00ea poder\u00e1 ver sal\u00f5es importantes, salas de reuni\u00e3o, obras de arte, esculturas, fotografias de ex-presidentes e a galeria de arte. Tamb\u00e9m ter\u00e1 a oportunidade de apreciar a arquitetura e o espelho d'\u00e1gua em frente ao pr\u00e9dio.\"\n    }\n  }]\n}\n<\/script><\/p>\n<p>E a\u00ed, gostou das dicas do artigo? Ent\u00e3o deslize a tela para baixo e confira <strong><a href=\"https:\/\/www.aarquiteta.com.br\">mais dicas<\/a><\/strong>, al\u00e9m dos nossos <strong><a href=\"http:\/\/www.aarquiteta.com.br\">Cursos e Treinamentos<\/a><\/strong>\u00a0e n\u00e3o se esque\u00e7a de compartilhar com os amigos!<\/p>\n<p>Quer receber conte\u00fados exclusivos sobre <strong>casa, jardim, decora\u00e7\u00e3o, arquitetura, educa\u00e7\u00e3o financeira e muito mais<\/strong>? Ent\u00e3o, inscreva-se agora mesmo no nosso <strong><a href=\"https:\/\/t.me\/aarquitetablog\" target=\"_blank\" rel=\"noopener\">Canal do Telegram<\/a>!<\/strong> \ud83e\udd29\ud83d\udc68\u200d\ud83d\udc69\u200d\ud83d\udc67\u200d\ud83d\udc66<\/p>\n<p>Aqui, voc\u00ea ter\u00e1 acesso a artigos, dicas e inspira\u00e7\u00f5es para <strong>transformar sua casa em um lar dos sonhos<\/strong>, cuidar do seu jardim com carinho, aprender sobre finan\u00e7as pessoais e muito mais. \ud83d\udcda\ud83d\udcb0<\/p>\n<p>N\u00e3o perca mais tempo e junte-se a n\u00f3s para receber conte\u00fados exclusivos e se manter sempre atualizado! \ud83d\udce2\ud83c\udfe0\ud83c\udf3f\ud83c\udfe6. Ingresse <strong><a href=\"https:\/\/t.me\/aarquitetablog\" target=\"_blank\" rel=\"noopener\">aqui<\/a> <\/strong>no Canal da <strong>Arquiteta Blog por Luciana Paix\u00e3o!<\/strong> \ud83d\udc95<\/p>\n","protected":false},"excerpt":{"rendered":"<p>O Pal\u00e1cio do Planalto, localizado em Bras\u00edlia, capital do Brasil, \u00e9 um importante marco da arquitetura e do modernismo brasileiro. Projetado por Oscar Niemeyer, renomado arquiteto brasileiro, o pal\u00e1cio \u00e9 um exemplo emblem\u00e1tico da fus\u00e3o entre arte e arquitetura que caracteriza o modernismo brasileiro. Constru\u00eddo na d\u00e9cada de 1950, durante a constru\u00e7\u00e3o da nova capital [&hellip;]<\/p>\n","protected":false},"author":102,"featured_media":87032,"comment_status":"closed","ping_status":"closed","sticky":false,"template":"","format":"standard","meta":{"footnotes":""},"categories":[1507],"tags":[31489],"class_list":["post-86168","post","type-post","status-publish","format-standard","has-post-thumbnail","category-arquitetura","tag-palacio-do-planalto"],"_wp_attached_file":null,"_wp_attachment_metadata":null,"_wp_attachment_context":null,"_wp_attachment_is_custom_header":null,"geo_longitude":null,"geo_public":null,"geo_latitude":null,"_publicize_done_external":null,"_wpas_done_3897181":null,"publicize_twitter_user":null,"_wpas_done_3897175":null,"_wpas_skip_3897181":null,"_wpas_skip_3897175":null,"_wpas_skip_3924723":null,"_wpas_mess":null,"_wpas_done_3924723":null,"wps_subtitle":"","_links":{"self":[{"href":"https:\/\/www.aarquiteta.com.br\/blog\/wp-json\/wp\/v2\/posts\/86168","targetHints":{"allow":["GET"]}}],"collection":[{"href":"https:\/\/www.aarquiteta.com.br\/blog\/wp-json\/wp\/v2\/posts"}],"about":[{"href":"https:\/\/www.aarquiteta.com.br\/blog\/wp-json\/wp\/v2\/types\/post"}],"author":[{"embeddable":true,"href":"https:\/\/www.aarquiteta.com.br\/blog\/wp-json\/wp\/v2\/users\/102"}],"replies":[{"embeddable":true,"href":"https:\/\/www.aarquiteta.com.br\/blog\/wp-json\/wp\/v2\/comments?post=86168"}],"version-history":[{"count":0,"href":"https:\/\/www.aarquiteta.com.br\/blog\/wp-json\/wp\/v2\/posts\/86168\/revisions"}],"wp:featuredmedia":[{"embeddable":true,"href":"https:\/\/www.aarquiteta.com.br\/blog\/wp-json\/wp\/v2\/media\/87032"}],"wp:attachment":[{"href":"https:\/\/www.aarquiteta.com.br\/blog\/wp-json\/wp\/v2\/media?parent=86168"}],"wp:term":[{"taxonomy":"category","embeddable":true,"href":"https:\/\/www.aarquiteta.com.br\/blog\/wp-json\/wp\/v2\/categories?post=86168"},{"taxonomy":"post_tag","embeddable":true,"href":"https:\/\/www.aarquiteta.com.br\/blog\/wp-json\/wp\/v2\/tags?post=86168"}],"curies":[{"name":"wp","href":"https:\/\/api.w.org\/{rel}","templated":true}]}}