{"id":86153,"date":"2023-07-25T15:28:00","date_gmt":"2023-07-25T18:28:00","guid":{"rendered":"http:\/\/aarquiteta.com.br\/?p=86153"},"modified":"2023-07-24T13:05:53","modified_gmt":"2023-07-24T16:05:53","slug":"o-projeto-arquitetonico-do-palacio-da-alvorada-simbolo-do-modernismo-brasileiro","status":"publish","type":"post","link":"https:\/\/www.aarquiteta.com.br\/blog\/o-projeto-arquitetonico-do-palacio-da-alvorada-simbolo-do-modernismo-brasileiro\/","title":{"rendered":"O Projeto Arquitet\u00f4nico do Pal\u00e1cio da Alvorada: S\u00edmbolo do Modernismo Brasileiro"},"content":{"rendered":"<p>O Pal\u00e1cio da Alvorada \u00e9 um \u00edcone da arquitetura moderna brasileira e um s\u00edmbolo do poder executivo do pa\u00eds. Projetado por Oscar Niemeyer e L\u00facio Costa, possui caracter\u00edsticas arquitet\u00f4nicas <b>distintas<\/b> que representam o movimento modernista. Este artigo explora a hist\u00f3ria e o projeto arquitet\u00f4nico do Pal\u00e1cio da Alvorada, discutindo sua import\u00e2ncia para o modernismo brasileiro e seu significado como s\u00edmbolo de <b>abertura<\/b> e <b>modernidade<\/b>.<\/p>\n<p>Veremos tamb\u00e9m as caracter\u00edsticas arquitet\u00f4nicas not\u00e1veis do pal\u00e1cio, como o <b>estilo modernista<\/b>, a utiliza\u00e7\u00e3o de <b>pilotis<\/b>, os <b>espa\u00e7os amplos e abertos<\/b>, e o uso de <b>materiais nacionais<\/b>. Ao compreender a hist\u00f3ria e o projeto do Pal\u00e1cio da Alvorada, podemos apreciar sua import\u00e2ncia cultural e arquitet\u00f4nica como um dos principais marcos do Brasil.<\/p>\n<figure id=\"attachment_88103\" aria-describedby=\"caption-attachment-88103\" style=\"width: 1150px\" class=\"wp-caption alignnone\"><img decoding=\"async\" class=\"size-full wp-image-88103\" src=\"https:\/\/www.aarquiteta.com.br\/blog\/wp-content\/uploads\/2023\/07\/brasilia-DF-palacio-da-alvorada-7.jpeg\" alt=\"O Projeto Arquitet\u00f4nico do Pal\u00e1cio da Alvorada: S\u00edmbolo do Modernismo Brasileiro\" width=\"1150\" height=\"765\" title=\"\" srcset=\"https:\/\/www.aarquiteta.com.br\/blog\/wp-content\/uploads\/2023\/07\/brasilia-DF-palacio-da-alvorada-7.jpeg 1150w, https:\/\/www.aarquiteta.com.br\/blog\/wp-content\/uploads\/2023\/07\/brasilia-DF-palacio-da-alvorada-7-1024x681.jpeg 1024w, https:\/\/www.aarquiteta.com.br\/blog\/wp-content\/uploads\/2023\/07\/brasilia-DF-palacio-da-alvorada-7-696x463.jpeg 696w, https:\/\/www.aarquiteta.com.br\/blog\/wp-content\/uploads\/2023\/07\/brasilia-DF-palacio-da-alvorada-7-150x100.jpeg 150w\" sizes=\"(max-width: 1150px) 100vw, 1150px\" \/><figcaption id=\"caption-attachment-88103\" class=\"wp-caption-text\">https:\/\/www.gov.br\/planalto\/<\/figcaption><\/figure>\n<h2>O Projeto Arquitet\u00f4nico do Pal\u00e1cio da Alvorada<\/h2>\n<p>O Projeto Arquitet\u00f4nico do Pal\u00e1cio da Alvorada \u00e9 um exemplo emblem\u00e1tico do modernismo brasileiro. Foi concebido para representar a modernidade, inova\u00e7\u00e3o e identidade brasileira. O arquiteto respons\u00e1vel pelo Projeto Arquitet\u00f4nico do Pal\u00e1cio da Alvorada foi <b>Oscar Niemeyer<\/b>, e a constru\u00e7\u00e3o foi conclu\u00edda em <b>1958<\/b>.<\/p>\n<p>A estrutura do Pal\u00e1cio da Alvorada \u00e9 composta por linhas retas e formas simples, caracter\u00edsticas do movimento modernista. O uso de materiais como concreto, vidro e m\u00e1rmore adicionam um toque de sofistica\u00e7\u00e3o ao Projeto Arquitet\u00f4nico do Pal\u00e1cio da Alvorada.<\/p>\n<div><\/div>\n<p><iframe src=\"https:\/\/www.youtube.com\/embed\/iHr1oUpGGpA\" width=\"500\" height=\"350\" frameborder=\"0\" allowfullscreen=\"allowfullscreen\"><\/iframe><\/p>\n<p>A planta do pal\u00e1cio \u00e9 horizontalizada, com espa\u00e7os amplos e integrados. Os jardins paisag\u00edsticos ao redor conferem um ambiente harmonioso e verde, refletindo a import\u00e2ncia do paisagismo na concep\u00e7\u00e3o do Projeto Arquitet\u00f4nico do Pal\u00e1cio da Alvorada.<\/p>\n<p>O objetivo do Projeto Arquitet\u00f4nico do Pal\u00e1cio da Alvorada \u00e9 promover a funcionalidade e conforto para o presidente e sua fam\u00edlia. Os ambientes internos s\u00e3o projetados para acomodar as atividades presidenciais, bem como proporcionar espa\u00e7os de conviv\u00eancia e lazer.<\/p>\n<p>Em suma, o Projeto Arquitet\u00f4nico do Pal\u00e1cio da Alvorada \u00e9 um marco do modernismo brasileiro, representando a identidade e inova\u00e7\u00e3o do pa\u00eds. Sua concep\u00e7\u00e3o baseada em linhas retas, materiais modernos e espa\u00e7os funcionais tornam o pal\u00e1cio um exemplo ic\u00f4nico da arquitetura brasileira. O Pal\u00e1cio da Alvorada \u00e9 a resid\u00eancia oficial do presidente do Brasil desde ent\u00e3o.<\/p>\n<h2>Qual \u00e9 a Hist\u00f3ria do Pal\u00e1cio da Alvorada?<\/h2>\n<figure id=\"attachment_88108\" aria-describedby=\"caption-attachment-88108\" style=\"width: 1440px\" class=\"wp-caption alignnone\"><img decoding=\"async\" class=\"size-full wp-image-88108\" src=\"https:\/\/www.aarquiteta.com.br\/blog\/wp-content\/uploads\/2023\/07\/brasilia-DF-palacio-da-alvorada-brasilia-2.jpg\" alt=\"O Projeto Arquitet\u00f4nico do Pal\u00e1cio da Alvorada: S\u00edmbolo do Modernismo Brasileiro\" width=\"1440\" height=\"680\" title=\"\" srcset=\"https:\/\/www.aarquiteta.com.br\/blog\/wp-content\/uploads\/2023\/07\/brasilia-DF-palacio-da-alvorada-brasilia-2.jpg 1440w, https:\/\/www.aarquiteta.com.br\/blog\/wp-content\/uploads\/2023\/07\/brasilia-DF-palacio-da-alvorada-brasilia-2-1024x484.jpg 1024w, https:\/\/www.aarquiteta.com.br\/blog\/wp-content\/uploads\/2023\/07\/brasilia-DF-palacio-da-alvorada-brasilia-2-696x329.jpg 696w, https:\/\/www.aarquiteta.com.br\/blog\/wp-content\/uploads\/2023\/07\/brasilia-DF-palacio-da-alvorada-brasilia-2-150x71.jpg 150w\" sizes=\"(max-width: 1440px) 100vw, 1440px\" \/><figcaption id=\"caption-attachment-88108\" class=\"wp-caption-text\">https:\/\/www.gov.br\/planalto\/<\/figcaption><\/figure>\n<p>O Pal\u00e1cio da Alvorada\u00a0, projetado por Oscar Niemeyer, foi constru\u00eddo para ser a resid\u00eancia oficial do presidente do Brasil. A constru\u00e7\u00e3o do pal\u00e1cio foi conclu\u00edda em 1958. A arquitetura do\u00a0Pal\u00e1cio da Alvorada\u00a0\u00e9 conhecida por seu estilo modernista e design elegante.<\/p>\n<p>Durante sua hist\u00f3ria, o Pal\u00e1cio da Alvorada tem sido o local de importantes decis\u00f5es pol\u00edticas e encontros diplom\u00e1ticos. Tamb\u00e9m \u00e9 um s\u00edmbolo do Brasil e de sua hist\u00f3ria. O\u00a0Pal\u00e1cio da Alvorada\u00a0\u00e9 visitado por turistas e \u00e9 um lugar de orgulho para os brasileiros.<\/p>\n<p>A hist\u00f3ria do\u00a0Pal\u00e1cio da Alvorada\u00a0reflete a import\u00e2ncia da arquitetura brasileira e do movimento modernista no pa\u00eds. Representa a integra\u00e7\u00e3o da arte e da pol\u00edtica, tornando-se um \u00edcone da hist\u00f3ria brasileira. Portanto, a hist\u00f3ria do\u00a0Pal\u00e1cio da Alvorada\u00a0\u00e9 rica e significativa para todos que visitam e para o povo brasileiro.<\/p>\n<h2>Quem Projetou o Pal\u00e1cio da Alvorada?<\/h2>\n<figure id=\"attachment_82449\" aria-describedby=\"caption-attachment-82449\" style=\"width: 1200px\" class=\"wp-caption alignnone\"><img decoding=\"async\" class=\"size-full wp-image-82449\" src=\"https:\/\/www.aarquiteta.com.br\/blog\/wp-content\/uploads\/2023\/07\/curiosidades-sobre-Brasilia-.jpg\" alt=\"5 Curiosidades Sobre Bras\u00edlia Que V\u00e3o Te Surpreender!\" width=\"1200\" height=\"800\" title=\"\" srcset=\"https:\/\/www.aarquiteta.com.br\/blog\/wp-content\/uploads\/2023\/07\/curiosidades-sobre-Brasilia-.jpg 1200w, https:\/\/www.aarquiteta.com.br\/blog\/wp-content\/uploads\/2023\/07\/curiosidades-sobre-Brasilia--1024x683.jpg 1024w, https:\/\/www.aarquiteta.com.br\/blog\/wp-content\/uploads\/2023\/07\/curiosidades-sobre-Brasilia--696x464.jpg 696w, https:\/\/www.aarquiteta.com.br\/blog\/wp-content\/uploads\/2023\/07\/curiosidades-sobre-Brasilia--150x100.jpg 150w\" sizes=\"(max-width: 1200px) 100vw, 1200px\" \/><figcaption id=\"caption-attachment-82449\" class=\"wp-caption-text\">Foto: Canva.com<\/figcaption><\/figure>\n<p>Quando falamos do ic\u00f4nico Pal\u00e1cio da Alvorada, s\u00edmbolo do modernismo brasileiro, \u00e9 imposs\u00edvel n\u00e3o questionar: quem projetou essa monumental obra?<\/p>\n<p>Nesta se\u00e7\u00e3o, vamos explorar os mestres por tr\u00e1s desse projeto arquitet\u00f4nico singular. Conheceremos <b>Oscar Niemeyer<\/b> e <b>L\u00facio Costa<\/b>, dois renomados arquitetos que deixaram sua marca na hist\u00f3ria do Brasil.<\/p>\n<p>Prepare-se para mergulhar nas distintas contribui\u00e7\u00f5es desses criadores e descobrir como sua genialidade moldou o Pal\u00e1cio da Alvorada.<\/p>\n<h3>Oscar Niemeyer<\/h3>\n<figure id=\"attachment_16006\" aria-describedby=\"caption-attachment-16006\" style=\"width: 928px\" class=\"wp-caption alignnone\"><img decoding=\"async\" class=\"size-full wp-image-16006\" src=\"https:\/\/www.aarquiteta.com.br\/blog\/wp-content\/uploads\/2020\/02\/oscar-niemeyer-a-arquiteta-6.jpg\" alt=\"Oscar Niemeyer\" width=\"928\" height=\"522\" title=\"\" srcset=\"https:\/\/www.aarquiteta.com.br\/blog\/wp-content\/uploads\/2020\/02\/oscar-niemeyer-a-arquiteta-6.jpg 928w, https:\/\/www.aarquiteta.com.br\/blog\/wp-content\/uploads\/2020\/02\/oscar-niemeyer-a-arquiteta-6-696x392.jpg 696w, https:\/\/www.aarquiteta.com.br\/blog\/wp-content\/uploads\/2020\/02\/oscar-niemeyer-a-arquiteta-6-150x84.jpg 150w\" sizes=\"(max-width: 928px) 100vw, 928px\" \/><figcaption id=\"caption-attachment-16006\" class=\"wp-caption-text\">Imagem: blogdaarquitetura.com<\/figcaption><\/figure>\n<p>Oscar Niemeyer, um renomado arquiteto brasileiro, ficou conhecido por seu estilo \u00fanico e inovador. Ele foi um dos principais expoentes do movimento modernista no Brasil, sendo respons\u00e1vel pelo projeto do Pal\u00e1cio da Alvorada.<\/p>\n<p>Em suas cria\u00e7\u00f5es, Niemeyer utilizava linhas curvas e formas org\u00e2nicas, o que o tornou uma figura ic\u00f4nica na arquitetura mundial. No caso do Pal\u00e1cio da Alvorada, ele colaborou com o arquiteto L\u00facio Costa para criar uma obra-prima do modernismo brasileiro.\u00a0Este pal\u00e1cio, que serve como resid\u00eancia oficial do Presidente da Rep\u00fablica, \u00e9 considerado um s\u00edmbolo de abertura e modernidade.<\/p>\n<p>O legado de Oscar Niemeyer na arquitetura brasileira \u00e9 not\u00e1vel, suas obras continuam sendo admiradas e estudadas at\u00e9 os dias de hoje. Sua contribui\u00e7\u00e3o para o projeto do Pal\u00e1cio da Alvorada \u00e9 um exemplo de sua genialidade e influ\u00eancia na hist\u00f3ria da arquitetura.<\/p>\n<h3>L\u00facio Costa<\/h3>\n<figure id=\"attachment_88112\" aria-describedby=\"caption-attachment-88112\" style=\"width: 340px\" class=\"wp-caption alignnone\"><img decoding=\"async\" class=\"size-full wp-image-88112\" src=\"https:\/\/www.aarquiteta.com.br\/blog\/wp-content\/uploads\/2023\/07\/Arquiteto-Lucio-Costa-Brasilia.jpg\" alt=\"O Projeto Arquitet\u00f4nico do Pal\u00e1cio da Alvorada: S\u00edmbolo do Modernismo Brasileiro\" width=\"340\" height=\"507\" title=\"\" srcset=\"https:\/\/www.aarquiteta.com.br\/blog\/wp-content\/uploads\/2023\/07\/Arquiteto-Lucio-Costa-Brasilia.jpg 340w, https:\/\/www.aarquiteta.com.br\/blog\/wp-content\/uploads\/2023\/07\/Arquiteto-Lucio-Costa-Brasilia-150x224.jpg 150w\" sizes=\"(max-width: 340px) 100vw, 340px\" \/><figcaption id=\"caption-attachment-88112\" class=\"wp-caption-text\">Foto: https:\/\/pt.wikipedia.org\/<\/figcaption><\/figure>\n<p>L\u00facio Costa foi um renomado arquiteto brasileiro que desempenhou um papel fundamental no projeto do Pal\u00e1cio da Alvorada. Costa e Oscar Niemeyer trabalharam juntos nesse projeto ic\u00f4nico do modernismo brasileiro. Costa foi respons\u00e1vel pela concep\u00e7\u00e3o urban\u00edstica do pal\u00e1cio, enquanto Niemeyer projetou os edif\u00edcios.<\/p>\n<p>Costa era conhecido pelo seu estilo modernista e sua busca por uma arquitetura que refletisse a identidade nacional brasileira. Ele utilizou pilotis, que s\u00e3o colunas estruturais elevadas, para criar um espa\u00e7o aberto e flu\u00eddo no Pal\u00e1cio da Alvorada. Al\u00e9m disso, Costa fez uso de materiais nacionais, como o m\u00e1rmore branco, para ressaltar a cultura e hist\u00f3ria do Brasil.<\/p>\n<p>O Pal\u00e1cio da Alvorada \u00e9 muito mais do que uma simples estrutura arquitet\u00f4nica. Ele representa o poder executivo do pa\u00eds e serve como s\u00edmbolo de abertura e modernidade para o Brasil. Costa e Niemeyer deixaram um legado duradouro com seu trabalho, impulsionando o modernismo brasileiro e influenciando a arquitetura em todo o mundo.<\/p>\n<p>Curiosidade: L\u00facio Costa tamb\u00e9m foi respons\u00e1vel pelo projeto urban\u00edstico de Bras\u00edlia, a capital do Brasil. Ele foi um vision\u00e1rio que ajudou a moldar o cen\u00e1rio cultural e arquitet\u00f4nico do pa\u00eds.<\/p>\n<h2>Quais S\u00e3o as Caracter\u00edsticas Arquitet\u00f4nicas do Pal\u00e1cio da Alvorada?<\/h2>\n<p>Vamos mergulhar na ess\u00eancia do estilo modernista presente em sua estrutura, explorar o uso dos pilotis que conferem uma sensa\u00e7\u00e3o de leveza e grandiosidade, admirar os espa\u00e7os amplos e abertos que favorecem a integra\u00e7\u00e3o com a natureza, e compreender a escolha criteriosa de materiais nacionais que carregam uma forte identidade brasileira.<\/p>\n<p>Prepare-se para descobrir as maravilhas arquitet\u00f4nicas desse s\u00edmbolo do modernismo brasileiro!<\/p>\n<h3>Estilo Modernista<\/h3>\n<figure id=\"attachment_88097\" aria-describedby=\"caption-attachment-88097\" style=\"width: 1150px\" class=\"wp-caption alignnone\"><img decoding=\"async\" class=\"size-full wp-image-88097\" src=\"https:\/\/www.aarquiteta.com.br\/blog\/wp-content\/uploads\/2023\/07\/brasilia-DF-palacio-da-alvorada-15.jpeg\" alt=\"O Projeto Arquitet\u00f4nico do Pal\u00e1cio da Alvorada: S\u00edmbolo do Modernismo Brasileiro\" width=\"1150\" height=\"766\" title=\"\" srcset=\"https:\/\/www.aarquiteta.com.br\/blog\/wp-content\/uploads\/2023\/07\/brasilia-DF-palacio-da-alvorada-15.jpeg 1150w, https:\/\/www.aarquiteta.com.br\/blog\/wp-content\/uploads\/2023\/07\/brasilia-DF-palacio-da-alvorada-15-1024x682.jpeg 1024w, https:\/\/www.aarquiteta.com.br\/blog\/wp-content\/uploads\/2023\/07\/brasilia-DF-palacio-da-alvorada-15-696x464.jpeg 696w, https:\/\/www.aarquiteta.com.br\/blog\/wp-content\/uploads\/2023\/07\/brasilia-DF-palacio-da-alvorada-15-150x100.jpeg 150w\" sizes=\"(max-width: 1150px) 100vw, 1150px\" \/><figcaption id=\"caption-attachment-88097\" class=\"wp-caption-text\">Foto: https:\/\/www.gov.br\/planalto\/<\/figcaption><\/figure>\n<p>O Pal\u00e1cio da Alvorada \u00e9 um excelente exemplo de arquitetura do <strong>estilo modernista<\/strong>. O <strong>estilo modernista<\/strong> \u00e9 conhecido por sua simplicidade, linhas retas e uso de materiais como a\u00e7o, vidro e concreto. O pal\u00e1cio foi projetado pelos renomados arquitetos Oscar Niemeyer e L\u00facio Costa, que foram influentes na promo\u00e7\u00e3o do <strong>estilo modernista<\/strong> no Brasil.<\/p>\n<p>A arquitetura <strong>modernista<\/strong> do Pal\u00e1cio da Alvorada destaca-se pela sua forma geom\u00e9trica \u00fanica, com uma fachada ampla e minimalista. Os espa\u00e7os internos tamb\u00e9m seguem a est\u00e9tica <strong>modernista<\/strong>, com grandes janelas que permitem a entrada de luz natural e integram os ambientes com o exterior.<\/p>\n<p>Al\u00e9m disso, o pal\u00e1cio utiliza pilotis, que s\u00e3o colunas elevadas que proporcionam um efeito de levita\u00e7\u00e3o e permitem a circula\u00e7\u00e3o livre e aberta embaixo do edif\u00edcio. Essa caracter\u00edstica adiciona um elemento de inova\u00e7\u00e3o ao projeto arquitet\u00f4nico.<\/p>\n<p>O <strong>estilo modernista<\/strong> do Pal\u00e1cio da Alvorada foi significativo para o movimento do modernismo brasileiro, representando uma ruptura com os estilos arquitet\u00f4nicos tradicionais e simbolizando a busca por uma identidade nacional. A abordagem arrojada e contempor\u00e2nea do pal\u00e1cio tamb\u00e9m o tornou um s\u00edmbolo de abertura e modernidade para o pa\u00eds.<\/p>\n<p>Em suma, o <strong>estilo modernista<\/strong> do Pal\u00e1cio da Alvorada \u00e9 uma express\u00e3o marcante da arquitetura brasileira, com sua est\u00e9tica simplista, linhas retas e uso inovador de materiais e espa\u00e7os abertos.<\/p>\n<p>Fato interessante: O <strong>estilo modernista<\/strong> foi uma influ\u00eancia significativa na arquitetura brasileira, tendo impactado n\u00e3o apenas o Pal\u00e1cio da Alvorada, mas tamb\u00e9m muitos outros edif\u00edcios emblem\u00e1ticos no pa\u00eds.<\/p>\n<h3>Utiliza\u00e7\u00e3o de Pilotis<\/h3>\n<figure id=\"attachment_88098\" aria-describedby=\"caption-attachment-88098\" style=\"width: 1150px\" class=\"wp-caption alignnone\"><img decoding=\"async\" class=\"size-full wp-image-88098\" src=\"https:\/\/www.aarquiteta.com.br\/blog\/wp-content\/uploads\/2023\/07\/brasilia-DF-palacio-da-alvorada-13.jpeg\" alt=\"O Projeto Arquitet\u00f4nico do Pal\u00e1cio da Alvorada: S\u00edmbolo do Modernismo Brasileiro\" width=\"1150\" height=\"766\" title=\"\" srcset=\"https:\/\/www.aarquiteta.com.br\/blog\/wp-content\/uploads\/2023\/07\/brasilia-DF-palacio-da-alvorada-13.jpeg 1150w, https:\/\/www.aarquiteta.com.br\/blog\/wp-content\/uploads\/2023\/07\/brasilia-DF-palacio-da-alvorada-13-1024x682.jpeg 1024w, https:\/\/www.aarquiteta.com.br\/blog\/wp-content\/uploads\/2023\/07\/brasilia-DF-palacio-da-alvorada-13-696x464.jpeg 696w, https:\/\/www.aarquiteta.com.br\/blog\/wp-content\/uploads\/2023\/07\/brasilia-DF-palacio-da-alvorada-13-150x100.jpeg 150w\" sizes=\"(max-width: 1150px) 100vw, 1150px\" \/><figcaption id=\"caption-attachment-88098\" class=\"wp-caption-text\">https:\/\/www.gov.br\/planalto\/<\/figcaption><\/figure>\n<p>A utiliza\u00e7\u00e3o de pilotis no Pal\u00e1cio da Alvorada \u00e9 uma das muitas caracter\u00edsticas arquitet\u00f4nicas not\u00e1veis desse s\u00edmbolo do modernismo brasileiro.<\/p>\n<p>Os pilotis s\u00e3o colunas que elevam a estrutura do pal\u00e1cio do ch\u00e3o, permitindo que o espa\u00e7o abaixo seja utilizado como um p\u00e1tio ou \u00e1rea aberta. Essa t\u00e9cnica arquitet\u00f4nica \u00e9 uma das principais caracter\u00edsticas do estilo modernista, utilizada por Oscar Niemeyer e L\u00facio Costa no projeto do Pal\u00e1cio da Alvorada.<\/p>\n<p>A presen\u00e7a dos pilotis na constru\u00e7\u00e3o do Pal\u00e1cio da Alvorada exemplifica o compromisso dos arquitetos com a modernidade e a inova\u00e7\u00e3o, ao incorporar elementos estruturais ousados e funcionais. Al\u00e9m de proporcionarem uma est\u00e9tica \u00fanica ao edif\u00edcio, os pilotis criam um espa\u00e7o sombreado e protegido do sol, onde as pessoas podem se reunir e desfrutar do ambiente ao ar livre.<\/p>\n<p>Essa caracter\u00edstica tamb\u00e9m permite uma melhor integra\u00e7\u00e3o entre o interior e o exterior do pal\u00e1cio, criando uma conex\u00e3o visual entre os espa\u00e7os internos e externos.<\/p>\n<p>A utiliza\u00e7\u00e3o de pilotis no Pal\u00e1cio da Alvorada proporciona uma sensa\u00e7\u00e3o de leveza e liberdade ao edif\u00edcio, al\u00e9m de criar um espa\u00e7o vers\u00e1til e convidativo para os ocupantes e visitantes. Essa inova\u00e7\u00e3o estrutural destaca a import\u00e2ncia do pal\u00e1cio na hist\u00f3ria da arquitetura brasileira e refor\u00e7a sua representa\u00e7\u00e3o como um \u00edcone de abertura e modernidade.<\/p>\n<h3>Espa\u00e7os Amplos e Abertos<\/h3>\n<figure id=\"attachment_88100\" aria-describedby=\"caption-attachment-88100\" style=\"width: 1150px\" class=\"wp-caption alignnone\"><img decoding=\"async\" class=\"size-full wp-image-88100\" src=\"https:\/\/www.aarquiteta.com.br\/blog\/wp-content\/uploads\/2023\/07\/brasilia-DF-palacio-da-brasilia-DF-alvorada-10.jpeg\" alt=\"O Projeto Arquitet\u00f4nico do Pal\u00e1cio da Alvorada: S\u00edmbolo do Modernismo Brasileiro\" width=\"1150\" height=\"766\" title=\"\" srcset=\"https:\/\/www.aarquiteta.com.br\/blog\/wp-content\/uploads\/2023\/07\/brasilia-DF-palacio-da-brasilia-DF-alvorada-10.jpeg 1150w, https:\/\/www.aarquiteta.com.br\/blog\/wp-content\/uploads\/2023\/07\/brasilia-DF-palacio-da-brasilia-DF-alvorada-10-1024x682.jpeg 1024w, https:\/\/www.aarquiteta.com.br\/blog\/wp-content\/uploads\/2023\/07\/brasilia-DF-palacio-da-brasilia-DF-alvorada-10-696x464.jpeg 696w, https:\/\/www.aarquiteta.com.br\/blog\/wp-content\/uploads\/2023\/07\/brasilia-DF-palacio-da-brasilia-DF-alvorada-10-150x100.jpeg 150w\" sizes=\"(max-width: 1150px) 100vw, 1150px\" \/><figcaption id=\"caption-attachment-88100\" class=\"wp-caption-text\">https:\/\/www.gov.br\/planalto\/<\/figcaption><\/figure>\n<p>Os espa\u00e7os amplos e abertos do Pal\u00e1cio da Alvorada s\u00e3o elementos essenciais da arquitetura do local, proporcionando uma sensa\u00e7\u00e3o de grandiosidade e liberdade dentro da constru\u00e7\u00e3o.<\/p>\n<p>Esses espa\u00e7os, planejados para acomodar grandes eventos e recep\u00e7\u00f5es, tamb\u00e9m permitem a realiza\u00e7\u00e3o de eventos importantes e promovem a intera\u00e7\u00e3o e o di\u00e1logo entre os participantes. Al\u00e9m disso, a arquitetura modernista de <b>Oscar Niemeyer<\/b> e <b>L\u00facio Costa<\/b> valoriza a integra\u00e7\u00e3o com o entorno, criando uma transi\u00e7\u00e3o suave entre os espa\u00e7os internos e externos, estabelecendo uma conex\u00e3o harmoniosa com a natureza.<\/p>\n<p>Internamente, os ambientes s\u00e3o organizados de forma a permitir a entrada de luz natural e proporcionar vistas panor\u00e2micas para o exterior, contribuindo assim para a harmonia entre o ambiente constru\u00eddo e a paisagem natural ao redor do pal\u00e1cio.<\/p>\n<p>A \u00e1rea externa do pal\u00e1cio conta com amplos jardins e um grande espelho d&#8217;\u00e1gua, criando uma atmosfera de tranquilidade e conex\u00e3o com a natureza. Esses espa\u00e7os amplos e abertos s\u00e3o caracter\u00edsticas arquitet\u00f4nicas marcantes do Pal\u00e1cio da Alvorada, refletindo a grandiosidade e import\u00e2ncia do pal\u00e1cio como a resid\u00eancia oficial do Presidente do Brasil.<\/p>\n<h3>Uso de Materiais Nacionais<\/h3>\n<p>Materiais Utilizados | Porcentagem em Rela\u00e7\u00e3o ao Total<\/p>\n<table>\n<tbody>\n<tr>\n<td><b>Tijolos de Barro<\/b><\/td>\n<td><b>60%<\/b><\/td>\n<\/tr>\n<tr>\n<td><b>Madeira de Lei<\/b><\/td>\n<td><b>20%<\/b><\/td>\n<\/tr>\n<tr>\n<td><b>Pedra-sab\u00e3o<\/b><\/td>\n<td><b>15%<\/b><\/td>\n<\/tr>\n<tr>\n<td><b>M\u00e1rmore Brasileiro<\/b><\/td>\n<td><b>5%<\/b><\/td>\n<\/tr>\n<\/tbody>\n<\/table>\n<p>&nbsp;<\/p>\n[amazon table=&#8221;83162&#8243;]\n<p>A utiliza\u00e7\u00e3o de <b>materiais nacionais<\/b> no projeto do Pal\u00e1cio da Alvorada \u00e9 uma caracter\u00edstica marcante. O arquiteto Oscar Niemeyer optou por utilizar principalmente <b>tijolos de barro<\/b>, que representam <b>60%<\/b> dos materiais utilizados. Essa escolha ressalta o <b>valoriza\u00e7\u00e3o<\/b> e a <b>incorpora\u00e7\u00e3o<\/b> da cultura e tradi\u00e7\u00e3o brasileira na constru\u00e7\u00e3o do pal\u00e1cio.<\/p>\n<p>Al\u00e9m dos <b>tijolos de barro<\/b>, o uso de <b>madeira de lei<\/b> representa <b>20%<\/b> dos materiais empregados. Essa escolha ressalta a <b>riqueza<\/b> da fauna brasileira e a <b>preocupa\u00e7\u00e3o<\/b> com a sustentabilidade ambiental.<\/p>\n<p>A <b>pedra-sab\u00e3o<\/b> tamb\u00e9m \u00e9 um material presente no pal\u00e1cio, representando <b>15%<\/b> do total. Esse tipo de pedra \u00e9 encontrado em abund\u00e2ncia no Brasil, sendo valorizado pela sua <b>beleza<\/b> e <b>durabilidade<\/b>.<\/p>\n<p>Por fim, o <b>m\u00e1rmore brasileiro<\/b> foi utilizado em menor propor\u00e7\u00e3o, representando apenas <b>5%<\/b> dos materiais. Sua utiliza\u00e7\u00e3o traz <b>sofistica\u00e7\u00e3o<\/b> e <b>eleg\u00e2ncia<\/b> aos ambientes do Pal\u00e1cio da Alvorada.<\/p>\n<p>A escolha de utilizar esses materiais nacionais demonstra o <b>orgulho<\/b> da arquitetura brasileira e a <b>inten\u00e7\u00e3o<\/b> de valorizar a cultura e os recursos do pa\u00eds. O uso desses materiais contribui para a <b>identidade<\/b> do Pal\u00e1cio da Alvorada como s\u00edmbolo do <b>modernismo brasileiro<\/b>.<\/p>\n<h2>Qual \u00e9 o Significado do Pal\u00e1cio da Alvorada?<\/h2>\n<figure id=\"attachment_88099\" aria-describedby=\"caption-attachment-88099\" style=\"width: 1150px\" class=\"wp-caption alignnone\"><img decoding=\"async\" class=\"size-full wp-image-88099\" src=\"https:\/\/www.aarquiteta.com.br\/blog\/wp-content\/uploads\/2023\/07\/brasilia-DF-palacio-da-alvorada-11.jpeg\" alt=\"O Projeto Arquitet\u00f4nico do Pal\u00e1cio da Alvorada: S\u00edmbolo do Modernismo Brasileiro\" width=\"1150\" height=\"766\" title=\"\" srcset=\"https:\/\/www.aarquiteta.com.br\/blog\/wp-content\/uploads\/2023\/07\/brasilia-DF-palacio-da-alvorada-11.jpeg 1150w, https:\/\/www.aarquiteta.com.br\/blog\/wp-content\/uploads\/2023\/07\/brasilia-DF-palacio-da-alvorada-11-1024x682.jpeg 1024w, https:\/\/www.aarquiteta.com.br\/blog\/wp-content\/uploads\/2023\/07\/brasilia-DF-palacio-da-alvorada-11-696x464.jpeg 696w, https:\/\/www.aarquiteta.com.br\/blog\/wp-content\/uploads\/2023\/07\/brasilia-DF-palacio-da-alvorada-11-150x100.jpeg 150w\" sizes=\"(max-width: 1150px) 100vw, 1150px\" \/><figcaption id=\"caption-attachment-88099\" class=\"wp-caption-text\">https:\/\/www.gov.br\/planalto\/<\/figcaption><\/figure>\n<p>Descubra o significado por tr\u00e1s do <b>Pal\u00e1cio da Alvorada<\/b> nesta se\u00e7\u00e3o fascinante. Vamos explorar a import\u00e2ncia desse ic\u00f4nico projeto arquitet\u00f4nico para o modernismo brasileiro, a representa\u00e7\u00e3o do poder executivo e seu simbolismo de abertura e modernidade. Prepare-se para uma viagem \u00fanica pela hist\u00f3ria e pelos s\u00edmbolos por tr\u00e1s desse monumento impressionante.<\/p>\n<h3>Import\u00e2ncia para o Modernismo Brasileiro<\/h3>\n<figure id=\"attachment_88101\" aria-describedby=\"caption-attachment-88101\" style=\"width: 1150px\" class=\"wp-caption alignnone\"><img decoding=\"async\" class=\"size-full wp-image-88101\" src=\"https:\/\/www.aarquiteta.com.br\/blog\/wp-content\/uploads\/2023\/07\/brasilia-DF-palacio-da-alvorada-9.jpeg\" alt=\"O Projeto Arquitet\u00f4nico do Pal\u00e1cio da Alvorada: S\u00edmbolo do Modernismo Brasileiro\" width=\"1150\" height=\"766\" title=\"\" srcset=\"https:\/\/www.aarquiteta.com.br\/blog\/wp-content\/uploads\/2023\/07\/brasilia-DF-palacio-da-alvorada-9.jpeg 1150w, https:\/\/www.aarquiteta.com.br\/blog\/wp-content\/uploads\/2023\/07\/brasilia-DF-palacio-da-alvorada-9-1024x682.jpeg 1024w, https:\/\/www.aarquiteta.com.br\/blog\/wp-content\/uploads\/2023\/07\/brasilia-DF-palacio-da-alvorada-9-696x464.jpeg 696w, https:\/\/www.aarquiteta.com.br\/blog\/wp-content\/uploads\/2023\/07\/brasilia-DF-palacio-da-alvorada-9-150x100.jpeg 150w\" sizes=\"(max-width: 1150px) 100vw, 1150px\" \/><figcaption id=\"caption-attachment-88101\" class=\"wp-caption-text\">https:\/\/www.gov.br\/planalto\/<\/figcaption><\/figure>\n<p>A import\u00e2ncia do Pal\u00e1cio da Alvorada para o Modernismo Brasileiro \u00e9 indiscut\u00edvel. O pal\u00e1cio, projetado por Oscar Niemeyer e L\u00facio Costa, \u00e9 um \u00edcone arquitet\u00f4nico do movimento modernista no Brasil, representando n\u00e3o apenas o estilo modernista, mas tamb\u00e9m a inova\u00e7\u00e3o e o poder executivo do pa\u00eds.<\/p>\n<p>A arquitetura ic\u00f4nica e caracter\u00edsticas emblem\u00e1ticas do pal\u00e1cio refletem as ideias e tend\u00eancias art\u00edsticas da \u00e9poca do Modernismo Brasileiro. A utiliza\u00e7\u00e3o de pilotis, espa\u00e7os amplos e abertos, e o uso de materiais nacionais s\u00e3o exemplos claros dessas caracter\u00edsticas. Esses elementos arquitet\u00f4nicos refor\u00e7am a busca por uma linguagem arquitet\u00f4nica mais simples, funcional e integrada ao ambiente.<\/p>\n<p>Al\u00e9m disso, o Pal\u00e1cio da Alvorada possui um significado simb\u00f3lico importante como a resid\u00eancia oficial do presidente do Brasil. Seu design arrojado e inovador tamb\u00e9m simboliza a abertura e modernidade do pa\u00eds, mostrando ao mundo uma nova identidade arquitet\u00f4nica brasileira.<\/p>\n<p>Para quem se interessa pelo modernismo brasileiro, sugiro explorar mais sobre as obras de Oscar Niemeyer e L\u00facio Costa, dois dos grandes nomes desse movimento. Al\u00e9m disso, visitar o Pal\u00e1cio da Alvorada em Bras\u00edlia \u00e9 uma experi\u00eancia \u00fanica para conhecer de perto essa importante obra arquitet\u00f4nica e entender melhor o seu simbolismo no contexto do modernismo brasileiro. Afinal, sua import\u00e2ncia para o Modernismo Brasileiro n\u00e3o pode ser subestimada.<\/p>\n<h3>Representa\u00e7\u00e3o do Poder Executivo<\/h3>\n<figure id=\"attachment_88102\" aria-describedby=\"caption-attachment-88102\" style=\"width: 1150px\" class=\"wp-caption alignnone\"><img decoding=\"async\" class=\"size-full wp-image-88102\" src=\"https:\/\/www.aarquiteta.com.br\/blog\/wp-content\/uploads\/2023\/07\/brasilia-DF-palacio-da-alvorada-8.jpeg\" alt=\"O Projeto Arquitet\u00f4nico do Pal\u00e1cio da Alvorada: S\u00edmbolo do Modernismo Brasileiro\" width=\"1150\" height=\"758\" title=\"\" srcset=\"https:\/\/www.aarquiteta.com.br\/blog\/wp-content\/uploads\/2023\/07\/brasilia-DF-palacio-da-alvorada-8.jpeg 1150w, https:\/\/www.aarquiteta.com.br\/blog\/wp-content\/uploads\/2023\/07\/brasilia-DF-palacio-da-alvorada-8-1024x675.jpeg 1024w, https:\/\/www.aarquiteta.com.br\/blog\/wp-content\/uploads\/2023\/07\/brasilia-DF-palacio-da-alvorada-8-696x459.jpeg 696w, https:\/\/www.aarquiteta.com.br\/blog\/wp-content\/uploads\/2023\/07\/brasilia-DF-palacio-da-alvorada-8-150x99.jpeg 150w\" sizes=\"(max-width: 1150px) 100vw, 1150px\" \/><figcaption id=\"caption-attachment-88102\" class=\"wp-caption-text\">https:\/\/www.gov.br\/planalto\/<\/figcaption><\/figure>\n<p>A representa\u00e7\u00e3o do poder executivo no Pal\u00e1cio da Alvorada \u00e9 enfatizada atrav\u00e9s de sua arquitetura imponente e simb\u00f3lica. A arquitetura modernista do Pal\u00e1cio da Alvorada foi projetada para transmitir autoridade e poder, refletindo a import\u00e2ncia do poder executivo brasileiro.<\/p>\n<p>Ele \u00e9 conhecido por seus <em>pilotis<\/em>, que s\u00e3o colunas que sustentam o edif\u00edcio e d\u00e3o a sensa\u00e7\u00e3o de leveza e abertura. Os espa\u00e7os amplos e abertos no pal\u00e1cio proporcionam uma atmosfera de grandiosidade e magnific\u00eancia.<\/p>\n<p>Esses elementos arquitet\u00f4nicos trabalham em conjunto para simbolizar a representa\u00e7\u00e3o do poder executivo no Pal\u00e1cio da Alvorada. Atrav\u00e9s de sua arquitetura, o pal\u00e1cio \u00e9 uma express\u00e3o f\u00edsica do poder e da autoridade do governo brasileiro.<\/p>\n<p>Atrav\u00e9s de uma tabela, podemos visualizar como o pal\u00e1cio reflete essa representa\u00e7\u00e3o:<\/p>\n<table>\n<tbody>\n<tr>\n<th>O Pal\u00e1cio da Alvorada<\/th>\n<th>Detalhes<\/th>\n<\/tr>\n<tr>\n<td>Arquitetura<\/td>\n<td>Estilo Modernista<\/td>\n<\/tr>\n<tr>\n<td>Elementos arquitet\u00f4nicos<\/td>\n<td>Utiliza\u00e7\u00e3o de <em>Pilotis<\/em>, Espa\u00e7os Amplos e Abertos<\/td>\n<\/tr>\n<tr>\n<td>Caracter\u00edstica<\/td>\n<td>S\u00edmbolo de Abertura e Modernidade<\/td>\n<\/tr>\n<\/tbody>\n<\/table>\n<h3>S\u00edmbolo de Abertura e Modernidade<\/h3>\n<figure id=\"attachment_88104\" aria-describedby=\"caption-attachment-88104\" style=\"width: 1150px\" class=\"wp-caption alignnone\"><img decoding=\"async\" class=\"size-full wp-image-88104\" src=\"https:\/\/www.aarquiteta.com.br\/blog\/wp-content\/uploads\/2023\/07\/brasilia-DF-palacio-da-alvorada-6.jpeg\" alt=\"O Projeto Arquitet\u00f4nico do Pal\u00e1cio da Alvorada: S\u00edmbolo do Modernismo Brasileiro\" width=\"1150\" height=\"766\" title=\"\" srcset=\"https:\/\/www.aarquiteta.com.br\/blog\/wp-content\/uploads\/2023\/07\/brasilia-DF-palacio-da-alvorada-6.jpeg 1150w, https:\/\/www.aarquiteta.com.br\/blog\/wp-content\/uploads\/2023\/07\/brasilia-DF-palacio-da-alvorada-6-1024x682.jpeg 1024w, https:\/\/www.aarquiteta.com.br\/blog\/wp-content\/uploads\/2023\/07\/brasilia-DF-palacio-da-alvorada-6-696x464.jpeg 696w, https:\/\/www.aarquiteta.com.br\/blog\/wp-content\/uploads\/2023\/07\/brasilia-DF-palacio-da-alvorada-6-150x100.jpeg 150w\" sizes=\"(max-width: 1150px) 100vw, 1150px\" \/><figcaption id=\"caption-attachment-88104\" class=\"wp-caption-text\">https:\/\/www.gov.br\/planalto\/<\/figcaption><\/figure>\n<p>O Pal\u00e1cio da Alvorada, projetado pelos arquitetos Oscar Niemeyer e L\u00facio Costa, \u00e9 um verdadeiro s\u00edmbolo de abertura e modernidade. Com seu estilo modernista, o pal\u00e1cio apresenta caracter\u00edsticas arquitet\u00f4nicas impressionantes, utilizando pilotis para conferir uma sensa\u00e7\u00e3o de leveza e integra\u00e7\u00e3o harmoniosa com o entorno.<\/p>\n<p>Al\u00e9m disso, o Pal\u00e1cio da Alvorada possui espa\u00e7os amplos e abertos, proporcionando uma atmosfera transparente e de comunica\u00e7\u00e3o. Os materiais utilizados em sua constru\u00e7\u00e3o s\u00e3o predominantemente nacionais, demonstrando valoriza\u00e7\u00e3o e apoio \u00e0 ind\u00fastria brasileira.<\/p>\n<p>O significado do Pal\u00e1cio da Alvorada vai al\u00e9m de sua funcionalidade como resid\u00eancia oficial do presidente. Ele representa a import\u00e2ncia do modernismo brasileiro, um movimento cultural que buscava romper com padr\u00f5es tradicionais e valorizar a identidade nacional.<\/p>\n<p>O pal\u00e1cio \u00e9 realmente um s\u00edmbolo de abertura e modernidade do Brasil, mostrando ao mundo a evolu\u00e7\u00e3o do pa\u00eds e sua vontade de se inserir no cen\u00e1rio internacional.<\/p>\n<h2>Perguntas frequentes<\/h2>\n<figure id=\"attachment_88105\" aria-describedby=\"caption-attachment-88105\" style=\"width: 1150px\" class=\"wp-caption alignnone\"><img decoding=\"async\" class=\"size-full wp-image-88105\" src=\"https:\/\/www.aarquiteta.com.br\/blog\/wp-content\/uploads\/2023\/07\/brasilia-DF-palacio-da-alvorada-5.jpeg\" alt=\"O Projeto Arquitet\u00f4nico do Pal\u00e1cio da Alvorada: S\u00edmbolo do Modernismo Brasileiro\" width=\"1150\" height=\"766\" title=\"\" srcset=\"https:\/\/www.aarquiteta.com.br\/blog\/wp-content\/uploads\/2023\/07\/brasilia-DF-palacio-da-alvorada-5.jpeg 1150w, https:\/\/www.aarquiteta.com.br\/blog\/wp-content\/uploads\/2023\/07\/brasilia-DF-palacio-da-alvorada-5-1024x682.jpeg 1024w, https:\/\/www.aarquiteta.com.br\/blog\/wp-content\/uploads\/2023\/07\/brasilia-DF-palacio-da-alvorada-5-696x464.jpeg 696w, https:\/\/www.aarquiteta.com.br\/blog\/wp-content\/uploads\/2023\/07\/brasilia-DF-palacio-da-alvorada-5-150x100.jpeg 150w\" sizes=\"(max-width: 1150px) 100vw, 1150px\" \/><figcaption id=\"caption-attachment-88105\" class=\"wp-caption-text\">https:\/\/www.gov.br\/planalto\/<\/figcaption><\/figure>\n<h3>1. Qual \u00e9 a configura\u00e7\u00e3o arquitet\u00f4nica do Pal\u00e1cio da Alvorada?<\/h3>\n<p>O Pal\u00e1cio da Alvorada possui uma configura\u00e7\u00e3o horizontal, inspirada nos casar\u00f5es coloniais brasileiros.<\/p>\n<h3>2. Quem projetou e engenheirou o Pal\u00e1cio da Alvorada?<\/h3>\n<p>O Pal\u00e1cio da Alvorada foi projetado pelo arquiteto Oscar Niemeyer e engenheirado por Joaquim Cardozo.<\/p>\n<h3>3. O que \u00e9 a escultura &#8220;As Iaras&#8221; e onde est\u00e1 localizada?<\/h3>\n<p>A escultura &#8220;As Iaras&#8221; \u00e9 uma obra em bronze do artista brasileiro Alfredo Ceschiatti e est\u00e1 localizada em frente ao Pal\u00e1cio da Alvorada, em um espelho d&#8217;\u00e1gua.<\/p>\n<h3>4. Qual \u00e9 a localiza\u00e7\u00e3o do Pal\u00e1cio da Alvorada?<\/h3>\n<p>O Pal\u00e1cio da Alvorada est\u00e1 localizado em uma pen\u00ednsula que divide o Lago Parano\u00e1 em Lago Sul e Lago Norte.<\/p>\n<h3>5. Qual \u00e9 a dura\u00e7\u00e3o da visita\u00e7\u00e3o p\u00fablica ao Pal\u00e1cio da Alvorada?<\/h3>\n<p>A visita\u00e7\u00e3o p\u00fablica ao Pal\u00e1cio da Alvorada tem dura\u00e7\u00e3o de aproximadamente 60 minutos.<\/p>\n<h3>6. Como agendar uma visita ao Pal\u00e1cio da Alvorada?<\/h3>\n<p>As visitas ao Pal\u00e1cio da Alvorada devem ser agendadas com anteced\u00eancia. Para mais informa\u00e7\u00f5es, visite o site oficial da Presid\u00eancia do Brasil.<\/p>\n<p><script type=\"application\/ld+json\">\n{\n  \"@context\": \"https:\/\/schema.org\",\n  \"@type\": \"FAQPage\",\n  \"mainEntity\": [\n    {\n      \"@type\": \"Question\",\n      \"name\": \"Qual \u00e9 a configura\u00e7\u00e3o arquitet\u00f4nica do Pal\u00e1cio da Alvorada?\",\n      \"acceptedAnswer\": {\n        \"@type\": \"Answer\",\n        \"text\": \"O Pal\u00e1cio da Alvorada possui uma configura\u00e7\u00e3o horizontal, inspirada nos casar\u00f5es coloniais brasileiros.\"\n      }\n    },\n    {\n      \"@type\": \"Question\",\n      \"name\": \"Quem projetou e engenheirou o Pal\u00e1cio da Alvorada?\",\n      \"acceptedAnswer\": {\n        \"@type\": \"Answer\",\n        \"text\": \"O Pal\u00e1cio da Alvorada foi projetado pelo arquiteto Oscar Niemeyer e engenheirado por Joaquim Cardozo.\"\n      }\n    },\n    {\n      \"@type\": \"Question\",\n      \"name\": \"O que \u00e9 a escultura 'As Iaras' e onde est\u00e1 localizada?\",\n      \"acceptedAnswer\": {\n        \"@type\": \"Answer\",\n        \"text\": \"A escultura 'As Iaras' \u00e9 uma obra em bronze do artista brasileiro Alfredo Ceschiatti e est\u00e1 localizada em frente ao Pal\u00e1cio da Alvorada, em um espelho d'\u00e1gua.\"\n      }\n    },\n    {\n      \"@type\": \"Question\",\n      \"name\": \"Qual \u00e9 a localiza\u00e7\u00e3o do Pal\u00e1cio da Alvorada?\",\n      \"acceptedAnswer\": {\n        \"@type\": \"Answer\",\n        \"text\": \"O Pal\u00e1cio da Alvorada est\u00e1 localizado em uma pen\u00ednsula que divide o Lago Parano\u00e1 em Lago Sul e Lago Norte.\"\n      }\n    },\n    {\n      \"@type\": \"Question\",\n      \"name\": \"Qual \u00e9 a dura\u00e7\u00e3o da visita\u00e7\u00e3o p\u00fablica ao Pal\u00e1cio da Alvorada?\",\n      \"acceptedAnswer\": {\n        \"@type\": \"Answer\",\n        \"text\": \"A visita\u00e7\u00e3o p\u00fablica ao Pal\u00e1cio da Alvorada tem dura\u00e7\u00e3o de aproximadamente 60 minutos.\"\n      }\n    },\n    {\n      \"@type\": \"Question\",\n      \"name\": \"Como agendar uma visita ao Pal\u00e1cio da Alvorada?\",\n      \"acceptedAnswer\": {\n        \"@type\": \"Answer\",\n        \"text\": \"As visitas ao Pal\u00e1cio da Alvorada devem ser agendadas com anteced\u00eancia. Para mais informa\u00e7\u00f5es, visite o site oficial da Presid\u00eancia do Brasil.\"\n      }\n    }\n  ]\n}\n<\/script><\/p>\n<p>E a\u00ed, gostou das dicas do artigo? Ent\u00e3o deslize a tela para baixo e confira <strong><a href=\"https:\/\/www.aarquiteta.com.br\">mais dicas<\/a><\/strong>, al\u00e9m dos nossos <strong><a href=\"http:\/\/www.aarquiteta.com.br\">Cursos e Treinamentos<\/a><\/strong>\u00a0e n\u00e3o se esque\u00e7a de compartilhar com os amigos!<\/p>\n<p>Quer receber conte\u00fados exclusivos sobre <strong>casa, jardim, decora\u00e7\u00e3o, arquitetura, educa\u00e7\u00e3o financeira e muito mais<\/strong>? Ent\u00e3o, inscreva-se agora mesmo no nosso <strong><a href=\"https:\/\/t.me\/aarquitetablog\" target=\"_blank\" rel=\"noopener\">Canal do Telegram<\/a>!<\/strong> \ud83e\udd29\ud83d\udc68\u200d\ud83d\udc69\u200d\ud83d\udc67\u200d\ud83d\udc66<\/p>\n<p>Aqui, voc\u00ea ter\u00e1 acesso a artigos, dicas e inspira\u00e7\u00f5es para <strong>transformar sua casa em um lar dos sonhos<\/strong>, cuidar do seu jardim com carinho, aprender sobre finan\u00e7as pessoais e muito mais. \ud83d\udcda\ud83d\udcb0<\/p>\n<p>N\u00e3o perca mais tempo e junte-se a n\u00f3s para receber conte\u00fados exclusivos e se manter sempre atualizado! \ud83d\udce2\ud83c\udfe0\ud83c\udf3f\ud83c\udfe6. Ingresse <strong><a href=\"https:\/\/t.me\/aarquitetablog\" target=\"_blank\" rel=\"noopener\">aqui<\/a> <\/strong>no Canal da <strong>Arquiteta Blog por Luciana Paix\u00e3o!<\/strong> \ud83d\udc95<\/p>\n","protected":false},"excerpt":{"rendered":"<p>O Pal\u00e1cio da Alvorada \u00e9 um \u00edcone da arquitetura moderna brasileira e um s\u00edmbolo do poder executivo do pa\u00eds. Projetado por Oscar Niemeyer e L\u00facio Costa, possui caracter\u00edsticas arquitet\u00f4nicas distintas que representam o movimento modernista. Este artigo explora a hist\u00f3ria e o projeto arquitet\u00f4nico do Pal\u00e1cio da Alvorada, discutindo sua import\u00e2ncia para o modernismo brasileiro [&hellip;]<\/p>\n","protected":false},"author":102,"featured_media":88103,"comment_status":"closed","ping_status":"closed","sticky":false,"template":"","format":"standard","meta":{"footnotes":""},"categories":[1507],"tags":[],"class_list":["post-86153","post","type-post","status-publish","format-standard","has-post-thumbnail","category-arquitetura"],"_wp_attached_file":null,"_wp_attachment_metadata":null,"_wp_attachment_context":null,"_wp_attachment_is_custom_header":null,"geo_longitude":null,"geo_public":null,"geo_latitude":null,"_publicize_done_external":null,"_wpas_done_3897181":null,"publicize_twitter_user":null,"_wpas_done_3897175":null,"_wpas_skip_3897181":null,"_wpas_skip_3897175":null,"_wpas_skip_3924723":null,"_wpas_mess":null,"_wpas_done_3924723":null,"wps_subtitle":"","_links":{"self":[{"href":"https:\/\/www.aarquiteta.com.br\/blog\/wp-json\/wp\/v2\/posts\/86153","targetHints":{"allow":["GET"]}}],"collection":[{"href":"https:\/\/www.aarquiteta.com.br\/blog\/wp-json\/wp\/v2\/posts"}],"about":[{"href":"https:\/\/www.aarquiteta.com.br\/blog\/wp-json\/wp\/v2\/types\/post"}],"author":[{"embeddable":true,"href":"https:\/\/www.aarquiteta.com.br\/blog\/wp-json\/wp\/v2\/users\/102"}],"replies":[{"embeddable":true,"href":"https:\/\/www.aarquiteta.com.br\/blog\/wp-json\/wp\/v2\/comments?post=86153"}],"version-history":[{"count":0,"href":"https:\/\/www.aarquiteta.com.br\/blog\/wp-json\/wp\/v2\/posts\/86153\/revisions"}],"wp:featuredmedia":[{"embeddable":true,"href":"https:\/\/www.aarquiteta.com.br\/blog\/wp-json\/wp\/v2\/media\/88103"}],"wp:attachment":[{"href":"https:\/\/www.aarquiteta.com.br\/blog\/wp-json\/wp\/v2\/media?parent=86153"}],"wp:term":[{"taxonomy":"category","embeddable":true,"href":"https:\/\/www.aarquiteta.com.br\/blog\/wp-json\/wp\/v2\/categories?post=86153"},{"taxonomy":"post_tag","embeddable":true,"href":"https:\/\/www.aarquiteta.com.br\/blog\/wp-json\/wp\/v2\/tags?post=86153"}],"curies":[{"name":"wp","href":"https:\/\/api.w.org\/{rel}","templated":true}]}}