{"id":84568,"date":"2023-07-26T06:00:54","date_gmt":"2023-07-26T09:00:54","guid":{"rendered":"http:\/\/aarquiteta.com.br\/?p=84568"},"modified":"2023-07-20T18:02:09","modified_gmt":"2023-07-20T21:02:09","slug":"dicas-de-cozinha-e-espaco-gourmet-integrados","status":"publish","type":"post","link":"https:\/\/www.aarquiteta.com.br\/blog\/dicas-de-cozinha-e-espaco-gourmet-integrados\/","title":{"rendered":"Cozinha e Espa\u00e7o Gourmet Integrados: Unindo Praticidade e Sofistica\u00e7\u00e3o!"},"content":{"rendered":"<p>Cozinha e Espa\u00e7o Gourmet Integrados: Unindo Praticidade e Sofistica\u00e7\u00e3o! Descubra as vantagens de integrar sua cozinha e espa\u00e7o gourmet. Aprenda dicas pr\u00e1ticas, explore exemplos inspiradores e transforme sua casa com estilo e funcionalidade.<\/p>\n<p>Ter uma cozinha integrada a um espa\u00e7o gourmet \u00e9 uma tend\u00eancia crescente no design de interiores contempor\u00e2neo. Essa combina\u00e7\u00e3o oferece uma s\u00e9rie de vantagens para a vida cotidiana, tornando a rotina culin\u00e1ria mais funcional e proporcionando um ambiente perfeito para receber convidados.<\/p>\n<figure id=\"attachment_80194\" aria-describedby=\"caption-attachment-80194\" style=\"width: 1456px\" class=\"wp-caption alignnone\"><img decoding=\"async\" class=\"wp-image-80194 size-full\" title=\"Cozinha e Espa\u00e7o Gourmet Integrados: Unindo Praticidade e Sofistica\u00e7\u00e3o!\" src=\"https:\/\/www.aarquiteta.com.br\/blog\/wp-content\/uploads\/2023\/05\/Ilhas-de-Cozinha-5.png\" alt=\"Cozinha e Espa\u00e7o Gourmet Integrados: Unindo Praticidade e Sofistica\u00e7\u00e3o!\" width=\"1456\" height=\"816\" srcset=\"https:\/\/www.aarquiteta.com.br\/blog\/wp-content\/uploads\/2023\/05\/Ilhas-de-Cozinha-5.png 1456w, https:\/\/www.aarquiteta.com.br\/blog\/wp-content\/uploads\/2023\/05\/Ilhas-de-Cozinha-5-1024x574.png 1024w, https:\/\/www.aarquiteta.com.br\/blog\/wp-content\/uploads\/2023\/05\/Ilhas-de-Cozinha-5-696x390.png 696w, https:\/\/www.aarquiteta.com.br\/blog\/wp-content\/uploads\/2023\/05\/Ilhas-de-Cozinha-5-150x84.png 150w\" sizes=\"(max-width: 1456px) 100vw, 1456px\" \/><figcaption id=\"caption-attachment-80194\" class=\"wp-caption-text\">Ilhas de Cozinha &#8211; Cozinha e Espa\u00e7o Gourmet Integrados: Unindo Praticidade e Sofistica\u00e7\u00e3o!<\/figcaption><\/figure>\n<p>Neste artigo, exploraremos os benef\u00edcios dessa integra\u00e7\u00e3o, compartilharemos dicas para alcan\u00e7ar um resultado harmonioso e apresentaremos exemplos inspiradores. Aproveite a leitura e descubra como a uni\u00e3o da cozinha e espa\u00e7o gourmet pode transformar sua casa!<\/p>\n<h2>Benef\u00edcios da integra\u00e7\u00e3o de cozinha e espa\u00e7o gourmet<\/h2>\n<h3>A. Conveni\u00eancia e praticidade<\/h3>\n<p>Uma das principais vantagens de ter uma cozinha e espa\u00e7o gourmet integrados \u00e9 a facilidade no preparo de alimentos e no servi\u00e7o durante eventos sociais. Com a proximidade entre esses ambientes, o fluxo de trabalho na cozinha se torna mais eficiente, permitindo que o chef ou a cozinheira possa interagir com os convidados enquanto prepara as refei\u00e7\u00f5es. Al\u00e9m disso, a presen\u00e7a de uma ilha ou bancada conectando os espa\u00e7os proporciona um local para apoio e servir refei\u00e7\u00f5es r\u00e1pidas, como um caf\u00e9 da manh\u00e3 ou lanches informais.<\/p>\n<h3>B. Socializa\u00e7\u00e3o e entretenimento<\/h3>\n<p>A integra\u00e7\u00e3o da cozinha e espa\u00e7o gourmet cria um ambiente prop\u00edcio para a intera\u00e7\u00e3o social durante reuni\u00f5es e festas. Os convidados podem desfrutar de uma conversa animada enquanto apreciam o aroma dos pratos sendo preparados. A possibilidade de servir as refei\u00e7\u00f5es diretamente no espa\u00e7o gourmet, seja em uma mesa ampla ou em uma \u00e1rea de churrasco, promove uma atmosfera descontra\u00edda e informal, aproximando as pessoas e fortalecendo os la\u00e7os de amizade.<\/p>\n<h3>C. Valoriza\u00e7\u00e3o do im\u00f3vel<\/h3>\n<p>A integra\u00e7\u00e3o da cozinha e espa\u00e7o gourmet agrega valor ao im\u00f3vel, tornando-o mais atrativo tanto para os propriet\u00e1rios quanto para poss\u00edveis compradores. Essa combina\u00e7\u00e3o \u00e9 vista como um diferencial em projetos residenciais, pois reflete um estilo de vida moderno e sofisticado. Al\u00e9m disso, a funcionalidade e o conforto proporcionados por essa integra\u00e7\u00e3o s\u00e3o caracter\u00edsticas valorizadas no mercado imobili\u00e1rio.<\/p>\n<h2>Dicas para a integra\u00e7\u00e3o perfeita<\/h2>\n<figure id=\"attachment_51650\" aria-describedby=\"caption-attachment-51650\" style=\"width: 700px\" class=\"wp-caption alignnone\"><img decoding=\"async\" class=\"wp-image-51650 size-full\" src=\"https:\/\/www.aarquiteta.com.br\/blog\/wp-content\/uploads\/2022\/04\/Motivos-para-ter-ambientes-integrados-na-sua-casa.99.jpg\" alt=\"Cozinha e Espa\u00e7o Gourmet Integrados: Guia para um Ambiente Perfeito\" width=\"700\" height=\"400\" title=\"\" srcset=\"https:\/\/www.aarquiteta.com.br\/blog\/wp-content\/uploads\/2022\/04\/Motivos-para-ter-ambientes-integrados-na-sua-casa.99.jpg 700w, https:\/\/www.aarquiteta.com.br\/blog\/wp-content\/uploads\/2022\/04\/Motivos-para-ter-ambientes-integrados-na-sua-casa.99-696x398.jpg 696w, https:\/\/www.aarquiteta.com.br\/blog\/wp-content\/uploads\/2022\/04\/Motivos-para-ter-ambientes-integrados-na-sua-casa.99-150x86.jpg 150w\" sizes=\"(max-width: 700px) 100vw, 700px\" \/><figcaption id=\"caption-attachment-51650\" class=\"wp-caption-text\">Cozinha e Espa\u00e7o Gourmet Integrados: Unindo Praticidade e Sofistica\u00e7\u00e3o!<\/figcaption><\/figure>\n<p>Para obter uma integra\u00e7\u00e3o perfeita entre a cozinha e espa\u00e7o gourmet, \u00e9 essencial considerar alguns aspectos-chave durante o planejamento e execu\u00e7\u00e3o do projeto. Aqui est\u00e3o algumas dicas \u00fateis:<\/p>\n<h3>A. Planejamento do layout<\/h3>\n<p>Antes de iniciar qualquer modifica\u00e7\u00e3o, \u00e9 fundamental planejar o layout da cozinha e espa\u00e7o gourmet integrados. Avalie as dimens\u00f5es dispon\u00edveis e pense em como otimizar o espa\u00e7o para uma circula\u00e7\u00e3o fluida. Considere a localiza\u00e7\u00e3o dos principais elementos, como pia, fog\u00e3o e churrasqueira, e garanta que eles estejam convenientemente posicionados para uso e acesso. Lembre-se de deixar espa\u00e7os para armazenamento e organiza\u00e7\u00e3o dos utens\u00edlios e ingredientes.<\/p>\n<h3>B. Escolha dos materiais<\/h3>\n<p>A escolha dos materiais \u00e9 crucial para criar uma transi\u00e7\u00e3o harmoniosa entre a cozinha e o espa\u00e7o gourmet. Opte por revestimentos que conversem entre si, mantendo uma paleta de cores e texturas coesa. Utilize materiais dur\u00e1veis e f\u00e1ceis de limpar, especialmente nas \u00e1reas de preparo de alimentos. Al\u00e9m disso, considere o uso de m\u00f3veis e eletrodom\u00e9sticos que complementem o estilo escolhido, criando uma atmosfera visualmente agrad\u00e1vel e integrada.<\/p>\n[amazon table=&#8221;82740&#8243;]\n<h3>C. Ilumina\u00e7\u00e3o adequada<\/h3>\n<p>Uma boa ilumina\u00e7\u00e3o \u00e9 fundamental em qualquer ambiente, e n\u00e3o seria diferente na integra\u00e7\u00e3o de cozinha e espa\u00e7o gourmet. Invista em uma combina\u00e7\u00e3o de luzes diretas e indiretas para garantir uma ilumina\u00e7\u00e3o funcional e aconchegante. Destaque pontos de interesse, como a ilha central ou a \u00e1rea do churrasco, com lumin\u00e1rias espec\u00edficas. Al\u00e9m disso, aproveite ao m\u00e1ximo a luz natural, mantendo janelas amplas e cortinas leves para permitir a entrada de luz durante o dia.<\/p>\n<h3>D. Harmoniza\u00e7\u00e3o da decora\u00e7\u00e3o<\/h3>\n<p>A decora\u00e7\u00e3o desempenha um papel fundamental na integra\u00e7\u00e3o perfeita entre a cozinha e o espa\u00e7o gourmet. Busque uma harmoniza\u00e7\u00e3o visual atrav\u00e9s da escolha de elementos decorativos que combinem entre si. Use plantas, quadros ou prateleiras para adicionar personalidade e tornar o ambiente acolhedor. Lembre-se de que a decora\u00e7\u00e3o n\u00e3o deve comprometer a funcionalidade do espa\u00e7o, portanto, opte por itens que n\u00e3o atrapalhem a circula\u00e7\u00e3o e a utiliza\u00e7\u00e3o dos ambientes.<\/p>\n<h2>Exemplos inspiradores<\/h2>\n<p>A seguir, apresentamos tr\u00eas exemplos inspiradores de cozinhas e espa\u00e7os gourmet integrados, cada um com um estilo diferente:<\/p>\n<h3>A. Estilo moderno<\/h3>\n<figure id=\"attachment_76509\" aria-describedby=\"caption-attachment-76509\" style=\"width: 564px\" class=\"wp-caption alignnone\"><img decoding=\"async\" class=\"wp-image-76509 size-full\" title=\"Cozinha e Espa\u00e7o Gourmet Integrados: Unindo Praticidade e Sofistica\u00e7\u00e3o!\" src=\"https:\/\/www.aarquiteta.com.br\/blog\/wp-content\/uploads\/2023\/03\/gourmet23.jpg\" alt=\"Cozinha e Espa\u00e7o Gourmet Integrados: Unindo Praticidade e Sofistica\u00e7\u00e3o!\" width=\"564\" height=\"564\" srcset=\"https:\/\/www.aarquiteta.com.br\/blog\/wp-content\/uploads\/2023\/03\/gourmet23.jpg 564w, https:\/\/www.aarquiteta.com.br\/blog\/wp-content\/uploads\/2023\/03\/gourmet23-96x96.jpg 96w, https:\/\/www.aarquiteta.com.br\/blog\/wp-content\/uploads\/2023\/03\/gourmet23-150x150.jpg 150w\" sizes=\"(max-width: 564px) 100vw, 564px\" \/><figcaption id=\"caption-attachment-76509\" class=\"wp-caption-text\">Cozinha e Espa\u00e7o Gourmet Integrados: Unindo Praticidade e Sofistica\u00e7\u00e3o!<\/figcaption><\/figure>\n<p>Neste exemplo de estilo moderno, a cozinha e o espa\u00e7o gourmet est\u00e3o conectados por uma grande ilha central, que serve como ponto de encontro e \u00e1rea de preparo de alimentos. Os materiais utilizados s\u00e3o o a\u00e7o inoxid\u00e1vel e o vidro, proporcionando um visual contempor\u00e2neo e elegante. A ilumina\u00e7\u00e3o \u00e9 estrategicamente posicionada para destacar a ilha central e criar uma atmosfera sofisticada.<\/p>\n<h3>B. Estilo r\u00fastico<\/h3>\n<p><img decoding=\"async\" class=\"alignnone wp-image-75959 size-full\" title=\"Cozinha e Espa\u00e7o Gourmet Integrados: Unindo Praticidade e Sofistica\u00e7\u00e3o!\" src=\"https:\/\/www.aarquiteta.com.br\/blog\/wp-content\/uploads\/2023\/02\/gourmet16.jpg\" alt=\"Cozinha e Espa\u00e7o Gourmet Integrados: Unindo Praticidade e Sofistica\u00e7\u00e3o!\" width=\"696\" height=\"464\" srcset=\"https:\/\/www.aarquiteta.com.br\/blog\/wp-content\/uploads\/2023\/02\/gourmet16.jpg 696w, https:\/\/www.aarquiteta.com.br\/blog\/wp-content\/uploads\/2023\/02\/gourmet16-150x100.jpg 150w\" sizes=\"(max-width: 696px) 100vw, 696px\" \/><\/p>\n<p>No estilo r\u00fastico, a integra\u00e7\u00e3o entre a cozinha e espa\u00e7o gourmet \u00e9 marcada pelo uso de elementos naturais, como madeira maci\u00e7a e pedra. Uma churrasqueira de alvenaria se torna o ponto focal do ambiente, enquanto m\u00f3veis r\u00fasticos e detalhes em ferro forjado acrescentam charme e personalidade. A ilumina\u00e7\u00e3o \u00e9 suave e quente, criando uma atmosfera acolhedora.<\/p>\n<h3>C. Estilo minimalista<\/h3>\n<figure id=\"attachment_76514\" aria-describedby=\"caption-attachment-76514\" style=\"width: 1200px\" class=\"wp-caption alignnone\"><img decoding=\"async\" class=\"wp-image-76514 size-full\" src=\"https:\/\/www.aarquiteta.com.br\/blog\/wp-content\/uploads\/2023\/03\/Area-gourmet-modern-A-evolucao-dos-espacos-de-convivencia.webp\" alt=\"\u00c1rea gourmet modern A evolu\u00e7\u00e3o dos espa\u00e7os de conviv\u00eancia\" width=\"1200\" height=\"675\" title=\"\" srcset=\"https:\/\/www.aarquiteta.com.br\/blog\/wp-content\/uploads\/2023\/03\/Area-gourmet-modern-A-evolucao-dos-espacos-de-convivencia.webp 1200w, https:\/\/www.aarquiteta.com.br\/blog\/wp-content\/uploads\/2023\/03\/Area-gourmet-modern-A-evolucao-dos-espacos-de-convivencia-1024x576.webp 1024w, https:\/\/www.aarquiteta.com.br\/blog\/wp-content\/uploads\/2023\/03\/Area-gourmet-modern-A-evolucao-dos-espacos-de-convivencia-696x392.webp 696w, https:\/\/www.aarquiteta.com.br\/blog\/wp-content\/uploads\/2023\/03\/Area-gourmet-modern-A-evolucao-dos-espacos-de-convivencia-150x84.webp 150w\" sizes=\"(max-width: 1200px) 100vw, 1200px\" \/><figcaption id=\"caption-attachment-76514\" class=\"wp-caption-text\">Cozinha e Espa\u00e7o Gourmet Integrados: Unindo Praticidade e Sofistica\u00e7\u00e3o!<\/figcaption><\/figure>\n<p>O estilo minimalista valoriza a simplicidade e a funcionalidade dos espa\u00e7os. Nesse exemplo, a cozinha e o espa\u00e7o gourmet s\u00e3o integrados de forma clean e despojada. A predomin\u00e2ncia do branco e tons neutros traz uma sensa\u00e7\u00e3o de amplitude e leveza. Os m\u00f3veis possuem linhas retas e simples, enquanto a ilumina\u00e7\u00e3o \u00e9 discreta e pontual, valorizando pontos estrat\u00e9gicos da integra\u00e7\u00e3o.<\/p>\n<h2>Perguntas Frequentes sobre Cozinha e Espa\u00e7o Gourmet Integrados<\/h2>\n<h3>1. Por que devo considerar a integra\u00e7\u00e3o de cozinha e espa\u00e7o gourmet?<\/h3>\n<p>A integra\u00e7\u00e3o de cozinha e espa\u00e7o gourmet oferece benef\u00edcios como maior praticidade no preparo de alimentos, facilidade de socializa\u00e7\u00e3o e valoriza\u00e7\u00e3o do im\u00f3vel.<\/p>\n<h3>2. \u00c9 necess\u00e1rio contratar um profissional para fazer a integra\u00e7\u00e3o?<\/h3>\n<p>Embora seja poss\u00edvel realizar o projeto por conta pr\u00f3pria, \u00e9 recomendado contar com a expertise de um profissional para garantir um resultado satisfat\u00f3rio e funcional.<\/p>\n<h3>3. Posso integrar a cozinha e espa\u00e7o gourmet em espa\u00e7os pequenos?<\/h3>\n<p>Sim, mesmo em espa\u00e7os reduzidos \u00e9 poss\u00edvel fazer a integra\u00e7\u00e3o de forma inteligente, aproveitando ao m\u00e1ximo cada cent\u00edmetro dispon\u00edvel.<\/p>\n<h3>4. \u00c9 poss\u00edvel criar uma integra\u00e7\u00e3o harmoniosa entre estilos de decora\u00e7\u00e3o diferentes?<\/h3>\n<p>Sim, \u00e9 poss\u00edvel criar uma integra\u00e7\u00e3o harmoniosa entre estilos de decora\u00e7\u00e3o diferentes por meio da escolha de elementos que se complementem visualmente.<\/p>\n<h3>5. Como garantir uma boa ilumina\u00e7\u00e3o na integra\u00e7\u00e3o?<\/h3>\n<p>Uma boa ilumina\u00e7\u00e3o na integra\u00e7\u00e3o pode ser alcan\u00e7ada atrav\u00e9s de uma combina\u00e7\u00e3o de luzes diretas e indiretas, destacando pontos de interesse e criando uma atmosfera agrad\u00e1vel.<\/p>\n<h3>6. A integra\u00e7\u00e3o de cozinha e espa\u00e7o gourmet valoriza o im\u00f3vel?<\/h3>\n<p>Sim, a integra\u00e7\u00e3o de cozinha e espa\u00e7o gourmet \u00e9 valorizada no mercado imobili\u00e1rio, pois reflete um estilo de vida moderno e sofisticado.<\/p>\n<h3>7. Quais s\u00e3o os cuidados necess\u00e1rios na escolha dos materiais para integra\u00e7\u00e3o?<\/h3>\n<p>Ao escolher os materiais para a integra\u00e7\u00e3o, \u00e9 importante considerar durabilidade, facilidade de limpeza e a harmonia visual entre os espa\u00e7os.<\/p>\n<p>A integra\u00e7\u00e3o de cozinha e espa\u00e7o gourmet \u00e9 uma tend\u00eancia que une praticidade, conviv\u00eancia e sofistica\u00e7\u00e3o. Ao unir esses ambientes, \u00e9 poss\u00edvel desfrutar de momentos agrad\u00e1veis com amigos e familiares, al\u00e9m de tornar as tarefas culin\u00e1rias mais eficientes.<\/p>\n<p>Com as dicas apresentadas neste artigo e a inspira\u00e7\u00e3o dos exemplos, voc\u00ea poder\u00e1 criar um espa\u00e7o integrado personalizado, adequado ao seu estilo de vida. Aproveite as vantagens dessa combina\u00e7\u00e3o e transforme sua casa em um verdadeiro ref\u00fagio gastron\u00f4mico!<\/p>\n<h2><strong>Curiosidade!<\/strong><\/h2>\n<p><strong>Sabia que a integra\u00e7\u00e3o de cozinha e espa\u00e7o gourmet tem origem nas cozinhas americanas?<\/strong><\/p>\n<p>Esse conceito surgiu nos Estados Unidos como uma forma de criar um ambiente aberto e fluido, que facilitasse a intera\u00e7\u00e3o entre os moradores e o preparo de refei\u00e7\u00f5es. Desde ent\u00e3o, essa ideia se espalhou pelo mundo e se tornou uma tend\u00eancia no design de interiores contempor\u00e2neo.<\/p>\n<p>E a\u00ed, gostou das dicas do artigo? Ent\u00e3o deslize a tela para baixo e confira <strong><a href=\"https:\/\/www.aarquiteta.com.br\">mais dicas<\/a><\/strong>, al\u00e9m dos nossos <strong><a href=\"http:\/\/www.aarquiteta.com.br\">Cursos e Treinamentos<\/a><\/strong>\u00a0e n\u00e3o se esque\u00e7a de compartilhar com os amigos!<\/p>\n<p>Quer receber conte\u00fados exclusivos sobre <strong>casa, jardim, decora\u00e7\u00e3o, arquitetura, educa\u00e7\u00e3o financeira e muito mais<\/strong>? Ent\u00e3o, inscreva-se agora mesmo no nosso <strong><a href=\"https:\/\/t.me\/aarquitetablog\" target=\"_blank\" rel=\"noopener\">Canal do Telegram<\/a>!<\/strong> \ud83e\udd29\ud83d\udc68\u200d\ud83d\udc69\u200d\ud83d\udc67\u200d\ud83d\udc66<\/p>\n<p>Aqui, voc\u00ea ter\u00e1 acesso a artigos, dicas e inspira\u00e7\u00f5es para <strong>transformar sua casa em um lar dos sonhos<\/strong>, cuidar do seu jardim com carinho, aprender sobre finan\u00e7as pessoais e muito mais. \ud83d\udcda\ud83d\udcb0<\/p>\n<p>N\u00e3o perca mais tempo e junte-se a n\u00f3s para receber conte\u00fados exclusivos e se manter sempre atualizado! \ud83d\udce2\ud83c\udfe0\ud83c\udf3f\ud83c\udfe6. Ingresse <strong><a href=\"https:\/\/t.me\/aarquitetablog\" target=\"_blank\" rel=\"noopener\">aqui<\/a> <\/strong>no Canal da <strong>Arquiteta Blog por Luciana Paix\u00e3o!<\/strong> \ud83d\udc95<\/p>\n","protected":false},"excerpt":{"rendered":"<p>Cozinha e Espa\u00e7o Gourmet Integrados: Unindo Praticidade e Sofistica\u00e7\u00e3o! Descubra as vantagens de integrar sua cozinha e espa\u00e7o gourmet. Aprenda dicas pr\u00e1ticas, explore exemplos inspiradores e transforme sua casa com estilo e funcionalidade. Ter uma cozinha integrada a um espa\u00e7o gourmet \u00e9 uma tend\u00eancia crescente no design de interiores contempor\u00e2neo. Essa combina\u00e7\u00e3o oferece uma s\u00e9rie [&hellip;]<\/p>\n","protected":false},"author":102,"featured_media":76508,"comment_status":"closed","ping_status":"closed","sticky":false,"template":"","format":"standard","meta":{"footnotes":""},"categories":[18754,1484],"tags":[31439,31438,31034,31440,31441,31443,31437,31442],"class_list":["post-84568","post","type-post","status-publish","format-standard","has-post-thumbnail","category-decoracao-de-cozinha","category-decoracao","tag-beneficios-da-integracao-de-cozinha-e-espaco-gourmet","tag-cozinha-e-area-de-entretenimento-integradas","tag-cozinha-e-espaco-gourmet-integrados","tag-dicas-para-uma-integracao-perfeita","tag-exemplos-inspiradores-de-espacos-integrados","tag-ideias-de-melhoria-para-o-lar","tag-integracao-de-cozinha-e-espaco-gourmet","tag-tendencias-de-design-de-interiores"],"_wp_attached_file":null,"_wp_attachment_metadata":null,"_wp_attachment_context":null,"_wp_attachment_is_custom_header":null,"geo_longitude":null,"geo_public":null,"geo_latitude":null,"_publicize_done_external":null,"_wpas_done_3897181":null,"publicize_twitter_user":null,"_wpas_done_3897175":null,"_wpas_skip_3897181":null,"_wpas_skip_3897175":null,"_wpas_skip_3924723":null,"_wpas_mess":null,"_wpas_done_3924723":null,"wps_subtitle":"Descubra as vantagens de integrar sua cozinha e espa\u00e7o gourmet. Aprenda dicas pr\u00e1ticas, explore exemplos inspiradores e transforme sua casa com estilo e funcionalidade.","_links":{"self":[{"href":"https:\/\/www.aarquiteta.com.br\/blog\/wp-json\/wp\/v2\/posts\/84568","targetHints":{"allow":["GET"]}}],"collection":[{"href":"https:\/\/www.aarquiteta.com.br\/blog\/wp-json\/wp\/v2\/posts"}],"about":[{"href":"https:\/\/www.aarquiteta.com.br\/blog\/wp-json\/wp\/v2\/types\/post"}],"author":[{"embeddable":true,"href":"https:\/\/www.aarquiteta.com.br\/blog\/wp-json\/wp\/v2\/users\/102"}],"replies":[{"embeddable":true,"href":"https:\/\/www.aarquiteta.com.br\/blog\/wp-json\/wp\/v2\/comments?post=84568"}],"version-history":[{"count":0,"href":"https:\/\/www.aarquiteta.com.br\/blog\/wp-json\/wp\/v2\/posts\/84568\/revisions"}],"wp:featuredmedia":[{"embeddable":true,"href":"https:\/\/www.aarquiteta.com.br\/blog\/wp-json\/wp\/v2\/media\/76508"}],"wp:attachment":[{"href":"https:\/\/www.aarquiteta.com.br\/blog\/wp-json\/wp\/v2\/media?parent=84568"}],"wp:term":[{"taxonomy":"category","embeddable":true,"href":"https:\/\/www.aarquiteta.com.br\/blog\/wp-json\/wp\/v2\/categories?post=84568"},{"taxonomy":"post_tag","embeddable":true,"href":"https:\/\/www.aarquiteta.com.br\/blog\/wp-json\/wp\/v2\/tags?post=84568"}],"curies":[{"name":"wp","href":"https:\/\/api.w.org\/{rel}","templated":true}]}}