{"id":82512,"date":"2023-07-06T10:00:17","date_gmt":"2023-07-06T13:00:17","guid":{"rendered":"http:\/\/aarquiteta.com.br\/?p=82512"},"modified":"2023-09-14T14:25:11","modified_gmt":"2023-09-14T17:25:11","slug":"jardim-de-ervas-na-varanda","status":"publish","type":"post","link":"https:\/\/www.aarquiteta.com.br\/blog\/jardim-de-ervas-na-varanda\/","title":{"rendered":"Como Plantar Um Jardim de Ervas em Sua Varanda!"},"content":{"rendered":"<p>Como Plantar Um Jardim de Ervas em Sua Varanda! Descubra como plantar um jardim de ervas em sua varanda. Aprenda a escolher as ervas certas, preparar o solo e cuidar das plantas. Desfrute de temperos frescos o ano todo!<\/p>\n<p>Ter um jardim de ervas em sua varanda \u00e9 uma maneira fant\u00e1stica de ter acesso a temperos frescos e saud\u00e1veis o ano todo. Al\u00e9m disso, cultivar suas pr\u00f3prias ervas oferece uma conex\u00e3o com a natureza e a satisfa\u00e7\u00e3o de colher seus pr\u00f3prios ingredientes.<\/p>\n<figure id=\"attachment_82521\" aria-describedby=\"caption-attachment-82521\" style=\"width: 1200px\" class=\"wp-caption alignnone\"><img decoding=\"async\" class=\"wp-image-82521 size-full\" title=\"Como Plantar Um Jardim de Ervas em Sua Varanda!\" src=\"https:\/\/www.aarquiteta.com.br\/blog\/wp-content\/uploads\/2023\/07\/jardim-de-ervas-2.jpg\" alt=\"Como Plantar Um Jardim de Ervas em Sua Varanda!\" width=\"1200\" height=\"800\" srcset=\"https:\/\/www.aarquiteta.com.br\/blog\/wp-content\/uploads\/2023\/07\/jardim-de-ervas-2.jpg 1200w, https:\/\/www.aarquiteta.com.br\/blog\/wp-content\/uploads\/2023\/07\/jardim-de-ervas-2-1024x683.jpg 1024w, https:\/\/www.aarquiteta.com.br\/blog\/wp-content\/uploads\/2023\/07\/jardim-de-ervas-2-696x464.jpg 696w, https:\/\/www.aarquiteta.com.br\/blog\/wp-content\/uploads\/2023\/07\/jardim-de-ervas-2-150x100.jpg 150w\" sizes=\"(max-width: 1200px) 100vw, 1200px\" \/><figcaption id=\"caption-attachment-82521\" class=\"wp-caption-text\">Foto: Canva.com<\/figcaption><\/figure>\n<p>Neste guia, voc\u00ea aprender\u00e1 passo a passo como plantar um jardim de ervas em sua varanda, desde a escolha das ervas at\u00e9 a colheita e utiliza\u00e7\u00e3o. Prepare-se para criar um espa\u00e7o verde cheio de aromas deliciosos!<\/p>\n<h3>Escolhendo as ervas<\/h3>\n<p>O primeiro passo para plantar um jardim de ervas em sua varanda \u00e9 escolher as ervas que deseja cultivar. Considere suas prefer\u00eancias culin\u00e1rias e as condi\u00e7\u00f5es de cultivo em sua varanda.<\/p>\n<p>Algumas ervas populares para cultivar em vasos incluem manjeric\u00e3o, salsa, cebolinha, hortel\u00e3, alecrim, tomilho e s\u00e1lvia. Certifique-se de escolher ervas que sejam adequadas para o clima de sua regi\u00e3o e que cres\u00e7am em vasos.<\/p>\n<h3>Preparando o ambiente<\/h3>\n<figure id=\"attachment_82522\" aria-describedby=\"caption-attachment-82522\" style=\"width: 1200px\" class=\"wp-caption alignnone\"><img decoding=\"async\" class=\"wp-image-82522 size-full\" title=\"Como Plantar Um Jardim de Ervas em Sua Varanda!\" src=\"https:\/\/www.aarquiteta.com.br\/blog\/wp-content\/uploads\/2023\/07\/jardim-de-ervas-1.jpg\" alt=\"Como Plantar Um Jardim de Ervas em Sua Varanda!\" width=\"1200\" height=\"800\" srcset=\"https:\/\/www.aarquiteta.com.br\/blog\/wp-content\/uploads\/2023\/07\/jardim-de-ervas-1.jpg 1200w, https:\/\/www.aarquiteta.com.br\/blog\/wp-content\/uploads\/2023\/07\/jardim-de-ervas-1-1024x683.jpg 1024w, https:\/\/www.aarquiteta.com.br\/blog\/wp-content\/uploads\/2023\/07\/jardim-de-ervas-1-696x464.jpg 696w, https:\/\/www.aarquiteta.com.br\/blog\/wp-content\/uploads\/2023\/07\/jardim-de-ervas-1-150x100.jpg 150w\" sizes=\"(max-width: 1200px) 100vw, 1200px\" \/><figcaption id=\"caption-attachment-82522\" class=\"wp-caption-text\">Foto: Canva.com<\/figcaption><\/figure>\n<p>Antes de come\u00e7ar a plantar suas ervas, \u00e9 importante preparar o ambiente em sua varanda. Verifique a quantidade de luz solar que sua varanda recebe durante o dia.<\/p>\n<p>A maioria das ervas precisa de pelo menos 4 a 6 horas de luz solar direta para crescer adequadamente. Certifique-se de que sua varanda tenha acesso adequado \u00e0 luz solar.<\/p>\n<h3>Selecionando os recipientes<\/h3>\n<p>Escolher os recipientes certos para suas ervas \u00e9 fundamental. Opte por vasos ou recipientes com boa drenagem para evitar o ac\u00famulo de \u00e1gua em excesso.<\/p>\n[amazon table=&#8221;82513&#8243;]\n<p>Certifique-se de que os recipientes tenham tamanho suficiente para acomodar o crescimento das ervas. Al\u00e9m disso, verifique se os recipientes s\u00e3o adequados para o ambiente externo e resistem \u00e0s condi\u00e7\u00f5es clim\u00e1ticas.<\/p>\n<h3>Preparando o solo<\/h3>\n<figure id=\"attachment_82519\" aria-describedby=\"caption-attachment-82519\" style=\"width: 1200px\" class=\"wp-caption alignnone\"><img decoding=\"async\" class=\"wp-image-82519 size-full\" title=\"Como Plantar Um Jardim de Ervas em Sua Varanda!\" src=\"https:\/\/www.aarquiteta.com.br\/blog\/wp-content\/uploads\/2023\/07\/jardim-de-ervas-4.jpg\" alt=\"Como Plantar Um Jardim de Ervas em Sua Varanda!\" width=\"1200\" height=\"800\" srcset=\"https:\/\/www.aarquiteta.com.br\/blog\/wp-content\/uploads\/2023\/07\/jardim-de-ervas-4.jpg 1200w, https:\/\/www.aarquiteta.com.br\/blog\/wp-content\/uploads\/2023\/07\/jardim-de-ervas-4-1024x683.jpg 1024w, https:\/\/www.aarquiteta.com.br\/blog\/wp-content\/uploads\/2023\/07\/jardim-de-ervas-4-696x464.jpg 696w, https:\/\/www.aarquiteta.com.br\/blog\/wp-content\/uploads\/2023\/07\/jardim-de-ervas-4-150x100.jpg 150w\" sizes=\"(max-width: 1200px) 100vw, 1200px\" \/><figcaption id=\"caption-attachment-82519\" class=\"wp-caption-text\">Foto: Canva.com<\/figcaption><\/figure>\n<p>Antes de plantar as ervas, prepare o solo adequadamente. Use uma mistura de solo leve e bem drenado, enriquecido com mat\u00e9ria org\u00e2nica.<\/p>\n<p>Isso ajudar\u00e1 a reter a umidade necess\u00e1ria para o crescimento das plantas. Certifique-se de que o solo esteja solto o suficiente para permitir o desenvolvimento das ra\u00edzes das ervas.<\/p>\n<h3>Plantando as ervas<\/h3>\n<p>Agora \u00e9 hora de plantar suas ervas na varanda. Coloque uma camada de pedras ou argila expandida no fundo dos recipientes para garantir uma boa drenagem.<\/p>\n<p>Em seguida, adicione o solo preparado e fa\u00e7a pequenos buracos para acomodar as mudas ou sementes das ervas. Certifique-se de seguir as instru\u00e7\u00f5es espec\u00edficas de plantio para cada erva.<\/p>\n<h3>Cuidados e manuten\u00e7\u00e3o<\/h3>\n<figure id=\"attachment_82523\" aria-describedby=\"caption-attachment-82523\" style=\"width: 1200px\" class=\"wp-caption alignnone\"><img decoding=\"async\" class=\"wp-image-82523 size-full\" title=\"Como Plantar Um Jardim de Ervas em Sua Varanda!\" src=\"https:\/\/www.aarquiteta.com.br\/blog\/wp-content\/uploads\/2023\/07\/jardim-de-ervas.jpg\" alt=\"Como Plantar Um Jardim de Ervas em Sua Varanda!\" width=\"1200\" height=\"800\" srcset=\"https:\/\/www.aarquiteta.com.br\/blog\/wp-content\/uploads\/2023\/07\/jardim-de-ervas.jpg 1200w, https:\/\/www.aarquiteta.com.br\/blog\/wp-content\/uploads\/2023\/07\/jardim-de-ervas-1024x683.jpg 1024w, https:\/\/www.aarquiteta.com.br\/blog\/wp-content\/uploads\/2023\/07\/jardim-de-ervas-696x464.jpg 696w, https:\/\/www.aarquiteta.com.br\/blog\/wp-content\/uploads\/2023\/07\/jardim-de-ervas-150x100.jpg 150w\" sizes=\"(max-width: 1200px) 100vw, 1200px\" \/><figcaption id=\"caption-attachment-82523\" class=\"wp-caption-text\">Foto: Canva.com<\/figcaption><\/figure>\n<p>Cuidar de seu jardim de ervas \u00e9 essencial para garantir um crescimento saud\u00e1vel. Regue as ervas regularmente, mantendo o solo \u00famido, mas n\u00e3o encharcado.<\/p>\n<p>Fertilize as plantas conforme necess\u00e1rio, utilizando um fertilizante adequado para ervas. Remova as ervas daninhas regularmente e monitore-as em busca de sinais de pragas ou doen\u00e7as.<\/p>\n<h3>Colheita e utiliza\u00e7\u00e3o<\/h3>\n<figure id=\"attachment_82518\" aria-describedby=\"caption-attachment-82518\" style=\"width: 1200px\" class=\"wp-caption alignnone\"><img decoding=\"async\" class=\"size-full wp-image-82518\" src=\"https:\/\/www.aarquiteta.com.br\/blog\/wp-content\/uploads\/2023\/07\/jardim-de-ervas-5.jpg\" alt=\"Como Plantar Um Jardim de Ervas em Sua Varanda!\" width=\"1200\" height=\"800\" title=\"\" srcset=\"https:\/\/www.aarquiteta.com.br\/blog\/wp-content\/uploads\/2023\/07\/jardim-de-ervas-5.jpg 1200w, https:\/\/www.aarquiteta.com.br\/blog\/wp-content\/uploads\/2023\/07\/jardim-de-ervas-5-1024x683.jpg 1024w, https:\/\/www.aarquiteta.com.br\/blog\/wp-content\/uploads\/2023\/07\/jardim-de-ervas-5-696x464.jpg 696w, https:\/\/www.aarquiteta.com.br\/blog\/wp-content\/uploads\/2023\/07\/jardim-de-ervas-5-150x100.jpg 150w\" sizes=\"(max-width: 1200px) 100vw, 1200px\" \/><figcaption id=\"caption-attachment-82518\" class=\"wp-caption-text\">Foto: Canva.com<\/figcaption><\/figure>\n<p>\u00c0 medida que suas ervas crescem, voc\u00ea poder\u00e1 colh\u00ea-las e utiliz\u00e1-las em suas prepara\u00e7\u00f5es culin\u00e1rias. A colheita regular estimula o crescimento das plantas e permite que voc\u00ea desfrute de ervas frescas sempre que precisar.<\/p>\n<p>Corte as folhas ou ramos das ervas com cuidado, utilizando uma tesoura afiada. Lembre-se de deixar algumas folhas para as plantas continuarem crescendo.<\/p>\n<h3>Solu\u00e7\u00e3o de problemas<\/h3>\n<p>Ao cultivar um jardim de ervas, \u00e9 poss\u00edvel encontrar alguns problemas ao longo do caminho. Algumas das quest\u00f5es comuns incluem pragas, doen\u00e7as e defici\u00eancias nutricionais.<\/p>\n<p>Esteja atento a sinais de folhas murchas, manchas ou presen\u00e7a de insetos. Se identificar algum problema, procure solu\u00e7\u00f5es adequadas, como o uso de pesticidas org\u00e2nicos ou ajustes na alimenta\u00e7\u00e3o das plantas.<\/p>\n<h3>Perguntas Frequentes sobre como cultivar um Jardim de Ervas na Varanda:<\/h3>\n<figure id=\"attachment_82517\" aria-describedby=\"caption-attachment-82517\" style=\"width: 1200px\" class=\"wp-caption alignnone\"><img decoding=\"async\" class=\"size-full wp-image-82517\" src=\"https:\/\/www.aarquiteta.com.br\/blog\/wp-content\/uploads\/2023\/07\/jardim-de-ervas-6.jpg\" alt=\"Como Plantar Um Jardim de Ervas em Sua Varanda!\" width=\"1200\" height=\"800\" title=\"\" srcset=\"https:\/\/www.aarquiteta.com.br\/blog\/wp-content\/uploads\/2023\/07\/jardim-de-ervas-6.jpg 1200w, https:\/\/www.aarquiteta.com.br\/blog\/wp-content\/uploads\/2023\/07\/jardim-de-ervas-6-1024x683.jpg 1024w, https:\/\/www.aarquiteta.com.br\/blog\/wp-content\/uploads\/2023\/07\/jardim-de-ervas-6-696x464.jpg 696w, https:\/\/www.aarquiteta.com.br\/blog\/wp-content\/uploads\/2023\/07\/jardim-de-ervas-6-150x100.jpg 150w\" sizes=\"(max-width: 1200px) 100vw, 1200px\" \/><figcaption id=\"caption-attachment-82517\" class=\"wp-caption-text\">Foto: Canva.com<\/figcaption><\/figure>\n<p><strong>1. Quais s\u00e3o as melhores ervas para cultivar em uma varanda ensolarada? <\/strong><\/p>\n<p>As melhores ervas para uma varanda ensolarada incluem manjeric\u00e3o, salsa, cebolinha e tomilho. Elas prosperam com bastante luz solar direta.<\/p>\n<p><strong>2. \u00c9 necess\u00e1rio regar as ervas diariamente? <\/strong><\/p>\n<p>A frequ\u00eancia de rega depende das condi\u00e7\u00f5es clim\u00e1ticas e do tipo de ervas que voc\u00ea est\u00e1 cultivando. Em geral, regar as ervas duas vezes por semana \u00e9 suficiente, mas verifique sempre a umidade do solo.<\/p>\n<p><strong>3. Posso cultivar ervas em recipientes reciclados? <\/strong><\/p>\n<p>Sim, voc\u00ea pode utilizar recipientes reciclados para cultivar suas ervas. Certifique-se de fazer furos de drenagem adequados no fundo dos recipientes.<\/p>\n<p><strong>4. Como posso evitar o crescimento de ervas daninhas no meu jardim de ervas? <\/strong><\/p>\n<p>Remova as ervas daninhas regularmente, arrancando-as pela raiz. Utilizar cobertura morta, como palha, tamb\u00e9m pode ajudar a reduzir o crescimento de ervas daninhas.<\/p>\n<p><strong>5. Posso colher as ervas assim que plant\u00e1-las? <\/strong><\/p>\n<p>\u00c9 melhor permitir que as ervas cres\u00e7am um pouco antes de fazer a primeira colheita. Isso permitir\u00e1 que as plantas se estabele\u00e7am adequadamente e tenham um crescimento saud\u00e1vel.<\/p>\n<p><strong>6. Como posso secar as ervas para uso posterior? <\/strong><\/p>\n<p>Voc\u00ea pode secar as ervas pendurando-as de cabe\u00e7a para baixo em um local seco e arejado. Uma vez secas, voc\u00ea pode armazen\u00e1-las em potes herm\u00e9ticos.<\/p>\n<p><strong>7. As ervas precisam de luz solar direta o dia todo? <\/strong><\/p>\n<p>Embora a maioria das ervas precise de luz solar direta, algumas podem tolerar um pouco de sombra. Certifique-se de verificar as necessidades espec\u00edficas de cada erva que voc\u00ea est\u00e1 cultivando.<\/p>\n<p>Plantar um jardim de ervas em sua varanda \u00e9 uma forma gratificante de cultivar seus pr\u00f3prios temperos frescos.<\/p>\n<p>Com as orienta\u00e7\u00f5es certas, voc\u00ea pode criar um ambiente prop\u00edcio ao crescimento saud\u00e1vel das ervas e desfrutar dos benef\u00edcios de colher ingredientes frescos e saborosos. Siga as etapas deste guia e mergulhe no mundo encantador dos jardins de ervas caseiros!<\/p>\n<h3>Curiosidade!<\/h3>\n<p><strong>Voc\u00ea sabia que algumas ervas, como a lavanda e a hortel\u00e3, possuem propriedades repelentes de insetos?<\/strong><\/p>\n<p>Al\u00e9m de serem \u00fateis na cozinha, essas plantas podem ajudar a afastar mosquitos e outros insetos indesejados. Adicione algumas dessas ervas ao seu jardim e desfrute de uma varanda livre de picadas!<\/p>\n<p>Gostou? Espero que este artigo tenha ajudado voc\u00ea!<\/p>\n<p>Ent\u00e3o deslize a tela para baixo e<a href=\"https:\/\/br.pinterest.com\/aarquitetapinterest\/_created\/\" target=\"_blank\" rel=\"noopener\">\u00a0confira mais dicas<\/a>\u00a0como esta e n\u00e3o se esque\u00e7a de compartilhar com os amigos!<\/p>\n<p>Quer mais dicas sobre o mundo da <a href=\"https:\/\/www.aarquiteta.com.br\/blog\/o-que-e-arquitetura\/\">Arquitetura<\/a>\u00a0e\u00a0<a href=\"https:\/\/www.aarquiteta.com.br\/blog\/decoracao\/\">Decora\u00e7\u00e3o<\/a>, ent\u00e3o confira alguns dos nossos artigos em:<\/p>\n<ul>\n<li><a href=\"https:\/\/www.aarquiteta.com.br\/blog\/paisagismo\/\" target=\"_blank\" rel=\"noopener\">Casa e Jardim<\/a><\/li>\n<li><a href=\"https:\/\/www.aarquiteta.com.br\/blog\/arquitetura\/mundo-arquitetura\/\" target=\"_blank\" rel=\"noopener\">Mundo Arquitetura<\/a><\/li>\n<li><a href=\"https:\/\/www.aarquiteta.com.br\/decoracao\/\" target=\"_blank\" rel=\"noopener\">Decora\u00e7\u00e3o\u00a0<\/a><\/li>\n<\/ul>\n","protected":false},"excerpt":{"rendered":"<p>Como Plantar Um Jardim de Ervas em Sua Varanda! Descubra como plantar um jardim de ervas em sua varanda. Aprenda a escolher as ervas certas, preparar o solo e cuidar das plantas. Desfrute de temperos frescos o ano todo! Ter um jardim de ervas em sua varanda \u00e9 uma maneira fant\u00e1stica de ter acesso a [&hellip;]<\/p>\n","protected":false},"author":102,"featured_media":82521,"comment_status":"closed","ping_status":"closed","sticky":false,"template":"","format":"standard","meta":{"footnotes":""},"categories":[10005,9612],"tags":[31349],"class_list":["post-82512","post","type-post","status-publish","format-standard","has-post-thumbnail","category-casa-e-jardim","category-jardinagem","tag-jardim-de-ervas"],"_wp_attached_file":null,"_wp_attachment_metadata":null,"_wp_attachment_context":null,"_wp_attachment_is_custom_header":null,"geo_longitude":null,"geo_public":null,"geo_latitude":null,"_publicize_done_external":null,"_wpas_done_3897181":null,"publicize_twitter_user":null,"_wpas_done_3897175":null,"_wpas_skip_3897181":null,"_wpas_skip_3897175":null,"_wpas_skip_3924723":null,"_wpas_mess":null,"_wpas_done_3924723":null,"wps_subtitle":"Descubra como plantar um jardim de ervas em sua varanda. Aprenda a escolher as ervas certas, preparar o solo e cuidar das plantas. Desfrute de temperos frescos o ano todo!","_links":{"self":[{"href":"https:\/\/www.aarquiteta.com.br\/blog\/wp-json\/wp\/v2\/posts\/82512","targetHints":{"allow":["GET"]}}],"collection":[{"href":"https:\/\/www.aarquiteta.com.br\/blog\/wp-json\/wp\/v2\/posts"}],"about":[{"href":"https:\/\/www.aarquiteta.com.br\/blog\/wp-json\/wp\/v2\/types\/post"}],"author":[{"embeddable":true,"href":"https:\/\/www.aarquiteta.com.br\/blog\/wp-json\/wp\/v2\/users\/102"}],"replies":[{"embeddable":true,"href":"https:\/\/www.aarquiteta.com.br\/blog\/wp-json\/wp\/v2\/comments?post=82512"}],"version-history":[{"count":0,"href":"https:\/\/www.aarquiteta.com.br\/blog\/wp-json\/wp\/v2\/posts\/82512\/revisions"}],"wp:featuredmedia":[{"embeddable":true,"href":"https:\/\/www.aarquiteta.com.br\/blog\/wp-json\/wp\/v2\/media\/82521"}],"wp:attachment":[{"href":"https:\/\/www.aarquiteta.com.br\/blog\/wp-json\/wp\/v2\/media?parent=82512"}],"wp:term":[{"taxonomy":"category","embeddable":true,"href":"https:\/\/www.aarquiteta.com.br\/blog\/wp-json\/wp\/v2\/categories?post=82512"},{"taxonomy":"post_tag","embeddable":true,"href":"https:\/\/www.aarquiteta.com.br\/blog\/wp-json\/wp\/v2\/tags?post=82512"}],"curies":[{"name":"wp","href":"https:\/\/api.w.org\/{rel}","templated":true}]}}