{"id":82283,"date":"2023-07-03T06:00:29","date_gmt":"2023-07-03T09:00:29","guid":{"rendered":"http:\/\/aarquiteta.com.br\/?p=82283"},"modified":"2023-07-20T19:26:07","modified_gmt":"2023-07-20T22:26:07","slug":"edificios-iconicos-do-brasil","status":"publish","type":"post","link":"https:\/\/www.aarquiteta.com.br\/blog\/edificios-iconicos-do-brasil\/","title":{"rendered":"5 Edif\u00edcios Ic\u00f4nicos do Brasil e Suas Hist\u00f3rias!"},"content":{"rendered":"<p>5 Edif\u00edcios Ic\u00f4nicos do Brasil e Suas Hist\u00f3rias! Descubra a hist\u00f3ria por tr\u00e1s de 5 edif\u00edcios ic\u00f4nicos do Brasil e encante-se com sua arquitetura deslumbrante. Conhe\u00e7a o Cristo Redentor, o Teatro Amazonas, o Museu de Arte Contempor\u00e2nea de Niter\u00f3i, o Pal\u00e1cio Gustavo Capanema e o Museu do Amanh\u00e3.<\/p>\n<p>Voc\u00ea j\u00e1 parou para admirar a beleza e a impon\u00eancia dos edif\u00edcios ic\u00f4nicos? Essas constru\u00e7\u00f5es se tornam verdadeiros s\u00edmbolos de um pa\u00eds, representando sua hist\u00f3ria, cultura e arquitetura.<\/p>\n<p>O Brasil \u00e9 um pa\u00eds que abriga diversos edif\u00edcios ic\u00f4nicos, cada um com sua pr\u00f3pria hist\u00f3ria fascinante. Neste artigo, vamos explorar a hist\u00f3ria por tr\u00e1s de 5 edif\u00edcios ic\u00f4nicos do Brasil, revelando detalhes intrigantes e curiosidades que certamente despertar\u00e3o sua admira\u00e7\u00e3o.<\/p>\n<h2>Descubra a hist\u00f3ria por tr\u00e1s de 5 edif\u00edcios ic\u00f4nicos do Brasil!<\/h2>\n<h2>O Cristo Redentor<\/h2>\n<figure id=\"attachment_82254\" aria-describedby=\"caption-attachment-82254\" style=\"width: 1200px\" class=\"wp-caption alignnone\"><img decoding=\"async\" class=\"wp-image-82254 size-full\" title=\"5 Edif\u00edcios Ic\u00f4nicos do Brasil e Suas Hist\u00f3rias!\" src=\"https:\/\/www.aarquiteta.com.br\/blog\/wp-content\/uploads\/2023\/06\/Fatos-Sobre-o-Rio-de-Janeiro-1.jpg\" alt=\"5 Edif\u00edcios Ic\u00f4nicos do Brasil e Suas Hist\u00f3rias!\" width=\"1200\" height=\"800\" srcset=\"https:\/\/www.aarquiteta.com.br\/blog\/wp-content\/uploads\/2023\/06\/Fatos-Sobre-o-Rio-de-Janeiro-1.jpg 1200w, https:\/\/www.aarquiteta.com.br\/blog\/wp-content\/uploads\/2023\/06\/Fatos-Sobre-o-Rio-de-Janeiro-1-1024x683.jpg 1024w, https:\/\/www.aarquiteta.com.br\/blog\/wp-content\/uploads\/2023\/06\/Fatos-Sobre-o-Rio-de-Janeiro-1-696x464.jpg 696w, https:\/\/www.aarquiteta.com.br\/blog\/wp-content\/uploads\/2023\/06\/Fatos-Sobre-o-Rio-de-Janeiro-1-150x100.jpg 150w\" sizes=\"(max-width: 1200px) 100vw, 1200px\" \/><figcaption id=\"caption-attachment-82254\" class=\"wp-caption-text\">Foto: Canva.com<\/figcaption><\/figure>\n<h3>Hist\u00f3ria e Significado<\/h3>\n<p>Um dos s\u00edmbolos mais reconhecidos do Brasil, o Cristo Redentor, localizado no topo do Morro do Corcovado, no Rio de Janeiro, tem uma hist\u00f3ria fascinante. Inaugurado em 1931, o Cristo Redentor foi constru\u00eddo para comemorar o centen\u00e1rio da independ\u00eancia do Brasil.<\/p>\n<p>Sua imponente est\u00e1tua de 30 metros de altura representa Jesus Cristo com os bra\u00e7os abertos, simbolizando a mensagem de paz e acolhimento.<\/p>\n<h3>O Processo de Constru\u00e7\u00e3o<\/h3>\n<p>A constru\u00e7\u00e3o do Cristo Redentor envolveu um trabalho \u00e1rduo e meticuloso. A est\u00e1tua foi projetada pelo engenheiro Heitor da Silva Costa e esculpida por Paul Landowski, um escultor franc\u00eas renomado.<\/p>\n<p>O projeto exigiu o uso de materiais dur\u00e1veis e resistentes \u00e0s condi\u00e7\u00f5es clim\u00e1ticas adversas. Foram necess\u00e1rios anos de planejamento e trabalho conjunto de engenheiros, arquitetos e oper\u00e1rios para erguer essa maravilha arquitet\u00f4nica.<\/p>\n<h3>Curiosidades sobre o Cristo Redentor<\/h3>\n<p>Voc\u00ea sabia que o Cristo Redentor \u00e9 um dos Novos Sete Patrim\u00f4nios do Mundo? Al\u00e9m disso, a est\u00e1tua recebe milh\u00f5es de visitantes todos os anos e oferece uma vista deslumbrante da cidade do Rio de Janeiro.<\/p>\n<p>O Cristo Redentor tamb\u00e9m j\u00e1 foi palco de diversos eventos e celebra\u00e7\u00f5es, se tornando um s\u00edmbolo de uni\u00e3o e diversidade.<\/p>\n<h2>O Teatro Amazonas<\/h2>\n<figure id=\"attachment_82404\" aria-describedby=\"caption-attachment-82404\" style=\"width: 1200px\" class=\"wp-caption alignnone\"><img decoding=\"async\" class=\"wp-image-82404 size-full\" title=\"5 Edif\u00edcios Ic\u00f4nicos do Brasil e Suas Hist\u00f3rias!\" src=\"https:\/\/www.aarquiteta.com.br\/blog\/wp-content\/uploads\/2023\/07\/Teatro_Amazonas-rio-de-janeiro.jpg\" alt=\"5 Edif\u00edcios Ic\u00f4nicos do Brasil e Suas Hist\u00f3rias!\" width=\"1200\" height=\"578\" srcset=\"https:\/\/www.aarquiteta.com.br\/blog\/wp-content\/uploads\/2023\/07\/Teatro_Amazonas-rio-de-janeiro.jpg 1200w, https:\/\/www.aarquiteta.com.br\/blog\/wp-content\/uploads\/2023\/07\/Teatro_Amazonas-rio-de-janeiro-1024x493.jpg 1024w, https:\/\/www.aarquiteta.com.br\/blog\/wp-content\/uploads\/2023\/07\/Teatro_Amazonas-rio-de-janeiro-696x335.jpg 696w, https:\/\/www.aarquiteta.com.br\/blog\/wp-content\/uploads\/2023\/07\/Teatro_Amazonas-rio-de-janeiro-150x72.jpg 150w\" sizes=\"(max-width: 1200px) 100vw, 1200px\" \/><figcaption id=\"caption-attachment-82404\" class=\"wp-caption-text\">Foto: Wikipedia<\/figcaption><\/figure>\n<h3>O Teatro na Selva<\/h3>\n<p>Localizado na cidade de Manaus, no cora\u00e7\u00e3o da Floresta Amaz\u00f4nica, o Teatro Amazonas \u00e9 um exemplo impressionante de arquitetura cl\u00e1ssica em meio \u00e0 exuber\u00e2ncia da natureza. Inaugurado em 1896, o teatro foi constru\u00eddo durante a \u00e9poca do Ciclo da Borracha, per\u00edodo de grande riqueza na regi\u00e3o.<\/p>\n<p>Sua grandiosidade refletia a opul\u00eancia e o desejo de inserir Manaus no circuito cultural mundial.<\/p>\n<h3>A Hist\u00f3ria do Teatro Amazonas<\/h3>\n<p>O Teatro Amazonas foi projetado pelo arquiteto italiano Celestial Sacardim e constru\u00eddo com materiais importados da Europa, como ferro da Inglaterra, m\u00e1rmores da It\u00e1lia e lustres de cristal da Fran\u00e7a.<\/p>\n<p>Sua fachada neocl\u00e1ssica, com elementos renascentistas e barrocos, \u00e9 uma verdadeira obra de arte. Durante sua hist\u00f3ria, o teatro passou por momentos de abandono, mas hoje foi restaurado e \u00e9 considerado um dos teatros mais belos e importantes do Brasil.<\/p>\n<h3>Arquitetura e Detalhes do Teatro<\/h3>\n<p>Al\u00e9m de sua imponente fachada, o Teatro Amazonas possui um interior igualmente magn\u00edfico. Seu sal\u00e3o principal \u00e9 adornado com pinturas murais, lustres majestosos e uma c\u00fapula pintada com detalhes inspirados na Floresta Amaz\u00f4nica.<\/p>\n<p>O teatro continua sendo um importante centro cultural, abrigando \u00f3peras, concertos e eventos art\u00edsticos que encantam visitantes de todo o mundo.<\/p>\n<h2>O Museu de Arte Contempor\u00e2nea de Niter\u00f3i<\/h2>\n<figure id=\"attachment_82242\" aria-describedby=\"caption-attachment-82242\" style=\"width: 1200px\" class=\"wp-caption alignnone\"><img decoding=\"async\" class=\"wp-image-82242 size-full\" title=\"5 Edif\u00edcios Ic\u00f4nicos do Brasil e Suas Hist\u00f3rias!\" src=\"https:\/\/www.aarquiteta.com.br\/blog\/wp-content\/uploads\/2023\/06\/Obras-Arquitetonicas-Brasileiras.jpg\" alt=\"5 Edif\u00edcios Ic\u00f4nicos do Brasil e Suas Hist\u00f3rias!\" width=\"1200\" height=\"800\" srcset=\"https:\/\/www.aarquiteta.com.br\/blog\/wp-content\/uploads\/2023\/06\/Obras-Arquitetonicas-Brasileiras.jpg 1200w, https:\/\/www.aarquiteta.com.br\/blog\/wp-content\/uploads\/2023\/06\/Obras-Arquitetonicas-Brasileiras-1024x683.jpg 1024w, https:\/\/www.aarquiteta.com.br\/blog\/wp-content\/uploads\/2023\/06\/Obras-Arquitetonicas-Brasileiras-696x464.jpg 696w, https:\/\/www.aarquiteta.com.br\/blog\/wp-content\/uploads\/2023\/06\/Obras-Arquitetonicas-Brasileiras-150x100.jpg 150w\" sizes=\"(max-width: 1200px) 100vw, 1200px\" \/><figcaption id=\"caption-attachment-82242\" class=\"wp-caption-text\">Foto: Canva.com<\/figcaption><\/figure>\n<h3>A Arquitetura Ousada de Oscar Niemeyer<\/h3>\n<p>O Museu de Arte Contempor\u00e2nea de Niter\u00f3i, tamb\u00e9m conhecido como MAC, \u00e9 um exemplo not\u00e1vel da genialidade do renomado arquiteto brasileiro Oscar Niemeyer.<\/p>\n<p>Sua arquitetura arrojada e futurista chama a aten\u00e7\u00e3o de todos que o visitam. Inaugurado em 1996, o MAC se destaca por sua estrutura circular e suas paredes de vidro, proporcionando uma vis\u00e3o panor\u00e2mica deslumbrante da Ba\u00eda de Guanabara.<\/p>\n<h3>A Hist\u00f3ria do Museu de Arte Contempor\u00e2nea<\/h3>\n<p>O MAC foi idealizado para abrigar exposi\u00e7\u00f5es e obras de arte contempor\u00e2nea, estimulando o di\u00e1logo entre artistas e p\u00fablico. A constru\u00e7\u00e3o do museu foi um desafio, pois a geologia inst\u00e1vel do local exigiu solu\u00e7\u00f5es engenhosas para a estabilidade do edif\u00edcio.<\/p>\n<p>O resultado final \u00e9 uma obra-prima arquitet\u00f4nica que se tornou um \u00edcone da cidade de Niter\u00f3i e um destino imperd\u00edvel para amantes da arte.<\/p>\n<h3>Exposi\u00e7\u00f5es e Obras Destacadas<\/h3>\n<p>O Museu de Arte Contempor\u00e2nea de Niter\u00f3i abriga exposi\u00e7\u00f5es tempor\u00e1rias e permanentes que apresentam obras de artistas brasileiros e internacionais. O espa\u00e7o amplo e iluminado valoriza as obras expostas, criando uma experi\u00eancia \u00fanica para os visitantes.<\/p>\n<p>O MAC tamb\u00e9m oferece atividades educativas e eventos culturais, promovendo o acesso \u00e0 arte e a valoriza\u00e7\u00e3o da criatividade contempor\u00e2nea.<\/p>\n<h2>O Pal\u00e1cio Gustavo Capanema<\/h2>\n<figure id=\"attachment_82405\" aria-describedby=\"caption-attachment-82405\" style=\"width: 800px\" class=\"wp-caption alignnone\"><img decoding=\"async\" class=\"size-full wp-image-82405\" src=\"https:\/\/www.aarquiteta.com.br\/blog\/wp-content\/uploads\/2023\/07\/Palacio-Gustavo-Capanema.jpg\" alt=\"5 Edif\u00edcios Ic\u00f4nicos do Brasil e Suas Hist\u00f3rias!\" width=\"800\" height=\"1067\" title=\"\" srcset=\"https:\/\/www.aarquiteta.com.br\/blog\/wp-content\/uploads\/2023\/07\/Palacio-Gustavo-Capanema.jpg 800w, https:\/\/www.aarquiteta.com.br\/blog\/wp-content\/uploads\/2023\/07\/Palacio-Gustavo-Capanema-768x1024.jpg 768w, https:\/\/www.aarquiteta.com.br\/blog\/wp-content\/uploads\/2023\/07\/Palacio-Gustavo-Capanema-696x928.jpg 696w, https:\/\/www.aarquiteta.com.br\/blog\/wp-content\/uploads\/2023\/07\/Palacio-Gustavo-Capanema-640x853.jpg 640w, https:\/\/www.aarquiteta.com.br\/blog\/wp-content\/uploads\/2023\/07\/Palacio-Gustavo-Capanema-150x200.jpg 150w\" sizes=\"(max-width: 800px) 100vw, 800px\" \/><figcaption id=\"caption-attachment-82405\" class=\"wp-caption-text\">Foto: Wikipedia<\/figcaption><\/figure>\n<h3>O Primeiro Edif\u00edcio Modernista do Brasil<\/h3>\n<p>O Pal\u00e1cio Gustavo Capanema, localizado no Rio de Janeiro, \u00e9 considerado o primeiro edif\u00edcio modernista do Brasil.<\/p>\n<p>Constru\u00eddo entre 1937 e 1945, durante o governo de Get\u00falio Vargas, o pal\u00e1cio foi projetado por um grupo de arquitetos liderados por L\u00facio Costa e Oscar Niemeyer.<\/p>\n<p>Sua constru\u00e7\u00e3o marcou uma ruptura com a arquitetura tradicional, incorporando elementos modernos e funcionais.<\/p>\n<h3>O Contexto da Constru\u00e7\u00e3o<\/h3>\n<p>O Pal\u00e1cio Gustavo Capanema foi constru\u00eddo como sede do Minist\u00e9rio da Educa\u00e7\u00e3o e Sa\u00fade P\u00fablica na \u00e9poca. O projeto refletia os ideais de moderniza\u00e7\u00e3o e progresso do governo Vargas, buscando um novo estilo arquitet\u00f4nico que representasse o Brasil contempor\u00e2neo.<\/p>\n<p>A constru\u00e7\u00e3o do pal\u00e1cio envolveu a colabora\u00e7\u00e3o de diversos artistas e intelectuais, resultando em uma obra-prima da arquitetura moderna.<\/p>\n<h3>Influ\u00eancia e Import\u00e2ncia do Pal\u00e1cio Gustavo Capanema<\/h3>\n<p>O Pal\u00e1cio Gustavo Capanema teve um impacto significativo na arquitetura brasileira e internacional. Seu estilo modernista, caracterizado pelo uso de concreto armado, linhas simples e funcionalidade, influenciou gera\u00e7\u00f5es de arquitetos e se tornou um marco na hist\u00f3ria da arquitetura moderna.<\/p>\n<p>Atualmente, o pal\u00e1cio abriga o Centro Cultural do Minist\u00e9rio da Sa\u00fade e continua sendo um s\u00edmbolo do movimento modernista no Brasil.<\/p>\n<h2>O Museu do Amanh\u00e3<\/h2>\n<figure id=\"attachment_82406\" aria-describedby=\"caption-attachment-82406\" style=\"width: 1200px\" class=\"wp-caption alignnone\"><img decoding=\"async\" class=\"wp-image-82406 size-full\" src=\"https:\/\/www.aarquiteta.com.br\/blog\/wp-content\/uploads\/2023\/07\/curiosidades-sobre-rio-de-janeiro-1.jpg\" alt=\"5 Edif\u00edcios Ic\u00f4nicos do Brasil e Suas Hist\u00f3rias!\" width=\"1200\" height=\"800\" title=\"\" srcset=\"https:\/\/www.aarquiteta.com.br\/blog\/wp-content\/uploads\/2023\/07\/curiosidades-sobre-rio-de-janeiro-1.jpg 1200w, https:\/\/www.aarquiteta.com.br\/blog\/wp-content\/uploads\/2023\/07\/curiosidades-sobre-rio-de-janeiro-1-1024x683.jpg 1024w, https:\/\/www.aarquiteta.com.br\/blog\/wp-content\/uploads\/2023\/07\/curiosidades-sobre-rio-de-janeiro-1-696x464.jpg 696w, https:\/\/www.aarquiteta.com.br\/blog\/wp-content\/uploads\/2023\/07\/curiosidades-sobre-rio-de-janeiro-1-150x100.jpg 150w\" sizes=\"(max-width: 1200px) 100vw, 1200px\" \/><figcaption id=\"caption-attachment-82406\" class=\"wp-caption-text\">Foto: Canva.com<\/figcaption><\/figure>\n<h3>A Arquitetura Futurista de Santiago Calatrava<\/h3>\n<p>Localizado na regi\u00e3o portu\u00e1ria do Rio de Janeiro, o Museu do Amanh\u00e3 \u00e9 uma joia arquitet\u00f4nica projetada pelo renomado arquiteto espanhol Santiago Calatrava.<\/p>\n<p>Inaugurado em 2015, o museu se destaca por sua estrutura futurista e sustent\u00e1vel, que representa um convite para explorar as possibilidades do futuro.<\/p>\n<h3>O Conceito por Tr\u00e1s do Museu do Amanh\u00e3<\/h3>\n<p>O Museu do Amanh\u00e3 foi concebido como um espa\u00e7o interativo e educativo, explorando temas como ci\u00eancia, tecnologia, sustentabilidade e o futuro da humanidade.<\/p>\n<p>Sua arquitetura impressionante, com formas org\u00e2nicas e materiais eco-friendly, reflete a preocupa\u00e7\u00e3o com o meio ambiente e a busca por solu\u00e7\u00f5es inovadoras para os desafios do nosso tempo.<\/p>\n<p>O museu oferece exposi\u00e7\u00f5es imersivas e experi\u00eancias interativas, convidando os visitantes a refletirem sobre o impacto de suas a\u00e7\u00f5es no futuro do planeta.<\/p>\n<h3>Experi\u00eancias Interativas e Tem\u00e1ticas Abordadas<\/h3>\n<p>No Museu do Amanh\u00e3, os visitantes t\u00eam a oportunidade de explorar diversas exposi\u00e7\u00f5es que abordam temas como a evolu\u00e7\u00e3o humana, o surgimento da vida, as mudan\u00e7as clim\u00e1ticas e o papel da tecnologia no futuro.<\/p>\n<p>Por meio de instala\u00e7\u00f5es interativas, proje\u00e7\u00f5es audiovisuais e recursos de realidade virtual, o museu proporciona uma experi\u00eancia \u00fanica e cativante, estimulando a reflex\u00e3o sobre o nosso papel como agentes de transforma\u00e7\u00e3o no mundo.<\/p>\n<p>Os 5 edif\u00edcios ic\u00f4nicos do Brasil que exploramos neste artigo s\u00e3o apenas uma pequena amostra da riqueza arquitet\u00f4nica e hist\u00f3rica do pa\u00eds.<\/p>\n<p>Cada um deles possui uma hist\u00f3ria fascinante e representa um cap\u00edtulo importante na constru\u00e7\u00e3o da identidade cultural brasileira. Essas obras-primas arquitet\u00f4nicas s\u00e3o testemunhos da criatividade, do talento e do esp\u00edrito vision\u00e1rio de seus criadores.<\/p>\n<p>Ao visitar esses edif\u00edcios ic\u00f4nicos, mergulhamos em um mundo de beleza, arte e hist\u00f3ria. Eles nos convidam a refletir sobre a import\u00e2ncia da preserva\u00e7\u00e3o do patrim\u00f4nio arquitet\u00f4nico e a valoriza\u00e7\u00e3o da cultura brasileira.<\/p>\n<p>N\u00e3o deixe de explorar esses tesouros arquitet\u00f4nicos e descobrir as hist\u00f3rias fascinantes que eles t\u00eam a contar.<\/p>\n<p>Os edif\u00edcios ic\u00f4nicos do Brasil s\u00e3o verdadeiros tesouros culturais e arquitet\u00f4nicos. Eles contam hist\u00f3rias fascinantes e representam a riqueza da hist\u00f3ria e cultura brasileiras.<\/p>\n<p>Essas constru\u00e7\u00f5es monumentais s\u00e3o testemunhas de per\u00edodos importantes da hist\u00f3ria do pa\u00eds, al\u00e9m de serem exemplos impressionantes de talento arquitet\u00f4nico.<\/p>\n<p>Ao explorar a hist\u00f3ria por tr\u00e1s desses edif\u00edcios ic\u00f4nicos, somos levados a uma jornada de descoberta e admira\u00e7\u00e3o. Eles nos proporcionam uma conex\u00e3o profunda com o passado e nos permitem apreciar a engenhosidade e a vis\u00e3o dos arquitetos e construtores que deram vida a essas obras.<\/p>\n<p>A curiosidade nos leva a explorar mais sobre a arquitetura brasileira e a apreciar a diversidade e a criatividade presente nessas constru\u00e7\u00f5es marcantes.<\/p>\n<p>Cada edif\u00edcio conta uma hist\u00f3ria \u00fanica e nos convida a refletir sobre a import\u00e2ncia da preserva\u00e7\u00e3o e valoriza\u00e7\u00e3o do patrim\u00f4nio cultural e arquitet\u00f4nico do Brasil.<\/p>\n<h3>Curiosidade!<\/h3>\n<p><strong>Voc\u00ea sabia que o Teatro Amazonas foi constru\u00eddo durante o auge do Ciclo da Borracha, per\u00edodo em que a regi\u00e3o amaz\u00f4nica experimentou um grande crescimento econ\u00f4mico? <\/strong><\/p>\n<p>Esse per\u00edodo de prosperidade permitiu a constru\u00e7\u00e3o de uma obra grandiosa que refletisse a riqueza e o poder da \u00e9poca.<\/p>\n<p>Explore esses edif\u00edcios ic\u00f4nicos, mergulhe em sua hist\u00f3ria e maravilhe-se com sua arquitetura deslumbrante.<\/p>\n<p>Eles s\u00e3o verdadeiros s\u00edmbolos da identidade brasileira e representam um legado cultural que deve ser apreciado e preservado para as futuras gera\u00e7\u00f5es.<\/p>\n<h3>Perguntas Frequentes sobre Edif\u00edcios Ic\u00f4nicos do Brasil<\/h3>\n<p><strong>Qual \u00e9 o edif\u00edcio ic\u00f4nico mais antigo do Brasil?<\/strong><\/p>\n<p>R: O edif\u00edcio ic\u00f4nico mais antigo do Brasil \u00e9 o Teatro Amazonas, inaugurado em 1896.<\/p>\n<p><strong>Onde est\u00e1 localizado o Museu de Arte Contempor\u00e2nea de Niter\u00f3i?<\/strong><\/p>\n<p>R: O Museu de Arte Contempor\u00e2nea de Niter\u00f3i est\u00e1 localizado na cidade de Niter\u00f3i, no estado do Rio de Janeiro, Brasil.<\/p>\n<p><strong>Qual \u00e9 a altura do Cristo Redentor?<\/strong><\/p>\n<p>R: O Cristo Redentor possui uma altura de 30 metros.<\/p>\n<p><strong>O Pal\u00e1cio Gustavo Capanema ainda \u00e9 utilizado para fins governamentais?<\/strong><\/p>\n<p>R: N\u00e3o, atualmente o Pal\u00e1cio Gustavo Capanema abriga o Centro Cultural do Minist\u00e9rio da Sa\u00fade.<\/p>\n<p><strong>Como posso visitar o Museu do Amanh\u00e3?<\/strong><\/p>\n<p>R: O Museu do Amanh\u00e3 est\u00e1 localizado na regi\u00e3o portu\u00e1ria do Rio de Janeiro. \u00c9 acess\u00edvel por meio de transporte p\u00fablico ou carro particular. Recomenda-se verificar os hor\u00e1rios de funcionamento e adquirir ingressos com anteced\u00eancia.<\/p>\n<p>Gostou? Espero que este artigo tenha ajudado voc\u00ea!<\/p>\n<p>Ent\u00e3o deslize a tela para baixo e<a href=\"https:\/\/br.pinterest.com\/aarquitetapinterest\/_created\/\" target=\"_blank\" rel=\"noopener\">\u00a0confira mais dicas<\/a>\u00a0como esta e n\u00e3o se esque\u00e7a de compartilhar com os amigos!<\/p>\n<p>Quer mais dicas sobre o mundo da <a href=\"https:\/\/www.aarquiteta.com.br\/blog\/o-que-e-arquitetura\/\">Arquitetura<\/a>\u00a0e\u00a0<a href=\"https:\/\/www.aarquiteta.com.br\/blog\/decoracao\/\">Decora\u00e7\u00e3o<\/a>, ent\u00e3o confira alguns dos nossos artigos em:<\/p>\n<ul>\n<li><a href=\"https:\/\/www.aarquiteta.com.br\/blog\/paisagismo\/\" target=\"_blank\" rel=\"noopener\">Casa e Jardim<\/a><\/li>\n<li><a href=\"https:\/\/www.aarquiteta.com.br\/blog\/arquitetura\/mundo-arquitetura\/\" target=\"_blank\" rel=\"noopener\">Mundo Arquitetura<\/a><\/li>\n<li><a href=\"https:\/\/www.aarquiteta.com.br\/decoracao\/\" target=\"_blank\" rel=\"noopener\">Decora\u00e7\u00e3o<br \/>\n<\/a><\/li>\n<\/ul>\n","protected":false},"excerpt":{"rendered":"<p>5 Edif\u00edcios Ic\u00f4nicos do Brasil e Suas Hist\u00f3rias! Descubra a hist\u00f3ria por tr\u00e1s de 5 edif\u00edcios ic\u00f4nicos do Brasil e encante-se com sua arquitetura deslumbrante. Conhe\u00e7a o Cristo Redentor, o Teatro Amazonas, o Museu de Arte Contempor\u00e2nea de Niter\u00f3i, o Pal\u00e1cio Gustavo Capanema e o Museu do Amanh\u00e3. Voc\u00ea j\u00e1 parou para admirar a beleza [&hellip;]<\/p>\n","protected":false},"author":102,"featured_media":82404,"comment_status":"closed","ping_status":"closed","sticky":false,"template":"","format":"standard","meta":{"footnotes":""},"categories":[1507,144],"tags":[1181,8639,4043,31245,31243,31239,4568,31240,31244,3997,2731,31242,3185,31241,31246],"class_list":["post-82283","post","type-post","status-publish","format-standard","has-post-thumbnail","category-arquitetura","category-mundo-arquitetura","tag-arquitetura-brasileira","tag-arquitetura-famosa","tag-atracoes-turisticas","tag-construcoes-emblematicas","tag-destinos-imperdiveis","tag-edificios-iconicos","tag-historia-da-arquitetura","tag-marcos-arquitetonicos","tag-monumentos-historicos","tag-patrimonio-cultural","tag-pontos-turisticos","tag-simbolos-nacionais","tag-turismo-cultural","tag-turismo-historico","tag-visitas-guiadas"],"_wp_attached_file":null,"_wp_attachment_metadata":null,"_wp_attachment_context":null,"_wp_attachment_is_custom_header":null,"geo_longitude":null,"geo_public":null,"geo_latitude":null,"_publicize_done_external":null,"_wpas_done_3897181":null,"publicize_twitter_user":null,"_wpas_done_3897175":null,"_wpas_skip_3897181":null,"_wpas_skip_3897175":null,"_wpas_skip_3924723":null,"_wpas_mess":null,"_wpas_done_3924723":null,"wps_subtitle":"Descubra a hist\u00f3ria por tr\u00e1s de 5 edif\u00edcios ic\u00f4nicos do Brasil e encante-se com sua arquitetura deslumbrante. Conhe\u00e7a o Cristo Redentor, o Teatro Amazonas, o Museu de Arte Contempor\u00e2nea de Niter\u00f3i, o Pal\u00e1cio Gustavo Capanema e o Museu do Amanh\u00e3.","_links":{"self":[{"href":"https:\/\/www.aarquiteta.com.br\/blog\/wp-json\/wp\/v2\/posts\/82283","targetHints":{"allow":["GET"]}}],"collection":[{"href":"https:\/\/www.aarquiteta.com.br\/blog\/wp-json\/wp\/v2\/posts"}],"about":[{"href":"https:\/\/www.aarquiteta.com.br\/blog\/wp-json\/wp\/v2\/types\/post"}],"author":[{"embeddable":true,"href":"https:\/\/www.aarquiteta.com.br\/blog\/wp-json\/wp\/v2\/users\/102"}],"replies":[{"embeddable":true,"href":"https:\/\/www.aarquiteta.com.br\/blog\/wp-json\/wp\/v2\/comments?post=82283"}],"version-history":[{"count":0,"href":"https:\/\/www.aarquiteta.com.br\/blog\/wp-json\/wp\/v2\/posts\/82283\/revisions"}],"wp:featuredmedia":[{"embeddable":true,"href":"https:\/\/www.aarquiteta.com.br\/blog\/wp-json\/wp\/v2\/media\/82404"}],"wp:attachment":[{"href":"https:\/\/www.aarquiteta.com.br\/blog\/wp-json\/wp\/v2\/media?parent=82283"}],"wp:term":[{"taxonomy":"category","embeddable":true,"href":"https:\/\/www.aarquiteta.com.br\/blog\/wp-json\/wp\/v2\/categories?post=82283"},{"taxonomy":"post_tag","embeddable":true,"href":"https:\/\/www.aarquiteta.com.br\/blog\/wp-json\/wp\/v2\/tags?post=82283"}],"curies":[{"name":"wp","href":"https:\/\/api.w.org\/{rel}","templated":true}]}}