{"id":81988,"date":"2023-06-29T12:00:37","date_gmt":"2023-06-29T15:00:37","guid":{"rendered":"http:\/\/aarquiteta.com.br\/?p=81988"},"modified":"2024-10-13T14:28:07","modified_gmt":"2024-10-13T17:28:07","slug":"armarios-com-portas-de-vidro","status":"publish","type":"post","link":"https:\/\/www.aarquiteta.com.br\/blog\/armarios-com-portas-de-vidro\/","title":{"rendered":"Arm\u00e1rios com Portas de Vidro: Eleg\u00e2ncia e Amplitude na Decora\u00e7\u00e3o!"},"content":{"rendered":"<p><a href=\"https:\/\/www.aarquiteta.com.br\/blog\/home-decor\/acessorios-para-decoracao\/armarios-e-aparadores\/\" class=\"ilj-generated-link\">Arm\u00e1rios<\/a> com Portas de Vidro: Eleg\u00e2ncia e Amplitude na Decora\u00e7\u00e3o! Descubra as vantagens e estilos dos arm\u00e1rios com portas de vidro. Saiba como utiliz\u00e1-los em diferentes espa\u00e7os da casa e aprenda dicas de manuten\u00e7\u00e3o. Adicione sofistica\u00e7\u00e3o \u00e0 sua decora\u00e7\u00e3o.<\/p><p>Quando se trata de escolher <a href=\"https:\/\/www.aarquiteta.com.br\/blog\/home-decor\/moveis\/\" class=\"ilj-generated-link\">m\u00f3veis<\/a> para a decora\u00e7\u00e3o de uma casa, \u00e9 importante considerar n\u00e3o apenas o estilo e a funcionalidade, mas tamb\u00e9m a est\u00e9tica e a sensa\u00e7\u00e3o de amplitude que eles proporcionam. Os arm\u00e1rios com portas de vidro t\u00eam se destacado como uma op\u00e7\u00e3o popular, trazendo eleg\u00e2ncia e sofistica\u00e7\u00e3o aos ambientes.<\/p><h2><img decoding=\"async\" class=\"size-full wp-image-82097\" style=\"text-align: center; color: #222222; font-family: Verdana, BlinkMacSystemFont, -apple-system, &#039;Segoe UI&#039;, Roboto, Oxygen, Ubuntu, Cantarell, &#039;Open Sans&#039;, &#039;Helvetica Neue&#039;, sans-serif; font-size: 15px;\" src=\"https:\/\/www.aarquiteta.com.br\/blog\/wp-content\/uploads\/2023\/06\/armario-com-porta-de-vidro-5.jpg\" alt=\"Arm\u00e1rios com Portas de Vidro: Eleg\u00e2ncia e Amplitude na Decora\u00e7\u00e3o!\" width=\"725\" height=\"804\" title=\"\" srcset=\"https:\/\/www.aarquiteta.com.br\/blog\/wp-content\/uploads\/2023\/06\/armario-com-porta-de-vidro-5.jpg 725w, https:\/\/www.aarquiteta.com.br\/blog\/wp-content\/uploads\/2023\/06\/armario-com-porta-de-vidro-5-696x772.jpg 696w, https:\/\/www.aarquiteta.com.br\/blog\/wp-content\/uploads\/2023\/06\/armario-com-porta-de-vidro-5-150x166.jpg 150w\" sizes=\"(max-width: 725px) 100vw, 725px\" \/><\/h2><p>Foto: Amazon.comNeste artigo, exploraremos as vantagens, estilos e dicas para usar esses arm\u00e1rios em diferentes espa\u00e7os da casa.<\/p><h2>Vantagens dos arm\u00e1rios com portas de vidro<\/h2><p>Os arm\u00e1rios com portas de vidro oferecem diversas vantagens em rela\u00e7\u00e3o aos arm\u00e1rios tradicionais.<\/p><p>Em primeiro lugar, eles proporcionam uma sensa\u00e7\u00e3o de leveza e amplitude aos ambientes, permitindo que a luz natural se espalhe de forma mais eficiente, o que \u00e9 especialmente importante em espa\u00e7os menores.<\/p><p>Al\u00e9m disso, o vidro traz um toque de eleg\u00e2ncia e sofistica\u00e7\u00e3o \u00e0 decora\u00e7\u00e3o, tornando-se um elemento de destaque.<\/p><p>Outra vantagem dos arm\u00e1rios com portas de vidro \u00e9 a possibilidade de exibir objetos decorativos ou lou\u00e7as especiais.<\/p><p>Isso permite personalizar o espa\u00e7o e adicionar um toque de estilo \u00fanico \u00e0 decora\u00e7\u00e3o da casa. Al\u00e9m disso, o vidro \u00e9 um material dur\u00e1vel e f\u00e1cil de limpar, o que facilita a manuten\u00e7\u00e3o desses arm\u00e1rios.<\/p><h2>Estilos de arm\u00e1rios com portas de vidro<\/h2><figure id=\"attachment_82096\" aria-describedby=\"caption-attachment-82096\" style=\"width: 1000px\" class=\"wp-caption alignnone\"><img decoding=\"async\" class=\"size-full wp-image-82096\" src=\"https:\/\/www.aarquiteta.com.br\/blog\/wp-content\/uploads\/2023\/06\/armario-com-porta-de-vidro-6.jpg\" alt=\"Arm\u00e1rios com Portas de Vidro: Eleg\u00e2ncia e Amplitude na Decora\u00e7\u00e3o!\" width=\"1000\" height=\"1000\" title=\"\" srcset=\"https:\/\/www.aarquiteta.com.br\/blog\/wp-content\/uploads\/2023\/06\/armario-com-porta-de-vidro-6.jpg 1000w, https:\/\/www.aarquiteta.com.br\/blog\/wp-content\/uploads\/2023\/06\/armario-com-porta-de-vidro-6-696x696.jpg 696w, https:\/\/www.aarquiteta.com.br\/blog\/wp-content\/uploads\/2023\/06\/armario-com-porta-de-vidro-6-96x96.jpg 96w, https:\/\/www.aarquiteta.com.br\/blog\/wp-content\/uploads\/2023\/06\/armario-com-porta-de-vidro-6-150x150.jpg 150w\" sizes=\"(max-width: 1000px) 100vw, 1000px\" \/><figcaption id=\"caption-attachment-82096\" class=\"wp-caption-text\">Foto: Amazon.com<\/figcaption><\/figure><p>Existem diversos estilos de arm\u00e1rios com portas de vidro que se ad\u00e9quam a diferentes gostos e necessidades.<\/p><p>Um dos estilos mais populares \u00e9 o <a href=\"https:\/\/www.aarquiteta.com.br\/blog\/home-decor\/acessorios-para-decoracao\/armarios-e-aparadores\/\" class=\"ilj-generated-link\">arm\u00e1rio<\/a> com vidro transparente, que permite uma vis\u00e3o clara dos objetos armazenados e cria uma sensa\u00e7\u00e3o de leveza no ambiente.<\/p><p>Outra op\u00e7\u00e3o \u00e9 o vidro jateado, que adiciona um toque de privacidade ao esconder parcialmente o conte\u00fado do arm\u00e1rio.<\/p><p>Al\u00e9m disso, h\u00e1 arm\u00e1rios com vidro colorido, que trazem um elemento de destaque e podem ser utilizados para combinar com a paleta de <a href=\"https:\/\/www.aarquiteta.com.br\/blog\/decoracao\/cores-e-paletas\/\" class=\"ilj-generated-link\">cores<\/a> da decora\u00e7\u00e3o.<\/p><p>Os arm\u00e1rios com vidro fosco s\u00e3o outra alternativa, proporcionando um visual mais suave e elegante.<\/p><h2>Uso em diferentes espa\u00e7os<\/h2><figure id=\"attachment_82100\" aria-describedby=\"caption-attachment-82100\" style=\"width: 1005px\" class=\"wp-caption alignnone\"><img decoding=\"async\" class=\"size-full wp-image-82100\" src=\"https:\/\/www.aarquiteta.com.br\/blog\/wp-content\/uploads\/2023\/06\/armario-com-porta-de-vidro-2.jpg\" alt=\"Arm\u00e1rios com Portas de Vidro: Eleg\u00e2ncia e Amplitude na Decora\u00e7\u00e3o!\" width=\"1005\" height=\"1005\" title=\"\" srcset=\"https:\/\/www.aarquiteta.com.br\/blog\/wp-content\/uploads\/2023\/06\/armario-com-porta-de-vidro-2.jpg 1005w, https:\/\/www.aarquiteta.com.br\/blog\/wp-content\/uploads\/2023\/06\/armario-com-porta-de-vidro-2-696x696.jpg 696w, https:\/\/www.aarquiteta.com.br\/blog\/wp-content\/uploads\/2023\/06\/armario-com-porta-de-vidro-2-96x96.jpg 96w, https:\/\/www.aarquiteta.com.br\/blog\/wp-content\/uploads\/2023\/06\/armario-com-porta-de-vidro-2-150x150.jpg 150w\" sizes=\"(max-width: 1005px) 100vw, 1005px\" \/><figcaption id=\"caption-attachment-82100\" class=\"wp-caption-text\">Foto: Amazon.com<\/figcaption><\/figure><p>Os arm\u00e1rios com portas de vidro podem ser utilizados em diversos espa\u00e7os da casa, desde a <a href=\"https:\/\/www.aarquiteta.com.br\/blog\/?s=COZINHA\">cozinha<\/a> at\u00e9 o quarto. Na cozinha, eles podem ser instalados para exibir utens\u00edlios de cozinha, lou\u00e7as ou at\u00e9 mesmo ingredientes especiais.<\/p><p>Nos quartos, os arm\u00e1rios com vidro podem servir como um elegante guarda-roupa, permitindo que as roupas e acess\u00f3rios sejam visualmente expostos.<\/p><p>Al\u00e9m disso, esses arm\u00e1rios podem ser incorporados em salas de estar, salas de jantar e at\u00e9 mesmo em banheiros, trazendo um toque de sofistica\u00e7\u00e3o a esses ambientes.<\/p><p>Em cada espa\u00e7o, \u00e9 importante considerar o estilo da decora\u00e7\u00e3o e escolher um arm\u00e1rio que se harmonize com o restante dos m\u00f3veis e elementos.<\/p><h2>Dicas de manuten\u00e7\u00e3o e limpeza<\/h2><figure id=\"attachment_82101\" aria-describedby=\"caption-attachment-82101\" style=\"width: 1000px\" class=\"wp-caption alignnone\"><img decoding=\"async\" class=\"size-full wp-image-82101\" src=\"https:\/\/www.aarquiteta.com.br\/blog\/wp-content\/uploads\/2023\/06\/armario-com-porta-de-vidro.jpg\" alt=\"Arm\u00e1rios com Portas de Vidro: Eleg\u00e2ncia e Amplitude na Decora\u00e7\u00e3o!\" width=\"1000\" height=\"1000\" title=\"\" srcset=\"https:\/\/www.aarquiteta.com.br\/blog\/wp-content\/uploads\/2023\/06\/armario-com-porta-de-vidro.jpg 1000w, https:\/\/www.aarquiteta.com.br\/blog\/wp-content\/uploads\/2023\/06\/armario-com-porta-de-vidro-696x696.jpg 696w, https:\/\/www.aarquiteta.com.br\/blog\/wp-content\/uploads\/2023\/06\/armario-com-porta-de-vidro-96x96.jpg 96w, https:\/\/www.aarquiteta.com.br\/blog\/wp-content\/uploads\/2023\/06\/armario-com-porta-de-vidro-150x150.jpg 150w\" sizes=\"(max-width: 1000px) 100vw, 1000px\" \/><figcaption id=\"caption-attachment-82101\" class=\"wp-caption-text\">Foto: Amazon.com<\/figcaption><\/figure><p>Para manter os arm\u00e1rios com portas de vidro sempre bonitos e brilhantes, \u00e9 importante seguir algumas dicas de manuten\u00e7\u00e3o e limpeza. Em primeiro lugar, evite o uso de produtos abrasivos, que podem danificar o vidro.<\/p><p>Opte por um pano macio e um limpador espec\u00edfico para vidros. \u00c9 recomendado limpar regularmente as superf\u00edcies de vidro, removendo poeira e manchas.<\/p><p>Al\u00e9m disso, verifique regularmente as dobradi\u00e7as e fechos dos arm\u00e1rios para garantir que estejam em perfeito funcionamento. Caso haja algum problema, procure um profissional especializado para fazer os ajustes necess\u00e1rios.<\/p><p>Os arm\u00e1rios com portas de vidro s\u00e3o uma escolha elegante e sofisticada para quem tem em vista adicionar um toque especial \u00e0 decora\u00e7\u00e3o de sua casa.<\/p>[amazon table=&#8221;82945&#8243;]<p>Com suas vantagens est\u00e9ticas e funcionais, esses arm\u00e1rios permitem que objetos e lou\u00e7as especiais sejam exibidos, al\u00e9m de proporcionar uma sensa\u00e7\u00e3o de leveza e amplitude aos ambientes.<\/p><p>Com os devidos cuidados de manuten\u00e7\u00e3o e limpeza, esses arm\u00e1rios podem ser dur\u00e1veis e trazer charme aos espa\u00e7os. Portanto, considere a op\u00e7\u00e3o de arm\u00e1rios com portas de vidro ao planejar a decora\u00e7\u00e3o da sua casa.<\/p><h4>Ideias como decorar utilizando Arm\u00e1rios com Porta de Vidro:<\/h4><p>Confira a nossa sele\u00e7\u00e3o de <b>Arm\u00e1rio com Porta de Vidro <\/b>eque separamos para voc\u00ea, com certeza uma delas combinar\u00e1 perfeitamente com sua casa!<\/p><p><iframe style=\"width: 120px; height: 240px;\" src=\"\/\/ws-na.amazon-adsystem.com\/widgets\/q?ServiceVersion=20070822&amp;OneJS=1&amp;Operation=GetAdHtml&amp;MarketPlace=BR&amp;source=ss&amp;ref=as_ss_li_til&amp;ad_type=product_link&amp;tracking_id=aarquiteta-20&amp;language=pt_BR&amp;marketplace=amazon&amp;region=BR&amp;placement=B07HYF6K5D&amp;asins=B07HYF6K5D&amp;linkId=70b5e5bc8030d78dfd8440fa39902cc6&amp;show_border=true&amp;link_opens_in_new_window=true\" frameborder=\"0\" marginwidth=\"0\" marginheight=\"0\" scrolling=\"no\" sandbox=\"allow-popups allow-scripts allow-modals allow-forms allow-same-origin\"><\/iframe><\/p><h2>Perguntas Mais Frequentes sobre Arm\u00e1rios com Portas de Vidro:<\/h2><figure id=\"attachment_82098\" aria-describedby=\"caption-attachment-82098\" style=\"width: 1350px\" class=\"wp-caption alignnone\"><img decoding=\"async\" class=\"size-full wp-image-82098\" src=\"https:\/\/www.aarquiteta.com.br\/blog\/wp-content\/uploads\/2023\/06\/armario-com-porta-de-vidro-4.jpg\" alt=\"Arm\u00e1rios com Portas de Vidro: Eleg\u00e2ncia e Amplitude na Decora\u00e7\u00e3o!\" width=\"1350\" height=\"1500\" title=\"\" srcset=\"https:\/\/www.aarquiteta.com.br\/blog\/wp-content\/uploads\/2023\/06\/armario-com-porta-de-vidro-4.jpg 1350w, https:\/\/www.aarquiteta.com.br\/blog\/wp-content\/uploads\/2023\/06\/armario-com-porta-de-vidro-4-1024x1138.jpg 1024w, https:\/\/www.aarquiteta.com.br\/blog\/wp-content\/uploads\/2023\/06\/armario-com-porta-de-vidro-4-696x773.jpg 696w, https:\/\/www.aarquiteta.com.br\/blog\/wp-content\/uploads\/2023\/06\/armario-com-porta-de-vidro-4-150x167.jpg 150w\" sizes=\"(max-width: 1350px) 100vw, 1350px\" \/><figcaption id=\"caption-attachment-82098\" class=\"wp-caption-text\">Foto: Amazon.com<\/figcaption><\/figure><h3>1. Os arm\u00e1rios com portas de vidro s\u00e3o seguros?<\/h3><p>Sim, os arm\u00e1rios com portas de vidro podem ser seguros quando projetados e instalados corretamente. \u00c9 importante escolher vidros resistentes e de boa qualidade, al\u00e9m de garantir que as portas estejam devidamente fixadas e com fechos adequados.<\/p><h3>2. \u00c9 necess\u00e1rio ter cuidados especiais na hora de limpar os arm\u00e1rios com portas de vidro?<\/h3><p>Sim, \u00e9 recomendado utilizar produtos espec\u00edficos para limpeza de vidros e evitar o uso de subst\u00e2ncias abrasivas. Al\u00e9m disso, \u00e9 importante limpar regularmente as superf\u00edcies de vidro para evitar o ac\u00famulo de poeira e manchas.<\/p><h3>3. Quais s\u00e3o os estilos mais populares de arm\u00e1rios com portas de vidro?<\/h3><p>Os estilos mais populares de arm\u00e1rios com portas de vidro incluem o vidro transparente, jateado, colorido e fosco. Cada estilo possui caracter\u00edsticas \u00fanicas e pode ser escolhido segundo o gosto pessoal e o estilo de decora\u00e7\u00e3o.<\/p><h3>4. Posso utilizar arm\u00e1rios com portas de vidro em ambientes pequenos?<\/h3><p>Sim, os arm\u00e1rios com portas de vidro s\u00e3o uma \u00f3tima op\u00e7\u00e3o para ambientes pequenos, por ajudarem a criar uma sensa\u00e7\u00e3o de amplitude. A transpar\u00eancia do vidro permite que a luz natural se espalhe, tornando o espa\u00e7o visualmente mais amplo.<\/p><h3>5. Quais s\u00e3o os cuidados necess\u00e1rios para garantir a durabilidade dos arm\u00e1rios com portas de vidro?<\/h3><p>Para garantir a durabilidade dos arm\u00e1rios com portas de vidro, \u00e9 importante evitar impactos fortes, utilizar os fechos adequadamente e realizar a limpeza regularmente. Tamb\u00e9m \u00e9 recomendado verificar as dobradi\u00e7as e fechos periodicamente, garantindo que estejam em bom estado de funcionamento.<\/p><p>E a\u00ed, gostou das dicas do artigo? Ent\u00e3o deslize a tela para baixo e confira <strong><a href=\"https:\/\/www.aarquiteta.com.br\">mais dicas<\/a><\/strong>, al\u00e9m dos nossos <strong><a href=\"http:\/\/www.aarquiteta.com.br\">Cursos e Treinamentos<\/a><\/strong>\u00a0e n\u00e3o se esque\u00e7a de compartilhar com os amigos!<\/p><p>Quer receber conte\u00fados exclusivos sobre <strong>casa, jardim, decora\u00e7\u00e3o, arquitetura, educa\u00e7\u00e3o financeira e muito mais<\/strong>? Ent\u00e3o, inscreva-se agora mesmo no nosso <strong><a href=\"https:\/\/t.me\/aarquitetablog\" target=\"_blank\" rel=\"noopener\">Canal do Telegram<\/a>!<\/strong> \ud83e\udd29\ud83d\udc68\u200d\ud83d\udc69\u200d\ud83d\udc67\u200d\ud83d\udc66<\/p><p>Aqui, voc\u00ea ter\u00e1 acesso a artigos, dicas e inspira\u00e7\u00f5es para <strong>transformar sua casa em um lar dos sonhos<\/strong>, cuidar do seu jardim com carinho, aprender sobre finan\u00e7as pessoais e muito mais. \ud83d\udcda\ud83d\udcb0<\/p><p>N\u00e3o perca mais tempo e junte-se a n\u00f3s para receber conte\u00fados exclusivos e se manter sempre atualizado! \ud83d\udce2\ud83c\udfe0\ud83c\udf3f\ud83c\udfe6. Ingresse <strong><a href=\"https:\/\/t.me\/aarquitetablog\" target=\"_blank\" rel=\"noopener\">aqui<\/a> <\/strong>no Canal da <strong>Arquiteta Blog por Luciana Paix\u00e3o!<\/strong> \ud83d\udc95<\/p>","protected":false},"excerpt":{"rendered":"<p>Arm\u00e1rios com Portas de Vidro: Eleg\u00e2ncia e Amplitude na Decora\u00e7\u00e3o! Descubra as vantagens e estilos dos arm\u00e1rios com portas de vidro. Saiba como utiliz\u00e1-los em diferentes espa\u00e7os da casa e aprenda dicas de manuten\u00e7\u00e3o. Adicione sofistica\u00e7\u00e3o \u00e0 sua decora\u00e7\u00e3o.Quando se trata de escolher m\u00f3veis para a decora\u00e7\u00e3o de uma casa, \u00e9 importante considerar n\u00e3o apenas [&hellip;]<\/p>\n","protected":false},"author":102,"featured_media":82102,"comment_status":"closed","ping_status":"closed","sticky":false,"template":"","format":"standard","meta":{"footnotes":""},"categories":[35414,35384,20353,20341,18766],"tags":[31092,6261,27557,26723,31093],"class_list":["post-81988","post","type-post","status-publish","format-standard","has-post-thumbnail","category-acessorios-para-decoracao","category-armarios-e-aparadores","category-home-decor","category-moveis","category-produtos","tag-armarios-com-portas-de-vidro","tag-espacos","tag-estilos","tag-manutencao","tag-vantagens"],"_wp_attached_file":null,"_wp_attachment_metadata":null,"_wp_attachment_context":null,"_wp_attachment_is_custom_header":null,"geo_longitude":null,"geo_public":null,"geo_latitude":null,"_publicize_done_external":null,"_wpas_done_3897181":null,"publicize_twitter_user":null,"_wpas_done_3897175":null,"_wpas_skip_3897181":null,"_wpas_skip_3897175":null,"_wpas_skip_3924723":null,"_wpas_mess":null,"_wpas_done_3924723":null,"wps_subtitle":"Descubra as vantagens e estilos dos arm\u00e1rios com portas de vidro. Saiba como utiliz\u00e1-los em diferentes espa\u00e7os da casa e aprenda dicas de manuten\u00e7\u00e3o. Adicione sofistica\u00e7\u00e3o \u00e0 sua decora\u00e7\u00e3o.","_links":{"self":[{"href":"https:\/\/www.aarquiteta.com.br\/blog\/wp-json\/wp\/v2\/posts\/81988","targetHints":{"allow":["GET"]}}],"collection":[{"href":"https:\/\/www.aarquiteta.com.br\/blog\/wp-json\/wp\/v2\/posts"}],"about":[{"href":"https:\/\/www.aarquiteta.com.br\/blog\/wp-json\/wp\/v2\/types\/post"}],"author":[{"embeddable":true,"href":"https:\/\/www.aarquiteta.com.br\/blog\/wp-json\/wp\/v2\/users\/102"}],"replies":[{"embeddable":true,"href":"https:\/\/www.aarquiteta.com.br\/blog\/wp-json\/wp\/v2\/comments?post=81988"}],"version-history":[{"count":0,"href":"https:\/\/www.aarquiteta.com.br\/blog\/wp-json\/wp\/v2\/posts\/81988\/revisions"}],"wp:featuredmedia":[{"embeddable":true,"href":"https:\/\/www.aarquiteta.com.br\/blog\/wp-json\/wp\/v2\/media\/82102"}],"wp:attachment":[{"href":"https:\/\/www.aarquiteta.com.br\/blog\/wp-json\/wp\/v2\/media?parent=81988"}],"wp:term":[{"taxonomy":"category","embeddable":true,"href":"https:\/\/www.aarquiteta.com.br\/blog\/wp-json\/wp\/v2\/categories?post=81988"},{"taxonomy":"post_tag","embeddable":true,"href":"https:\/\/www.aarquiteta.com.br\/blog\/wp-json\/wp\/v2\/tags?post=81988"}],"curies":[{"name":"wp","href":"https:\/\/api.w.org\/{rel}","templated":true}]}}