{"id":81981,"date":"2023-06-28T12:00:43","date_gmt":"2023-06-28T15:00:43","guid":{"rendered":"http:\/\/aarquiteta.com.br\/?p=81981"},"modified":"2024-09-15T09:24:15","modified_gmt":"2024-09-15T12:24:15","slug":"economizando-espaco-com-mesa-retratil","status":"publish","type":"post","link":"https:\/\/www.aarquiteta.com.br\/blog\/economizando-espaco-com-mesa-retratil\/","title":{"rendered":"Mesa Retr\u00e1til: Economize Espa\u00e7o com uma Solu\u00e7\u00e3o Pr\u00e1tica e Funcional!"},"content":{"rendered":"<p>Mesa Retr\u00e1til: Economize Espa\u00e7o com uma Solu\u00e7\u00e3o Pr\u00e1tica e Funcional! Descubra como economizar espa\u00e7o com mesas retr\u00e1teis. Um artigo informativo que explora os benef\u00edcios, aplica\u00e7\u00f5es e considera\u00e7\u00f5es ao escolher uma mesa retr\u00e1til.<\/p><p>Quando se trata de otimizar o espa\u00e7o em ambientes pequenos ou multifuncionais, uma solu\u00e7\u00e3o pr\u00e1tica e funcional \u00e9 a mesa retr\u00e1til. Essa pe\u00e7a de mobili\u00e1rio vers\u00e1til permite que voc\u00ea tenha uma superf\u00edcie de trabalho ou de refei\u00e7\u00f5es quando necess\u00e1rio e a dobre e guarde facilmente quando n\u00e3o estiver em uso.<\/p><h2><img decoding=\"async\" class=\"wp-image-81065 size-full\" style=\"text-align: center; color: #222222; font-family: Verdana, BlinkMacSystemFont, -apple-system, 'Segoe UI', Roboto, Oxygen, Ubuntu, Cantarell, 'Open Sans', 'Helvetica Neue', sans-serif; font-size: 15px;\" title=\"Mesa Retr\u00e1til: Economize Espa\u00e7o com uma Solu\u00e7\u00e3o Pr\u00e1tica e Funcional!\" src=\"https:\/\/www.aarquiteta.com.br\/blog\/wp-content\/uploads\/2023\/06\/Escrivaninhas-retrateis-2.jpg\" alt=\"Mesa Retr\u00e1til: Economize Espa\u00e7o com uma Solu\u00e7\u00e3o Pr\u00e1tica e Funcional!\" width=\"1200\" height=\"800\" srcset=\"https:\/\/www.aarquiteta.com.br\/blog\/wp-content\/uploads\/2023\/06\/Escrivaninhas-retrateis-2.jpg 1200w, https:\/\/www.aarquiteta.com.br\/blog\/wp-content\/uploads\/2023\/06\/Escrivaninhas-retrateis-2-1024x683.jpg 1024w, https:\/\/www.aarquiteta.com.br\/blog\/wp-content\/uploads\/2023\/06\/Escrivaninhas-retrateis-2-696x464.jpg 696w, https:\/\/www.aarquiteta.com.br\/blog\/wp-content\/uploads\/2023\/06\/Escrivaninhas-retrateis-2-150x100.jpg 150w\" sizes=\"(max-width: 1200px) 100vw, 1200px\" \/><\/h2><p>Foto: Amazon.comNeste artigo, exploraremos os benef\u00edcios das mesas retr\u00e1teis, suas diferentes aplica\u00e7\u00f5es e algumas considera\u00e7\u00f5es importantes ao escolher o modelo ideal para suas necessidades.<\/p><h2>O que \u00e9 uma mesa retr\u00e1til?<\/h2><h3>Defini\u00e7\u00e3o e Funcionamento<\/h3><p>Uma mesa retr\u00e1til \u00e9 um tipo de mesa que pode ser facilmente dobrada ou estendida conforme a necessidade. Ela \u00e9 projetada com uma estrutura flex\u00edvel que permite o recolhimento das pernas ou o encaixe em paredes, arm\u00e1rios ou outros m\u00f3veis quando n\u00e3o est\u00e1 em uso.<\/p><p>Essa caracter\u00edstica torna as mesas retr\u00e1teis ideais para ambientes com espa\u00e7o limitado, como apartamentos compactos, home-offices, cozinhas pequenas, quartos de estudo e \u00e1reas de lazer.<\/p><h3>Benef\u00edcios de uma mesa retr\u00e1til<\/h3><figure id=\"attachment_81054\" aria-describedby=\"caption-attachment-81054\" style=\"width: 1500px\" class=\"wp-caption alignnone\"><img decoding=\"async\" class=\"size-full wp-image-81054\" src=\"https:\/\/www.aarquiteta.com.br\/blog\/wp-content\/uploads\/2023\/06\/mesa-de-jantar-retratil-6.jpg\" alt=\"Mesas de jantar retr\u00e1teis - Usou, dobrou, guardou!\" width=\"1500\" height=\"1500\" title=\"\" srcset=\"https:\/\/www.aarquiteta.com.br\/blog\/wp-content\/uploads\/2023\/06\/mesa-de-jantar-retratil-6.jpg 1500w, https:\/\/www.aarquiteta.com.br\/blog\/wp-content\/uploads\/2023\/06\/mesa-de-jantar-retratil-6-1024x1024.jpg 1024w, https:\/\/www.aarquiteta.com.br\/blog\/wp-content\/uploads\/2023\/06\/mesa-de-jantar-retratil-6-696x696.jpg 696w, https:\/\/www.aarquiteta.com.br\/blog\/wp-content\/uploads\/2023\/06\/mesa-de-jantar-retratil-6-96x96.jpg 96w, https:\/\/www.aarquiteta.com.br\/blog\/wp-content\/uploads\/2023\/06\/mesa-de-jantar-retratil-6-150x150.jpg 150w\" sizes=\"(max-width: 1500px) 100vw, 1500px\" \/><figcaption id=\"caption-attachment-81054\" class=\"wp-caption-text\">Foto: Amazon.com<\/figcaption><\/figure><p>As mesas retr\u00e1teis oferecem uma s\u00e9rie de benef\u00edcios que as tornam uma escolha popular para aqueles que desejam economizar espa\u00e7o e adicionar funcionalidade aos ambientes. Alguns dos principais benef\u00edcios incluem:<\/p><ol><li><strong>Otimiza\u00e7\u00e3o do espa\u00e7o<\/strong>: As mesas retr\u00e1teis s\u00e3o especialmente projetadas para economizar espa\u00e7o. Quando dobradas, ocupam uma \u00e1rea m\u00ednima, liberando espa\u00e7o para circula\u00e7\u00e3o ou para outras atividades.<\/li><li><strong>Versatilidade<\/strong>: Com uma mesa retr\u00e1til, voc\u00ea tem a flexibilidade de transformar um espa\u00e7o em diferentes ambientes, adaptando-o \u00e0s suas necessidades. Ela pode ser usada como uma mesa de trabalho, uma mesa de jantar adicional, uma <a href=\"https:\/\/www.aarquiteta.com.br\/blog\/?s=BANCADA\">bancada<\/a> para projetos ou at\u00e9 mesmo como um balc\u00e3o de bar tempor\u00e1rio.<\/li><li><strong>Facilidade de armazenamento<\/strong>: A capacidade de dobrar ou recolher a mesa quando n\u00e3o est\u00e1 em uso permite que voc\u00ea a armazene facilmente em espa\u00e7os reduzidos, como arm\u00e1rios, nichos ou at\u00e9 mesmo atr\u00e1s de uma porta.<\/li><li><strong>Design elegante e contempor\u00e2neo<\/strong>: As mesas retr\u00e1teis s\u00e3o projetadas considerando tanto a funcionalidade quanto a est\u00e9tica. Elas v\u00eam em uma variedade de estilos, <a href=\"https:\/\/www.aarquiteta.com.br\/blog\/engenharia-e-construcao-civil\/acabamentos\/\" class=\"ilj-generated-link\">acabamentos<\/a> e materiais, permitindo que voc\u00ea escolha uma op\u00e7\u00e3o que complemente a decora\u00e7\u00e3o existente do ambiente.<\/li><\/ol><h2>Aplica\u00e7\u00f5es das mesas retr\u00e1teis<\/h2><p>As mesas retr\u00e1teis s\u00e3o extremamente vers\u00e1teis e podem ser utilizadas em uma variedade de ambientes e situa\u00e7\u00f5es. Aqui est\u00e3o algumas das aplica\u00e7\u00f5es mais comuns:<\/p><h3>1. Espa\u00e7os compactos<\/h3><figure id=\"attachment_81061\" aria-describedby=\"caption-attachment-81061\" style=\"width: 1200px\" class=\"wp-caption alignnone\"><img decoding=\"async\" class=\"size-full wp-image-81061\" src=\"https:\/\/www.aarquiteta.com.br\/blog\/wp-content\/uploads\/2023\/06\/mesa-de-jantar-retratil-1-1.jpg\" alt=\"Mesa Retr\u00e1til: Economize Espa\u00e7o com uma Solu\u00e7\u00e3o Pr\u00e1tica e Funcional!\" width=\"1200\" height=\"800\" title=\"\" srcset=\"https:\/\/www.aarquiteta.com.br\/blog\/wp-content\/uploads\/2023\/06\/mesa-de-jantar-retratil-1-1.jpg 1200w, https:\/\/www.aarquiteta.com.br\/blog\/wp-content\/uploads\/2023\/06\/mesa-de-jantar-retratil-1-1-1024x683.jpg 1024w, https:\/\/www.aarquiteta.com.br\/blog\/wp-content\/uploads\/2023\/06\/mesa-de-jantar-retratil-1-1-696x464.jpg 696w, https:\/\/www.aarquiteta.com.br\/blog\/wp-content\/uploads\/2023\/06\/mesa-de-jantar-retratil-1-1-150x100.jpg 150w\" sizes=\"(max-width: 1200px) 100vw, 1200px\" \/><figcaption id=\"caption-attachment-81061\" class=\"wp-caption-text\">Foto: Amazon.com<\/figcaption><\/figure><p>Em apartamentos ou casas com espa\u00e7os compactos, uma mesa retr\u00e1til pode ser a solu\u00e7\u00e3o perfeita para ter uma \u00e1rea de jantar funcional sem comprometer o espa\u00e7o livre. Quando n\u00e3o estiver em uso, a mesa pode ser dobrada e liberar espa\u00e7o para outras atividades di\u00e1rias.<\/p><h3>2. Home office<\/h3><figure id=\"attachment_81063\" aria-describedby=\"caption-attachment-81063\" style=\"width: 1200px\" class=\"wp-caption alignnone\"><img decoding=\"async\" class=\"size-full wp-image-81063\" src=\"https:\/\/www.aarquiteta.com.br\/blog\/wp-content\/uploads\/2023\/06\/Escrivaninhas-retrateis-1.jpg\" alt=\"Mesa Retr\u00e1til: Economize Espa\u00e7o com uma Solu\u00e7\u00e3o Pr\u00e1tica e Funcional!\" width=\"1200\" height=\"800\" title=\"\" srcset=\"https:\/\/www.aarquiteta.com.br\/blog\/wp-content\/uploads\/2023\/06\/Escrivaninhas-retrateis-1.jpg 1200w, https:\/\/www.aarquiteta.com.br\/blog\/wp-content\/uploads\/2023\/06\/Escrivaninhas-retrateis-1-1024x683.jpg 1024w, https:\/\/www.aarquiteta.com.br\/blog\/wp-content\/uploads\/2023\/06\/Escrivaninhas-retrateis-1-696x464.jpg 696w, https:\/\/www.aarquiteta.com.br\/blog\/wp-content\/uploads\/2023\/06\/Escrivaninhas-retrateis-1-150x100.jpg 150w\" sizes=\"(max-width: 1200px) 100vw, 1200px\" \/><figcaption id=\"caption-attachment-81063\" class=\"wp-caption-text\">Foto: Amazon.com<\/figcaption><\/figure><p>Para quem trabalha em casa, ter um <a href=\"https:\/\/www.aarquiteta.com.br\/blog\/decoracao\/ambientes-na-decoracao\/decoracao-de-escritorio\/\" class=\"ilj-generated-link\">home office<\/a> eficiente \u00e9 essencial. Uma mesa retr\u00e1til pode ser usada como uma mesa de trabalho, proporcionando um espa\u00e7o confort\u00e1vel para realizar tarefas profissionais.<\/p><p>Ao final do expediente, ela pode ser facilmente dobrada e transformada em uma parede ou arm\u00e1rio, ajudando a separar o ambiente de trabalho do restante da casa.<\/p><h3>3. \u00c1reas de estudo<\/h3><figure id=\"attachment_81064\" aria-describedby=\"caption-attachment-81064\" style=\"width: 1200px\" class=\"wp-caption alignnone\"><img decoding=\"async\" class=\"size-full wp-image-81064\" src=\"https:\/\/www.aarquiteta.com.br\/blog\/wp-content\/uploads\/2023\/06\/Escrivaninhas-retrateis-.jpg\" alt=\"Mesa Retr\u00e1til: Economize Espa\u00e7o com uma Solu\u00e7\u00e3o Pr\u00e1tica e Funcional!\" width=\"1200\" height=\"800\" title=\"\" srcset=\"https:\/\/www.aarquiteta.com.br\/blog\/wp-content\/uploads\/2023\/06\/Escrivaninhas-retrateis-.jpg 1200w, https:\/\/www.aarquiteta.com.br\/blog\/wp-content\/uploads\/2023\/06\/Escrivaninhas-retrateis--1024x683.jpg 1024w, https:\/\/www.aarquiteta.com.br\/blog\/wp-content\/uploads\/2023\/06\/Escrivaninhas-retrateis--696x464.jpg 696w, https:\/\/www.aarquiteta.com.br\/blog\/wp-content\/uploads\/2023\/06\/Escrivaninhas-retrateis--150x100.jpg 150w\" sizes=\"(max-width: 1200px) 100vw, 1200px\" \/><figcaption id=\"caption-attachment-81064\" class=\"wp-caption-text\">Foto: Amazon.com<\/figcaption><\/figure><p>Estudantes tamb\u00e9m podem se beneficiar de uma mesa retr\u00e1til em seus quartos. Ela oferece um local dedicado para estudar, fazer li\u00e7\u00f5es de casa e realizar projetos escolares.<\/p><p>Quando n\u00e3o estiver em uso, a mesa pode ser dobrada, proporcionando um ambiente mais organizado e espa\u00e7oso para relaxar.<\/p><h3>4. \u00c1reas de lazer<\/h3><figure id=\"attachment_81056\" aria-describedby=\"caption-attachment-81056\" style=\"width: 1500px\" class=\"wp-caption alignnone\"><img decoding=\"async\" class=\"size-full wp-image-81056\" src=\"https:\/\/www.aarquiteta.com.br\/blog\/wp-content\/uploads\/2023\/06\/mesa-de-jantar-retratil-5.jpg\" alt=\"Mesa Retr\u00e1til: Economize Espa\u00e7o com uma Solu\u00e7\u00e3o Pr\u00e1tica e Funcional!\" width=\"1500\" height=\"1000\" title=\"\" srcset=\"https:\/\/www.aarquiteta.com.br\/blog\/wp-content\/uploads\/2023\/06\/mesa-de-jantar-retratil-5.jpg 1500w, https:\/\/www.aarquiteta.com.br\/blog\/wp-content\/uploads\/2023\/06\/mesa-de-jantar-retratil-5-1024x683.jpg 1024w, https:\/\/www.aarquiteta.com.br\/blog\/wp-content\/uploads\/2023\/06\/mesa-de-jantar-retratil-5-696x464.jpg 696w, https:\/\/www.aarquiteta.com.br\/blog\/wp-content\/uploads\/2023\/06\/mesa-de-jantar-retratil-5-150x100.jpg 150w\" sizes=\"(max-width: 1500px) 100vw, 1500px\" \/><figcaption id=\"caption-attachment-81056\" class=\"wp-caption-text\">Foto: Amazon.com<\/figcaption><\/figure><p>Em \u00e1reas de lazer, como varandas ou terra\u00e7os, uma mesa retr\u00e1til \u00e9 uma excelente op\u00e7\u00e3o para criar um espa\u00e7o de conv\u00edvio.<\/p><p>Ela pode ser utilizada para desfrutar de refei\u00e7\u00f5es ao ar livre, jogos de tabuleiro com amigos ou at\u00e9 mesmo como uma esta\u00e7\u00e3o de trabalho tempor\u00e1ria para atividades criativas.<\/p><p>As mesas retr\u00e1teis s\u00e3o solu\u00e7\u00f5es inteligentes e vers\u00e1teis para otimizar espa\u00e7os em ambientes pequenos ou multifuncionais.<\/p>[amazon table=&#8221;82949&#8243;]<p>Com a capacidade de serem dobradas e guardadas facilmente, elas oferecem a funcionalidade necess\u00e1ria quando necess\u00e1rio e a praticidade de liberar espa\u00e7o quando n\u00e3o est\u00e3o em uso.<\/p><p>Seja para apartamentos compactos, home-offices ou \u00e1reas de lazer, uma mesa retr\u00e1til pode fazer toda a diferen\u00e7a ao proporcionar um ambiente mais funcional e organizado.<\/p><h4>Ideias como decorar utilizando Mesas Retr\u00e1teis sem Gastar Muito:<\/h4><p>Confira a nossa sele\u00e7\u00e3o de <strong>Mesas Retr\u00e1teis<\/strong>\u00a0que separamos para voc\u00ea, com certeza uma delas combinar\u00e1 perfeitamente com sua casa!<\/p><p><iframe style=\"width: 120px; height: 240px;\" src=\"\/\/ws-na.amazon-adsystem.com\/widgets\/q?ServiceVersion=20070822&amp;OneJS=1&amp;Operation=GetAdHtml&amp;MarketPlace=BR&amp;source=ss&amp;ref=as_ss_li_til&amp;ad_type=product_link&amp;tracking_id=aarquiteta-20&amp;language=pt_BR&amp;marketplace=amazon&amp;region=BR&amp;placement=B089CCK168&amp;asins=B089CCK168&amp;linkId=f5fdcf3fcdabc44bf0885128069a508a&amp;show_border=true&amp;link_opens_in_new_window=true\" frameborder=\"0\" marginwidth=\"0\" marginheight=\"0\" scrolling=\"no\" sandbox=\"allow-popups allow-scripts allow-modals allow-forms allow-same-origin\"><\/iframe><\/p><h2>Perguntas Mais Frequentes sobre Mesa Retr\u00e1til:<\/h2><figure id=\"attachment_81060\" aria-describedby=\"caption-attachment-81060\" style=\"width: 1500px\" class=\"wp-caption alignnone\"><img decoding=\"async\" class=\"size-full wp-image-81060\" src=\"https:\/\/www.aarquiteta.com.br\/blog\/wp-content\/uploads\/2023\/06\/mesa-de-jantar-retratil.jpg\" alt=\"Mesa Retr\u00e1til: Economize Espa\u00e7o com uma Solu\u00e7\u00e3o Pr\u00e1tica e Funcional!\" width=\"1500\" height=\"1000\" title=\"\" srcset=\"https:\/\/www.aarquiteta.com.br\/blog\/wp-content\/uploads\/2023\/06\/mesa-de-jantar-retratil.jpg 1500w, https:\/\/www.aarquiteta.com.br\/blog\/wp-content\/uploads\/2023\/06\/mesa-de-jantar-retratil-1024x683.jpg 1024w, https:\/\/www.aarquiteta.com.br\/blog\/wp-content\/uploads\/2023\/06\/mesa-de-jantar-retratil-696x464.jpg 696w, https:\/\/www.aarquiteta.com.br\/blog\/wp-content\/uploads\/2023\/06\/mesa-de-jantar-retratil-150x100.jpg 150w\" sizes=\"(max-width: 1500px) 100vw, 1500px\" \/><figcaption id=\"caption-attachment-81060\" class=\"wp-caption-text\">Foto: Amazon.com<\/figcaption><\/figure><ol><li><h3><strong>Qual \u00e9 o peso suportado por uma mesa retr\u00e1til?<\/strong><\/h3><ul><li>O peso suportado varia segundo o modelo da mesa retr\u00e1til. Antes de comprar, verifique as especifica\u00e7\u00f5es do fabricante para garantir que atenda \u00e0s suas necessidades.<\/li><\/ul><\/li><li><h3><strong>Posso instalar uma mesa retr\u00e1til por conta pr\u00f3pria?<\/strong><\/h3><ul><li>A instala\u00e7\u00e3o de uma mesa retr\u00e1til pode exigir habilidades b\u00e1sicas de marcenaria ou a contrata\u00e7\u00e3o de um <a href=\"https:\/\/www.aarquiteta.com.br\/blog\/carreira-de-arquitetura\/\" class=\"ilj-generated-link\">profissional<\/a>. Siga as instru\u00e7\u00f5es do fabricante ou consulte um especialista para garantir uma instala\u00e7\u00e3o segura.<\/li><\/ul><\/li><li><h3><strong>Quais materiais s\u00e3o usados na fabrica\u00e7\u00e3o de mesas retr\u00e1teis?<\/strong><\/h3><ul><li>As mesas retr\u00e1teis podem ser encontradas em uma variedade de materiais, como madeira, metal e pl\u00e1stico. A escolha do material depende do estilo desejado, durabilidade e or\u00e7amento.<\/li><\/ul><\/li><li><h3><strong>As mesas retr\u00e1teis s\u00e3o f\u00e1ceis de limpar?<\/strong><\/h3><ul><li>Sim, a maioria das mesas retr\u00e1teis pode ser limpa facilmente com um pano \u00famido e um detergente suave. Verifique as instru\u00e7\u00f5es do fabricante para obter orienta\u00e7\u00f5es espec\u00edficas de limpeza.<\/li><\/ul><\/li><li><strong>\u00c9 poss\u00edvel personalizar uma mesa retr\u00e1til?<\/strong><\/li><\/ol><p>Algumas marcas oferecem op\u00e7\u00f5es de personaliza\u00e7\u00e3o, como escolha de cores, acabamentos e tamanhos. Pesquise por fabricantes que ofere\u00e7am essa op\u00e7\u00e3o caso deseje uma mesa retr\u00e1til \u00fanica e personalizada.<\/p><p>E a\u00ed, gostou das dicas do artigo? Ent\u00e3o deslize a tela para baixo e confira <strong><a href=\"https:\/\/www.aarquiteta.com.br\">mais dicas<\/a><\/strong>, al\u00e9m dos nossos <strong><a href=\"http:\/\/www.aarquiteta.com.br\">Cursos e Treinamentos<\/a><\/strong>\u00a0e n\u00e3o se esque\u00e7a de compartilhar com os amigos!<\/p><p>Quer receber conte\u00fados exclusivos sobre <strong>casa, jardim, decora\u00e7\u00e3o, arquitetura, educa\u00e7\u00e3o financeira e muito mais<\/strong>? Ent\u00e3o, inscreva-se agora mesmo no nosso <strong><a href=\"https:\/\/t.me\/aarquitetablog\" target=\"_blank\" rel=\"noopener\">Canal do Telegram<\/a>!<\/strong> \ud83e\udd29\ud83d\udc68\u200d\ud83d\udc69\u200d\ud83d\udc67\u200d\ud83d\udc66<\/p><p>Aqui, voc\u00ea ter\u00e1 acesso a artigos, dicas e inspira\u00e7\u00f5es para <strong>transformar sua casa em um lar dos sonhos<\/strong>, cuidar do seu jardim com carinho, aprender sobre finan\u00e7as pessoais e muito mais. \ud83d\udcda\ud83d\udcb0<\/p><p>N\u00e3o perca mais tempo e junte-se a n\u00f3s para receber conte\u00fados exclusivos e se manter sempre atualizado! \ud83d\udce2\ud83c\udfe0\ud83c\udf3f\ud83c\udfe6. Ingresse <strong><a href=\"https:\/\/t.me\/aarquitetablog\" target=\"_blank\" rel=\"noopener\">aqui<\/a> <\/strong>no Canal da <strong>Arquiteta Blog por Luciana Paix\u00e3o!<\/strong> \ud83d\udc95<\/p>","protected":false},"excerpt":{"rendered":"<p>Mesa Retr\u00e1til: Economize Espa\u00e7o com uma Solu\u00e7\u00e3o Pr\u00e1tica e Funcional! Descubra como economizar espa\u00e7o com mesas retr\u00e1teis. Um artigo informativo que explora os benef\u00edcios, aplica\u00e7\u00f5es e considera\u00e7\u00f5es ao escolher uma mesa retr\u00e1til.Quando se trata de otimizar o espa\u00e7o em ambientes pequenos ou multifuncionais, uma solu\u00e7\u00e3o pr\u00e1tica e funcional \u00e9 a mesa retr\u00e1til. Essa pe\u00e7a de [&hellip;]<\/p>\n","protected":false},"author":102,"featured_media":81060,"comment_status":"closed","ping_status":"closed","sticky":false,"template":"","format":"standard","meta":{"footnotes":""},"categories":[35383,20341,18766],"tags":[26843,31087,31088,27739,30475],"class_list":["post-81981","post","type-post","status-publish","format-standard","has-post-thumbnail","category-mesas-e-cadeiras","category-moveis","category-produtos","tag-economia-de-espaco","tag-mesa-dobravel","tag-mesa-multifuncional","tag-mesa-retratil","tag-moveis-versateis"],"_wp_attached_file":null,"_wp_attachment_metadata":null,"_wp_attachment_context":null,"_wp_attachment_is_custom_header":null,"geo_longitude":null,"geo_public":null,"geo_latitude":null,"_publicize_done_external":null,"_wpas_done_3897181":null,"publicize_twitter_user":null,"_wpas_done_3897175":null,"_wpas_skip_3897181":null,"_wpas_skip_3897175":null,"_wpas_skip_3924723":null,"_wpas_mess":null,"_wpas_done_3924723":null,"wps_subtitle":"Descubra como economizar espa\u00e7o com mesas retr\u00e1teis. Um artigo informativo que explora os benef\u00edcios, aplica\u00e7\u00f5es e considera\u00e7\u00f5es ao escolher uma mesa retr\u00e1til.","_links":{"self":[{"href":"https:\/\/www.aarquiteta.com.br\/blog\/wp-json\/wp\/v2\/posts\/81981","targetHints":{"allow":["GET"]}}],"collection":[{"href":"https:\/\/www.aarquiteta.com.br\/blog\/wp-json\/wp\/v2\/posts"}],"about":[{"href":"https:\/\/www.aarquiteta.com.br\/blog\/wp-json\/wp\/v2\/types\/post"}],"author":[{"embeddable":true,"href":"https:\/\/www.aarquiteta.com.br\/blog\/wp-json\/wp\/v2\/users\/102"}],"replies":[{"embeddable":true,"href":"https:\/\/www.aarquiteta.com.br\/blog\/wp-json\/wp\/v2\/comments?post=81981"}],"version-history":[{"count":0,"href":"https:\/\/www.aarquiteta.com.br\/blog\/wp-json\/wp\/v2\/posts\/81981\/revisions"}],"wp:featuredmedia":[{"embeddable":true,"href":"https:\/\/www.aarquiteta.com.br\/blog\/wp-json\/wp\/v2\/media\/81060"}],"wp:attachment":[{"href":"https:\/\/www.aarquiteta.com.br\/blog\/wp-json\/wp\/v2\/media?parent=81981"}],"wp:term":[{"taxonomy":"category","embeddable":true,"href":"https:\/\/www.aarquiteta.com.br\/blog\/wp-json\/wp\/v2\/categories?post=81981"},{"taxonomy":"post_tag","embeddable":true,"href":"https:\/\/www.aarquiteta.com.br\/blog\/wp-json\/wp\/v2\/tags?post=81981"}],"curies":[{"name":"wp","href":"https:\/\/api.w.org\/{rel}","templated":true}]}}