{"id":81766,"date":"2023-06-15T20:00:20","date_gmt":"2023-06-15T23:00:20","guid":{"rendered":"http:\/\/aarquiteta.com.br\/?p=81766"},"modified":"2023-07-20T19:18:04","modified_gmt":"2023-07-20T22:18:04","slug":"decoracoes-internas-com-plantas-um-guia-profundo","status":"publish","type":"post","link":"https:\/\/www.aarquiteta.com.br\/blog\/decoracoes-internas-com-plantas-um-guia-profundo\/","title":{"rendered":"Decora\u00e7\u00f5es Internas com Plantas: Um Guia Profundo para um Lar Repleto de Vida e Tranquilidade"},"content":{"rendered":"<p>Bem-vindo a uma viagem sensorial e emocional onde o verde ser\u00e1 nosso fiel companheiro. As decora\u00e7\u00f5es internas com plantas t\u00eam conquistado cada vez mais espa\u00e7o nos lares brasileiros e no mundo, trazendo n\u00e3o somente uma est\u00e9tica agrad\u00e1vel e repleta de vida, mas tamb\u00e9m promovendo um impacto positivo significativo na sa\u00fade f\u00edsica e mental dos habitantes. Preparado para dar um passo em dire\u00e7\u00e3o a um lar mais verde, aconchegante e saud\u00e1vel?<\/p>\n<h2><strong>Benef\u00edcios do verde no ambiente dom\u00e9stico<\/strong><\/h2>\n<figure id=\"attachment_80738\" aria-describedby=\"caption-attachment-80738\" style=\"width: 1456px\" class=\"wp-caption alignnone\"><img decoding=\"async\" class=\"wp-image-80738 size-full\" title=\"Decoracoes internas com plantas\" src=\"https:\/\/www.aarquiteta.com.br\/blog\/wp-content\/uploads\/2023\/05\/Decoracoes-internas-com-plantas-1.png\" alt=\"Decoracoes internas com plantas\" width=\"1456\" height=\"816\" srcset=\"https:\/\/www.aarquiteta.com.br\/blog\/wp-content\/uploads\/2023\/05\/Decoracoes-internas-com-plantas-1.png 1456w, https:\/\/www.aarquiteta.com.br\/blog\/wp-content\/uploads\/2023\/05\/Decoracoes-internas-com-plantas-1-1024x574.png 1024w, https:\/\/www.aarquiteta.com.br\/blog\/wp-content\/uploads\/2023\/05\/Decoracoes-internas-com-plantas-1-696x390.png 696w, https:\/\/www.aarquiteta.com.br\/blog\/wp-content\/uploads\/2023\/05\/Decoracoes-internas-com-plantas-1-150x84.png 150w\" sizes=\"(max-width: 1456px) 100vw, 1456px\" \/><figcaption id=\"caption-attachment-80738\" class=\"wp-caption-text\">Decora\u00e7\u00f5es internas com plantas<\/figcaption><\/figure>\n<p>Quando trazemos o verde para dentro de casa, estamos investindo em diversos benef\u00edcios para a nossa qualidade de vida. Vejamos como as plantas podem transformar o seu lar:<\/p>\n<h3>Impacto na Sa\u00fade<\/h3>\n<h4>Sa\u00fade Mental e F\u00edsica<\/h4>\n<p>A presen\u00e7a de plantas em nosso ambiente de vida ou trabalho promove uma s\u00e9rie de benef\u00edcios psicol\u00f3gicos, como a redu\u00e7\u00e3o do estresse, melhora da concentra\u00e7\u00e3o e aumento do bem-estar geral. O verde das plantas consegue tranquilizar nossa mente, proporcionando uma sensa\u00e7\u00e3o de calma e harmonia.<\/p>\n<h4>Melhoria da Qualidade do Ar<\/h4>\n<p>Plantas, como seres fotossint\u00e9ticos, s\u00e3o excelentes purificadores de ar. Elas absorvem di\u00f3xido de carbono e liberam oxig\u00eanio, melhorando a qualidade do ar que respiramos. Al\u00e9m disso, algumas esp\u00e9cies de plantas s\u00e3o conhecidas por removerem toxinas espec\u00edficas do ar.<\/p>\n<h2><strong>Plantas de interior para transformar seu espa\u00e7o.<\/strong><\/h2>\n<figure id=\"attachment_80735\" aria-describedby=\"caption-attachment-80735\" style=\"width: 1456px\" class=\"wp-caption alignnone\"><img decoding=\"async\" class=\"wp-image-80735 size-full\" title=\"Decoracoes internas com plantas\" src=\"https:\/\/www.aarquiteta.com.br\/blog\/wp-content\/uploads\/2023\/05\/Decoracoes-internas-com-plantas-3.png\" alt=\"Decoracoes internas com plantas\" width=\"1456\" height=\"816\" srcset=\"https:\/\/www.aarquiteta.com.br\/blog\/wp-content\/uploads\/2023\/05\/Decoracoes-internas-com-plantas-3.png 1456w, https:\/\/www.aarquiteta.com.br\/blog\/wp-content\/uploads\/2023\/05\/Decoracoes-internas-com-plantas-3-1024x574.png 1024w, https:\/\/www.aarquiteta.com.br\/blog\/wp-content\/uploads\/2023\/05\/Decoracoes-internas-com-plantas-3-696x390.png 696w, https:\/\/www.aarquiteta.com.br\/blog\/wp-content\/uploads\/2023\/05\/Decoracoes-internas-com-plantas-3-150x84.png 150w\" sizes=\"(max-width: 1456px) 100vw, 1456px\" \/><figcaption id=\"caption-attachment-80735\" class=\"wp-caption-text\">Decora\u00e7\u00f5es internas com plantas<\/figcaption><\/figure>\n<h3>Plantas Robustas para Ambientes Fechados.<\/h3>\n<h4>Suculentas e suas Variedades<\/h4>\n<p>Suculentas s\u00e3o \u00f3timas para decora\u00e7\u00e3o interna,, por necessitarem de pouca manuten\u00e7\u00e3o. S\u00e3o plantas que armazenam \u00e1gua em suas folhas, caules ou ra\u00edzes, o que as torna resistentes a ambientes secos.<\/p>\n<h4>Samambaias e sua Exuber\u00e2ncia Natural<\/h4>\n<p>As samambaias, com suas folhas verdes e exuberantes, s\u00e3o excelentes para trazer uma sensa\u00e7\u00e3o de floresta para dentro de casa.<\/p>\n<h2><strong>Ideias criativas para incluir o verde em sua casa.<\/strong><\/h2>\n<figure id=\"attachment_80738-2\" aria-describedby=\"caption-attachment-80738-2\" style=\"width: 1456px\" class=\"wp-caption alignnone\"><img decoding=\"async\" class=\"wp-image-80738 size-full\" title=\"Decoracoes internas com plantas\" src=\"https:\/\/www.aarquiteta.com.br\/blog\/wp-content\/uploads\/2023\/05\/Decoracoes-internas-com-plantas-1.png\" alt=\"Decoracoes internas com plantas\" width=\"1456\" height=\"816\" srcset=\"https:\/\/www.aarquiteta.com.br\/blog\/wp-content\/uploads\/2023\/05\/Decoracoes-internas-com-plantas-1.png 1456w, https:\/\/www.aarquiteta.com.br\/blog\/wp-content\/uploads\/2023\/05\/Decoracoes-internas-com-plantas-1-1024x574.png 1024w, https:\/\/www.aarquiteta.com.br\/blog\/wp-content\/uploads\/2023\/05\/Decoracoes-internas-com-plantas-1-696x390.png 696w, https:\/\/www.aarquiteta.com.br\/blog\/wp-content\/uploads\/2023\/05\/Decoracoes-internas-com-plantas-1-150x84.png 150w\" sizes=\"(max-width: 1456px) 100vw, 1456px\" \/><figcaption id=\"caption-attachment-80738-2\" class=\"wp-caption-text\">Decora\u00e7\u00f5es internas com plantas<\/figcaption><\/figure>\n<p>Agora que voc\u00ea conhece algumas op\u00e7\u00f5es de plantas de interior, exploraremos algumas ideias criativas para incluir o verde em sua casa:<\/p>\n<ol>\n<li><strong>Jardim vertical: traga a natureza para as paredes: um<\/strong>\u00a0jardim vertical \u00e9 uma maneira criativa e eficiente de incorporar o verde em espa\u00e7os pequenos. Utilize prateleiras, suportes suspensos ou pain\u00e9is verticais para criar um jardim vertical cheio de vida.<\/li>\n<li><strong>Terr\u00e1rios e mini jardins: um mundo em miniatura: os<\/strong>\u00a0terr\u00e1rios e mini jardins s\u00e3o verdadeiras obras de arte em miniatura. Utilize recipientes de vidro transparente e crie um ecossistema em miniatura, combinando diferentes tipos de plantas e elementos decorativos.<\/li>\n<li><strong>Pendurar plantas: aproveite o espa\u00e7o vertical: pendurar<\/strong>\u00a0plantas \u00e9 uma \u00f3tima maneira de utilizar o espa\u00e7o vertical e adicionar um toque verde em locais como varandas, sacadas ou at\u00e9 mesmo em ambientes internos. Utilize ganchos, suportes suspensos ou at\u00e9 mesmo prateleiras suspensas para criar um visual encantador.<\/li>\n<li><strong>Cantinho verde: crie um ref\u00fagio relaxante: transforme<\/strong>\u00a0um cantinho da sua casa em um verdadeiro ref\u00fagio verde. Adicione uma poltrona confort\u00e1vel, almofadas e uma variedade de plantas ao redor para criar um espa\u00e7o de relaxamento e conex\u00e3o com a natureza.<\/li>\n<\/ol>\n<h2><strong>Cuidados b\u00e1sicos para manter suas plantas saud\u00e1veis.<\/strong><\/h2>\n<figure id=\"attachment_80739\" aria-describedby=\"caption-attachment-80739\" style=\"width: 1456px\" class=\"wp-caption alignnone\"><img decoding=\"async\" class=\"wp-image-80739 size-full\" title=\"Decoracoes internas com plantas\" src=\"https:\/\/www.aarquiteta.com.br\/blog\/wp-content\/uploads\/2023\/05\/Decoracoes-internas-com-plantas-4.png\" alt=\"Decoracoes internas com plantas\" width=\"1456\" height=\"816\" srcset=\"https:\/\/www.aarquiteta.com.br\/blog\/wp-content\/uploads\/2023\/05\/Decoracoes-internas-com-plantas-4.png 1456w, https:\/\/www.aarquiteta.com.br\/blog\/wp-content\/uploads\/2023\/05\/Decoracoes-internas-com-plantas-4-1024x574.png 1024w, https:\/\/www.aarquiteta.com.br\/blog\/wp-content\/uploads\/2023\/05\/Decoracoes-internas-com-plantas-4-696x390.png 696w, https:\/\/www.aarquiteta.com.br\/blog\/wp-content\/uploads\/2023\/05\/Decoracoes-internas-com-plantas-4-150x84.png 150w\" sizes=\"(max-width: 1456px) 100vw, 1456px\" \/><figcaption id=\"caption-attachment-80739\" class=\"wp-caption-text\">Decora\u00e7\u00f5es internas com plantas<\/figcaption><\/figure>\n<h3>Cuidados Essenciais com as Plantas Internas<\/h3>\n<h4>Ilumina\u00e7\u00e3o e Temperatura Ideal<\/h4>\n<p>A luz \u00e9 fundamental para a sa\u00fade das plantas. Cada esp\u00e9cie possui uma necessidade espec\u00edfica de ilumina\u00e7\u00e3o, assim como uma faixa de temperatura ideal para seu desenvolvimento.<\/p>\n<h4>Rega Correta e Controle de Umidade<\/h4>\n<p>A quantidade e frequ\u00eancia de rega variam conforme a esp\u00e9cie da planta. Al\u00e9m disso, muitas plantas internas se beneficiam de um ambiente com umidade controlada.<\/p>\n<h2><strong>Dicas para harmonizar o verde com a decora\u00e7\u00e3o existente.<\/strong><\/h2>\n<figure id=\"attachment_80736\" aria-describedby=\"caption-attachment-80736\" style=\"width: 1456px\" class=\"wp-caption alignnone\"><img decoding=\"async\" class=\"wp-image-80736 size-full\" title=\"Decoracoes internas com plantas\" src=\"https:\/\/www.aarquiteta.com.br\/blog\/wp-content\/uploads\/2023\/05\/Decoracoes-internas-com-plantas-2.png\" alt=\"Decoracoes internas com plantas\" width=\"1456\" height=\"816\" srcset=\"https:\/\/www.aarquiteta.com.br\/blog\/wp-content\/uploads\/2023\/05\/Decoracoes-internas-com-plantas-2.png 1456w, https:\/\/www.aarquiteta.com.br\/blog\/wp-content\/uploads\/2023\/05\/Decoracoes-internas-com-plantas-2-1024x574.png 1024w, https:\/\/www.aarquiteta.com.br\/blog\/wp-content\/uploads\/2023\/05\/Decoracoes-internas-com-plantas-2-696x390.png 696w, https:\/\/www.aarquiteta.com.br\/blog\/wp-content\/uploads\/2023\/05\/Decoracoes-internas-com-plantas-2-150x84.png 150w\" sizes=\"(max-width: 1456px) 100vw, 1456px\" \/><figcaption id=\"caption-attachment-80736\" class=\"wp-caption-text\">Decora\u00e7\u00f5es internas com plantas<\/figcaption><\/figure>\n<p>Para criar um ambiente harmonioso, \u00e9 importante integrar o verde com a decora\u00e7\u00e3o existente. Aqui est\u00e3o algumas dicas:<\/p>\n<ol>\n<li><strong>Escolha de vasos e suportes<\/strong>: Opte por vasos e suportes que combinem com o estilo e a paleta de cores da sua decora\u00e7\u00e3o. Vasos de cer\u00e2mica, fibras naturais ou mesmo vasos suspensos podem adicionar um toque de estilo ao ambiente.<\/li>\n<li><strong>Combina\u00e7\u00e3o de cores<\/strong>: Utilize plantas com folhagens de diferentes tonalidades verdes para criar um contraste interessante. Al\u00e9m disso, escolha vasos ou elementos decorativos que complementem ou destaquem essas cores.<\/li>\n<li><strong>Integra\u00e7\u00e3o com m\u00f3veis e objetos decorativos: posicione<\/strong>\u00a0as plantas de forma estrat\u00e9gica, ao lado de m\u00f3veis, estantes ou objetos decorativos. Essa integra\u00e7\u00e3o criar\u00e1 um visual coeso e harmonioso.<\/li>\n<\/ol>\n<h2><strong>Estilos de Decora\u00e7\u00e3o com Plantas<\/strong><\/h2>\n<h3>Decora\u00e7\u00e3o Minimalista e seus Elementos<\/h3>\n<p>O estilo minimalista preza pela simplicidade e pela maximiza\u00e7\u00e3o do espa\u00e7o.<\/p>\n<h4>A Exuber\u00e2ncia da Decora\u00e7\u00e3o Boho Chic<\/h4>\n<p>O estilo boho chic combina elementos de v\u00e1rias culturas, cores e texturas, criando um ambiente \u00fanico e pessoal.<\/p>\n<h4>Explorando o Potencial do Jardim Vertical<\/h4>\n<p>O jardim vertical \u00e9 uma tend\u00eancia que chegou para ficar. \u00c9 uma excelente op\u00e7\u00e3o para quem possui pouco espa\u00e7o, mas deseja trazer a natureza para dentro de casa.<\/p>\n<h2>Acess\u00f3rios e Recursos para Decora\u00e7\u00e3o com Plantas<\/h2>\n<h3>Vasos, Recipientes e sua Import\u00e2ncia<\/h3>\n<p>A escolha de vasos e recipientes pode fazer toda a diferen\u00e7a na decora\u00e7\u00e3o e na sa\u00fade de suas plantas.<\/p>\n<h4>Suportes para Plantas e o Impacto Visual<\/h4>\n<p>Os suportes para plantas podem agregar um toque extra de personalidade ao seu ambiente, al\u00e9m de oferecerem um melhor posicionamento para as plantas.<\/p>\n<h2><strong>Conclus\u00e3o<\/strong><\/h2>\n<p>A decora\u00e7\u00e3o interna com plantas \u00e9 mais do que um fen\u00f4meno de design, \u00e9 uma escolha de vida. Ela traz a beleza e a serenidade da natureza para o nosso dia a dia, criando ambientes mais saud\u00e1veis, acolhedores e cheios de vida.<\/p>\n<h2><strong>Perguntas frequentes\u00a0<\/strong><\/h2>\n<ol>\n<li><strong>Quais s\u00e3o as melhores plantas para decora\u00e7\u00e3o interna?<\/strong>\n<p>As melhores plantas para decora\u00e7\u00e3o interna s\u00e3o aquelas que se adaptam bem a ambientes fechados. Algumas \u00f3timas op\u00e7\u00f5es incluem suculentas, como aloe vera e zamioculcas, samambaias, espada-de-s\u00e3o-jorge, l\u00edrio da paz, entre outras.<\/li>\n<li><strong>Como cuidar de plantas internas?<\/strong>\n<p>Cuidar de plantas internas requer aten\u00e7\u00e3o \u00e0 ilumina\u00e7\u00e3o, temperatura, rega e umidade do ambiente. Cada planta tem suas pr\u00f3prias necessidades espec\u00edficas, ent\u00e3o \u00e9 importante pesquisar sobre as caracter\u00edsticas de cada esp\u00e9cie.<\/li>\n<li><strong>Que estilo de decora\u00e7\u00e3o com plantas devo escolher?<\/strong>\n<p>O estilo de decora\u00e7\u00e3o depende do seu gosto pessoal e do ambiente que deseja criar. O estilo minimalista \u00e9 \u00f3timo para ambientes tranquilos e organizados, enquanto o estilo boho chic traz uma sensa\u00e7\u00e3o de vida e cor para o espa\u00e7o. J\u00e1 o jardim vertical \u00e9 uma excelente op\u00e7\u00e3o para quem tem pouco espa\u00e7o.<\/li>\n<li><strong>Como os acess\u00f3rios podem melhorar a decora\u00e7\u00e3o com plantas?<\/strong>\n<p>Acess\u00f3rios como vasos, recipientes e suportes para plantas podem complementar a decora\u00e7\u00e3o e destacar a beleza das plantas. Al\u00e9m disso, eles podem ajudar a criar diferentes n\u00edveis e pontos focais no ambiente.<\/li>\n<li><strong>Como as plantas podem impactar na qualidade do ar de minha casa?<\/strong>\n<p>As plantas melhoram a qualidade do ar ao absorver di\u00f3xido de carbono e liberar oxig\u00eanio. Al\u00e9m disso, algumas esp\u00e9cies conseguem filtrar toxinas do ar, contribuindo para um ambiente mais saud\u00e1vel.<\/li>\n<\/ol>\n<p><strong>Espero que este artigo tenha ajudado voc\u00ea!<\/strong><\/p>\n<p>Ent\u00e3o deslize a tela para baixo e<a href=\"https:\/\/br.pinterest.com\/aarquitetapinterest\/_created\/\" target=\"_blank\" rel=\"noopener\">\u00a0confira mais dicas<\/a>\u00a0como esta e n\u00e3o se esque\u00e7a de compartilhar com os amigos!<\/p>\n<p>Quer mais dicas sobre o mundo da\u00a0<a href=\"https:\/\/www.aarquiteta.com.br\/blog\/o-que-e-arquitetura\/\">arquitetura<\/a>\u00a0e\u00a0<a href=\"https:\/\/www.aarquiteta.com.br\/blog\/decoracao\/\">Decora\u00e7\u00e3o<\/a>, ent\u00e3o confira alguns dos nossos artigos em:<\/p>\n<ul>\n<li><a href=\"https:\/\/www.aarquiteta.com.br\/blog\/paisagismo\/\" target=\"_blank\" rel=\"noopener\">Casa e Jardim<\/a><\/li>\n<li><a href=\"https:\/\/www.aarquiteta.com.br\/blog\/arquitetura\/mundo-arquitetura\/\" target=\"_blank\" rel=\"noopener\">Mundo Arquitetura<\/a><\/li>\n<li><a href=\"https:\/\/www.aarquiteta.com.br\/decoracao\/\" target=\"_blank\" rel=\"noopener\">Decora\u00e7\u00e3o\u00a0<\/a><\/li>\n<\/ul>\n","protected":false},"excerpt":{"rendered":"<p>Bem-vindo a uma viagem sensorial e emocional onde o verde ser\u00e1 nosso fiel companheiro. As decora\u00e7\u00f5es internas com plantas t\u00eam conquistado cada vez mais espa\u00e7o nos lares brasileiros e no mundo, trazendo n\u00e3o somente uma est\u00e9tica agrad\u00e1vel e repleta de vida, mas tamb\u00e9m promovendo um impacto positivo significativo na sa\u00fade f\u00edsica e mental dos habitantes. [&hellip;]<\/p>\n","protected":false},"author":102,"featured_media":78549,"comment_status":"closed","ping_status":"closed","sticky":false,"template":"","format":"standard","meta":{"footnotes":""},"categories":[10005,1484,9612],"tags":[30197,30198,16799,30202,2509,30199,28841,28840,30030,30201,29940,5310,2345,30200,8318],"class_list":["post-81766","post","type-post","status-publish","format-standard","has-post-thumbnail","category-casa-e-jardim","category-decoracao","category-jardinagem","tag-arranjos-vegetais","tag-cantinho-verde","tag-decoracao-verde","tag-folhagens-exuberantes","tag-jardim-interno","tag-parede-verde","tag-plantas-de-interior","tag-plantas-ornamentais","tag-plantas-para-ambientes-fechados","tag-plantas-pendentes","tag-plantas-suspensas","tag-plantas-tropicais","tag-suculentas","tag-terrarios","tag-vasos-de-plantas"],"_wp_attached_file":null,"_wp_attachment_metadata":null,"_wp_attachment_context":null,"_wp_attachment_is_custom_header":null,"geo_longitude":null,"geo_public":null,"geo_latitude":null,"_publicize_done_external":null,"_wpas_done_3897181":null,"publicize_twitter_user":null,"_wpas_done_3897175":null,"_wpas_skip_3897181":null,"_wpas_skip_3897175":null,"_wpas_skip_3924723":null,"_wpas_mess":null,"_wpas_done_3924723":null,"wps_subtitle":"","_links":{"self":[{"href":"https:\/\/www.aarquiteta.com.br\/blog\/wp-json\/wp\/v2\/posts\/81766","targetHints":{"allow":["GET"]}}],"collection":[{"href":"https:\/\/www.aarquiteta.com.br\/blog\/wp-json\/wp\/v2\/posts"}],"about":[{"href":"https:\/\/www.aarquiteta.com.br\/blog\/wp-json\/wp\/v2\/types\/post"}],"author":[{"embeddable":true,"href":"https:\/\/www.aarquiteta.com.br\/blog\/wp-json\/wp\/v2\/users\/102"}],"replies":[{"embeddable":true,"href":"https:\/\/www.aarquiteta.com.br\/blog\/wp-json\/wp\/v2\/comments?post=81766"}],"version-history":[{"count":0,"href":"https:\/\/www.aarquiteta.com.br\/blog\/wp-json\/wp\/v2\/posts\/81766\/revisions"}],"wp:featuredmedia":[{"embeddable":true,"href":"https:\/\/www.aarquiteta.com.br\/blog\/wp-json\/wp\/v2\/media\/78549"}],"wp:attachment":[{"href":"https:\/\/www.aarquiteta.com.br\/blog\/wp-json\/wp\/v2\/media?parent=81766"}],"wp:term":[{"taxonomy":"category","embeddable":true,"href":"https:\/\/www.aarquiteta.com.br\/blog\/wp-json\/wp\/v2\/categories?post=81766"},{"taxonomy":"post_tag","embeddable":true,"href":"https:\/\/www.aarquiteta.com.br\/blog\/wp-json\/wp\/v2\/tags?post=81766"}],"curies":[{"name":"wp","href":"https:\/\/api.w.org\/{rel}","templated":true}]}}