{"id":81625,"date":"2023-06-20T12:00:26","date_gmt":"2023-06-20T15:00:26","guid":{"rendered":"http:\/\/aarquiteta.com.br\/?p=81625"},"modified":"2024-07-03T15:58:35","modified_gmt":"2024-07-03T18:58:35","slug":"armarios-aereos","status":"publish","type":"post","link":"https:\/\/www.aarquiteta.com.br\/blog\/armarios-aereos\/","title":{"rendered":"Arm\u00e1rios A\u00e9reos: O m\u00f3vel suspenso na parede que otimiza espa\u00e7o!"},"content":{"rendered":"<p>Arm\u00e1rios a\u00e9reos: arm\u00e1rios suspensos na parede ajudam a otimizar o uso do espa\u00e7o vertical.\u00a0 Quando se trata de organizar espa\u00e7os pequenos, cada cent\u00edmetro conta. Em uma casa ou apartamento onde o espa\u00e7o \u00e9 limitado, \u00e9 fundamental encontrar solu\u00e7\u00f5es inteligentes para otimizar o uso do ambiente.<\/p>\n<p>Uma maneira eficaz de maximizar o espa\u00e7o dispon\u00edvel \u00e9 atrav\u00e9s do uso de arm\u00e1rios a\u00e9reos, tamb\u00e9m conhecidos como arm\u00e1rios suspensos na parede.<\/p>\n<p>Esses arm\u00e1rios oferecem uma solu\u00e7\u00e3o pr\u00e1tica e funcional, permitindo que voc\u00ea aproveite o espa\u00e7o vertical de maneira inteligente. Neste artigo, exploraremos os benef\u00edcios dos arm\u00e1rios a\u00e9reos e como eles podem ajudar a melhorar a organiza\u00e7\u00e3o e a est\u00e9tica do seu espa\u00e7o.<\/p>\n<h2><strong>5 Benef\u00edcios de escolher os Arm\u00e1rios A\u00e9reos:<\/strong><\/h2>\n<figure id=\"attachment_73269\" aria-describedby=\"caption-attachment-73269\" style=\"width: 1000px\" class=\"wp-caption alignnone\"><img decoding=\"async\" class=\"wp-image-73269 size-full\" title=\"Arm\u00e1rios A\u00e9reos: O m\u00f3vel suspenso na parede que otimiza espa\u00e7o!\" src=\"https:\/\/www.aarquiteta.com.br\/blog\/wp-content\/uploads\/2022\/12\/armario-de-cozinha-de-parede.jpg\" alt=\"Arm\u00e1rios A\u00e9reos: O m\u00f3vel suspenso na parede que otimiza espa\u00e7o!\" width=\"1000\" height=\"801\" srcset=\"https:\/\/www.aarquiteta.com.br\/blog\/wp-content\/uploads\/2022\/12\/armario-de-cozinha-de-parede.jpg 1000w, https:\/\/www.aarquiteta.com.br\/blog\/wp-content\/uploads\/2022\/12\/armario-de-cozinha-de-parede-696x557.jpg 696w, https:\/\/www.aarquiteta.com.br\/blog\/wp-content\/uploads\/2022\/12\/armario-de-cozinha-de-parede-150x120.jpg 150w\" sizes=\"(max-width: 1000px) 100vw, 1000px\" \/><figcaption id=\"caption-attachment-73269\" class=\"wp-caption-text\">Arm\u00e1rio A\u00e9reo 3 Portas Iara J Carvalho Branco<\/figcaption><\/figure>\n<h3><strong>Maximiza\u00e7\u00e3o do espa\u00e7o vertical<\/strong>:<\/h3>\n<p>Ao instalar arm\u00e1rios a\u00e9reos, voc\u00ea utiliza o espa\u00e7o vertical, deixando o ch\u00e3o livre para outros fins. Isso \u00e9 especialmente vantajoso em cozinhas, banheiros e \u00e1reas de trabalho, onde o espa\u00e7o \u00e9 limitado e cada cent\u00edmetro importa.<\/p>\n<p>Com arm\u00e1rios suspensos na parede, voc\u00ea pode guardar utens\u00edlios, produtos de limpeza, lou\u00e7as e outros itens sem ocupar espa\u00e7o precioso em arm\u00e1rios ou prateleiras no ch\u00e3o.<\/p>\n<h3><strong>Organiza\u00e7\u00e3o e acessibilidade<\/strong>:<\/h3>\n<figure id=\"attachment_73270\" aria-describedby=\"caption-attachment-73270\" style=\"width: 1000px\" class=\"wp-caption alignnone\"><img decoding=\"async\" class=\"wp-image-73270 size-full\" title=\"Arm\u00e1rios A\u00e9reos: O m\u00f3vel suspenso na parede que otimiza espa\u00e7o!\" src=\"https:\/\/www.aarquiteta.com.br\/blog\/wp-content\/uploads\/2022\/12\/armario-de-cozinha-de-parede-1.jpg\" alt=\"Arm\u00e1rios A\u00e9reos: O m\u00f3vel suspenso na parede que otimiza espa\u00e7o!\" width=\"1000\" height=\"776\" srcset=\"https:\/\/www.aarquiteta.com.br\/blog\/wp-content\/uploads\/2022\/12\/armario-de-cozinha-de-parede-1.jpg 1000w, https:\/\/www.aarquiteta.com.br\/blog\/wp-content\/uploads\/2022\/12\/armario-de-cozinha-de-parede-1-696x540.jpg 696w, https:\/\/www.aarquiteta.com.br\/blog\/wp-content\/uploads\/2022\/12\/armario-de-cozinha-de-parede-1-150x116.jpg 150w\" sizes=\"(max-width: 1000px) 100vw, 1000px\" \/><figcaption id=\"caption-attachment-73270\" class=\"wp-caption-text\">Arm\u00e1rio A\u00e9reo de Cozinha 2 Portas com Nicho Alana J Carvalho Branco<\/figcaption><\/figure>\n<p>Os arm\u00e1rios a\u00e9reos oferecem uma solu\u00e7\u00e3o eficiente para manter seus pertences organizados e acess\u00edveis. Ao instalar arm\u00e1rios suspensos na parede, voc\u00ea pode criar uma disposi\u00e7\u00e3o estrat\u00e9gica dos itens de acordo com sua frequ\u00eancia de uso.<\/p>\n<p>Itens utilizados com mais frequ\u00eancia podem ser armazenados em arm\u00e1rios a\u00e9reos de f\u00e1cil acesso, enquanto itens menos utilizados podem ser guardados em arm\u00e1rios mais altos.<\/p>\n<h3><strong>Est\u00e9tica e design<\/strong>:<\/h3>\n<figure id=\"attachment_81718\" aria-describedby=\"caption-attachment-81718\" style=\"width: 1500px\" class=\"wp-caption alignnone\"><img decoding=\"async\" class=\"wp-image-81718 size-full\" title=\"Arm\u00e1rios A\u00e9reos: O m\u00f3vel suspenso na parede que otimiza espa\u00e7o!\" src=\"https:\/\/www.aarquiteta.com.br\/blog\/wp-content\/uploads\/2023\/06\/armario-cozinha-aereo-2.jpg\" alt=\"Arm\u00e1rios A\u00e9reos: O m\u00f3vel suspenso na parede que otimiza espa\u00e7o!\" width=\"1500\" height=\"1500\" srcset=\"https:\/\/www.aarquiteta.com.br\/blog\/wp-content\/uploads\/2023\/06\/armario-cozinha-aereo-2.jpg 1500w, https:\/\/www.aarquiteta.com.br\/blog\/wp-content\/uploads\/2023\/06\/armario-cozinha-aereo-2-1024x1024.jpg 1024w, https:\/\/www.aarquiteta.com.br\/blog\/wp-content\/uploads\/2023\/06\/armario-cozinha-aereo-2-696x696.jpg 696w, https:\/\/www.aarquiteta.com.br\/blog\/wp-content\/uploads\/2023\/06\/armario-cozinha-aereo-2-96x96.jpg 96w, https:\/\/www.aarquiteta.com.br\/blog\/wp-content\/uploads\/2023\/06\/armario-cozinha-aereo-2-150x150.jpg 150w\" sizes=\"(max-width: 1500px) 100vw, 1500px\" \/><figcaption id=\"caption-attachment-81718\" class=\"wp-caption-text\">Foto: Amazon.com<\/figcaption><\/figure>\n<figure id=\"attachment_81718-2\" aria-describedby=\"caption-attachment-81718-2\" style=\"width: 1500px\" class=\"wp-caption alignnone\"><img decoding=\"async\" class=\"size-full wp-image-81718\" src=\"https:\/\/www.aarquiteta.com.br\/blog\/wp-content\/uploads\/2023\/06\/armario-cozinha-aereo-2.jpg\" alt=\"Arm\u00e1rios A\u00e9reos: O m\u00f3vel suspenso na parede que otimiza espa\u00e7o!\" width=\"1500\" height=\"1500\" title=\"\" srcset=\"https:\/\/www.aarquiteta.com.br\/blog\/wp-content\/uploads\/2023\/06\/armario-cozinha-aereo-2.jpg 1500w, https:\/\/www.aarquiteta.com.br\/blog\/wp-content\/uploads\/2023\/06\/armario-cozinha-aereo-2-1024x1024.jpg 1024w, https:\/\/www.aarquiteta.com.br\/blog\/wp-content\/uploads\/2023\/06\/armario-cozinha-aereo-2-696x696.jpg 696w, https:\/\/www.aarquiteta.com.br\/blog\/wp-content\/uploads\/2023\/06\/armario-cozinha-aereo-2-96x96.jpg 96w, https:\/\/www.aarquiteta.com.br\/blog\/wp-content\/uploads\/2023\/06\/armario-cozinha-aereo-2-150x150.jpg 150w\" sizes=\"(max-width: 1500px) 100vw, 1500px\" \/><figcaption id=\"caption-attachment-81718-2\" class=\"wp-caption-text\">Foto: Amazon.com<\/figcaption><\/figure>\n<p>Al\u00e9m de sua funcionalidade pr\u00e1tica, os arm\u00e1rios a\u00e9reos tamb\u00e9m acrescentam estilo e beleza ao ambiente. Com uma ampla variedade de op\u00e7\u00f5es de design, materiais e acabamentos dispon\u00edveis, \u00e9 poss\u00edvel encontrar arm\u00e1rios suspensos na parede que se ad\u00e9quem ao estilo da sua decora\u00e7\u00e3o.<\/p>\n<p>Eles podem adicionar um toque moderno, elegante ou at\u00e9 mesmo r\u00fastico ao espa\u00e7o, transformando a est\u00e9tica geral do ambiente.<\/p>\n<h3><strong>Facilidade de limpeza<\/strong>:<\/h3>\n<p>Os arm\u00e1rios a\u00e9reos facilitam a tarefa de limpeza e manuten\u00e7\u00e3o do espa\u00e7o. Como est\u00e3o suspensos na parede, n\u00e3o h\u00e1 necessidade de mover m\u00f3veis ou outros objetos para limpar o ch\u00e3o por baixo deles.<\/p>\n<p>Al\u00e9m disso, a maioria dos arm\u00e1rios a\u00e9reos possui prateleiras ajust\u00e1veis ou remov\u00edveis, facilitando a limpeza interna e a reorganiza\u00e7\u00e3o dos itens armazenados.<\/p>\n<h3><strong>Seguran\u00e7a<\/strong>:<\/h3>\n<p>Arm\u00e1rios a\u00e9reos podem ser uma op\u00e7\u00e3o segura para armazenar itens delicados ou perigosos, como produtos de limpeza ou objetos pontiagudos. Ao instalar esses arm\u00e1rios em uma altura adequada, fora do alcance de crian\u00e7as ou animais de estima\u00e7\u00e3o, voc\u00ea pode garantir a seguran\u00e7a de todos em casa.<\/p>\n<h4><strong>Ideias como decorar utilizando Arm\u00e1rios A\u00e9reos:<\/strong><\/h4>\n<p>Confira a nossa sele\u00e7\u00e3o de <a href=\"https:\/\/amzn.to\/3qMIUvq\" target=\"_blank\" rel=\"noopener\"><strong>Arm\u00e1rios A\u00e9reos<\/strong><\/a> que separamos para voc\u00ea, com certeza uma delas combinar\u00e1 perfeitamente com sua casa!<\/p>\n<p><iframe style=\"width: 120px; height: 240px;\" src=\"\/\/ws-na.amazon-adsystem.com\/widgets\/q?ServiceVersion=20070822&amp;OneJS=1&amp;Operation=GetAdHtml&amp;MarketPlace=BR&amp;source=ss&amp;ref=as_ss_li_til&amp;ad_type=product_link&amp;tracking_id=aarquiteta-20&amp;language=pt_BR&amp;marketplace=amazon&amp;region=BR&amp;placement=B0BVCHK2XZ&amp;asins=B0BVCHK2XZ&amp;linkId=bc15b57df4083d1598c0b55af5655326&amp;show_border=true&amp;link_opens_in_new_window=true\" frameborder=\"0\" marginwidth=\"0\" marginheight=\"0\" scrolling=\"no\" sandbox=\"allow-popups allow-scripts allow-modals allow-forms allow-same-origin\"><\/iframe><\/p>\n<h2>Perguntas Mais Frequentes sobre Arm\u00e1rios A\u00e9reos:<\/h2>\n<figure id=\"attachment_73529\" aria-describedby=\"caption-attachment-73529\" style=\"width: 1000px\" class=\"wp-caption alignnone\"><img decoding=\"async\" class=\"size-full wp-image-73529\" src=\"https:\/\/www.aarquiteta.com.br\/blog\/wp-content\/uploads\/2022\/12\/armario-de-cozinha-cinza-1.jpg\" alt=\"Arm\u00e1rios A\u00e9reos: O m\u00f3vel suspenso na parede que otimiza espa\u00e7o!\" width=\"1000\" height=\"1000\" title=\"\" srcset=\"https:\/\/www.aarquiteta.com.br\/blog\/wp-content\/uploads\/2022\/12\/armario-de-cozinha-cinza-1.jpg 1000w, https:\/\/www.aarquiteta.com.br\/blog\/wp-content\/uploads\/2022\/12\/armario-de-cozinha-cinza-1-696x696.jpg 696w, https:\/\/www.aarquiteta.com.br\/blog\/wp-content\/uploads\/2022\/12\/armario-de-cozinha-cinza-1-96x96.jpg 96w, https:\/\/www.aarquiteta.com.br\/blog\/wp-content\/uploads\/2022\/12\/armario-de-cozinha-cinza-1-150x150.jpg 150w\" sizes=\"(max-width: 1000px) 100vw, 1000px\" \/><figcaption id=\"caption-attachment-73529\" class=\"wp-caption-text\">Arm\u00e1rio de Cozinha Completa Suspenso 240cm Cinza Nice Madesa 05<\/figcaption><\/figure>\n<h3><strong>1. Os arm\u00e1rios a\u00e9reos s\u00e3o adequados para todos os tipos de ambientes?<\/strong><\/h3>\n<p>Sim, os arm\u00e1rios a\u00e9reos podem ser instalados em diversos ambientes, como cozinhas, banheiros, escrit\u00f3rios e \u00e1reas de servi\u00e7o. Eles se adaptam bem a diferentes espa\u00e7os e necessidades de armazenamento.<\/p>\n<h3><strong>2. Quais s\u00e3o os materiais mais comuns utilizados na fabrica\u00e7\u00e3o de arm\u00e1rios a\u00e9reos?<\/strong><\/h3>\n<p>Os arm\u00e1rios a\u00e9reos podem ser encontrados em uma variedade de materiais, incluindo madeira, metal e pl\u00e1stico. A escolha do material depende do estilo e do uso pretendido para o arm\u00e1rio.<\/p>\n<h3><strong>3. \u00c9 poss\u00edvel instalar arm\u00e1rios a\u00e9reos em paredes de drywall?<\/strong><\/h3>\n<p>Sim, \u00e9 poss\u00edvel instalar arm\u00e1rios a\u00e9reos em paredes de drywall. No entanto, \u00e9 importante garantir que a parede tenha estrutura suficiente para suportar o peso do arm\u00e1rio e dos itens armazenados.<\/p>\n<h3><strong>4. Posso instalar arm\u00e1rios a\u00e9reos por conta pr\u00f3pria ou devo contratar um profissional?<\/strong><\/h3>\n<p>A instala\u00e7\u00e3o de arm\u00e1rios a\u00e9reos pode ser feita por conta pr\u00f3pria, desde que voc\u00ea tenha as ferramentas e conhecimentos necess\u00e1rios. No entanto, se voc\u00ea n\u00e3o se sentir confort\u00e1vel em realizar a instala\u00e7\u00e3o, \u00e9 recomend\u00e1vel contratar um profissional para garantir uma instala\u00e7\u00e3o segura e adequada.<\/p>\n<h3><strong>5. Os arm\u00e1rios a\u00e9reos s\u00e3o f\u00e1ceis de limpar?<\/strong><\/h3>\n<p>Sim, os arm\u00e1rios a\u00e9reos geralmente s\u00e3o f\u00e1ceis de limpar. A maioria dos modelos possui superf\u00edcies lisas e acess\u00edveis, facilitando a remo\u00e7\u00e3o de poeira e sujeira. Recomenda-se utilizar produtos de limpeza suaves e n\u00e3o abrasivos para manter a integridade dos materiais.<\/p>\n<p>Os arm\u00e1rios a\u00e9reos s\u00e3o uma solu\u00e7\u00e3o inteligente e vers\u00e1til para otimizar o uso do espa\u00e7o vertical em ambientes com espa\u00e7o limitado. Al\u00e9m de maximizar o espa\u00e7o dispon\u00edvel, eles oferecem organiza\u00e7\u00e3o, acessibilidade, est\u00e9tica e facilidade de limpeza.<\/p>\n<p>Ao escolher arm\u00e1rios suspensos na parede, voc\u00ea pode transformar a funcionalidade e o visual do seu espa\u00e7o, adicionando estilo e praticidade. Considere a instala\u00e7\u00e3o de arm\u00e1rios a\u00e9reos em sua casa ou escrit\u00f3rio e aproveite ao m\u00e1ximo cada cent\u00edmetro do seu ambiente.<\/p>\n<p>Gostou? Espero que este artigo tenha ajudado voc\u00ea!<\/p>\n<p>Ent\u00e3o deslize a tela para baixo e<a href=\"https:\/\/br.pinterest.com\/aarquitetapinterest\/_created\/\" target=\"_blank\" rel=\"noopener\">\u00a0confira mais dicas<\/a>\u00a0como esta e n\u00e3o se esque\u00e7a de compartilhar com os amigos!<\/p>\n<p>Quer mais dicas sobre o mundo da <a href=\"https:\/\/www.aarquiteta.com.br\/blog\/o-que-e-arquitetura\/\">Arquitetura<\/a>\u00a0e\u00a0<a href=\"https:\/\/www.aarquiteta.com.br\/blog\/decoracao\/\">Decora\u00e7\u00e3o<\/a>, ent\u00e3o confira alguns dos nossos artigos em:<\/p>\n<ul>\n<li><a href=\"https:\/\/www.aarquiteta.com.br\/blog\/paisagismo\/\" target=\"_blank\" rel=\"noopener\">Casa e Jardim<\/a><\/li>\n<li><a href=\"https:\/\/www.aarquiteta.com.br\/blog\/arquitetura\/mundo-arquitetura\/\" target=\"_blank\" rel=\"noopener\">Mundo Arquitetura<\/a><\/li>\n<li><a href=\"https:\/\/www.aarquiteta.com.br\/decoracao\/\" target=\"_blank\" rel=\"noopener\">Decora\u00e7\u00e3o<br \/>\n<\/a><\/li>\n<\/ul>\n","protected":false},"excerpt":{"rendered":"<p>Arm\u00e1rios a\u00e9reos: arm\u00e1rios suspensos na parede ajudam a otimizar o uso do espa\u00e7o vertical.\u00a0 Quando se trata de organizar espa\u00e7os pequenos, cada cent\u00edmetro conta. Em uma casa ou apartamento onde o espa\u00e7o \u00e9 limitado, \u00e9 fundamental encontrar solu\u00e7\u00f5es inteligentes para otimizar o uso do ambiente. Uma maneira eficaz de maximizar o espa\u00e7o dispon\u00edvel \u00e9 atrav\u00e9s [&hellip;]<\/p>\n","protected":false},"author":102,"featured_media":81720,"comment_status":"closed","ping_status":"closed","sticky":false,"template":"","format":"standard","meta":{"footnotes":""},"categories":[35414,35384,10005,20353],"tags":[426,30967,30986,2164,26442,1781,336,1102,1333,5425,2133,1329,2579,28586,30987,6402,4513,1595,1228],"class_list":["post-81625","post","type-post","status-publish","format-standard","has-post-thumbnail","category-acessorios-para-decoracao","category-armarios-e-aparadores","category-casa-e-jardim","category-home-decor","tag-acessibilidade","tag-armarios-aereos","tag-armarios-suspensos-na-parede","tag-banheiro","tag-beleza","tag-cozinha","tag-decoracao","tag-design","tag-espacos-pequenos","tag-estilo","tag-funcionalidade","tag-moveis","tag-organizacao","tag-otimizacao","tag-otimizacao-do-espaco-vertical","tag-personalizacao","tag-praticidade","tag-sala","tag-tendencias"],"_wp_attached_file":null,"_wp_attachment_metadata":null,"_wp_attachment_context":null,"_wp_attachment_is_custom_header":null,"geo_longitude":null,"geo_public":null,"geo_latitude":null,"_publicize_done_external":null,"_wpas_done_3897181":null,"publicize_twitter_user":null,"_wpas_done_3897175":null,"_wpas_skip_3897181":null,"_wpas_skip_3897175":null,"_wpas_skip_3924723":null,"_wpas_mess":null,"_wpas_done_3924723":null,"wps_subtitle":"Descubra como os arm\u00e1rios a\u00e9reos podem otimizar o uso do espa\u00e7o vertical em sua casa ou escrit\u00f3rio. Maximize a organiza\u00e7\u00e3o e o estilo com solu\u00e7\u00f5es inteligentes para espa\u00e7os limitados.","_links":{"self":[{"href":"https:\/\/www.aarquiteta.com.br\/blog\/wp-json\/wp\/v2\/posts\/81625","targetHints":{"allow":["GET"]}}],"collection":[{"href":"https:\/\/www.aarquiteta.com.br\/blog\/wp-json\/wp\/v2\/posts"}],"about":[{"href":"https:\/\/www.aarquiteta.com.br\/blog\/wp-json\/wp\/v2\/types\/post"}],"author":[{"embeddable":true,"href":"https:\/\/www.aarquiteta.com.br\/blog\/wp-json\/wp\/v2\/users\/102"}],"replies":[{"embeddable":true,"href":"https:\/\/www.aarquiteta.com.br\/blog\/wp-json\/wp\/v2\/comments?post=81625"}],"version-history":[{"count":0,"href":"https:\/\/www.aarquiteta.com.br\/blog\/wp-json\/wp\/v2\/posts\/81625\/revisions"}],"wp:featuredmedia":[{"embeddable":true,"href":"https:\/\/www.aarquiteta.com.br\/blog\/wp-json\/wp\/v2\/media\/81720"}],"wp:attachment":[{"href":"https:\/\/www.aarquiteta.com.br\/blog\/wp-json\/wp\/v2\/media?parent=81625"}],"wp:term":[{"taxonomy":"category","embeddable":true,"href":"https:\/\/www.aarquiteta.com.br\/blog\/wp-json\/wp\/v2\/categories?post=81625"},{"taxonomy":"post_tag","embeddable":true,"href":"https:\/\/www.aarquiteta.com.br\/blog\/wp-json\/wp\/v2\/tags?post=81625"}],"curies":[{"name":"wp","href":"https:\/\/api.w.org\/{rel}","templated":true}]}}