{"id":81622,"date":"2023-06-20T06:00:58","date_gmt":"2023-06-20T09:00:58","guid":{"rendered":"http:\/\/aarquiteta.com.br\/?p=81622"},"modified":"2024-09-15T09:23:34","modified_gmt":"2024-09-15T12:23:34","slug":"bancadas-retrateis","status":"publish","type":"post","link":"https:\/\/www.aarquiteta.com.br\/blog\/bancadas-retrateis\/","title":{"rendered":"Bancadas Retr\u00e1teis: Solu\u00e7\u00e3o para cozinhas e \u00e1reas de trabalho vers\u00e1teis!"},"content":{"rendered":"<p>Bancadas Retr\u00e1teis: A solu\u00e7\u00e3o perfeita para cozinhas e \u00e1reas de trabalho vers\u00e1teis! As bancadas retr\u00e1teis s\u00e3o ideais para cozinhas e \u00e1reas de trabalho, por podarem ser facilmente dobradas e guardadas quando n\u00e3o est\u00e3o em uso!<\/p><p>Voc\u00ea est\u00e1 procurando uma maneira eficiente de aproveitar o espa\u00e7o em sua <a href=\"https:\/\/www.aarquiteta.com.br\/blog\/decoracao\/ambientes-na-decoracao\/decoracao-de-cozinha\/\" class=\"ilj-generated-link\">cozinha<\/a> ou \u00e1rea de trabalho? As bancadas retr\u00e1teis podem ser a solu\u00e7\u00e3o ideal para voc\u00ea!<\/p><p>Neste artigo, exploraremos o conceito de bancadas retr\u00e1teis e como elas podem ser uma adi\u00e7\u00e3o pr\u00e1tica e funcional para cozinhas e \u00e1reas de trabalho.<\/p><h2>1. O que s\u00e3o bancadas retr\u00e1teis?<\/h2><figure id=\"attachment_81061\" aria-describedby=\"caption-attachment-81061\" style=\"width: 1200px\" class=\"wp-caption alignnone\"><img decoding=\"async\" class=\"wp-image-81061 size-full\" title=\"Bancadas Retr\u00e1teis: Solu\u00e7\u00e3o para cozinhas e \u00e1reas de trabalho vers\u00e1teis!\" src=\"https:\/\/www.aarquiteta.com.br\/blog\/wp-content\/uploads\/2023\/06\/mesa-de-jantar-retratil-1-1.jpg\" alt=\"Bancadas Retr\u00e1teis: Solu\u00e7\u00e3o para cozinhas e \u00e1reas de trabalho vers\u00e1teis!\" width=\"1200\" height=\"800\" srcset=\"https:\/\/www.aarquiteta.com.br\/blog\/wp-content\/uploads\/2023\/06\/mesa-de-jantar-retratil-1-1.jpg 1200w, https:\/\/www.aarquiteta.com.br\/blog\/wp-content\/uploads\/2023\/06\/mesa-de-jantar-retratil-1-1-1024x683.jpg 1024w, https:\/\/www.aarquiteta.com.br\/blog\/wp-content\/uploads\/2023\/06\/mesa-de-jantar-retratil-1-1-696x464.jpg 696w, https:\/\/www.aarquiteta.com.br\/blog\/wp-content\/uploads\/2023\/06\/mesa-de-jantar-retratil-1-1-150x100.jpg 150w\" sizes=\"(max-width: 1200px) 100vw, 1200px\" \/><figcaption id=\"caption-attachment-81061\" class=\"wp-caption-text\">Foto: Amazon.com<\/figcaption><\/figure><p>Com sua capacidade de serem facilmente dobradas e guardadas quando n\u00e3o est\u00e3o em uso, as bancadas retr\u00e1teis oferecem versatilidade e efici\u00eancia, tornando-se uma op\u00e7\u00e3o popular para otimizar espa\u00e7os.<\/p><p>Proponho descobrirmos mais sobre os benef\u00edcios e as possibilidades que as bancadas retr\u00e1teis podem oferecer.<\/p><h3>1.1 Defini\u00e7\u00e3o e funcionalidade<\/h3><figure id=\"attachment_81066\" aria-describedby=\"caption-attachment-81066\" style=\"width: 1200px\" class=\"wp-caption alignnone\"><img decoding=\"async\" class=\"wp-image-81066 size-full\" title=\"Bancadas Retr\u00e1teis: Solu\u00e7\u00e3o para cozinhas e \u00e1reas de trabalho vers\u00e1teis!\" src=\"https:\/\/www.aarquiteta.com.br\/blog\/wp-content\/uploads\/2023\/06\/Escrivaninhas-retrateis-3.jpg\" alt=\"Bancadas Retr\u00e1teis: Solu\u00e7\u00e3o para cozinhas e \u00e1reas de trabalho vers\u00e1teis!\" width=\"1200\" height=\"800\" srcset=\"https:\/\/www.aarquiteta.com.br\/blog\/wp-content\/uploads\/2023\/06\/Escrivaninhas-retrateis-3.jpg 1200w, https:\/\/www.aarquiteta.com.br\/blog\/wp-content\/uploads\/2023\/06\/Escrivaninhas-retrateis-3-1024x683.jpg 1024w, https:\/\/www.aarquiteta.com.br\/blog\/wp-content\/uploads\/2023\/06\/Escrivaninhas-retrateis-3-696x464.jpg 696w, https:\/\/www.aarquiteta.com.br\/blog\/wp-content\/uploads\/2023\/06\/Escrivaninhas-retrateis-3-150x100.jpg 150w\" sizes=\"(max-width: 1200px) 100vw, 1200px\" \/><figcaption id=\"caption-attachment-81066\" class=\"wp-caption-text\">Foto: Amazon.com<\/figcaption><\/figure><p>As bancadas retr\u00e1teis s\u00e3o superf\u00edcies planas e dur\u00e1veis que podem ser fixadas a uma parede ou estrutura e dobradas quando n\u00e3o est\u00e3o em uso.<\/p><p>Essa caracter\u00edstica \u00fanica permite que voc\u00ea maximize o espa\u00e7o dispon\u00edvel em sua cozinha ou \u00e1rea de trabalho, proporcionando uma superf\u00edcie pr\u00e1tica para realizar diversas tarefas.<\/p><p>Quando recolhidas, as bancadas retr\u00e1teis ficam praticamente impercept\u00edveis, criando uma sensa\u00e7\u00e3o de espa\u00e7o e <a href=\"https:\/\/www.aarquiteta.com.br\/blog\/home-decor\/organizacao-e-armazenamento\/\" class=\"ilj-generated-link\">organiza\u00e7\u00e3o<\/a>.<\/p><h3>1.2 Materiais e estilos<\/h3><p>As bancadas retr\u00e1teis est\u00e3o dispon\u00edveis em uma variedade de materiais, desde madeira at\u00e9 a\u00e7o inoxid\u00e1vel e pedra. Essa diversidade de materiais permite que voc\u00ea escolha uma op\u00e7\u00e3o que se adapte perfeitamente ao estilo e design do seu ambiente.<\/p><p>Al\u00e9m disso, voc\u00ea pode optar por bancadas retr\u00e1teis personalizadas, feitas sob medida para atender \u00e0s suas necessidades espec\u00edficas.<\/p><h2>2. Benef\u00edcios das bancadas retr\u00e1teis<\/h2><figure id=\"attachment_81065\" aria-describedby=\"caption-attachment-81065\" style=\"width: 1200px\" class=\"wp-caption alignnone\"><img decoding=\"async\" class=\"wp-image-81065 size-full\" title=\"Bancadas Retr\u00e1teis: Solu\u00e7\u00e3o para cozinhas e \u00e1reas de trabalho vers\u00e1teis!\" src=\"https:\/\/www.aarquiteta.com.br\/blog\/wp-content\/uploads\/2023\/06\/Escrivaninhas-retrateis-2.jpg\" alt=\"Bancadas Retr\u00e1teis: Solu\u00e7\u00e3o para cozinhas e \u00e1reas de trabalho vers\u00e1teis!\" width=\"1200\" height=\"800\" srcset=\"https:\/\/www.aarquiteta.com.br\/blog\/wp-content\/uploads\/2023\/06\/Escrivaninhas-retrateis-2.jpg 1200w, https:\/\/www.aarquiteta.com.br\/blog\/wp-content\/uploads\/2023\/06\/Escrivaninhas-retrateis-2-1024x683.jpg 1024w, https:\/\/www.aarquiteta.com.br\/blog\/wp-content\/uploads\/2023\/06\/Escrivaninhas-retrateis-2-696x464.jpg 696w, https:\/\/www.aarquiteta.com.br\/blog\/wp-content\/uploads\/2023\/06\/Escrivaninhas-retrateis-2-150x100.jpg 150w\" sizes=\"(max-width: 1200px) 100vw, 1200px\" \/><figcaption id=\"caption-attachment-81065\" class=\"wp-caption-text\">Foto: Amazon.com<\/figcaption><\/figure><h3>2.1 Otimiza\u00e7\u00e3o do espa\u00e7o<\/h3><p>Uma das principais vantagens das bancadas retr\u00e1teis \u00e9 a otimiza\u00e7\u00e3o do espa\u00e7o. Em cozinhas e \u00e1reas de trabalho menores, cada cent\u00edmetro conta.<\/p><p>Com as bancadas retr\u00e1teis, voc\u00ea pode aproveitar ao m\u00e1ximo o espa\u00e7o dispon\u00edvel, dobrando-as quando n\u00e3o est\u00e3o em uso. Isso permite que voc\u00ea tenha mais \u00e1rea livre para movimenta\u00e7\u00e3o e outras atividades quando necess\u00e1rio.<\/p><h3>2.2 Versatilidade e funcionalidade<\/h3><figure id=\"attachment_81056\" aria-describedby=\"caption-attachment-81056\" style=\"width: 1500px\" class=\"wp-caption alignnone\"><img decoding=\"async\" class=\"size-full wp-image-81056\" src=\"https:\/\/www.aarquiteta.com.br\/blog\/wp-content\/uploads\/2023\/06\/mesa-de-jantar-retratil-5.jpg\" alt=\"Mesas de jantar retr\u00e1teis - Usou, dobrou, guardou!\" width=\"1500\" height=\"1000\" title=\"\" srcset=\"https:\/\/www.aarquiteta.com.br\/blog\/wp-content\/uploads\/2023\/06\/mesa-de-jantar-retratil-5.jpg 1500w, https:\/\/www.aarquiteta.com.br\/blog\/wp-content\/uploads\/2023\/06\/mesa-de-jantar-retratil-5-1024x683.jpg 1024w, https:\/\/www.aarquiteta.com.br\/blog\/wp-content\/uploads\/2023\/06\/mesa-de-jantar-retratil-5-696x464.jpg 696w, https:\/\/www.aarquiteta.com.br\/blog\/wp-content\/uploads\/2023\/06\/mesa-de-jantar-retratil-5-150x100.jpg 150w\" sizes=\"(max-width: 1500px) 100vw, 1500px\" \/><figcaption id=\"caption-attachment-81056\" class=\"wp-caption-text\">Foto: Amazon.com<\/figcaption><\/figure><p>Outro benef\u00edcio significativo das bancadas retr\u00e1teis \u00e9 sua versatilidade e funcionalidade. Elas podem ser usadas como superf\u00edcies de trabalho adicionais, \u00e1rea de prepara\u00e7\u00e3o de alimentos, <a href=\"https:\/\/www.aarquiteta.com.br\/blog\/home-decor\/moveis\/mesas-e-cadeiras\/\" class=\"ilj-generated-link\">mesa<\/a> de jantar improvisada ou at\u00e9 mesmo como uma esta\u00e7\u00e3o de trabalho tempor\u00e1ria.<\/p><p>Essa flexibilidade permite que voc\u00ea adapte o espa\u00e7o de acordo com suas necessidades, tornando-o mais din\u00e2mico e adapt\u00e1vel.<\/p><h3>2.3 Est\u00e9tica e design<\/h3><figure id=\"attachment_81054\" aria-describedby=\"caption-attachment-81054\" style=\"width: 1500px\" class=\"wp-caption alignnone\"><img decoding=\"async\" class=\"size-full wp-image-81054\" src=\"https:\/\/www.aarquiteta.com.br\/blog\/wp-content\/uploads\/2023\/06\/mesa-de-jantar-retratil-6.jpg\" alt=\"Mesas de jantar retr\u00e1teis - Usou, dobrou, guardou!\" width=\"1500\" height=\"1500\" title=\"\" srcset=\"https:\/\/www.aarquiteta.com.br\/blog\/wp-content\/uploads\/2023\/06\/mesa-de-jantar-retratil-6.jpg 1500w, https:\/\/www.aarquiteta.com.br\/blog\/wp-content\/uploads\/2023\/06\/mesa-de-jantar-retratil-6-1024x1024.jpg 1024w, https:\/\/www.aarquiteta.com.br\/blog\/wp-content\/uploads\/2023\/06\/mesa-de-jantar-retratil-6-696x696.jpg 696w, https:\/\/www.aarquiteta.com.br\/blog\/wp-content\/uploads\/2023\/06\/mesa-de-jantar-retratil-6-96x96.jpg 96w, https:\/\/www.aarquiteta.com.br\/blog\/wp-content\/uploads\/2023\/06\/mesa-de-jantar-retratil-6-150x150.jpg 150w\" sizes=\"(max-width: 1500px) 100vw, 1500px\" \/><figcaption id=\"caption-attachment-81054\" class=\"wp-caption-text\">Foto: Amazon.com<\/figcaption><\/figure><p>Al\u00e9m de sua utilidade pr\u00e1tica, as bancadas retr\u00e1teis tamb\u00e9m podem adicionar um toque est\u00e9tico ao ambiente.<\/p><p>Com uma ampla gama de materiais e estilos dispon\u00edveis, voc\u00ea pode escolher uma <a href=\"https:\/\/www.aarquiteta.com.br\/blog\/?s=BANCADA\">bancada<\/a> retr\u00e1til que complemente o design existente de sua cozinha ou \u00e1rea de trabalho. Isso permite que voc\u00ea crie um espa\u00e7o coeso e visualmente agrad\u00e1vel.<\/p><h4><strong>Ideias como decorar utilizando Bancadas Retr\u00e1teis:<\/strong><\/h4><p>Confira a nossa sele\u00e7\u00e3o de <strong>Bancadas Retr\u00e1teis<\/strong> que separamos para voc\u00ea, com certeza uma delas combinar\u00e1 perfeitamente com sua casa!<\/p><p><iframe style=\"width: 120px; height: 240px;\" src=\"\/\/ws-na.amazon-adsystem.com\/widgets\/q?ServiceVersion=20070822&amp;OneJS=1&amp;Operation=GetAdHtml&amp;MarketPlace=BR&amp;source=ss&amp;ref=as_ss_li_til&amp;ad_type=product_link&amp;tracking_id=aarquiteta-20&amp;language=pt_BR&amp;marketplace=amazon&amp;region=BR&amp;placement=B08CRY6633&amp;asins=B08CRY6633&amp;linkId=f727ea7d55314b61467dc13d1e06e3fb&amp;show_border=true&amp;link_opens_in_new_window=true\" frameborder=\"0\" marginwidth=\"0\" marginheight=\"0\" scrolling=\"no\" sandbox=\"allow-popups allow-scripts allow-modals allow-forms allow-same-origin\"><\/iframe><\/p><h2>3. Perguntas mais frequentes sobre bancadas retr\u00e1teis:<\/h2><figure id=\"attachment_81064\" aria-describedby=\"caption-attachment-81064\" style=\"width: 1200px\" class=\"wp-caption alignnone\"><img decoding=\"async\" class=\"size-full wp-image-81064\" src=\"https:\/\/www.aarquiteta.com.br\/blog\/wp-content\/uploads\/2023\/06\/Escrivaninhas-retrateis-.jpg\" alt=\"Escrivaninhas retr\u00e1teis - Otimizando espa\u00e7o ao estudar ou trabalhar!\" width=\"1200\" height=\"800\" title=\"\" srcset=\"https:\/\/www.aarquiteta.com.br\/blog\/wp-content\/uploads\/2023\/06\/Escrivaninhas-retrateis-.jpg 1200w, https:\/\/www.aarquiteta.com.br\/blog\/wp-content\/uploads\/2023\/06\/Escrivaninhas-retrateis--1024x683.jpg 1024w, https:\/\/www.aarquiteta.com.br\/blog\/wp-content\/uploads\/2023\/06\/Escrivaninhas-retrateis--696x464.jpg 696w, https:\/\/www.aarquiteta.com.br\/blog\/wp-content\/uploads\/2023\/06\/Escrivaninhas-retrateis--150x100.jpg 150w\" sizes=\"(max-width: 1200px) 100vw, 1200px\" \/><figcaption id=\"caption-attachment-81064\" class=\"wp-caption-text\">Foto: Amazon.com<\/figcaption><\/figure><h3>3.1 As bancadas retr\u00e1teis s\u00e3o dur\u00e1veis?<\/h3><p>Sim, as bancadas retr\u00e1teis s\u00e3o projetadas para serem dur\u00e1veis e resistentes ao uso di\u00e1rio. Os materiais utilizados na fabrica\u00e7\u00e3o dessas bancadas s\u00e3o escolhidos para garantir sua longevidade e capacidade de suportar diversas atividades.<\/p><h3>3.2 \u00c9 poss\u00edvel instalar uma bancada retr\u00e1til por conta pr\u00f3pria?<\/h3><p>A instala\u00e7\u00e3o de uma bancada retr\u00e1til pode ser um projeto desafiador. \u00c9 recomend\u00e1vel buscar a ajuda de um <a href=\"https:\/\/www.aarquiteta.com.br\/blog\/carreira-de-arquitetura\/\" class=\"ilj-generated-link\">profissional<\/a> qualificado para garantir uma instala\u00e7\u00e3o correta e segura.<\/p><h3>3.3 Quais s\u00e3o os tamanhos dispon\u00edveis para as bancadas retr\u00e1teis?<\/h3><p>As bancadas retr\u00e1teis est\u00e3o dispon\u00edveis em uma variedade de tamanhos. \u00c9 poss\u00edvel encontrar op\u00e7\u00f5es que se ad\u00e9quem tanto a espa\u00e7os compactos quanto a ambientes maiores, permitindo uma personaliza\u00e7\u00e3o adequada \u00e0s necessidades individuais.<\/p><h3>3.4 Posso usar uma bancada retr\u00e1til em \u00e1reas externas?<\/h3><p>Embora algumas bancadas retr\u00e1teis possam ser utilizadas em \u00e1reas externas, \u00e9 importante verificar a resist\u00eancia do material escolhido \u00e0s condi\u00e7\u00f5es clim\u00e1ticas. Nem todos os materiais s\u00e3o adequados para exposi\u00e7\u00e3o prolongada ao sol, umidade ou varia\u00e7\u00f5es extremas de temperatura.<\/p><h3>3.5 As bancadas retr\u00e1teis s\u00e3o f\u00e1ceis de limpar?<\/h3><p>Sim, as bancadas retr\u00e1teis s\u00e3o geralmente f\u00e1ceis de limpar. A maioria dos materiais utilizados na sua fabrica\u00e7\u00e3o permite uma limpeza simples com \u00e1gua e sab\u00e3o neutro. No entanto, \u00e9 importante verificar as recomenda\u00e7\u00f5es espec\u00edficas de limpeza do fabricante para cada tipo de material.<\/p><p>As bancadas retr\u00e1teis s\u00e3o uma solu\u00e7\u00e3o inovadora e funcional para cozinhas e \u00e1reas de trabalho. Com sua capacidade de serem dobradas e guardadas quando n\u00e3o est\u00e3o em uso, elas permitem a otimiza\u00e7\u00e3o do espa\u00e7o dispon\u00edvel, oferecendo versatilidade e praticidade.<\/p><p>Al\u00e9m disso, sua variedade de materiais e estilos permite que voc\u00ea encontre uma op\u00e7\u00e3o que se adapte perfeitamente ao seu ambiente. Considere a instala\u00e7\u00e3o de uma bancada retr\u00e1til e desfrute de uma solu\u00e7\u00e3o pr\u00e1tica e esteticamente agrad\u00e1vel.<\/p><p>Gostou? Espero que este artigo tenha ajudado voc\u00ea!<\/p><p>Ent\u00e3o deslize a tela para baixo e<a href=\"https:\/\/br.pinterest.com\/aarquitetapinterest\/_created\/\" target=\"_blank\" rel=\"noopener\">\u00a0confira mais dicas<\/a>\u00a0como esta e n\u00e3o se esque\u00e7a de compartilhar com os amigos!<\/p><p>Quer mais dicas sobre o mundo da <a href=\"https:\/\/www.aarquiteta.com.br\/blog\/o-que-e-arquitetura\/\">Arquitetura<\/a>\u00a0e\u00a0<a href=\"https:\/\/www.aarquiteta.com.br\/blog\/decoracao\/\">Decora\u00e7\u00e3o<\/a>, ent\u00e3o confira alguns dos nossos artigos em:<\/p><ul><li><a href=\"https:\/\/www.aarquiteta.com.br\/blog\/paisagismo\/\" target=\"_blank\" rel=\"noopener\">Casa e Jardim<\/a><\/li><li><a href=\"https:\/\/www.aarquiteta.com.br\/blog\/arquitetura\/mundo-arquitetura\/\" target=\"_blank\" rel=\"noopener\">Mundo Arquitetura<\/a><\/li><li><a href=\"https:\/\/www.aarquiteta.com.br\/decoracao\/\" target=\"_blank\" rel=\"noopener\">Decora\u00e7\u00e3o<br \/>\n<\/a><\/li><\/ul>","protected":false},"excerpt":{"rendered":"<p>Bancadas Retr\u00e1teis: A solu\u00e7\u00e3o perfeita para cozinhas e \u00e1reas de trabalho vers\u00e1teis! As bancadas retr\u00e1teis s\u00e3o ideais para cozinhas e \u00e1reas de trabalho, por podarem ser facilmente dobradas e guardadas quando n\u00e3o est\u00e3o em uso!Voc\u00ea est\u00e1 procurando uma maneira eficiente de aproveitar o espa\u00e7o em sua cozinha ou \u00e1rea de trabalho? As bancadas retr\u00e1teis podem [&hellip;]<\/p>\n","protected":false},"author":102,"featured_media":81065,"comment_status":"closed","ping_status":"closed","sticky":false,"template":"","format":"standard","meta":{"footnotes":""},"categories":[10005],"tags":[30966,1781,336,1102,26843,1333,27557,2133,1407,7789,1329,2579,28586,26702,4513,30974,1228,8868],"class_list":["post-81622","post","type-post","status-publish","format-standard","has-post-thumbnail","category-casa-e-jardim","tag-bancadas-retrateis","tag-cozinha","tag-decoracao","tag-design","tag-economia-de-espaco","tag-espacos-pequenos","tag-estilos","tag-funcionalidade","tag-materiais","tag-modernidade","tag-moveis","tag-organizacao","tag-otimizacao","tag-otimizacao-de-espaco","tag-praticidade","tag-solucoes","tag-tendencias","tag-versatilidade"],"_wp_attached_file":null,"_wp_attachment_metadata":null,"_wp_attachment_context":null,"_wp_attachment_is_custom_header":null,"geo_longitude":null,"geo_public":null,"geo_latitude":null,"_publicize_done_external":null,"_wpas_done_3897181":null,"publicize_twitter_user":null,"_wpas_done_3897175":null,"_wpas_skip_3897181":null,"_wpas_skip_3897175":null,"_wpas_skip_3924723":null,"_wpas_mess":null,"_wpas_done_3924723":null,"wps_subtitle":"Descubra como as bancadas retr\u00e1teis podem otimizar sua cozinha ou \u00e1rea de trabalho. Aproveite ao m\u00e1ximo o espa\u00e7o dispon\u00edvel com essa solu\u00e7\u00e3o pr\u00e1tica e vers\u00e1til.","_links":{"self":[{"href":"https:\/\/www.aarquiteta.com.br\/blog\/wp-json\/wp\/v2\/posts\/81622","targetHints":{"allow":["GET"]}}],"collection":[{"href":"https:\/\/www.aarquiteta.com.br\/blog\/wp-json\/wp\/v2\/posts"}],"about":[{"href":"https:\/\/www.aarquiteta.com.br\/blog\/wp-json\/wp\/v2\/types\/post"}],"author":[{"embeddable":true,"href":"https:\/\/www.aarquiteta.com.br\/blog\/wp-json\/wp\/v2\/users\/102"}],"replies":[{"embeddable":true,"href":"https:\/\/www.aarquiteta.com.br\/blog\/wp-json\/wp\/v2\/comments?post=81622"}],"version-history":[{"count":0,"href":"https:\/\/www.aarquiteta.com.br\/blog\/wp-json\/wp\/v2\/posts\/81622\/revisions"}],"wp:featuredmedia":[{"embeddable":true,"href":"https:\/\/www.aarquiteta.com.br\/blog\/wp-json\/wp\/v2\/media\/81065"}],"wp:attachment":[{"href":"https:\/\/www.aarquiteta.com.br\/blog\/wp-json\/wp\/v2\/media?parent=81622"}],"wp:term":[{"taxonomy":"category","embeddable":true,"href":"https:\/\/www.aarquiteta.com.br\/blog\/wp-json\/wp\/v2\/categories?post=81622"},{"taxonomy":"post_tag","embeddable":true,"href":"https:\/\/www.aarquiteta.com.br\/blog\/wp-json\/wp\/v2\/tags?post=81622"}],"curies":[{"name":"wp","href":"https:\/\/api.w.org\/{rel}","templated":true}]}}