{"id":81560,"date":"2023-06-19T10:00:41","date_gmt":"2023-06-19T13:00:41","guid":{"rendered":"http:\/\/aarquiteta.com.br\/?p=81560"},"modified":"2024-09-15T09:01:26","modified_gmt":"2024-09-15T12:01:26","slug":"armario-de-cozinha-de-madeira-cozinha","status":"publish","type":"post","link":"https:\/\/www.aarquiteta.com.br\/blog\/armario-de-cozinha-de-madeira-cozinha\/","title":{"rendered":"Arm\u00e1rio de Cozinha de Madeira: Charme e Durabilidade para sua Cozinha."},"content":{"rendered":"<p>Arm\u00e1rio de <a href=\"https:\/\/www.aarquiteta.com.br\/blog\/decoracao\/ambientes-na-decoracao\/decoracao-de-cozinha\/\" class=\"ilj-generated-link\">Cozinha<\/a> de Madeira: Charme e Durabilidade para sua Cozinha \u00e9 mais do que uma simples frase, \u00e9 a promessa de uma cozinha que combina estilo, durabilidade e funcionalidade. Este \u00e9 o retrato de uma cozinha perfeita que muitos de n\u00f3s sonhamos em ter. Vamos descobrir por qu\u00ea.<\/p><h2><strong>1. O Charme Inigual\u00e1vel do Arm\u00e1rio de Cozinha de Madeira<\/strong><\/h2><figure id=\"attachment_73366\" aria-describedby=\"caption-attachment-73366\" style=\"width: 500px\" class=\"wp-caption alignnone\"><img decoding=\"async\" class=\"wp-image-73366 size-full\" title=\"arm\u00e1rio de cozinha de madeira\" src=\"https:\/\/www.aarquiteta.com.br\/blog\/wp-content\/uploads\/2022\/12\/cozinhapequena1.webp\" alt=\"arm\u00e1rio de cozinha de madeira\" width=\"500\" height=\"500\" srcset=\"https:\/\/www.aarquiteta.com.br\/blog\/wp-content\/uploads\/2022\/12\/cozinhapequena1.webp 500w, https:\/\/www.aarquiteta.com.br\/blog\/wp-content\/uploads\/2022\/12\/cozinhapequena1-96x96.webp 96w, https:\/\/www.aarquiteta.com.br\/blog\/wp-content\/uploads\/2022\/12\/cozinhapequena1-150x150.webp 150w\" sizes=\"(max-width: 500px) 100vw, 500px\" \/><figcaption id=\"caption-attachment-73366\" class=\"wp-caption-text\">Arm\u00e1rio de Cozinha de Madeira<\/figcaption><\/figure><p>A madeira tem um charme \u00fanico que \u00e9 dif\u00edcil de igualar. Cada peda\u00e7o de madeira \u00e9 \u00fanico em sua textura e cor, o que d\u00e1 aos arm\u00e1rios de cozinha um car\u00e1ter \u00fanico. \u00c9 quase como se cada arm\u00e1rio tivesse sua pr\u00f3pria personalidade.<\/p><h3><strong>1.1 Eleg\u00e2ncia Atemporal<\/strong><\/h3><p>A madeira tem uma eleg\u00e2ncia atemporal que nunca sai de moda. N\u00e3o importa quais sejam as \u00faltimas tend\u00eancias em <a href=\"https:\/\/www.aarquiteta.com.br\/blog\/cursos-de-arquitetura-e-decoracao\/curso-de-design-de-interiores\/\">design de interiores<\/a>, um arm\u00e1rio de cozinha de madeira sempre parece atual e elegante. Este \u00e9 um investimento que continua a valer a pena ano ap\u00f3s ano.<\/p><h3><strong>1.2 Variedade de Estilos<\/strong><\/h3><p>A grande variedade de madeiras dispon\u00edveis significa que voc\u00ea pode encontrar um arm\u00e1rio de cozinha de madeira que se adapte ao seu estilo pessoal. Seja voc\u00ea f\u00e3 do estilo <a href=\"https:\/\/www.aarquiteta.com.br\/blog\/decoracao\/estilos-de-decoracao-de-interiores\/estilo-rustico-na-decoracao-de-interiores\/\" class=\"ilj-generated-link\">r\u00fastico<\/a> ou prefira um design mais moderno, existe um arm\u00e1rio de cozinha de madeira para voc\u00ea.<\/p><h2><strong>2. A Durabilidade do Arm\u00e1rio de Cozinha de Madeira<\/strong><\/h2><figure id=\"attachment_73397\" aria-describedby=\"caption-attachment-73397\" style=\"width: 1000px\" class=\"wp-caption alignnone\"><img decoding=\"async\" class=\"wp-image-73397 size-full\" title=\"arm\u00e1rio de cozinha de madeira \" src=\"https:\/\/www.aarquiteta.com.br\/blog\/wp-content\/uploads\/2022\/12\/armario-de-cozinha-de-madeira-1.jpg\" alt=\"arm\u00e1rio de cozinha de madeira \" width=\"1000\" height=\"1000\" srcset=\"https:\/\/www.aarquiteta.com.br\/blog\/wp-content\/uploads\/2022\/12\/armario-de-cozinha-de-madeira-1.jpg 1000w, https:\/\/www.aarquiteta.com.br\/blog\/wp-content\/uploads\/2022\/12\/armario-de-cozinha-de-madeira-1-696x696.jpg 696w, https:\/\/www.aarquiteta.com.br\/blog\/wp-content\/uploads\/2022\/12\/armario-de-cozinha-de-madeira-1-96x96.jpg 96w, https:\/\/www.aarquiteta.com.br\/blog\/wp-content\/uploads\/2022\/12\/armario-de-cozinha-de-madeira-1-150x150.jpg 150w\" sizes=\"(max-width: 1000px) 100vw, 1000px\" \/><figcaption id=\"caption-attachment-73397\" class=\"wp-caption-text\"><br \/>Arm\u00e1rio de CozInha 6 Portas 3 Gavetas Salvador Rodm\u00f3veis Yp\u00ea<\/figcaption><\/figure><p>Um arm\u00e1rio de cozinha de madeira n\u00e3o \u00e9 apenas bonito, mas tamb\u00e9m extremamente dur\u00e1vel. A madeira \u00e9 um material forte e resistente que pode resistir ao uso di\u00e1rio na cozinha.<\/p><h3><strong>2.1 Resist\u00eancia a Danos<\/strong><\/h3><p>A madeira \u00e9 conhecida por sua resist\u00eancia a danos. Se cuidada corretamente, um arm\u00e1rio de cozinha de madeira pode durar d\u00e9cadas. Isto o torna uma escolha econ\u00f4mica a longo prazo.<\/p><h3><strong>2.2 F\u00e1cil Manuten\u00e7\u00e3o<\/strong><\/h3><p>Outra vantagem dos arm\u00e1rios de cozinha de madeira \u00e9 que eles s\u00e3o f\u00e1ceis de manter. A madeira pode ser limpa facilmente com um pano \u00famido e, se necess\u00e1rio, pode ser repintada ou envernizada para dar-lhe uma nova vida.<\/p><h2><strong>3. A Funcionalidade do Arm\u00e1rio de Cozinha de Madeira<\/strong><\/h2><figure id=\"attachment_81579\" aria-describedby=\"caption-attachment-81579\" style=\"width: 696px\" class=\"wp-caption alignnone\"><img decoding=\"async\" class=\"wp-image-81579 size-full\" title=\"Arm\u00e1rio de Cozinha de Madeira\" src=\"https:\/\/www.aarquiteta.com.br\/blog\/wp-content\/uploads\/2023\/06\/Armario-de-Cozinha-de-Madeira-2.png\" alt=\"Arm\u00e1rio de Cozinha de Madeira\" width=\"696\" height=\"390\" srcset=\"https:\/\/www.aarquiteta.com.br\/blog\/wp-content\/uploads\/2023\/06\/Armario-de-Cozinha-de-Madeira-2.png 696w, https:\/\/www.aarquiteta.com.br\/blog\/wp-content\/uploads\/2023\/06\/Armario-de-Cozinha-de-Madeira-2-150x84.png 150w\" sizes=\"(max-width: 696px) 100vw, 696px\" \/><figcaption id=\"caption-attachment-81579\" class=\"wp-caption-text\">Arm\u00e1rio de Cozinha de Madeira<\/figcaption><\/figure><p>N\u00e3o nos esque\u00e7amos da funcionalidade. Um arm\u00e1rio de cozinha de madeira n\u00e3o \u00e9 apenas bonito e dur\u00e1vel, mas tamb\u00e9m altamente funcional.<\/p><h3><strong>3.1 Armazenamento Eficiente<\/strong><\/h3><p>Os arm\u00e1rios de cozinha de madeira oferecem um excelente armazenamento. Eles podem ser personalizados para atender \u00e0s suas necessidades espec\u00edficas, tornando a organiza\u00e7\u00e3o da cozinha uma brisa.<\/p><h3><strong>3.2 Facilidade de Instala\u00e7\u00e3o<\/strong><\/h3><p>Os arm\u00e1rios de cozinha de madeira s\u00e3o tamb\u00e9m f\u00e1ceis de instalar. Com a ajuda de um <a href=\"https:\/\/www.aarquiteta.com.br\/blog\/carreira-de-arquitetura\/\" class=\"ilj-generated-link\">profissional<\/a>, voc\u00ea pode ter sua nova cozinha pronta em pouco tempo.<\/p><h2><strong>4. Arm\u00e1rio de Cozinha de Madeira: Charme e Durabilidade para sua Cozinha<\/strong><\/h2><figure id=\"attachment_81581\" aria-describedby=\"caption-attachment-81581\" style=\"width: 761px\" class=\"wp-caption alignnone\"><img decoding=\"async\" class=\"size-full wp-image-81581\" src=\"https:\/\/www.aarquiteta.com.br\/blog\/wp-content\/uploads\/2023\/06\/Armario-de-Cozinha-de-Madeira.png\" alt=\"Arm\u00e1rio de Cozinha de Madeira\" width=\"761\" height=\"427\" title=\"\" srcset=\"https:\/\/www.aarquiteta.com.br\/blog\/wp-content\/uploads\/2023\/06\/Armario-de-Cozinha-de-Madeira.png 761w, https:\/\/www.aarquiteta.com.br\/blog\/wp-content\/uploads\/2023\/06\/Armario-de-Cozinha-de-Madeira-696x391.png 696w, https:\/\/www.aarquiteta.com.br\/blog\/wp-content\/uploads\/2023\/06\/Armario-de-Cozinha-de-Madeira-150x84.png 150w\" sizes=\"(max-width: 761px) 100vw, 761px\" \/><figcaption id=\"caption-attachment-81581\" class=\"wp-caption-text\">Arm\u00e1rio de Cozinha de Madeira<\/figcaption><\/figure><p>Agora que conferimos o charme, a durabilidade e a funcionalidade dos arm\u00e1rios de cozinha de madeira, fica claro por que s\u00e3o uma excelente escolha para qualquer cozinha.<\/p><p>Eles oferecem um equil\u00edbrio perfeito entre estilo, durabilidade e funcionalidade, tornando a cozinha um espa\u00e7o acolhedor e eficiente.<\/p><h1><strong>FAQ<\/strong><\/h1><h2><strong>1. Quanto custa um arm\u00e1rio de cozinha de madeira?<\/strong><\/h2><p>O custo de um arm\u00e1rio de cozinha de madeira pode variar dependendo da qualidade da madeira, do tamanho do arm\u00e1rio e do fabricante. No entanto, o investimento vale a pena devido \u00e0 sua durabilidade e estilo atemporal.<\/p><h2><strong>2. Como posso manter meu arm\u00e1rio de cozinha de madeira?<\/strong><\/h2><p>Manter um arm\u00e1rio de cozinha de madeira \u00e9 f\u00e1cil. Basta limp\u00e1-lo regularmente com um pano \u00famido. Se necess\u00e1rio, voc\u00ea pode tamb\u00e9m repint\u00e1-lo ou enverniz\u00e1-lo.<\/p><h2><strong>3. Qual \u00e9 a melhor madeira para um arm\u00e1rio de cozinha?<\/strong><\/h2><p>A melhor madeira para um arm\u00e1rio de cozinha depende do seu gosto pessoal e do seu or\u00e7amento. No entanto, as madeiras como carvalho, cerejeira e maple s\u00e3o populares por sua beleza e durabilidade.<\/p><h2><strong>4. Posso instalar um arm\u00e1rio de cozinha de madeira eu mesmo?<\/strong><\/h2><p>Sim, \u00e9 poss\u00edvel instalar um arm\u00e1rio de cozinha de madeira voc\u00ea mesmo se tiver as ferramentas e habilidades necess\u00e1rias. No entanto, contratar um profissional garantir\u00e1 que o trabalho seja feito corretamente.<\/p><h2><strong>5. Onde posso comprar um arm\u00e1rio de cozinha de madeira?<\/strong><\/h2><p>Existem muitos lugares onde voc\u00ea pode comprar um arm\u00e1rio de cozinha de madeira, incluindo lojas de m\u00f3veis, lojas de design de interiores, e online. \u00c9 sempre uma boa ideia comparar pre\u00e7os e avalia\u00e7\u00f5es antes de fazer sua decis\u00e3o final.<\/p><h2><strong>6. Os arm\u00e1rios de cozinha de madeira s\u00e3o ecol\u00f3gicos?<\/strong><\/h2><p>Sim, muitos arm\u00e1rios de cozinha de madeira s\u00e3o feitos de madeira sustent\u00e1vel. No entanto, \u00e9 importante verificar as credenciais ecol\u00f3gicas do fabricante antes de comprar.<\/p><h1><strong>Conclus\u00e3o<\/strong><\/h1><figure id=\"attachment_73366-2\" aria-describedby=\"caption-attachment-73366-2\" style=\"width: 500px\" class=\"wp-caption alignnone\"><img decoding=\"async\" class=\"wp-image-73366 size-full\" title=\"Arm\u00e1rio de Cozinha de Madeira\" src=\"https:\/\/www.aarquiteta.com.br\/blog\/wp-content\/uploads\/2022\/12\/cozinhapequena1.webp\" alt=\"arm\u00e1rio de cozinha de madeira\" width=\"500\" height=\"500\" srcset=\"https:\/\/www.aarquiteta.com.br\/blog\/wp-content\/uploads\/2022\/12\/cozinhapequena1.webp 500w, https:\/\/www.aarquiteta.com.br\/blog\/wp-content\/uploads\/2022\/12\/cozinhapequena1-96x96.webp 96w, https:\/\/www.aarquiteta.com.br\/blog\/wp-content\/uploads\/2022\/12\/cozinhapequena1-150x150.webp 150w\" sizes=\"(max-width: 500px) 100vw, 500px\" \/><figcaption id=\"caption-attachment-73366-2\" class=\"wp-caption-text\">Arm\u00e1rio de Cozinha de Madeira<\/figcaption><\/figure><p>Os arm\u00e1rios de cozinha de madeira oferecem charme e durabilidade para a sua cozinha. Eles s\u00e3o um investimento que vale a pena, proporcionando beleza e funcionalidade que duram.<\/p><p>Se voc\u00ea est\u00e1 planejando uma <a href=\"https:\/\/www.aarquiteta.com.br\/blog\/engenharia-e-construcao-civil\/reforma-e-manutencao\/\" class=\"ilj-generated-link\">reforma<\/a> na cozinha, considere o Arm\u00e1rio de Cozinha de Madeira: Charme e Durabilidade para sua Cozinha. Sua cozinha nunca mais ser\u00e1 a mesma!<\/p><p><strong style=\"color: #222222; font-size: 15px;\">Espero que este artigo sobre arm\u00e1rio de cozinha de madeira tenha ajudado voc\u00ea!<\/strong>Ent\u00e3o deslize a tela para baixo e<a href=\"https:\/\/br.pinterest.com\/aarquitetapinterest\/_created\/\" target=\"_blank\" rel=\"noopener\">\u00a0confira mais dicas<\/a>\u00a0como esta e n\u00e3o se esque\u00e7a de compartilhar com os amigos!<\/p><p><strong>Esta a procura de arm\u00e1rios de madeira? Acesse aqui para poder escolher o seu modelo.<\/strong><\/p><p>Quer mais dicas sobre o mundo da\u00a0<a href=\"https:\/\/www.aarquiteta.com.br\/blog\/o-que-e-arquitetura\/\">arquitetura<\/a>\u00a0e\u00a0<a href=\"https:\/\/www.aarquiteta.com.br\/blog\/decoracao\/\">Decora\u00e7\u00e3o<\/a>, ent\u00e3o confira alguns dos nossos artigos em:<\/p><ul><li><a href=\"https:\/\/www.aarquiteta.com.br\/blog\/paisagismo\/\" target=\"_blank\" rel=\"noopener\">Casa e Jardim<\/a><\/li><li><a href=\"https:\/\/www.aarquiteta.com.br\/blog\/arquitetura\/mundo-arquitetura\/\" target=\"_blank\" rel=\"noopener\">Mundo Arquitetura<\/a><\/li><li><a href=\"https:\/\/www.aarquiteta.com.br\/decoracao\/\" target=\"_blank\" rel=\"noopener\">Decora\u00e7\u00e3o\u00a0<\/a><\/li><\/ul>","protected":false},"excerpt":{"rendered":"<p>Arm\u00e1rio de Cozinha de Madeira: Charme e Durabilidade para sua Cozinha \u00e9 mais do que uma simples frase, \u00e9 a promessa de uma cozinha que combina estilo, durabilidade e funcionalidade. Este \u00e9 o retrato de uma cozinha perfeita que muitos de n\u00f3s sonhamos em ter. Vamos descobrir por qu\u00ea.1. O Charme Inigual\u00e1vel do Arm\u00e1rio de [&hellip;]<\/p>\n","protected":false},"author":102,"featured_media":81580,"comment_status":"closed","ping_status":"closed","sticky":false,"template":"","format":"standard","meta":{"footnotes":""},"categories":[35414,35384,18754,1484,20353],"tags":[24881,24865,24873,24877,24869,24867,24860,24864,24868,24883,24870,24861,24872,24874,24876,24879,24871,24866,24859,13025,24862,24882,24863,24880,24875,24878],"class_list":["post-81560","post","type-post","status-publish","format-standard","has-post-thumbnail","category-acessorios-para-decoracao","category-armarios-e-aparadores","category-decoracao-de-cozinha","category-decoracao","category-home-decor","tag-armario-de-cozinha-balcao","tag-armario-de-cozinha-branco","tag-armario-de-cozinha-cinza","tag-armario-de-cozinha-com-balcao","tag-armario-de-cozinha-com-pia","tag-armario-de-cozinha-compacto","tag-armario-de-cozinha-completo","tag-armario-de-cozinha-de-aco","tag-armario-de-cozinha-de-canto","tag-armario-de-cozinha-de-chao","tag-armario-de-cozinha-de-madeira","tag-armario-de-cozinha-de-parede","tag-armario-de-cozinha-de-pezinho","tag-armario-de-cozinha-em-l","tag-armario-de-cozinha-espelhado","tag-armario-de-cozinha-inox","tag-armario-de-cozinha-mdf","tag-armario-de-cozinha-modulado","tag-armario-de-cozinha-pequeno","tag-armario-de-cozinha-planejado","tag-armario-de-cozinha-preto","tag-armario-de-cozinha-preto-e-branco","tag-armario-de-cozinha-suspenso","tag-armario-de-cozinha-vermelho","tag-como-organizar-armario-de-cozinha","tag-puxadores-para-armario-de-cozinha"],"_wp_attached_file":null,"_wp_attachment_metadata":null,"_wp_attachment_context":null,"_wp_attachment_is_custom_header":null,"geo_longitude":null,"geo_public":null,"geo_latitude":null,"_publicize_done_external":null,"_wpas_done_3897181":null,"publicize_twitter_user":null,"_wpas_done_3897175":null,"_wpas_skip_3897181":null,"_wpas_skip_3897175":null,"_wpas_skip_3924723":null,"_wpas_mess":null,"_wpas_done_3924723":null,"wps_subtitle":"","_links":{"self":[{"href":"https:\/\/www.aarquiteta.com.br\/blog\/wp-json\/wp\/v2\/posts\/81560","targetHints":{"allow":["GET"]}}],"collection":[{"href":"https:\/\/www.aarquiteta.com.br\/blog\/wp-json\/wp\/v2\/posts"}],"about":[{"href":"https:\/\/www.aarquiteta.com.br\/blog\/wp-json\/wp\/v2\/types\/post"}],"author":[{"embeddable":true,"href":"https:\/\/www.aarquiteta.com.br\/blog\/wp-json\/wp\/v2\/users\/102"}],"replies":[{"embeddable":true,"href":"https:\/\/www.aarquiteta.com.br\/blog\/wp-json\/wp\/v2\/comments?post=81560"}],"version-history":[{"count":0,"href":"https:\/\/www.aarquiteta.com.br\/blog\/wp-json\/wp\/v2\/posts\/81560\/revisions"}],"wp:featuredmedia":[{"embeddable":true,"href":"https:\/\/www.aarquiteta.com.br\/blog\/wp-json\/wp\/v2\/media\/81580"}],"wp:attachment":[{"href":"https:\/\/www.aarquiteta.com.br\/blog\/wp-json\/wp\/v2\/media?parent=81560"}],"wp:term":[{"taxonomy":"category","embeddable":true,"href":"https:\/\/www.aarquiteta.com.br\/blog\/wp-json\/wp\/v2\/categories?post=81560"},{"taxonomy":"post_tag","embeddable":true,"href":"https:\/\/www.aarquiteta.com.br\/blog\/wp-json\/wp\/v2\/tags?post=81560"}],"curies":[{"name":"wp","href":"https:\/\/api.w.org\/{rel}","templated":true}]}}