{"id":81485,"date":"2023-06-15T10:00:08","date_gmt":"2023-06-15T13:00:08","guid":{"rendered":"http:\/\/aarquiteta.com.br\/?p=81485"},"modified":"2024-07-03T15:58:58","modified_gmt":"2024-07-03T18:58:58","slug":"decoracao-armario-de-cozinha-preto","status":"publish","type":"post","link":"https:\/\/www.aarquiteta.com.br\/blog\/decoracao-armario-de-cozinha-preto\/","title":{"rendered":"Arm\u00e1rio de cozinha preto &#8211; Design elegante para a sua cozinha."},"content":{"rendered":"<p>Ao considerar remodelar a cozinha, que tal considerar um arm\u00e1rio de cozinha preto? Sim, voc\u00ea leu certo &#8211; preto. Apesar de n\u00e3o ser uma escolha convencional, os arm\u00e1rios de cozinha pretos est\u00e3o ganhando popularidade devido \u00e0 sua versatilidade e eleg\u00e2ncia. Vamos explorar as raz\u00f5es para consider\u00e1-los para a sua cozinha.<\/p>\n<h3><strong>Vantagens de um arm\u00e1rio de cozinha preto<\/strong><\/h3>\n<figure id=\"attachment_73281\" aria-describedby=\"caption-attachment-73281\" style=\"width: 1000px\" class=\"wp-caption alignnone\"><img decoding=\"async\" class=\"size-full wp-image-73281\" src=\"https:\/\/www.aarquiteta.com.br\/blog\/wp-content\/uploads\/2022\/12\/armario-de-cozinha-preto-1.jpg\" alt=\"armario de cozinha preto\" width=\"1000\" height=\"1000\" title=\"\" srcset=\"https:\/\/www.aarquiteta.com.br\/blog\/wp-content\/uploads\/2022\/12\/armario-de-cozinha-preto-1.jpg 1000w, https:\/\/www.aarquiteta.com.br\/blog\/wp-content\/uploads\/2022\/12\/armario-de-cozinha-preto-1-696x696.jpg 696w, https:\/\/www.aarquiteta.com.br\/blog\/wp-content\/uploads\/2022\/12\/armario-de-cozinha-preto-1-96x96.jpg 96w, https:\/\/www.aarquiteta.com.br\/blog\/wp-content\/uploads\/2022\/12\/armario-de-cozinha-preto-1-150x150.jpg 150w\" sizes=\"(max-width: 1000px) 100vw, 1000px\" \/><figcaption id=\"caption-attachment-73281\" class=\"wp-caption-text\"><br \/>Cozinha Compacta Pequim 9 Portas Mp2933 Multim\u00f3veis Carvalho Avel\u00e3\/preto<\/figcaption><\/figure>\n<h4><strong>Durabilidade e praticidade<\/strong><\/h4>\n<p>Os arm\u00e1rios de cozinha pretos s\u00e3o conhecidos por sua durabilidade e praticidade. Sabe aquela mancha que insiste em aparecer nos arm\u00e1rios mais claros? Com um arm\u00e1rio preto, esse problema deixa de existir!<\/p>\n<h4><strong>Versatilidade de design<\/strong><\/h4>\n<p>O preto \u00e9 uma cor universal que combina com quase todas as cores e estilos de decora\u00e7\u00e3o. Com um arm\u00e1rio de cozinha preto, as possibilidades s\u00e3o infinitas.<\/p>\n<h4><strong>Sofistica\u00e7\u00e3o e estilo<\/strong><\/h4>\n<p>Um arm\u00e1rio de cozinha preto adiciona uma dose extra de sofistica\u00e7\u00e3o \u00e0 sua cozinha. Ele exala uma atmosfera chique e moderna que certamente impressionar\u00e1 seus convidados.<\/p>\n<h2><strong>Tipos populares de arm\u00e1rios de cozinha pretos<\/strong><\/h2>\n<figure id=\"attachment_73282\" aria-describedby=\"caption-attachment-73282\" style=\"width: 1000px\" class=\"wp-caption alignnone\"><img decoding=\"async\" class=\"size-full wp-image-73282\" src=\"https:\/\/www.aarquiteta.com.br\/blog\/wp-content\/uploads\/2022\/12\/armario-de-cozinha-preto-2.jpg\" alt=\"armario de cozinha preto\" width=\"1000\" height=\"1000\" title=\"\" srcset=\"https:\/\/www.aarquiteta.com.br\/blog\/wp-content\/uploads\/2022\/12\/armario-de-cozinha-preto-2.jpg 1000w, https:\/\/www.aarquiteta.com.br\/blog\/wp-content\/uploads\/2022\/12\/armario-de-cozinha-preto-2-696x696.jpg 696w, https:\/\/www.aarquiteta.com.br\/blog\/wp-content\/uploads\/2022\/12\/armario-de-cozinha-preto-2-96x96.jpg 96w, https:\/\/www.aarquiteta.com.br\/blog\/wp-content\/uploads\/2022\/12\/armario-de-cozinha-preto-2-150x150.jpg 150w\" sizes=\"(max-width: 1000px) 100vw, 1000px\" \/><figcaption id=\"caption-attachment-73282\" class=\"wp-caption-text\">Cozinha Completa Madesa Emilly Box com Balc\u00e3o e Arm\u00e1rio Vidro &#8211; Rustic\/Preto<\/figcaption><\/figure>\n<h3><strong>Arm\u00e1rio de cozinha preto fosco<\/strong><\/h3>\n<p>Ideal para cozinhas modernas e minimalistas, os arm\u00e1rios de cozinha pretos foscos s\u00e3o sofisticados e elegantes. Eles n\u00e3o refletem a luz, o que lhes confere um aspecto suave e tranquilo.<\/p>\n<h3><strong>Arm\u00e1rio de cozinha preto brilhante<\/strong><\/h3>\n<p>Os arm\u00e1rios de cozinha pretos brilhantes s\u00e3o uma escolha popular para quem busca um visual moderno e elegante. Eles refletem a luz, adicionando uma sensa\u00e7\u00e3o de profundidade \u00e0 cozinha.<\/p>\n<h3><strong>Arm\u00e1rio de cozinha preto em madeira<\/strong><\/h3>\n<p>Um arm\u00e1rio de cozinha preto em madeira pode dar \u00e0 sua cozinha um visual r\u00fastico ou contempor\u00e2neo, dependendo do acabamento e do design do arm\u00e1rio.<\/p>\n<h2><strong>Como escolher o melhor arm\u00e1rio de cozinha preto para sua casa.<\/strong><\/h2>\n<figure id=\"attachment_81493\" aria-describedby=\"caption-attachment-81493\" style=\"width: 696px\" class=\"wp-caption alignnone\"><img decoding=\"async\" class=\"size-full wp-image-81493\" src=\"https:\/\/www.aarquiteta.com.br\/blog\/wp-content\/uploads\/2023\/06\/armario-de-cozinha-preto.png\" alt=\"armario de cozinha preto\" width=\"696\" height=\"390\" title=\"\" srcset=\"https:\/\/www.aarquiteta.com.br\/blog\/wp-content\/uploads\/2023\/06\/armario-de-cozinha-preto.png 696w, https:\/\/www.aarquiteta.com.br\/blog\/wp-content\/uploads\/2023\/06\/armario-de-cozinha-preto-150x84.png 150w\" sizes=\"(max-width: 696px) 100vw, 696px\" \/><figcaption id=\"caption-attachment-81493\" class=\"wp-caption-text\">armario de cozinha preto<\/figcaption><\/figure>\n<h2><strong style=\"font-size: 22px;\">Considere o tamanho e o layout da sua cozinha<\/strong><\/h2>\n<p>Antes de escolher o arm\u00e1rio, \u00e9 importante considerar o tamanho e o layout da sua cozinha. Lembre-se de que cores mais escuras podem fazer um espa\u00e7o pequeno parecer ainda menor.<\/p>\n<h3><strong>Tenha em mente o estilo da sua casa<\/strong><\/h3>\n<p>O estilo da sua casa tamb\u00e9m deve influenciar a escolha do arm\u00e1rio de cozinha. Um arm\u00e1rio preto de madeira pode se encaixar bem em uma casa r\u00fastica, enquanto um arm\u00e1rio preto brilhante pode ser a melhor escolha para uma casa moderna.<\/p>\n<h3><strong>Pense na funcionalidade desejada<\/strong><\/h3>\n<p>Al\u00e9m da apar\u00eancia, \u00e9 essencial considerar a funcionalidade do arm\u00e1rio. Pense em quantas prateleiras e gavetas voc\u00ea precisa, bem como no tipo de itens que voc\u00ea planeja armazenar nele.<\/p>\n<h2><strong>Manuten\u00e7\u00e3o e cuidados com o arm\u00e1rio de cozinha preto<\/strong><\/h2>\n<p>Embora os arm\u00e1rios de cozinha pretos possam n\u00e3o mostrar manchas t\u00e3o facilmente quanto os mais claros, ainda assim requerem cuidados regulares. Limpe-os regularmente com um pano \u00famido e um limpador suave para mant\u00ea-los sempre bonitos.<\/p>\n<h2><strong>Conclus\u00e3o<\/strong><\/h2>\n<figure id=\"attachment_81499\" aria-describedby=\"caption-attachment-81499\" style=\"width: 696px\" class=\"wp-caption alignnone\"><img decoding=\"async\" class=\"size-full wp-image-81499\" src=\"https:\/\/www.aarquiteta.com.br\/blog\/wp-content\/uploads\/2023\/06\/armario-de-cozinha-preto-1.png\" alt=\"armario de cozinha preto\" width=\"696\" height=\"390\" title=\"\" srcset=\"https:\/\/www.aarquiteta.com.br\/blog\/wp-content\/uploads\/2023\/06\/armario-de-cozinha-preto-1.png 696w, https:\/\/www.aarquiteta.com.br\/blog\/wp-content\/uploads\/2023\/06\/armario-de-cozinha-preto-1-150x84.png 150w\" sizes=\"(max-width: 696px) 100vw, 696px\" \/><figcaption id=\"caption-attachment-81499\" class=\"wp-caption-text\">armario de cozinha preto<\/figcaption><\/figure>\n<p>Um arm\u00e1rio de cozinha preto pode ser uma adi\u00e7\u00e3o elegante e funcional \u00e0 sua cozinha. Seja fosco, brilhante ou de madeira, o preto nunca sai de moda e sempre adicionar\u00e1 uma dose de sofistica\u00e7\u00e3o ao seu espa\u00e7o. Portanto, da pr\u00f3xima vez que voc\u00ea resolver renovar sua cozinha, lembre-se: um arm\u00e1rio de cozinha preto pode ser a escolha perfeita!<\/p>\n<p><strong>Perguntas Frequentes<\/strong><\/p>\n<ol>\n<li><strong>Os arm\u00e1rios de cozinha pretos s\u00e3o caros?<\/strong> Depende do material e do design. No entanto, geralmente, o pre\u00e7o \u00e9 semelhante ao dos arm\u00e1rios de outras cores.<\/li>\n<li><strong>Posso combinar arm\u00e1rios de cozinha pretos com eletrodom\u00e9sticos de a\u00e7o inoxid\u00e1vel?<\/strong> Sim, o preto combina muito bem com o a\u00e7o inoxid\u00e1vel, criando uma cozinha moderna e sofisticada.<\/li>\n<li><strong>Os arm\u00e1rios de cozinha pretos est\u00e3o na moda?<\/strong> Sim, os arm\u00e1rios de cozinha pretos s\u00e3o uma tend\u00eancia atual na decora\u00e7\u00e3o de interiores devido \u00e0 sua versatilidade e eleg\u00e2ncia.<\/li>\n<li><strong>Os arm\u00e1rios de cozinha pretos fazem a cozinha parecer menor?<\/strong> Cores escuras podem fazer um espa\u00e7o parecer menor. Portanto, se a sua cozinha \u00e9 pequena, voc\u00ea pode considerar combinar arm\u00e1rios pretos com paredes claras para equilibrar.<\/li>\n<li><strong>Como limpar arm\u00e1rios de cozinha pretos?<\/strong> Use um pano \u00famido e um limpador suave para limpar os arm\u00e1rios. Evite produtos abrasivos, pois podem arranhar a superf\u00edcie.<\/li>\n<\/ol>\n<p><strong>Espero que este artigo sobre arm\u00e1rio de cozinha preto tenha lhe ajudado!<\/strong><\/p>\n<p>Ent\u00e3o deslize a tela para baixo e<a href=\"https:\/\/br.pinterest.com\/aarquitetapinterest\/_created\/\" target=\"_blank\" rel=\"noopener\">\u00a0confira mais dicas<\/a>\u00a0como esta e n\u00e3o se esque\u00e7a de compartilhar com os amigos!<\/p>\n<p>Deseja ver op\u00e7\u00f5es de modelos de <a href=\"https:\/\/amzn.to\/3Bz9BGv\" target=\"_blank\" rel=\"noopener\"><strong>arm\u00e1rio de cozinha preto, ent\u00e3o acesse aqui.<\/strong><\/a><\/p>\n<p>Quer mais dicas sobre o mundo da\u00a0<a href=\"https:\/\/www.aarquiteta.com.br\/blog\/o-que-e-arquitetura\/\">arquitetura<\/a>\u00a0e\u00a0<a href=\"https:\/\/www.aarquiteta.com.br\/blog\/decoracao\/\">Decora\u00e7\u00e3o<\/a>, ent\u00e3o confira alguns dos nossos artigos em:<\/p>\n<ul>\n<li><a href=\"https:\/\/www.aarquiteta.com.br\/blog\/paisagismo\/\" target=\"_blank\" rel=\"noopener\">Casa e Jardim<\/a><\/li>\n<li><a href=\"https:\/\/www.aarquiteta.com.br\/blog\/arquitetura\/mundo-arquitetura\/\" target=\"_blank\" rel=\"noopener\">Mundo Arquitetura<\/a><\/li>\n<li><a href=\"https:\/\/www.aarquiteta.com.br\/decoracao\/\" target=\"_blank\" rel=\"noopener\">Decora\u00e7\u00e3o\u00a0<\/a><\/li>\n<\/ul>\n","protected":false},"excerpt":{"rendered":"<p>Ao considerar remodelar a cozinha, que tal considerar um arm\u00e1rio de cozinha preto? Sim, voc\u00ea leu certo &#8211; preto. Apesar de n\u00e3o ser uma escolha convencional, os arm\u00e1rios de cozinha pretos est\u00e3o ganhando popularidade devido \u00e0 sua versatilidade e eleg\u00e2ncia. Vamos explorar as raz\u00f5es para consider\u00e1-los para a sua cozinha. Vantagens de um arm\u00e1rio de [&hellip;]<\/p>\n","protected":false},"author":102,"featured_media":73280,"comment_status":"closed","ping_status":"closed","sticky":false,"template":"","format":"standard","meta":{"footnotes":""},"categories":[35414,35384,18754,1484,20353],"tags":[24902,24881,24865,24873,24877,24869,24867,24860,24864,24868,24883,24870,24861,24872,24874,24876,24879,24871,24866,13025,24862,24882,24863,24880,24875,24878],"class_list":["post-81485","post","type-post","status-publish","format-standard","has-post-thumbnail","category-acessorios-para-decoracao","category-armarios-e-aparadores","category-decoracao-de-cozinha","category-decoracao","category-home-decor","tag-armario-de-cozinha-armario-de-cozinha-pequeno","tag-armario-de-cozinha-balcao","tag-armario-de-cozinha-branco","tag-armario-de-cozinha-cinza","tag-armario-de-cozinha-com-balcao","tag-armario-de-cozinha-com-pia","tag-armario-de-cozinha-compacto","tag-armario-de-cozinha-completo","tag-armario-de-cozinha-de-aco","tag-armario-de-cozinha-de-canto","tag-armario-de-cozinha-de-chao","tag-armario-de-cozinha-de-madeira","tag-armario-de-cozinha-de-parede","tag-armario-de-cozinha-de-pezinho","tag-armario-de-cozinha-em-l","tag-armario-de-cozinha-espelhado","tag-armario-de-cozinha-inox","tag-armario-de-cozinha-mdf","tag-armario-de-cozinha-modulado","tag-armario-de-cozinha-planejado","tag-armario-de-cozinha-preto","tag-armario-de-cozinha-preto-e-branco","tag-armario-de-cozinha-suspenso","tag-armario-de-cozinha-vermelho","tag-como-organizar-armario-de-cozinha","tag-puxadores-para-armario-de-cozinha"],"_wp_attached_file":null,"_wp_attachment_metadata":null,"_wp_attachment_context":null,"_wp_attachment_is_custom_header":null,"geo_longitude":null,"geo_public":null,"geo_latitude":null,"_publicize_done_external":null,"_wpas_done_3897181":null,"publicize_twitter_user":null,"_wpas_done_3897175":null,"_wpas_skip_3897181":null,"_wpas_skip_3897175":null,"_wpas_skip_3924723":null,"_wpas_mess":null,"_wpas_done_3924723":null,"wps_subtitle":"","_links":{"self":[{"href":"https:\/\/www.aarquiteta.com.br\/blog\/wp-json\/wp\/v2\/posts\/81485","targetHints":{"allow":["GET"]}}],"collection":[{"href":"https:\/\/www.aarquiteta.com.br\/blog\/wp-json\/wp\/v2\/posts"}],"about":[{"href":"https:\/\/www.aarquiteta.com.br\/blog\/wp-json\/wp\/v2\/types\/post"}],"author":[{"embeddable":true,"href":"https:\/\/www.aarquiteta.com.br\/blog\/wp-json\/wp\/v2\/users\/102"}],"replies":[{"embeddable":true,"href":"https:\/\/www.aarquiteta.com.br\/blog\/wp-json\/wp\/v2\/comments?post=81485"}],"version-history":[{"count":0,"href":"https:\/\/www.aarquiteta.com.br\/blog\/wp-json\/wp\/v2\/posts\/81485\/revisions"}],"wp:featuredmedia":[{"embeddable":true,"href":"https:\/\/www.aarquiteta.com.br\/blog\/wp-json\/wp\/v2\/media\/73280"}],"wp:attachment":[{"href":"https:\/\/www.aarquiteta.com.br\/blog\/wp-json\/wp\/v2\/media?parent=81485"}],"wp:term":[{"taxonomy":"category","embeddable":true,"href":"https:\/\/www.aarquiteta.com.br\/blog\/wp-json\/wp\/v2\/categories?post=81485"},{"taxonomy":"post_tag","embeddable":true,"href":"https:\/\/www.aarquiteta.com.br\/blog\/wp-json\/wp\/v2\/tags?post=81485"}],"curies":[{"name":"wp","href":"https:\/\/api.w.org\/{rel}","templated":true}]}}