{"id":81334,"date":"2023-06-17T12:00:35","date_gmt":"2023-06-17T15:00:35","guid":{"rendered":"http:\/\/aarquiteta.com.br\/?p=81334"},"modified":"2024-07-03T13:57:56","modified_gmt":"2024-07-03T16:57:56","slug":"cortinas-decorativas-de-cozinha","status":"publish","type":"post","link":"https:\/\/www.aarquiteta.com.br\/blog\/cortinas-decorativas-de-cozinha\/","title":{"rendered":"Cortinas Decorativas: D\u00ea um Toque Especial \u00e0 Janela da Cozinha"},"content":{"rendered":"<p>Cortinas Decorativas: D\u00ea um Toque Especial \u00e0 Janela da Cozinha. Confira como as cortinas decorativas podem ser usadas para dar um toque especial na janela da cozinha. Escolha estampas e cores variadas para combinar com a decora\u00e7\u00e3o do ambiente!<\/p>\n<p>A janela da cozinha \u00e9 um ponto focal importante na decora\u00e7\u00e3o desse ambiente t\u00e3o especial. Al\u00e9m de permitir a entrada de luz natural, a janela tamb\u00e9m oferece uma oportunidade \u00fanica para adicionar estilo e personalidade \u00e0 cozinha. Uma maneira eficaz de alcan\u00e7ar isso \u00e9 por meio das cortinas decorativas.<\/p>\n<p>Neste artigo, exploraremos como as cortinas decorativas podem ser usadas para dar um toque especial \u00e0 janela da cozinha. Discutiremos diferentes estilos, op\u00e7\u00f5es de cores e estampas, benef\u00edcios adicionais e inspira\u00e7\u00f5es de design. Vamos come\u00e7ar!<\/p>\n<h2>1. D\u00ea um Toque Especial \u00e0 Janela da Cozinha!<\/h2>\n<figure id=\"attachment_81511\" aria-describedby=\"caption-attachment-81511\" style=\"width: 1000px\" class=\"wp-caption alignnone\"><img decoding=\"async\" class=\"wp-image-81511 size-full\" title=\"Cortinas Decorativas: D\u00ea um Toque Especial \u00e0 Janela da Cozinha\" src=\"https:\/\/www.aarquiteta.com.br\/blog\/wp-content\/uploads\/2023\/06\/Cortinas-Decorativas-para-cozinha.jpg\" alt=\"Cortinas Decorativas: D\u00ea um Toque Especial \u00e0 Janela da Cozinha\" width=\"1000\" height=\"1000\" srcset=\"https:\/\/www.aarquiteta.com.br\/blog\/wp-content\/uploads\/2023\/06\/Cortinas-Decorativas-para-cozinha.jpg 1000w, https:\/\/www.aarquiteta.com.br\/blog\/wp-content\/uploads\/2023\/06\/Cortinas-Decorativas-para-cozinha-696x696.jpg 696w, https:\/\/www.aarquiteta.com.br\/blog\/wp-content\/uploads\/2023\/06\/Cortinas-Decorativas-para-cozinha-96x96.jpg 96w, https:\/\/www.aarquiteta.com.br\/blog\/wp-content\/uploads\/2023\/06\/Cortinas-Decorativas-para-cozinha-150x150.jpg 150w\" sizes=\"(max-width: 1000px) 100vw, 1000px\" \/><figcaption id=\"caption-attachment-81511\" class=\"wp-caption-text\">Foto: Amazon.com<\/figcaption><\/figure>\n<p>A cozinha \u00e9 um dos espa\u00e7os mais utilizados em uma casa, e sua decora\u00e7\u00e3o merece aten\u00e7\u00e3o especial. Al\u00e9m dos m\u00f3veis e acess\u00f3rios, as janelas desempenham um papel importante na est\u00e9tica geral da cozinha.<\/p>\n<p>As cortinas decorativas s\u00e3o uma forma vers\u00e1til e elegante de adicionar um toque especial \u00e0 janela da cozinha.<\/p>\n<h2>2. A import\u00e2ncia das cortinas decorativas<\/h2>\n<figure id=\"attachment_81510\" aria-describedby=\"caption-attachment-81510\" style=\"width: 1500px\" class=\"wp-caption alignnone\"><img decoding=\"async\" class=\"wp-image-81510 size-full\" title=\"Cortinas Decorativas: D\u00ea um Toque Especial \u00e0 Janela da Cozinha\" src=\"https:\/\/www.aarquiteta.com.br\/blog\/wp-content\/uploads\/2023\/06\/Cortinas-Decorativas-para-cozinha-2.jpg\" alt=\"Cortinas Decorativas: D\u00ea um Toque Especial \u00e0 Janela da Cozinha\" width=\"1500\" height=\"1500\" srcset=\"https:\/\/www.aarquiteta.com.br\/blog\/wp-content\/uploads\/2023\/06\/Cortinas-Decorativas-para-cozinha-2.jpg 1500w, https:\/\/www.aarquiteta.com.br\/blog\/wp-content\/uploads\/2023\/06\/Cortinas-Decorativas-para-cozinha-2-1024x1024.jpg 1024w, https:\/\/www.aarquiteta.com.br\/blog\/wp-content\/uploads\/2023\/06\/Cortinas-Decorativas-para-cozinha-2-696x696.jpg 696w, https:\/\/www.aarquiteta.com.br\/blog\/wp-content\/uploads\/2023\/06\/Cortinas-Decorativas-para-cozinha-2-96x96.jpg 96w, https:\/\/www.aarquiteta.com.br\/blog\/wp-content\/uploads\/2023\/06\/Cortinas-Decorativas-para-cozinha-2-150x150.jpg 150w\" sizes=\"(max-width: 1500px) 100vw, 1500px\" \/><figcaption id=\"caption-attachment-81510\" class=\"wp-caption-text\">Foto: Amazon.com<\/figcaption><\/figure>\n<p>As cortinas decorativas desempenham v\u00e1rias fun\u00e7\u00f5es essenciais na janela da cozinha. Elas proporcionam privacidade, controlam a entrada de luz natural e ajudam a regular a temperatura do ambiente.<\/p>\n<p>Al\u00e9m disso, as cortinas decorativas t\u00eam um impacto significativo na apar\u00eancia geral da cozinha, podendo transformar uma janela comum em um destaque visual.<\/p>\n<h2>3. Escolhendo o estilo certo<\/h2>\n<figure id=\"attachment_81506\" aria-describedby=\"caption-attachment-81506\" style=\"width: 1000px\" class=\"wp-caption alignnone\"><img decoding=\"async\" class=\"wp-image-81506 size-full\" title=\"Cortinas Decorativas: D\u00ea um Toque Especial \u00e0 Janela da Cozinha\" src=\"https:\/\/www.aarquiteta.com.br\/blog\/wp-content\/uploads\/2023\/06\/Cortinas-Decorativas-para-cozinha-6.jpg\" alt=\"Cortinas Decorativas: D\u00ea um Toque Especial \u00e0 Janela da Cozinha\" width=\"1000\" height=\"1000\" srcset=\"https:\/\/www.aarquiteta.com.br\/blog\/wp-content\/uploads\/2023\/06\/Cortinas-Decorativas-para-cozinha-6.jpg 1000w, https:\/\/www.aarquiteta.com.br\/blog\/wp-content\/uploads\/2023\/06\/Cortinas-Decorativas-para-cozinha-6-696x696.jpg 696w, https:\/\/www.aarquiteta.com.br\/blog\/wp-content\/uploads\/2023\/06\/Cortinas-Decorativas-para-cozinha-6-96x96.jpg 96w, https:\/\/www.aarquiteta.com.br\/blog\/wp-content\/uploads\/2023\/06\/Cortinas-Decorativas-para-cozinha-6-150x150.jpg 150w\" sizes=\"(max-width: 1000px) 100vw, 1000px\" \/><figcaption id=\"caption-attachment-81506\" class=\"wp-caption-text\">Foto: Amazon.com<\/figcaption><\/figure>\n<p>Ao selecionar cortinas decorativas para a janela da cozinha, \u00e9 essencial considerar o estilo desejado. Existem v\u00e1rias op\u00e7\u00f5es dispon\u00edveis, desde cortinas romanas at\u00e9 cortinas de pain\u00e9is deslizantes.<\/p>\n<p>Cada estilo possui caracter\u00edsticas \u00fanicas e pode se adequar melhor a diferentes tipos de janelas e decora\u00e7\u00f5es.<\/p>\n<h2>4. Cores e estampas personalizadas<\/h2>\n<figure id=\"attachment_81509\" aria-describedby=\"caption-attachment-81509\" style=\"width: 500px\" class=\"wp-caption alignnone\"><img decoding=\"async\" class=\"wp-image-81509 size-full\" title=\"Cortinas Decorativas: D\u00ea um Toque Especial \u00e0 Janela da Cozinha\" src=\"https:\/\/www.aarquiteta.com.br\/blog\/wp-content\/uploads\/2023\/06\/Cortinas-Decorativas-para-cozinha-3.jpg\" alt=\"Cortinas Decorativas: D\u00ea um Toque Especial \u00e0 Janela da Cozinha\" width=\"500\" height=\"500\" srcset=\"https:\/\/www.aarquiteta.com.br\/blog\/wp-content\/uploads\/2023\/06\/Cortinas-Decorativas-para-cozinha-3.jpg 500w, https:\/\/www.aarquiteta.com.br\/blog\/wp-content\/uploads\/2023\/06\/Cortinas-Decorativas-para-cozinha-3-96x96.jpg 96w, https:\/\/www.aarquiteta.com.br\/blog\/wp-content\/uploads\/2023\/06\/Cortinas-Decorativas-para-cozinha-3-150x150.jpg 150w\" sizes=\"(max-width: 500px) 100vw, 500px\" \/><figcaption id=\"caption-attachment-81509\" class=\"wp-caption-text\">Foto: Amazon.com<\/figcaption><\/figure>\n<p>Uma das vantagens das cortinas decorativas \u00e9 a possibilidade de escolher entre uma ampla variedade de cores e estampas.<\/p>\n<p>\u00c9 recomend\u00e1vel optar por cores e estampas que combinem harmoniosamente com a decora\u00e7\u00e3o existente na cozinha. Isso pode adicionar um toque de personalidade e criar um visual coeso.<\/p>\n<h2>5. Cortinas para controle de luz e privacidade<\/h2>\n<figure id=\"attachment_81508\" aria-describedby=\"caption-attachment-81508\" style=\"width: 1000px\" class=\"wp-caption alignnone\"><img decoding=\"async\" class=\"wp-image-81508 size-full\" title=\"Cortinas Decorativas: D\u00ea um Toque Especial \u00e0 Janela da Cozinha\" src=\"https:\/\/www.aarquiteta.com.br\/blog\/wp-content\/uploads\/2023\/06\/Cortinas-Decorativas-para-cozinha-4.jpg\" alt=\"Cortinas Decorativas: D\u00ea um Toque Especial \u00e0 Janela da Cozinha\" width=\"1000\" height=\"1000\" srcset=\"https:\/\/www.aarquiteta.com.br\/blog\/wp-content\/uploads\/2023\/06\/Cortinas-Decorativas-para-cozinha-4.jpg 1000w, https:\/\/www.aarquiteta.com.br\/blog\/wp-content\/uploads\/2023\/06\/Cortinas-Decorativas-para-cozinha-4-696x696.jpg 696w, https:\/\/www.aarquiteta.com.br\/blog\/wp-content\/uploads\/2023\/06\/Cortinas-Decorativas-para-cozinha-4-96x96.jpg 96w, https:\/\/www.aarquiteta.com.br\/blog\/wp-content\/uploads\/2023\/06\/Cortinas-Decorativas-para-cozinha-4-150x150.jpg 150w\" sizes=\"(max-width: 1000px) 100vw, 1000px\" \/><figcaption id=\"caption-attachment-81508\" class=\"wp-caption-text\">Foto: Amazon.com<\/figcaption><\/figure>\n<p>Al\u00e9m de seu valor est\u00e9tico, as cortinas decorativas tamb\u00e9m oferecem benef\u00edcios pr\u00e1ticos. Para quem visa controlar a entrada de luz natural na cozinha, cortinas com op\u00e7\u00f5es de opacidade s\u00e3o ideais. Elas permitem ajustar a quantidade de luz desejada e garantir a privacidade necess\u00e1ria.<\/p>\n<h2>6. Dicas de manuten\u00e7\u00e3o e limpeza<\/h2>\n<figure id=\"attachment_81515\" aria-describedby=\"caption-attachment-81515\" style=\"width: 1500px\" class=\"wp-caption alignnone\"><img decoding=\"async\" class=\"wp-image-81515 size-full\" title=\"Cortinas Decorativas: D\u00ea um Toque Especial \u00e0 Janela da Cozinha\" src=\"https:\/\/www.aarquiteta.com.br\/blog\/wp-content\/uploads\/2023\/06\/Cortinas-Decorativas-para-cozinha-12.jpg\" alt=\"Cortinas Decorativas: D\u00ea um Toque Especial \u00e0 Janela da Cozinha\" width=\"1500\" height=\"1500\" srcset=\"https:\/\/www.aarquiteta.com.br\/blog\/wp-content\/uploads\/2023\/06\/Cortinas-Decorativas-para-cozinha-12.jpg 1500w, https:\/\/www.aarquiteta.com.br\/blog\/wp-content\/uploads\/2023\/06\/Cortinas-Decorativas-para-cozinha-12-1024x1024.jpg 1024w, https:\/\/www.aarquiteta.com.br\/blog\/wp-content\/uploads\/2023\/06\/Cortinas-Decorativas-para-cozinha-12-696x696.jpg 696w, https:\/\/www.aarquiteta.com.br\/blog\/wp-content\/uploads\/2023\/06\/Cortinas-Decorativas-para-cozinha-12-96x96.jpg 96w, https:\/\/www.aarquiteta.com.br\/blog\/wp-content\/uploads\/2023\/06\/Cortinas-Decorativas-para-cozinha-12-150x150.jpg 150w\" sizes=\"(max-width: 1500px) 100vw, 1500px\" \/><figcaption id=\"caption-attachment-81515\" class=\"wp-caption-text\">Foto: Amazon.com<\/figcaption><\/figure>\n<p>Para manter as cortinas decorativas sempre em bom estado, \u00e9 essencial seguir algumas dicas de manuten\u00e7\u00e3o e limpeza.<\/p>\n<p>Cada tipo de cortina requer cuidados espec\u00edficos, como lavagem adequada e remo\u00e7\u00e3o de manchas. Seguir as instru\u00e7\u00f5es do fabricante garantir\u00e1 a durabilidade e a beleza cont\u00ednua das cortinas.<\/p>\n<h2>7. Cortinas motorizadas: praticidade e modernidade<\/h2>\n<figure id=\"attachment_81512\" aria-describedby=\"caption-attachment-81512\" style=\"width: 1500px\" class=\"wp-caption alignnone\"><img decoding=\"async\" class=\"wp-image-81512 size-full\" title=\"Cortinas Decorativas: D\u00ea um Toque Especial \u00e0 Janela da Cozinha\" src=\"https:\/\/www.aarquiteta.com.br\/blog\/wp-content\/uploads\/2023\/06\/Cortinas-Decorativas-para-cozinha-7.jpg\" alt=\"Cortinas Decorativas: D\u00ea um Toque Especial \u00e0 Janela da Cozinha\" width=\"1500\" height=\"1500\" srcset=\"https:\/\/www.aarquiteta.com.br\/blog\/wp-content\/uploads\/2023\/06\/Cortinas-Decorativas-para-cozinha-7.jpg 1500w, https:\/\/www.aarquiteta.com.br\/blog\/wp-content\/uploads\/2023\/06\/Cortinas-Decorativas-para-cozinha-7-1024x1024.jpg 1024w, https:\/\/www.aarquiteta.com.br\/blog\/wp-content\/uploads\/2023\/06\/Cortinas-Decorativas-para-cozinha-7-696x696.jpg 696w, https:\/\/www.aarquiteta.com.br\/blog\/wp-content\/uploads\/2023\/06\/Cortinas-Decorativas-para-cozinha-7-96x96.jpg 96w, https:\/\/www.aarquiteta.com.br\/blog\/wp-content\/uploads\/2023\/06\/Cortinas-Decorativas-para-cozinha-7-150x150.jpg 150w\" sizes=\"(max-width: 1500px) 100vw, 1500px\" \/><figcaption id=\"caption-attachment-81512\" class=\"wp-caption-text\">Foto: Amazon.com<\/figcaption><\/figure>\n<p>Uma op\u00e7\u00e3o interessante para a janela da cozinha s\u00e3o as cortinas motorizadas. Com o toque de um bot\u00e3o, \u00e9 poss\u00edvel controlar a abertura e o fechamento das cortinas, proporcionando praticidade e modernidade.<\/p>\n<p>Essa tecnologia tamb\u00e9m \u00e9 \u00fatil para janelas de dif\u00edcil acesso ou para pessoas com mobilidade reduzida.<\/p>\n<h2>8. Benef\u00edcios adicionais das cortinas decorativas<\/h2>\n<figure id=\"attachment_81514\" aria-describedby=\"caption-attachment-81514\" style=\"width: 1500px\" class=\"wp-caption alignnone\"><img decoding=\"async\" class=\"size-full wp-image-81514\" src=\"https:\/\/www.aarquiteta.com.br\/blog\/wp-content\/uploads\/2023\/06\/Cortinas-Decorativas-para-cozinha-13.jpg\" alt=\"Cortinas Decorativas: D\u00ea um Toque Especial \u00e0 Janela da Cozinha\" width=\"1500\" height=\"1500\" title=\"\" srcset=\"https:\/\/www.aarquiteta.com.br\/blog\/wp-content\/uploads\/2023\/06\/Cortinas-Decorativas-para-cozinha-13.jpg 1500w, https:\/\/www.aarquiteta.com.br\/blog\/wp-content\/uploads\/2023\/06\/Cortinas-Decorativas-para-cozinha-13-1024x1024.jpg 1024w, https:\/\/www.aarquiteta.com.br\/blog\/wp-content\/uploads\/2023\/06\/Cortinas-Decorativas-para-cozinha-13-696x696.jpg 696w, https:\/\/www.aarquiteta.com.br\/blog\/wp-content\/uploads\/2023\/06\/Cortinas-Decorativas-para-cozinha-13-96x96.jpg 96w, https:\/\/www.aarquiteta.com.br\/blog\/wp-content\/uploads\/2023\/06\/Cortinas-Decorativas-para-cozinha-13-150x150.jpg 150w\" sizes=\"(max-width: 1500px) 100vw, 1500px\" \/><figcaption id=\"caption-attachment-81514\" class=\"wp-caption-text\">Foto: Amazon.com<\/figcaption><\/figure>\n<p>Al\u00e9m de sua fun\u00e7\u00e3o est\u00e9tica e pr\u00e1tica, as cortinas decorativas podem oferecer benef\u00edcios adicionais. Elas ajudam a bloquear a entrada de poeira e reduzem a intensidade dos ru\u00eddos externos, criando um ambiente mais confort\u00e1vel na cozinha.<\/p>\n<p>Al\u00e9m disso, algumas cortinas podem contribuir para o isolamento t\u00e9rmico, ajudando a manter a temperatura adequada.<\/p>\n<h2>9. Inspira\u00e7\u00e3o de design<\/h2>\n<figure id=\"attachment_81516\" aria-describedby=\"caption-attachment-81516\" style=\"width: 1500px\" class=\"wp-caption alignnone\"><img decoding=\"async\" class=\"size-full wp-image-81516\" src=\"https:\/\/www.aarquiteta.com.br\/blog\/wp-content\/uploads\/2023\/06\/Cortinas-Decorativas-para-cozinha-11.jpg\" alt=\"Cortinas Decorativas: D\u00ea um Toque Especial \u00e0 Janela da Cozinha\" width=\"1500\" height=\"1500\" title=\"\" srcset=\"https:\/\/www.aarquiteta.com.br\/blog\/wp-content\/uploads\/2023\/06\/Cortinas-Decorativas-para-cozinha-11.jpg 1500w, https:\/\/www.aarquiteta.com.br\/blog\/wp-content\/uploads\/2023\/06\/Cortinas-Decorativas-para-cozinha-11-1024x1024.jpg 1024w, https:\/\/www.aarquiteta.com.br\/blog\/wp-content\/uploads\/2023\/06\/Cortinas-Decorativas-para-cozinha-11-696x696.jpg 696w, https:\/\/www.aarquiteta.com.br\/blog\/wp-content\/uploads\/2023\/06\/Cortinas-Decorativas-para-cozinha-11-96x96.jpg 96w, https:\/\/www.aarquiteta.com.br\/blog\/wp-content\/uploads\/2023\/06\/Cortinas-Decorativas-para-cozinha-11-150x150.jpg 150w\" sizes=\"(max-width: 1500px) 100vw, 1500px\" \/><figcaption id=\"caption-attachment-81516\" class=\"wp-caption-text\">Foto: Amazon.com<\/figcaption><\/figure>\n<p>Para obter inspira\u00e7\u00e3o na escolha das cortinas decorativas, \u00e9 recomend\u00e1vel explorar diferentes fontes de design. Revistas especializadas, sites e redes sociais podem fornecer ideias criativas e tend\u00eancias atuais.<\/p>\n<p>Lembrando sempre de adaptar as inspira\u00e7\u00f5es ao estilo e \u00e0 decora\u00e7\u00e3o da sua pr\u00f3pria cozinha.<\/p>\n<h2>10. Combina\u00e7\u00e3o com a decora\u00e7\u00e3o da cozinha<\/h2>\n<figure id=\"attachment_81513\" aria-describedby=\"caption-attachment-81513\" style=\"width: 1001px\" class=\"wp-caption alignnone\"><img decoding=\"async\" class=\"size-full wp-image-81513\" src=\"https:\/\/www.aarquiteta.com.br\/blog\/wp-content\/uploads\/2023\/06\/Cortinas-Decorativas-para-cozinha-14.jpg\" alt=\"Cortinas Decorativas: D\u00ea um Toque Especial \u00e0 Janela da Cozinha\" width=\"1001\" height=\"1001\" title=\"\" srcset=\"https:\/\/www.aarquiteta.com.br\/blog\/wp-content\/uploads\/2023\/06\/Cortinas-Decorativas-para-cozinha-14.jpg 1001w, https:\/\/www.aarquiteta.com.br\/blog\/wp-content\/uploads\/2023\/06\/Cortinas-Decorativas-para-cozinha-14-696x696.jpg 696w, https:\/\/www.aarquiteta.com.br\/blog\/wp-content\/uploads\/2023\/06\/Cortinas-Decorativas-para-cozinha-14-96x96.jpg 96w, https:\/\/www.aarquiteta.com.br\/blog\/wp-content\/uploads\/2023\/06\/Cortinas-Decorativas-para-cozinha-14-150x150.jpg 150w\" sizes=\"(max-width: 1001px) 100vw, 1001px\" \/><figcaption id=\"caption-attachment-81513\" class=\"wp-caption-text\">Foto: Amazon.com<\/figcaption><\/figure>\n<p>Ao escolher cortinas decorativas para a janela da cozinha, \u00e9 fundamental considerar a harmonia com o restante da decora\u00e7\u00e3o.<\/p>\n<p>As cortinas devem complementar os m\u00f3veis, a paleta de cores e o estilo geral da cozinha. Uma combina\u00e7\u00e3o bem-sucedida ajudar\u00e1 a criar um ambiente coeso e agrad\u00e1vel.<\/p>\n<h2>11. Cortinas decorativas como destaque<\/h2>\n<figure id=\"attachment_81518\" aria-describedby=\"caption-attachment-81518\" style=\"width: 1000px\" class=\"wp-caption alignnone\"><img decoding=\"async\" class=\"size-full wp-image-81518\" src=\"https:\/\/www.aarquiteta.com.br\/blog\/wp-content\/uploads\/2023\/06\/Cortinas-Decorativas-para-cozinha-9.jpg\" alt=\"Cortinas Decorativas: D\u00ea um Toque Especial \u00e0 Janela da Cozinha\" width=\"1000\" height=\"1000\" title=\"\" srcset=\"https:\/\/www.aarquiteta.com.br\/blog\/wp-content\/uploads\/2023\/06\/Cortinas-Decorativas-para-cozinha-9.jpg 1000w, https:\/\/www.aarquiteta.com.br\/blog\/wp-content\/uploads\/2023\/06\/Cortinas-Decorativas-para-cozinha-9-696x696.jpg 696w, https:\/\/www.aarquiteta.com.br\/blog\/wp-content\/uploads\/2023\/06\/Cortinas-Decorativas-para-cozinha-9-96x96.jpg 96w, https:\/\/www.aarquiteta.com.br\/blog\/wp-content\/uploads\/2023\/06\/Cortinas-Decorativas-para-cozinha-9-150x150.jpg 150w\" sizes=\"(max-width: 1000px) 100vw, 1000px\" \/><figcaption id=\"caption-attachment-81518\" class=\"wp-caption-text\">Foto: Amazon.com<\/figcaption><\/figure>\n<p>Se voc\u00ea deseja que as cortinas sejam o destaque da janela da cozinha, pode optar por modelos mais elaborados, com detalhes chamativos ou estampas marcantes.<\/p>\n<p>Essa abordagem pode adicionar um toque de ousadia e personalidade \u00e0 cozinha, tornando-a ainda mais \u00fanica.<\/p>\n<p>As cortinas decorativas conseguem transformar a janela da cozinha, adicionando estilo, cor e personalidade ao ambiente. Com uma ampla variedade de estilos, cores e estampas dispon\u00edveis, \u00e9 poss\u00edvel encontrar a cortina perfeita para combinar com a decora\u00e7\u00e3o existente.<\/p>\n<p>Al\u00e9m disso, as cortinas decorativas oferecem benef\u00edcios pr\u00e1ticos, como controle de luz e privacidade. Portanto, n\u00e3o deixe de explorar essa op\u00e7\u00e3o vers\u00e1til e encantadora para dar um toque especial \u00e0 sua janela da cozinha.<\/p>\n<p>Confira a nossa sele\u00e7\u00e3o de <a href=\"https:\/\/amzn.to\/3P7Yfkn\" target=\"_blank\" rel=\"noopener\"><strong>Cortinas Decorativas para Cozinha<\/strong><\/a> que separamos para voc\u00ea, com certeza uma delas combinar\u00e1 perfeitamente com sua casa!<\/p>\n<p><iframe style=\"width: 120px; height: 240px;\" src=\"\/\/ws-na.amazon-adsystem.com\/widgets\/q?ServiceVersion=20070822&amp;OneJS=1&amp;Operation=GetAdHtml&amp;MarketPlace=BR&amp;source=ss&amp;ref=as_ss_li_til&amp;ad_type=product_link&amp;tracking_id=aarquiteta-20&amp;language=pt_BR&amp;marketplace=amazon&amp;region=BR&amp;placement=B0BY96D52K&amp;asins=B0BY96D52K&amp;linkId=9d3cce67effd1d6ca150b8f55cffb45b&amp;show_border=true&amp;link_opens_in_new_window=true\" frameborder=\"0\" marginwidth=\"0\" marginheight=\"0\" scrolling=\"no\" sandbox=\"allow-popups allow-scripts allow-modals allow-forms allow-same-origin\"><\/iframe><\/p>\n<h2>Perguntas Frequentes sobre Cortinas Decorativas para Cozinha:<\/h2>\n<figure id=\"attachment_81519\" aria-describedby=\"caption-attachment-81519\" style=\"width: 1500px\" class=\"wp-caption alignnone\"><img decoding=\"async\" class=\"size-full wp-image-81519\" src=\"https:\/\/www.aarquiteta.com.br\/blog\/wp-content\/uploads\/2023\/06\/Cortinas-Decorativas-para-cozinha-8.jpg\" alt=\"Cortinas Decorativas: D\u00ea um Toque Especial \u00e0 Janela da Cozinha\" width=\"1500\" height=\"1000\" title=\"\" srcset=\"https:\/\/www.aarquiteta.com.br\/blog\/wp-content\/uploads\/2023\/06\/Cortinas-Decorativas-para-cozinha-8.jpg 1500w, https:\/\/www.aarquiteta.com.br\/blog\/wp-content\/uploads\/2023\/06\/Cortinas-Decorativas-para-cozinha-8-1024x683.jpg 1024w, https:\/\/www.aarquiteta.com.br\/blog\/wp-content\/uploads\/2023\/06\/Cortinas-Decorativas-para-cozinha-8-696x464.jpg 696w, https:\/\/www.aarquiteta.com.br\/blog\/wp-content\/uploads\/2023\/06\/Cortinas-Decorativas-para-cozinha-8-150x100.jpg 150w\" sizes=\"(max-width: 1500px) 100vw, 1500px\" \/><figcaption id=\"caption-attachment-81519\" class=\"wp-caption-text\">Foto: Amazon.com<\/figcaption><\/figure>\n<h3>Quais s\u00e3o os benef\u00edcios das cortinas decorativas na cozinha?<\/h3>\n<p>As cortinas decorativas oferecem uma s\u00e9rie de benef\u00edcios para a cozinha. Al\u00e9m de adicionar estilo e personalidade ao ambiente, elas tamb\u00e9m desempenham fun\u00e7\u00f5es pr\u00e1ticas. As cortinas decorativas podem controlar a entrada de luz natural, proporcionando privacidade e regulando a ilumina\u00e7\u00e3o do espa\u00e7o.<\/p>\n<p>Elas tamb\u00e9m ajudam a bloquear a entrada de poeira e reduzem a intensidade dos ru\u00eddos externos, criando um ambiente mais confort\u00e1vel. Al\u00e9m disso, algumas cortinas decorativas contribuem para o isolamento t\u00e9rmico, ajudando a manter a temperatura adequada na cozinha.<\/p>\n<h3>Como escolher o estilo certo de cortina para a janela da cozinha?<\/h3>\n<p>Ao escolher o estilo certo de cortina para a janela da cozinha, \u00e9 importante considerar o estilo e a decora\u00e7\u00e3o do ambiente. Existem v\u00e1rias op\u00e7\u00f5es dispon\u00edveis, como cortinas romanas, cortinas de pain\u00e9is deslizantes, persianas, cortinas de renda e muito mais.<\/p>\n<p>\u00c9 recomend\u00e1vel optar por um estilo que complemente a est\u00e9tica da cozinha. Considere tamb\u00e9m a funcionalidade desejada, como controle de luz e privacidade. Uma boa dica \u00e9 buscar inspira\u00e7\u00e3o em revistas especializadas e sites de decora\u00e7\u00e3o, adaptando as ideias ao seu pr\u00f3prio estilo e gosto.<\/p>\n<h3>Posso lavar as cortinas decorativas em casa?<\/h3>\n<p>A possibilidade de lavar as cortinas decorativas em casa pode variar dependendo do tipo de tecido e das instru\u00e7\u00f5es do fabricante. \u00c9 importante ler atentamente as etiquetas das cortinas para saber quais s\u00e3o as recomenda\u00e7\u00f5es de limpeza.<\/p>\n<p>Algumas cortinas podem ser lavadas em m\u00e1quina, enquanto outras exigem limpeza a seco ou lavagem \u00e0 m\u00e3o. Se voc\u00ea optar por lavar as cortinas em casa, siga as instru\u00e7\u00f5es de lavagem corretamente para garantir a durabilidade e a beleza das cortinas.<\/p>\n<h3>As cortinas motorizadas s\u00e3o recomendadas para a cozinha?<\/h3>\n<p>As cortinas motorizadas podem ser uma excelente escolha para a cozinha, especialmente se voc\u00ea busca praticidade e modernidade. Com o toque de um bot\u00e3o, \u00e9 poss\u00edvel controlar a abertura e o fechamento das cortinas, proporcionando conveni\u00eancia e facilidade de uso.<\/p>\n<p>Isso pode ser especialmente \u00fatil em cozinhas com janelas de dif\u00edcil acesso ou para pessoas com mobilidade reduzida. Al\u00e9m disso, as cortinas motorizadas oferecem um visual sofisticado e elegante \u00e0 cozinha.<\/p>\n<h3>Como combinar as cortinas decorativas com a decora\u00e7\u00e3o existente na cozinha?<\/h3>\n<p>Para combinar as cortinas decorativas com a decora\u00e7\u00e3o existente na cozinha, \u00e9 recomend\u00e1vel considerar a paleta de cores e o estilo geral do ambiente. Opte por cortinas que harmonizem com os m\u00f3veis, revestimentos e acess\u00f3rios da cozinha.<\/p>\n<p>Escolher cores e estampas que complementem a decora\u00e7\u00e3o existente pode adicionar um toque de coes\u00e3o ao ambiente. Seja criativo e busque inspira\u00e7\u00e3o em revistas de decora\u00e7\u00e3o, sites e redes sociais para encontrar combina\u00e7\u00f5es que reflitam o seu estilo pessoal e se ad\u00e9quem \u00e0 sua cozinha.<\/p>\n<p>Gostou? Espero que este artigo tenha ajudado voc\u00ea!<\/p>\n<p>Ent\u00e3o deslize a tela para baixo e<a href=\"https:\/\/br.pinterest.com\/aarquitetapinterest\/_created\/\" target=\"_blank\" rel=\"noopener\">\u00a0confira mais dicas<\/a>\u00a0como esta e n\u00e3o se esque\u00e7a de compartilhar com os amigos!<\/p>\n<p>Quer mais dicas sobre o mundo da <a href=\"https:\/\/www.aarquiteta.com.br\/blog\/o-que-e-arquitetura\/\">Arquitetura<\/a>\u00a0e\u00a0<a href=\"https:\/\/www.aarquiteta.com.br\/blog\/decoracao\/\">Decora\u00e7\u00e3o<\/a>, ent\u00e3o confira alguns dos nossos artigos em:<\/p>\n<ul>\n<li><a href=\"https:\/\/www.aarquiteta.com.br\/blog\/paisagismo\/\" target=\"_blank\" rel=\"noopener\">Casa e Jardim<\/a><\/li>\n<li><a href=\"https:\/\/www.aarquiteta.com.br\/blog\/arquitetura\/mundo-arquitetura\/\" target=\"_blank\" rel=\"noopener\">Mundo Arquitetura<\/a><\/li>\n<li><a href=\"https:\/\/www.aarquiteta.com.br\/decoracao\/\" target=\"_blank\" rel=\"noopener\">Decora\u00e7\u00e3o\u00a0<\/a><\/li>\n<\/ul>\n","protected":false},"excerpt":{"rendered":"<p>Cortinas Decorativas: D\u00ea um Toque Especial \u00e0 Janela da Cozinha. Confira como as cortinas decorativas podem ser usadas para dar um toque especial na janela da cozinha. Escolha estampas e cores variadas para combinar com a decora\u00e7\u00e3o do ambiente! A janela da cozinha \u00e9 um ponto focal importante na decora\u00e7\u00e3o desse ambiente t\u00e3o especial. Al\u00e9m [&hellip;]<\/p>\n","protected":false},"author":102,"featured_media":81528,"comment_status":"closed","ping_status":"closed","sticky":false,"template":"","format":"standard","meta":{"footnotes":""},"categories":[10005],"tags":[30794,30789,30791,30792,30793,30788,30790,30717,30786,30785,30784,30783,30782,30787,30781],"class_list":["post-81334","post","type-post","status-publish","format-standard","has-post-thumbnail","category-casa-e-jardim","tag-cortinas-de-bambu","tag-cortinas-de-blackout","tag-cortinas-de-linho","tag-cortinas-de-renda","tag-cortinas-de-seda","tag-cortinas-de-tecido","tag-cortinas-de-voil","tag-cortinas-decorativas","tag-cortinas-elegantes","tag-cortinas-estampadas","tag-cortinas-modernas","tag-cortinas-para-quarto","tag-cortinas-para-sala","tag-cortinas-sob-medida","tag-decoracao-com-cortinas"],"_wp_attached_file":null,"_wp_attachment_metadata":null,"_wp_attachment_context":null,"_wp_attachment_is_custom_header":null,"geo_longitude":null,"geo_public":null,"geo_latitude":null,"_publicize_done_external":null,"_wpas_done_3897181":null,"publicize_twitter_user":null,"_wpas_done_3897175":null,"_wpas_skip_3897181":null,"_wpas_skip_3897175":null,"_wpas_skip_3924723":null,"_wpas_mess":null,"_wpas_done_3924723":null,"wps_subtitle":"Confira como as cortinas decorativas podem ser usadas para dar um toque especial na janela da cozinha! Veja como escolher a sua!","_links":{"self":[{"href":"https:\/\/www.aarquiteta.com.br\/blog\/wp-json\/wp\/v2\/posts\/81334","targetHints":{"allow":["GET"]}}],"collection":[{"href":"https:\/\/www.aarquiteta.com.br\/blog\/wp-json\/wp\/v2\/posts"}],"about":[{"href":"https:\/\/www.aarquiteta.com.br\/blog\/wp-json\/wp\/v2\/types\/post"}],"author":[{"embeddable":true,"href":"https:\/\/www.aarquiteta.com.br\/blog\/wp-json\/wp\/v2\/users\/102"}],"replies":[{"embeddable":true,"href":"https:\/\/www.aarquiteta.com.br\/blog\/wp-json\/wp\/v2\/comments?post=81334"}],"version-history":[{"count":0,"href":"https:\/\/www.aarquiteta.com.br\/blog\/wp-json\/wp\/v2\/posts\/81334\/revisions"}],"wp:featuredmedia":[{"embeddable":true,"href":"https:\/\/www.aarquiteta.com.br\/blog\/wp-json\/wp\/v2\/media\/81528"}],"wp:attachment":[{"href":"https:\/\/www.aarquiteta.com.br\/blog\/wp-json\/wp\/v2\/media?parent=81334"}],"wp:term":[{"taxonomy":"category","embeddable":true,"href":"https:\/\/www.aarquiteta.com.br\/blog\/wp-json\/wp\/v2\/categories?post=81334"},{"taxonomy":"post_tag","embeddable":true,"href":"https:\/\/www.aarquiteta.com.br\/blog\/wp-json\/wp\/v2\/tags?post=81334"}],"curies":[{"name":"wp","href":"https:\/\/api.w.org\/{rel}","templated":true}]}}