{"id":81209,"date":"2023-06-07T12:00:46","date_gmt":"2023-06-07T15:00:46","guid":{"rendered":"http:\/\/aarquiteta.com.br\/?p=81209"},"modified":"2024-09-15T09:23:10","modified_gmt":"2024-09-15T12:23:10","slug":"casa-de-contener","status":"publish","type":"post","link":"https:\/\/www.aarquiteta.com.br\/blog\/casa-de-contener\/","title":{"rendered":"Casa de Contener &#8211; Estilo Eco-friendly"},"content":{"rendered":"<p>Casa de Contener &#8211; Estilo Eco-friendly. Descubra o estilo eco-friendly da Casa de Contener. Conhe\u00e7a uma constru\u00e7\u00e3o que une o design contempor\u00e2neo com pr\u00e1ticas sustent\u00e1veis, criando um ambiente \u00fanico.<\/p><p>No mundo atual, onde a preocupa\u00e7\u00e3o com o meio ambiente e a sustentabilidade est\u00e3o em evid\u00eancia, a busca por alternativas ecologicamente corretas tamb\u00e9m chega ao setor de <a href=\"https:\/\/www.aarquiteta.com.br\/blog\/engenharia-e-construcao-civil\/\" class=\"ilj-generated-link\">constru\u00e7\u00e3o civil<\/a>.<\/p><p>Nesse contexto, a Casa de Contener surge como uma op\u00e7\u00e3o inovadora que combina o design contempor\u00e2neo com pr\u00e1ticas sustent\u00e1veis, criando um ambiente \u00fanico e amig\u00e1vel ao meio ambiente.<\/p><h2><strong>1. O que \u00e9 uma Casa de Contener?<\/strong><\/h2><figure id=\"attachment_81219\" aria-describedby=\"caption-attachment-81219\" style=\"width: 1200px\" class=\"wp-caption alignnone\"><img decoding=\"async\" class=\"size-full wp-image-81219\" src=\"https:\/\/www.aarquiteta.com.br\/blog\/wp-content\/uploads\/2023\/06\/Casa-de-Contener-3.jpg\" alt=\"Casa de Contener - Estilo Eco-friendly\" width=\"1200\" height=\"800\" title=\"\" srcset=\"https:\/\/www.aarquiteta.com.br\/blog\/wp-content\/uploads\/2023\/06\/Casa-de-Contener-3.jpg 1200w, https:\/\/www.aarquiteta.com.br\/blog\/wp-content\/uploads\/2023\/06\/Casa-de-Contener-3-1024x683.jpg 1024w, https:\/\/www.aarquiteta.com.br\/blog\/wp-content\/uploads\/2023\/06\/Casa-de-Contener-3-696x464.jpg 696w, https:\/\/www.aarquiteta.com.br\/blog\/wp-content\/uploads\/2023\/06\/Casa-de-Contener-3-150x100.jpg 150w\" sizes=\"(max-width: 1200px) 100vw, 1200px\" \/><figcaption id=\"caption-attachment-81219\" class=\"wp-caption-text\">Foto: Canva.com<\/figcaption><\/figure><p>Uma Casa de Contener \u00e9 uma habita\u00e7\u00e3o constru\u00edda a partir da reutiliza\u00e7\u00e3o de cont\u00eaineres de transporte mar\u00edtimo. Esses cont\u00eaineres, ap\u00f3s serem descartados, podem ser adaptados e transformados em estruturas habit\u00e1veis, aproveitando-se dos benef\u00edcios que eles proporcionam em termos de resist\u00eancia, durabilidade e facilidade de transporte.<\/p><p>O estilo eco-friendly \u00e9 fundamental atualmente, por visar minimizar o impacto negativo da constru\u00e7\u00e3o civil no meio ambiente. Ao optar por uma Casa de Contener, voc\u00ea estar\u00e1 contribuindo para a redu\u00e7\u00e3o do desperd\u00edcio de materiais, economia de energia, conserva\u00e7\u00e3o da \u00e1gua e preserva\u00e7\u00e3o dos recursos naturais.<\/p><h2><strong>2. Design contempor\u00e2neo e sustent\u00e1vel:<\/strong><\/h2><figure id=\"attachment_81235\" aria-describedby=\"caption-attachment-81235\" style=\"width: 1200px\" class=\"wp-caption alignnone\"><img decoding=\"async\" class=\"size-full wp-image-81235\" src=\"https:\/\/www.aarquiteta.com.br\/blog\/wp-content\/uploads\/2023\/06\/casa-de-conteiner.jpg\" alt=\"Casa de Contener - Estilo Eco-friendly\" width=\"1200\" height=\"800\" title=\"\" srcset=\"https:\/\/www.aarquiteta.com.br\/blog\/wp-content\/uploads\/2023\/06\/casa-de-conteiner.jpg 1200w, https:\/\/www.aarquiteta.com.br\/blog\/wp-content\/uploads\/2023\/06\/casa-de-conteiner-1024x683.jpg 1024w, https:\/\/www.aarquiteta.com.br\/blog\/wp-content\/uploads\/2023\/06\/casa-de-conteiner-696x464.jpg 696w, https:\/\/www.aarquiteta.com.br\/blog\/wp-content\/uploads\/2023\/06\/casa-de-conteiner-150x100.jpg 150w\" sizes=\"(max-width: 1200px) 100vw, 1200px\" \/><figcaption id=\"caption-attachment-81235\" class=\"wp-caption-text\">Foto: Canva.com<\/figcaption><\/figure><p>As <a href=\"https:\/\/www.aarquiteta.com.br\/blog\/?s=CASAS\">Casas<\/a> de Contener apresentam um design contempor\u00e2neo que combina estilo e funcionalidade com pr\u00e1ticas sustent\u00e1veis.<\/p><h3>Uso de cont\u00eaineres reciclados na constru\u00e7\u00e3o:<\/h3><p>O principal destaque desse tipo de constru\u00e7\u00e3o \u00e9 a utiliza\u00e7\u00e3o de cont\u00eaineres reciclados como estrutura base. Esses cont\u00eaineres s\u00e3o resistentes, dur\u00e1veis e possuem grande capacidade de suportar cargas, o que os torna ideais para a constru\u00e7\u00e3o de casas.<\/p><h3>Aproveitamento de recursos naturais:<\/h3><p>Al\u00e9m do uso dos cont\u00eaineres, as Casas de Contener tamb\u00e9m aproveitam recursos naturais dispon\u00edveis no ambiente. Isso inclui o posicionamento estrat\u00e9gico das janelas para aproveitar ao m\u00e1ximo a luz solar e o vento, reduzindo a necessidade de ilumina\u00e7\u00e3o e ventila\u00e7\u00e3o artificial.<\/p><h2><strong>3. Efici\u00eancia energ\u00e9tica<\/strong><\/h2><figure id=\"attachment_81220\" aria-describedby=\"caption-attachment-81220\" style=\"width: 1200px\" class=\"wp-caption alignnone\"><img decoding=\"async\" class=\"size-full wp-image-81220\" src=\"https:\/\/www.aarquiteta.com.br\/blog\/wp-content\/uploads\/2023\/06\/Casa-de-Contener-2.jpg\" alt=\"Casa de Contener - Estilo Eco-friendly\" width=\"1200\" height=\"800\" title=\"\" srcset=\"https:\/\/www.aarquiteta.com.br\/blog\/wp-content\/uploads\/2023\/06\/Casa-de-Contener-2.jpg 1200w, https:\/\/www.aarquiteta.com.br\/blog\/wp-content\/uploads\/2023\/06\/Casa-de-Contener-2-1024x683.jpg 1024w, https:\/\/www.aarquiteta.com.br\/blog\/wp-content\/uploads\/2023\/06\/Casa-de-Contener-2-696x464.jpg 696w, https:\/\/www.aarquiteta.com.br\/blog\/wp-content\/uploads\/2023\/06\/Casa-de-Contener-2-150x100.jpg 150w\" sizes=\"(max-width: 1200px) 100vw, 1200px\" \/><figcaption id=\"caption-attachment-81220\" class=\"wp-caption-text\">Foto: Canva.com<\/figcaption><\/figure><p>A efici\u00eancia energ\u00e9tica \u00e9 uma caracter\u00edstica marcante nas Casas de Contener, contribuindo para a redu\u00e7\u00e3o do consumo de energia e a sustentabilidade do ambiente.<\/p><h3>Uso de pain\u00e9is solares<\/h3><p>Para gerar energia limpa e renov\u00e1vel, as Casas de Contener contam com a instala\u00e7\u00e3o de pain\u00e9is solares. Esses pain\u00e9is captam a luz do sol e a transformam em energia el\u00e9trica, que pode ser utilizada para alimentar os sistemas da casa, como ilumina\u00e7\u00e3o, <a href=\"https:\/\/www.aarquiteta.com.br\/blog\/home-decor\/tecnologia-e-utilidades\/eletrodomesticos\/\" class=\"ilj-generated-link\">eletrodom\u00e9sticos<\/a> e aquecimento de \u00e1gua.<\/p><h3>Isolamento t\u00e9rmico e ac\u00fastico<\/h3><p>Outra caracter\u00edstica importante das Casas de Contener \u00e9 o isolamento t\u00e9rmico e ac\u00fastico, proporcionado pela utiliza\u00e7\u00e3o de materiais adequados. Isso garante o conforto t\u00e9rmico dentro da casa, reduzindo a necessidade de uso de aquecedores ou ar-condicionado, e tamb\u00e9m contribui para um ambiente mais silencioso e tranquilo.<\/p><h2><strong>4. Conserva\u00e7\u00e3o da \u00e1gua<\/strong><\/h2><p>A \u00e1gua \u00e9 um recurso natural precioso, e a Casa de Contener valoriza sua conserva\u00e7\u00e3o por meio de solu\u00e7\u00f5es inteligentes e sustent\u00e1veis.<\/p><h3>Sistemas de capta\u00e7\u00e3o e reutiliza\u00e7\u00e3o da \u00e1gua da chuva<\/h3><p>As Casas de Contener contam com sistemas de capta\u00e7\u00e3o da \u00e1gua da chuva, os quais s\u00e3o armazenadas e utilizadas para fins n\u00e3o pot\u00e1veis, como a irriga\u00e7\u00e3o de jardins e a lavagem de <a href=\"https:\/\/www.aarquiteta.com.br\/blog\/?s=PISO\">pisos<\/a>. Isso contribui para a redu\u00e7\u00e3o do consumo de \u00e1gua pot\u00e1vel e o aproveitamento de um recurso natural abundante.<\/p><h3>Uso de dispositivos economizadores<\/h3><p>Al\u00e9m da capta\u00e7\u00e3o da \u00e1gua da chuva, as Casas de Contener tamb\u00e9m utilizam dispositivos economizadores, como torneiras com controle de vaz\u00e3o e descargas de baixo consumo. Essas medidas ajudam a reduzir o desperd\u00edcio de \u00e1gua no dia a dia.<\/p><h2><strong>5. Materiais sustent\u00e1veis<\/strong><\/h2><figure id=\"attachment_81218\" aria-describedby=\"caption-attachment-81218\" style=\"width: 1200px\" class=\"wp-caption alignnone\"><img decoding=\"async\" class=\"size-full wp-image-81218\" src=\"https:\/\/www.aarquiteta.com.br\/blog\/wp-content\/uploads\/2023\/06\/Casa-de-Contener-4.jpg\" alt=\"Casa de Contener - Estilo Eco-friendly\" width=\"1200\" height=\"800\" title=\"\" srcset=\"https:\/\/www.aarquiteta.com.br\/blog\/wp-content\/uploads\/2023\/06\/Casa-de-Contener-4.jpg 1200w, https:\/\/www.aarquiteta.com.br\/blog\/wp-content\/uploads\/2023\/06\/Casa-de-Contener-4-1024x683.jpg 1024w, https:\/\/www.aarquiteta.com.br\/blog\/wp-content\/uploads\/2023\/06\/Casa-de-Contener-4-696x464.jpg 696w, https:\/\/www.aarquiteta.com.br\/blog\/wp-content\/uploads\/2023\/06\/Casa-de-Contener-4-150x100.jpg 150w\" sizes=\"(max-width: 1200px) 100vw, 1200px\" \/><figcaption id=\"caption-attachment-81218\" class=\"wp-caption-text\">Foto: Canva.com<\/figcaption><\/figure><p>Os materiais utilizados na constru\u00e7\u00e3o das Casas de Contener s\u00e3o escolhidos com base em crit\u00e9rios de sustentabilidade, visando minimizar o impacto ambiental.<\/p><h3>Op\u00e7\u00f5es de revestimentos ecol\u00f3gicos<\/h3><p>Para revestir as paredes e pisos, s\u00e3o utilizados materiais ecol\u00f3gicos, como tintas \u00e0 base de \u00e1gua e pisos de bambu, que s\u00e3o renov\u00e1veis e possuem menor impacto ambiental do que os materiais convencionais.<\/p><h3>Utiliza\u00e7\u00e3o de madeira certificada<\/h3><p>Quando h\u00e1 a necessidade de utilizar madeira na constru\u00e7\u00e3o, s\u00e3o preferidas aquelas provenientes de fontes sustent\u00e1veis, certificadas por \u00f3rg\u00e3os competentes. Isso garante que a extra\u00e7\u00e3o da madeira tenha sido feita de forma legal e respons\u00e1vel.<\/p><h2><strong>6. Paisagismo e jardins sustent\u00e1veis<\/strong><\/h2><figure id=\"attachment_81217\" aria-describedby=\"caption-attachment-81217\" style=\"width: 1200px\" class=\"wp-caption alignnone\"><img decoding=\"async\" class=\"size-full wp-image-81217\" src=\"https:\/\/www.aarquiteta.com.br\/blog\/wp-content\/uploads\/2023\/06\/Casa-de-Contener-5.jpg\" alt=\"Casa de Contener - Estilo Eco-friendly\" width=\"1200\" height=\"800\" title=\"\" srcset=\"https:\/\/www.aarquiteta.com.br\/blog\/wp-content\/uploads\/2023\/06\/Casa-de-Contener-5.jpg 1200w, https:\/\/www.aarquiteta.com.br\/blog\/wp-content\/uploads\/2023\/06\/Casa-de-Contener-5-1024x683.jpg 1024w, https:\/\/www.aarquiteta.com.br\/blog\/wp-content\/uploads\/2023\/06\/Casa-de-Contener-5-696x464.jpg 696w, https:\/\/www.aarquiteta.com.br\/blog\/wp-content\/uploads\/2023\/06\/Casa-de-Contener-5-150x100.jpg 150w\" sizes=\"(max-width: 1200px) 100vw, 1200px\" \/><figcaption id=\"caption-attachment-81217\" class=\"wp-caption-text\">Foto: Canva.com<\/figcaption><\/figure><p>O <a href=\"https:\/\/www.aarquiteta.com.br\/blog\/casa-e-jardim\/paisagismo\/\" class=\"ilj-generated-link\">paisagismo<\/a> e os jardins das Casas de Contener tamb\u00e9m s\u00e3o planejados com base em princ\u00edpios de sustentabilidade.<\/p><h3>Jardins verticais<\/h3><p>Uma op\u00e7\u00e3o interessante \u00e9 a utiliza\u00e7\u00e3o de jardins verticais, que aproveitam o espa\u00e7o vertical das paredes para o cultivo de plantas. Al\u00e9m de trazerem beleza ao ambiente, os jardins verticais ajudam a melhorar a qualidade do ar, absorvendo gases poluentes e liberando oxig\u00eanio.<\/p><h3>Plantio de esp\u00e9cies nativas<\/h3><p>Ao projetar o paisagismo, \u00e9 dada prefer\u00eancia ao plantio de esp\u00e9cies nativas da regi\u00e3o, que se adaptam melhor ao clima e ao solo local, exigindo menos \u00e1gua e cuidados especiais. Isso contribui para a preserva\u00e7\u00e3o da biodiversidade e a sustentabilidade do ecossistema.<\/p><h2><strong>7. Qualidade do ar e sa\u00fade<\/strong><\/h2><figure id=\"attachment_81216\" aria-describedby=\"caption-attachment-81216\" style=\"width: 1200px\" class=\"wp-caption alignnone\"><img decoding=\"async\" class=\"size-full wp-image-81216\" src=\"https:\/\/www.aarquiteta.com.br\/blog\/wp-content\/uploads\/2023\/06\/Casa-de-Contener-6.jpg\" alt=\"Casa de Contener - Estilo Eco-friendly\" width=\"1200\" height=\"800\" title=\"\" srcset=\"https:\/\/www.aarquiteta.com.br\/blog\/wp-content\/uploads\/2023\/06\/Casa-de-Contener-6.jpg 1200w, https:\/\/www.aarquiteta.com.br\/blog\/wp-content\/uploads\/2023\/06\/Casa-de-Contener-6-1024x683.jpg 1024w, https:\/\/www.aarquiteta.com.br\/blog\/wp-content\/uploads\/2023\/06\/Casa-de-Contener-6-696x464.jpg 696w, https:\/\/www.aarquiteta.com.br\/blog\/wp-content\/uploads\/2023\/06\/Casa-de-Contener-6-150x100.jpg 150w\" sizes=\"(max-width: 1200px) 100vw, 1200px\" \/><figcaption id=\"caption-attachment-81216\" class=\"wp-caption-text\">Foto: Canva.com<\/figcaption><\/figure><p>A Casa de Contener se preocupa com a qualidade do ar interno e com a sa\u00fade dos seus moradores, proporcionando um ambiente livre de subst\u00e2ncias t\u00f3xicas e com boa ventila\u00e7\u00e3o.<\/p><h3>Ventila\u00e7\u00e3o natural<\/h3><p>O design das Casas de Contener permite uma boa circula\u00e7\u00e3o de ar, favorecendo a ventila\u00e7\u00e3o natural. Isso ajuda a manter o ambiente fresco e arejado, reduzindo a necessidade de uso de ventiladores ou aparelhos de ar-condicionado, e contribuindo para a sa\u00fade respirat\u00f3ria dos moradores.<\/p><h3>Uso de materiais livres de compostos t\u00f3xicos<\/h3><p>Na constru\u00e7\u00e3o das Casas de Contener, s\u00e3o utilizados materiais que n\u00e3o emitem compostos t\u00f3xicos, como formalde\u00eddo e VOCs (compostos org\u00e2nicos vol\u00e1teis). Esses materiais garantem um ambiente saud\u00e1vel, livre de subst\u00e2ncias prejudiciais \u00e0 sa\u00fade.<\/p><h2><strong>8. Consci\u00eancia ecol\u00f3gica e responsabilidade social<\/strong><\/h2><figure id=\"attachment_81214\" aria-describedby=\"caption-attachment-81214\" style=\"width: 1200px\" class=\"wp-caption alignnone\"><img decoding=\"async\" class=\"size-full wp-image-81214\" src=\"https:\/\/www.aarquiteta.com.br\/blog\/wp-content\/uploads\/2023\/06\/Casa-de-Contener-8.jpg\" alt=\"Casa de Contener - Estilo Eco-friendly\" width=\"1200\" height=\"800\" title=\"\" srcset=\"https:\/\/www.aarquiteta.com.br\/blog\/wp-content\/uploads\/2023\/06\/Casa-de-Contener-8.jpg 1200w, https:\/\/www.aarquiteta.com.br\/blog\/wp-content\/uploads\/2023\/06\/Casa-de-Contener-8-1024x683.jpg 1024w, https:\/\/www.aarquiteta.com.br\/blog\/wp-content\/uploads\/2023\/06\/Casa-de-Contener-8-696x464.jpg 696w, https:\/\/www.aarquiteta.com.br\/blog\/wp-content\/uploads\/2023\/06\/Casa-de-Contener-8-150x100.jpg 150w\" sizes=\"(max-width: 1200px) 100vw, 1200px\" \/><figcaption id=\"caption-attachment-81214\" class=\"wp-caption-text\">Foto: Canva.com<\/figcaption><\/figure><p>Al\u00e9m das caracter\u00edsticas f\u00edsicas e t\u00e9cnicas, a Casa de Contener visa incentivar a consci\u00eancia ecol\u00f3gica e a responsabilidade social por meio de pr\u00e1ticas sustent\u00e1veis no dia a dia da casa.<\/p><h3>Pr\u00e1ticas sustent\u00e1veis na rotina da casa<\/h3><p>A Casa de Contener incentiva pr\u00e1ticas sustent\u00e1veis no cotidiano dos moradores, como a separa\u00e7\u00e3o adequada dos res\u00edduos, a economia de energia e \u00e1gua, e o uso de produtos de limpeza e higiene pessoal ecologicamente correto.<\/p><h3>Impacto ambiental reduzido<\/h3><p>Com todas essas caracter\u00edsticas e pr\u00e1ticas, a Casa de Contener contribui para a redu\u00e7\u00e3o do impacto ambiental da constru\u00e7\u00e3o civil. Ao optar por esse estilo de moradia, voc\u00ea estar\u00e1 fazendo a sua parte na preserva\u00e7\u00e3o do meio ambiente e na constru\u00e7\u00e3o de um futuro mais sustent\u00e1vel.<\/p><p>A Casa de Contener representa uma proposta inovadora que une o design contempor\u00e2neo com pr\u00e1ticas sustent\u00e1veis, criando um ambiente \u00fanico e ecologicamente respons\u00e1vel.<\/p><p>Com seu estilo eco-friendly, essa constru\u00e7\u00e3o demonstra que \u00e9 poss\u00edvel viver de forma confort\u00e1vel e moderna, sem abdicar da preserva\u00e7\u00e3o do meio ambiente.<\/p><p>Ao escolher uma Casa de Contener, voc\u00ea estar\u00e1 investindo em um estilo de vida consciente e contribuindo para a constru\u00e7\u00e3o de um futuro mais sustent\u00e1vel.<\/p><h2><strong>Perguntas Frequentes sobre Casa de Contener &#8211; Estilo Eco-friendly.<\/strong><\/h2><figure id=\"attachment_81221\" aria-describedby=\"caption-attachment-81221\" style=\"width: 1200px\" class=\"wp-caption alignnone\"><img decoding=\"async\" class=\"size-full wp-image-81221\" src=\"https:\/\/www.aarquiteta.com.br\/blog\/wp-content\/uploads\/2023\/06\/Casa-de-Contener-1.jpg\" alt=\"Casa de Contener - Estilo Eco-friendly\" width=\"1200\" height=\"800\" title=\"\" srcset=\"https:\/\/www.aarquiteta.com.br\/blog\/wp-content\/uploads\/2023\/06\/Casa-de-Contener-1.jpg 1200w, https:\/\/www.aarquiteta.com.br\/blog\/wp-content\/uploads\/2023\/06\/Casa-de-Contener-1-1024x683.jpg 1024w, https:\/\/www.aarquiteta.com.br\/blog\/wp-content\/uploads\/2023\/06\/Casa-de-Contener-1-696x464.jpg 696w, https:\/\/www.aarquiteta.com.br\/blog\/wp-content\/uploads\/2023\/06\/Casa-de-Contener-1-150x100.jpg 150w\" sizes=\"(max-width: 1200px) 100vw, 1200px\" \/><figcaption id=\"caption-attachment-81221\" class=\"wp-caption-text\">Foto: Canva.com<\/figcaption><\/figure><ol><li><h3><strong>Qual \u00e9 a durabilidade de uma Casa de Contener?<\/strong><\/h3><ul><li>As Casas de Contener s\u00e3o constru\u00eddas com cont\u00eaineres de transporte mar\u00edtimo, projetados para resistir a condi\u00e7\u00f5es extremas. Com os cuidados adequados, a durabilidade dessas casas pode ser igual ou at\u00e9 maior do que a das constru\u00e7\u00f5es convencionais.<\/li><\/ul><\/li><li><h3><strong>\u00c9 poss\u00edvel personalizar o design de uma Casa de Contener?<\/strong><\/h3><ul><li>Sim, \u00e9 poss\u00edvel personalizar o design de uma Casa de Contener segundo as prefer\u00eancias do propriet\u00e1rio. \u00c9 poss\u00edvel fazer modifica\u00e7\u00f5es na estrutura, adicionar janelas, portas, varandas, e at\u00e9 mesmo combinar mais de um cont\u00eainer para criar espa\u00e7os maiores.<\/li><\/ul><\/li><li><h3><strong>As Casas de Contener s\u00e3o mais econ\u00f4micas do que as constru\u00e7\u00f5es tradicionais?<\/strong><\/h3><ul><li>Em muitos casos, as Casas de Contener podem ser mais econ\u00f4micas do que as constru\u00e7\u00f5es tradicionais, por aproveitarem a estrutura dos cont\u00eaineres, reduzindo o tempo e os custos de constru\u00e7\u00e3o. Al\u00e9m disso, a utiliza\u00e7\u00e3o de recursos naturais e sistemas de efici\u00eancia energ\u00e9tica tamb\u00e9m contribui para a redu\u00e7\u00e3o dos gastos a longo prazo.<\/li><\/ul><\/li><li><h3><strong>As Casas de Contener s\u00e3o adequadas para todos os climas?<\/strong><\/h3><ul><li>Sim, as Casas de Contener podem ser projetadas e adaptadas para se adequar a diferentes climas. \u00c9 poss\u00edvel utilizar isolamento t\u00e9rmico e ac\u00fastico adequados, assim como sistemas de aquecimento e resfriamento eficientes, segundo as necessidades de cada regi\u00e3o.<\/li><\/ul><\/li><li><h3><strong>\u00c9 poss\u00edvel expandir uma Casa de Contener no futuro?<\/strong><\/h3><ul><li>Sim, uma das vantagens das Casas de Contener \u00e9 a flexibilidade para expans\u00e3o. Caso haja necessidade de mais espa\u00e7o no futuro, \u00e9 poss\u00edvel adicionar novos cont\u00eaineres ou fazer modifica\u00e7\u00f5es na estrutura existente para acomodar as mudan\u00e7as desejadas.<\/li><\/ul><\/li><\/ol><p>Confira a nossa sele\u00e7\u00e3o de <strong>Livros sobre Casa de Conteiner<\/strong>\u00a0que separamos para voc\u00ea, com certeza uma deles ajudar\u00e1 voc\u00ea em seu estudo ou pesquisa!<\/p>","protected":false},"excerpt":{"rendered":"<p>Casa de Contener &#8211; Estilo Eco-friendly. Descubra o estilo eco-friendly da Casa de Contener. Conhe\u00e7a uma constru\u00e7\u00e3o que une o design contempor\u00e2neo com pr\u00e1ticas sustent\u00e1veis, criando um ambiente \u00fanico.No mundo atual, onde a preocupa\u00e7\u00e3o com o meio ambiente e a sustentabilidade est\u00e3o em evid\u00eancia, a busca por alternativas ecologicamente corretas tamb\u00e9m chega ao setor de [&hellip;]<\/p>\n","protected":false},"author":102,"featured_media":81214,"comment_status":"closed","ping_status":"closed","sticky":false,"template":"","format":"standard","meta":{"footnotes":""},"categories":[1507,15,189],"tags":[7150,28633,30622,4790,30621,29769,26129,28331,3386,29481,5991,30625,28650,30624,30623],"class_list":["post-81209","post","type-post","status-publish","format-standard","has-post-thumbnail","category-arquitetura","category-projetos-de-arquitetura-como-fazer","category-sustentabilidade","tag-casa-de-conteiner","tag-consciencia-ecologica","tag-conservacao-da-agua","tag-construcao-sustentavel","tag-conteiner-reciclado","tag-design-eco-friendly","tag-durabilidade","tag-eficiencia-energetica","tag-jardins-verticais","tag-materiais-sustentaveis","tag-paineis-solares","tag-personalizacao-de-design","tag-qualidade-do-ar","tag-responsabilidade-social","tag-saude-ambiental"],"_wp_attached_file":null,"_wp_attachment_metadata":null,"_wp_attachment_context":null,"_wp_attachment_is_custom_header":null,"geo_longitude":null,"geo_public":null,"geo_latitude":null,"_publicize_done_external":null,"_wpas_done_3897181":null,"publicize_twitter_user":null,"_wpas_done_3897175":null,"_wpas_skip_3897181":null,"_wpas_skip_3897175":null,"_wpas_skip_3924723":null,"_wpas_mess":null,"_wpas_done_3924723":null,"wps_subtitle":"Descubra o estilo eco-friendly da Casa de Contener. Conhe\u00e7a uma constru\u00e7\u00e3o que une o design contempor\u00e2neo com pr\u00e1ticas sustent\u00e1veis, criando um ambiente \u00fanico.","_links":{"self":[{"href":"https:\/\/www.aarquiteta.com.br\/blog\/wp-json\/wp\/v2\/posts\/81209","targetHints":{"allow":["GET"]}}],"collection":[{"href":"https:\/\/www.aarquiteta.com.br\/blog\/wp-json\/wp\/v2\/posts"}],"about":[{"href":"https:\/\/www.aarquiteta.com.br\/blog\/wp-json\/wp\/v2\/types\/post"}],"author":[{"embeddable":true,"href":"https:\/\/www.aarquiteta.com.br\/blog\/wp-json\/wp\/v2\/users\/102"}],"replies":[{"embeddable":true,"href":"https:\/\/www.aarquiteta.com.br\/blog\/wp-json\/wp\/v2\/comments?post=81209"}],"version-history":[{"count":0,"href":"https:\/\/www.aarquiteta.com.br\/blog\/wp-json\/wp\/v2\/posts\/81209\/revisions"}],"wp:featuredmedia":[{"embeddable":true,"href":"https:\/\/www.aarquiteta.com.br\/blog\/wp-json\/wp\/v2\/media\/81214"}],"wp:attachment":[{"href":"https:\/\/www.aarquiteta.com.br\/blog\/wp-json\/wp\/v2\/media?parent=81209"}],"wp:term":[{"taxonomy":"category","embeddable":true,"href":"https:\/\/www.aarquiteta.com.br\/blog\/wp-json\/wp\/v2\/categories?post=81209"},{"taxonomy":"post_tag","embeddable":true,"href":"https:\/\/www.aarquiteta.com.br\/blog\/wp-json\/wp\/v2\/tags?post=81209"}],"curies":[{"name":"wp","href":"https:\/\/api.w.org\/{rel}","templated":true}]}}