{"id":81139,"date":"2023-06-04T14:00:52","date_gmt":"2023-06-04T17:00:52","guid":{"rendered":"http:\/\/aarquiteta.com.br\/?p=81139"},"modified":"2023-07-20T18:50:43","modified_gmt":"2023-07-20T21:50:43","slug":"decoracao-da-porta-de-entrada-transforme-sua-casa-com-estilo-e-elegancia","status":"publish","type":"post","link":"https:\/\/www.aarquiteta.com.br\/blog\/decoracao-da-porta-de-entrada-transforme-sua-casa-com-estilo-e-elegancia\/","title":{"rendered":"Decora\u00e7\u00e3o da Porta de Entrada: Transforme sua Casa com Estilo e Eleg\u00e2ncia."},"content":{"rendered":"<p>A porta de entrada \u00e9 o cart\u00e3o de visita de uma casa. \u00c9 o primeiro elemento que as pessoas constatam ao chegar e desempenha um papel crucial na impress\u00e3o que a resid\u00eancia transmite. Por isso, investir na decora\u00e7\u00e3o da porta de entrada \u00e9 uma forma eficaz de criar uma recep\u00e7\u00e3o acolhedora e atrativa.<\/p>\n<p>Neste artigo, exploraremos diferentes maneiras de decorar a porta de entrada, desde a escolha da cor at\u00e9 a adi\u00e7\u00e3o de acess\u00f3rios e enfeites personalizados. Descobriremos como transformar a entrada em um convite para adentrar a casa.<\/p>\n<h2><strong>Escolha da cor da porta<\/strong><\/h2>\n<figure id=\"attachment_81141\" aria-describedby=\"caption-attachment-81141\" style=\"width: 1456px\" class=\"wp-caption alignnone\"><img decoding=\"async\" class=\"size-full wp-image-81141\" src=\"https:\/\/www.aarquiteta.com.br\/blog\/wp-content\/uploads\/2023\/06\/decoracao-porta-de-entrada-1.png\" alt=\"decora\u00e7\u00e3o porta de entrada\" width=\"1456\" height=\"816\" title=\"\" srcset=\"https:\/\/www.aarquiteta.com.br\/blog\/wp-content\/uploads\/2023\/06\/decoracao-porta-de-entrada-1.png 1456w, https:\/\/www.aarquiteta.com.br\/blog\/wp-content\/uploads\/2023\/06\/decoracao-porta-de-entrada-1-1024x574.png 1024w, https:\/\/www.aarquiteta.com.br\/blog\/wp-content\/uploads\/2023\/06\/decoracao-porta-de-entrada-1-696x390.png 696w, https:\/\/www.aarquiteta.com.br\/blog\/wp-content\/uploads\/2023\/06\/decoracao-porta-de-entrada-1-150x84.png 150w\" sizes=\"(max-width: 1456px) 100vw, 1456px\" \/><figcaption id=\"caption-attachment-81141\" class=\"wp-caption-text\">decora\u00e7\u00e3o porta de entrada<\/figcaption><\/figure>\n<p>A cor da porta de entrada desempenha um papel fundamental na decora\u00e7\u00e3o. Ela pode transmitir diferentes sensa\u00e7\u00f5es e contribuir para a harmonia visual da fachada. Ao escolher a cor ideal, \u00e9 importante considerar o estilo arquitet\u00f4nico da casa, a paleta de cores predominante e o efeito desejado.<\/p>\n<p>Cores como branco, preto, vermelho e azul marinho s\u00e3o populares e conferem personalidade \u00e0 entrada. No entanto, tons mais suaves e neutros tamb\u00e9m podem ser escolhas elegantes. Para encontrar a cor perfeita, \u00e9 recomendado testar amostras no local e observar como elas se comportam em diferentes momentos do dia.<\/p>\n<h2><strong>Adi\u00e7\u00e3o de plantas e flores<\/strong><\/h2>\n<p>A presen\u00e7a de plantas e flores na decora\u00e7\u00e3o da porta de entrada traz vida e frescor ao ambiente. Al\u00e9m de embelezar o espa\u00e7o, as plantas conseguem transmitir sensa\u00e7\u00e3o de acolhimento e bem-estar.<\/p>\n<p>Esp\u00e9cies como jasmim, lavanda e alecrim s\u00e3o recomendadas devido ao seu aroma agrad\u00e1vel. Se houver espa\u00e7o dispon\u00edvel, uma excelente op\u00e7\u00e3o \u00e9 criar um jardim vertical na porta, utilizando suportes e vasos suspensos. Essa solu\u00e7\u00e3o criativa aproveita o espa\u00e7o vertical, adicionando um toque verde \u00e0 entrada.<\/p>\n<h2><strong>Ilumina\u00e7\u00e3o adequada<\/strong><\/h2>\n<p>A ilumina\u00e7\u00e3o desempenha um papel crucial na decora\u00e7\u00e3o da porta de entrada, tanto durante o dia quanto \u00e0 noite. Durante o dia, a ilumina\u00e7\u00e3o natural destaca as cores e os detalhes da porta. \u00c0 noite, \u00e9 importante investir em uma ilumina\u00e7\u00e3o adequada para criar um efeito de destaque.<\/p>\n<p>Lumin\u00e1rias embutidas, arandelas e spots direcion\u00e1veis s\u00e3o op\u00e7\u00f5es populares. A escolha da intensidade da luz tamb\u00e9m \u00e9 relevante, pois uma ilumina\u00e7\u00e3o muito forte pode causar desconforto visual.<\/p>\n<p>\u00c9 essencial encontrar o equil\u00edbrio certo para real\u00e7ar a beleza da porta e proporcionar uma atmosfera convidativa.<\/p>\n<h2><strong>Tapetes e capachos<\/strong><\/h2>\n<figure id=\"attachment_81142\" aria-describedby=\"caption-attachment-81142\" style=\"width: 1456px\" class=\"wp-caption alignnone\"><img decoding=\"async\" class=\"size-full wp-image-81142\" src=\"https:\/\/www.aarquiteta.com.br\/blog\/wp-content\/uploads\/2023\/06\/decoracao-porta-de-entrada.png\" alt=\"decora\u00e7\u00e3o porta de entrada\" width=\"1456\" height=\"816\" title=\"\" srcset=\"https:\/\/www.aarquiteta.com.br\/blog\/wp-content\/uploads\/2023\/06\/decoracao-porta-de-entrada.png 1456w, https:\/\/www.aarquiteta.com.br\/blog\/wp-content\/uploads\/2023\/06\/decoracao-porta-de-entrada-1024x574.png 1024w, https:\/\/www.aarquiteta.com.br\/blog\/wp-content\/uploads\/2023\/06\/decoracao-porta-de-entrada-696x390.png 696w, https:\/\/www.aarquiteta.com.br\/blog\/wp-content\/uploads\/2023\/06\/decoracao-porta-de-entrada-150x84.png 150w\" sizes=\"(max-width: 1456px) 100vw, 1456px\" \/><figcaption id=\"caption-attachment-81142\" class=\"wp-caption-text\">decora\u00e7\u00e3o porta de entrada<\/figcaption><\/figure>\n<p>Os tapetes e capachos s\u00e3o elementos funcionais que tamb\u00e9m desempenham um papel importante na decora\u00e7\u00e3o da porta de entrada. Al\u00e9m de proteger o piso interno da sujeira, eles podem ser utilizados como uma forma de express\u00e3o e personaliza\u00e7\u00e3o. Tapetes de fibras naturais, como sisal ou juta, conferem um visual r\u00fastico e acolhedor.<\/p>\n<p>Capachos criativos com estampas, frases ou formatos diferenciados s\u00e3o uma maneira divertida de recepcionar os visitantes. Vale lembrar que esses elementos devem ser resistentes \u00e0s condi\u00e7\u00f5es clim\u00e1ticas e f\u00e1ceis de limpar.<\/p>\n<h2><strong>Acess\u00f3rios e enfeites<\/strong><\/h2>\n<p>Os acess\u00f3rios e enfeites s\u00e3o elementos que adicionam charme e personalidade \u00e0 porta de entrada. Eles podem variar conforme o estilo de decora\u00e7\u00e3o desejado, indo desde uma coroa de flores at\u00e9 um espelho decorativo.<\/p>\n<p>\u00c9 importante ter cuidado para n\u00e3o sobrecarregar o visual e escolher acess\u00f3rios que harmonizem com a fachada e a porta. Porta-chaves, placas de boas-vindas e elementos artesanais tamb\u00e9m s\u00e3o op\u00e7\u00f5es interessantes para tornar a entrada \u00fanica e especial.<\/p>\n<h2><strong>Estilo e tem\u00e1tica<\/strong><\/h2>\n<figure id=\"attachment_81143\" aria-describedby=\"caption-attachment-81143\" style=\"width: 1456px\" class=\"wp-caption alignnone\"><img decoding=\"async\" class=\"wp-image-81143 size-full\" title=\"decora\u00e7\u00e3o porta de entrada\" src=\"https:\/\/www.aarquiteta.com.br\/blog\/wp-content\/uploads\/2023\/06\/decoracao-porta-de-entrada-3.png\" alt=\"decora\u00e7\u00e3o porta de entrada\" width=\"1456\" height=\"816\" srcset=\"https:\/\/www.aarquiteta.com.br\/blog\/wp-content\/uploads\/2023\/06\/decoracao-porta-de-entrada-3.png 1456w, https:\/\/www.aarquiteta.com.br\/blog\/wp-content\/uploads\/2023\/06\/decoracao-porta-de-entrada-3-1024x574.png 1024w, https:\/\/www.aarquiteta.com.br\/blog\/wp-content\/uploads\/2023\/06\/decoracao-porta-de-entrada-3-696x390.png 696w, https:\/\/www.aarquiteta.com.br\/blog\/wp-content\/uploads\/2023\/06\/decoracao-porta-de-entrada-3-150x84.png 150w\" sizes=\"(max-width: 1456px) 100vw, 1456px\" \/><figcaption id=\"caption-attachment-81143\" class=\"wp-caption-text\">decora\u00e7\u00e3o porta de entrada<\/figcaption><\/figure>\n<p>A escolha do estilo de decora\u00e7\u00e3o da porta de entrada pode refletir a personalidade dos moradores e criar uma atmosfera espec\u00edfica. Estilos como moderno, r\u00fastico, cl\u00e1ssico ou minimalista oferecem diferentes possibilidades de composi\u00e7\u00e3o.<\/p>\n<p>Al\u00e9m disso, \u00e9 poss\u00edvel explorar tem\u00e1ticas espec\u00edficas, como praia, campo, vintage ou contempor\u00e2nea. Independentemente do estilo escolhido, \u00e9 fundamental harmonizar a decora\u00e7\u00e3o da porta com o restante da fachada, garantindo uma composi\u00e7\u00e3o equilibrada e visualmente agrad\u00e1vel.<\/p>\n<h2><strong>Portas personalizadas<\/strong><\/h2>\n<p>A personaliza\u00e7\u00e3o da porta de entrada \u00e9 uma forma \u00fanica de transmitir a personalidade e o estilo da casa. Existem v\u00e1rias op\u00e7\u00f5es dispon\u00edveis, desde adesivos decorativos at\u00e9 pinturas especiais. Adesivos podem apresentar desenhos, padr\u00f5es geom\u00e9tricos ou frases inspiradoras.<\/p>\n<p>J\u00e1 a pintura especial permite explorar efeitos, como o degrad\u00ea ou a t\u00e9cnica do esponjado. Essas op\u00e7\u00f5es proporcionam uma forma criativa de destacar a entrada e torn\u00e1-la verdadeiramente especial.<\/p>\n<h2><strong>Manuten\u00e7\u00e3o e cuidados<\/strong><\/h2>\n<p>A decora\u00e7\u00e3o da porta de entrada requer cuidados b\u00e1sicos para manter sua beleza e funcionalidade ao longo do tempo. \u00c9 importante realizar limpezas regulares, utilizando produtos adequados para o material da porta.<\/p>\n<p>Al\u00e9m disso, \u00e9 necess\u00e1rio verificar se h\u00e1 necessidade de repintura ou renova\u00e7\u00e3o peri\u00f3dica. Caso a porta apresente danos, como rachaduras ou desgaste excessivo, \u00e9 recomendado procurar um profissional para avaliar a necessidade de reparo ou substitui\u00e7\u00e3o.<\/p>\n<h1><strong>Conclus\u00e3o<\/strong><\/h1>\n<figure id=\"attachment_81144\" aria-describedby=\"caption-attachment-81144\" style=\"width: 1456px\" class=\"wp-caption alignnone\"><img decoding=\"async\" class=\"wp-image-81144 size-full\" title=\"decora\u00e7\u00e3o porta de entrada\" src=\"https:\/\/www.aarquiteta.com.br\/blog\/wp-content\/uploads\/2023\/06\/decoracao-porta-de-entrada-4.png\" alt=\"decora\u00e7\u00e3o porta de entrada\" width=\"1456\" height=\"816\" srcset=\"https:\/\/www.aarquiteta.com.br\/blog\/wp-content\/uploads\/2023\/06\/decoracao-porta-de-entrada-4.png 1456w, https:\/\/www.aarquiteta.com.br\/blog\/wp-content\/uploads\/2023\/06\/decoracao-porta-de-entrada-4-1024x574.png 1024w, https:\/\/www.aarquiteta.com.br\/blog\/wp-content\/uploads\/2023\/06\/decoracao-porta-de-entrada-4-696x390.png 696w, https:\/\/www.aarquiteta.com.br\/blog\/wp-content\/uploads\/2023\/06\/decoracao-porta-de-entrada-4-150x84.png 150w\" sizes=\"(max-width: 1456px) 100vw, 1456px\" \/><figcaption id=\"caption-attachment-81144\" class=\"wp-caption-text\">decora\u00e7\u00e3o porta de entrada<\/figcaption><\/figure>\n<p>A decora\u00e7\u00e3o da porta de entrada desempenha um papel fundamental na cria\u00e7\u00e3o de uma recep\u00e7\u00e3o acolhedora e atraente.<\/p>\n<p>Ao considerar a cor da porta, adicionar plantas e flores, investir em ilumina\u00e7\u00e3o adequada, utilizar tapetes e capachos, escolher acess\u00f3rios e enfeites, explorar estilos e tem\u00e1ticas, personalizar a porta e realizar os cuidados necess\u00e1rios, \u00e9 poss\u00edvel transformar a entrada em um convite irresist\u00edvel para adentrar a casa.<\/p>\n<p>Aproveite essas dicas para criar uma decora\u00e7\u00e3o \u00fanica e encantadora que reflita sua personalidade e d\u00ea as boas-vindas a todos que visitam sua resid\u00eancia.<\/p>\n<h2><strong>FAQs<\/strong><\/h2>\n<ol>\n<li><strong>Como escolher a cor ideal para a porta de entrada?<\/strong> Ao escolher a cor da porta de entrada, leve em considera\u00e7\u00e3o o estilo arquitet\u00f4nico da casa, a paleta de cores predominante e o efeito desejado. Fa\u00e7a testes com amostras no local e observe como elas se comportam em diferentes momentos do dia.<\/li>\n<li><strong>Quais s\u00e3o as plantas recomendadas para decorar a entrada?<\/strong> Algumas plantas recomendadas para decorar a entrada s\u00e3o jasmim, lavanda, alecrim e suculentas. Essas esp\u00e9cies adicionam beleza e um aroma agrad\u00e1vel ao ambiente.<\/li>\n<li><strong>Posso usar tapetes em \u00e1reas externas?<\/strong> Sim, existem tapetes espec\u00edficos para \u00e1reas externas, feitos de materiais resistentes \u00e0s condi\u00e7\u00f5es clim\u00e1ticas. Opte por tapetes de fibras naturais, como sisal ou juta, que conferem um visual acolhedor.<\/li>\n<li><strong>Como evitar que os acess\u00f3rios sobrecarreguem a decora\u00e7\u00e3o?<\/strong> Para evitar que os acess\u00f3rios sobrecarreguem a decora\u00e7\u00e3o, escolha pe\u00e7as que harmonizem com a fachada e a porta. Opte por acess\u00f3rios que sejam proporcionais ao tamanho da porta e evite exageros.<\/li>\n<li><strong>O que fazer se a porta estiver danificada?<\/strong> Se a porta estiver danificada, como rachaduras ou desgaste excessivo, \u00e9 recomendado procurar um profissional para avaliar a necessidade de reparo ou substitui\u00e7\u00e3o. N\u00e3o deixe a porta danificada comprometer a est\u00e9tica e a seguran\u00e7a da entrada.<\/li>\n<\/ol>\n<p><strong>Espero que este artigo tenha ajudado voc\u00ea!<\/strong><\/p>\n<p>Ent\u00e3o deslize a tela para baixo e<a href=\"https:\/\/br.pinterest.com\/aarquitetapinterest\/_created\/\" target=\"_blank\" rel=\"noopener\">\u00a0confira mais dicas<\/a>\u00a0como esta e n\u00e3o se esque\u00e7a de compartilhar com os amigos!<\/p>\n<p>Quer mais dicas sobre o mundo da\u00a0<a href=\"https:\/\/www.aarquiteta.com.br\/blog\/o-que-e-arquitetura\/\">arquitetura<\/a>\u00a0e\u00a0<a href=\"https:\/\/www.aarquiteta.com.br\/blog\/decoracao\/\">Decora\u00e7\u00e3o<\/a>, ent\u00e3o confira alguns dos nossos artigos em:<\/p>\n<ul>\n<li><a href=\"https:\/\/www.aarquiteta.com.br\/blog\/paisagismo\/\" target=\"_blank\" rel=\"noopener\">Casa e Jardim<\/a><\/li>\n<li><a href=\"https:\/\/www.aarquiteta.com.br\/blog\/arquitetura\/mundo-arquitetura\/\" target=\"_blank\" rel=\"noopener\">Mundo Arquitetura<\/a><\/li>\n<li><a href=\"https:\/\/www.aarquiteta.com.br\/decoracao\/\" target=\"_blank\" rel=\"noopener\">Decora\u00e7\u00e3o\u00a0<\/a><\/li>\n<\/ul>\n","protected":false},"excerpt":{"rendered":"<p>A porta de entrada \u00e9 o cart\u00e3o de visita de uma casa. \u00c9 o primeiro elemento que as pessoas constatam ao chegar e desempenha um papel crucial na impress\u00e3o que a resid\u00eancia transmite. Por isso, investir na decora\u00e7\u00e3o da porta de entrada \u00e9 uma forma eficaz de criar uma recep\u00e7\u00e3o acolhedora e atrativa. Neste artigo, [&hellip;]<\/p>\n","protected":false},"author":102,"featured_media":81140,"comment_status":"closed","ping_status":"closed","sticky":false,"template":"","format":"standard","meta":{"footnotes":""},"categories":[20350,1484],"tags":[30586,3282,30588,9929,4731,336,30591,1119,30587,30589,30590,20401],"class_list":["post-81139","post","type-post","status-publish","format-standard","has-post-thumbnail","category-decoracao-de-hall","category-decoracao","tag-acolhimento","tag-ambiente","tag-aprenda","tag-chique","tag-criacao","tag-decoracao","tag-decoracao-de-porta","tag-dicas","tag-entrada","tag-imperdiveis","tag-logo","tag-porta-de-entrada"],"_wp_attached_file":null,"_wp_attachment_metadata":null,"_wp_attachment_context":null,"_wp_attachment_is_custom_header":null,"geo_longitude":null,"geo_public":null,"geo_latitude":null,"_publicize_done_external":null,"_wpas_done_3897181":null,"publicize_twitter_user":null,"_wpas_done_3897175":null,"_wpas_skip_3897181":null,"_wpas_skip_3897175":null,"_wpas_skip_3924723":null,"_wpas_mess":null,"_wpas_done_3924723":null,"wps_subtitle":"","_links":{"self":[{"href":"https:\/\/www.aarquiteta.com.br\/blog\/wp-json\/wp\/v2\/posts\/81139","targetHints":{"allow":["GET"]}}],"collection":[{"href":"https:\/\/www.aarquiteta.com.br\/blog\/wp-json\/wp\/v2\/posts"}],"about":[{"href":"https:\/\/www.aarquiteta.com.br\/blog\/wp-json\/wp\/v2\/types\/post"}],"author":[{"embeddable":true,"href":"https:\/\/www.aarquiteta.com.br\/blog\/wp-json\/wp\/v2\/users\/102"}],"replies":[{"embeddable":true,"href":"https:\/\/www.aarquiteta.com.br\/blog\/wp-json\/wp\/v2\/comments?post=81139"}],"version-history":[{"count":0,"href":"https:\/\/www.aarquiteta.com.br\/blog\/wp-json\/wp\/v2\/posts\/81139\/revisions"}],"wp:featuredmedia":[{"embeddable":true,"href":"https:\/\/www.aarquiteta.com.br\/blog\/wp-json\/wp\/v2\/media\/81140"}],"wp:attachment":[{"href":"https:\/\/www.aarquiteta.com.br\/blog\/wp-json\/wp\/v2\/media?parent=81139"}],"wp:term":[{"taxonomy":"category","embeddable":true,"href":"https:\/\/www.aarquiteta.com.br\/blog\/wp-json\/wp\/v2\/categories?post=81139"},{"taxonomy":"post_tag","embeddable":true,"href":"https:\/\/www.aarquiteta.com.br\/blog\/wp-json\/wp\/v2\/tags?post=81139"}],"curies":[{"name":"wp","href":"https:\/\/api.w.org\/{rel}","templated":true}]}}