{"id":81008,"date":"2023-06-02T12:00:38","date_gmt":"2023-06-02T15:00:38","guid":{"rendered":"http:\/\/aarquiteta.com.br\/?p=81008"},"modified":"2024-07-03T14:37:04","modified_gmt":"2024-07-03T17:37:04","slug":"moveis-planejados-para-cozinha-pequena","status":"publish","type":"post","link":"https:\/\/www.aarquiteta.com.br\/blog\/moveis-planejados-para-cozinha-pequena\/","title":{"rendered":"M\u00f3veis Planejados para Cozinha Pequena."},"content":{"rendered":"<p>Quando se trata de cozinhas pequenas, a otimiza\u00e7\u00e3o do espa\u00e7o \u00e9 fundamental. \u00c9 preciso encontrar solu\u00e7\u00f5es inteligentes para aproveitar cada cent\u00edmetro dispon\u00edvel, sem comprometer o estilo ou a funcionalidade.<\/p><p>\u00c9 a\u00ed que entram os m\u00f3veis planejados para cozinha pequena. Essa op\u00e7\u00e3o de design de interiores oferece a personaliza\u00e7\u00e3o necess\u00e1ria para transformar uma cozinha compacta em um espa\u00e7o pr\u00e1tico e aconchegante. Neste artigo, exploraremos as vantagens dos m\u00f3veis planejados para cozinha pequena, compartilharemos dicas de design e respondemos \u00e0s perguntas mais comuns sobre o assunto.<\/p><h2>M\u00f3veis Planejados Cozinha Pequena: Maximizando o Espa\u00e7o<\/h2><figure id=\"attachment_81014\" aria-describedby=\"caption-attachment-81014\" style=\"width: 1456px\" class=\"wp-caption alignnone\"><img decoding=\"async\" class=\"wp-image-81014 size-full\" title=\"Moveis planejados para uma cozinha pequena\" src=\"https:\/\/www.aarquiteta.com.br\/blog\/wp-content\/uploads\/2023\/06\/Moveis-planejados-para-uma-cozinha-pequena-3.png\" alt=\"Moveis planejados para uma cozinha pequena\" width=\"1456\" height=\"816\" srcset=\"https:\/\/www.aarquiteta.com.br\/blog\/wp-content\/uploads\/2023\/06\/Moveis-planejados-para-uma-cozinha-pequena-3.png 1456w, https:\/\/www.aarquiteta.com.br\/blog\/wp-content\/uploads\/2023\/06\/Moveis-planejados-para-uma-cozinha-pequena-3-1024x574.png 1024w, https:\/\/www.aarquiteta.com.br\/blog\/wp-content\/uploads\/2023\/06\/Moveis-planejados-para-uma-cozinha-pequena-3-696x390.png 696w, https:\/\/www.aarquiteta.com.br\/blog\/wp-content\/uploads\/2023\/06\/Moveis-planejados-para-uma-cozinha-pequena-3-150x84.png 150w\" sizes=\"(max-width: 1456px) 100vw, 1456px\" \/><figcaption id=\"caption-attachment-81014\" class=\"wp-caption-text\"><a href=\"https:\/\/www.aarquiteta.com.br\/blog\/design-de-interiores\/projetos-de-moveis-planejados\/\" class=\"ilj-generated-link\">Moveis planejados<\/a> para uma cozinha pequena<\/figcaption><\/figure><p>Ao lidar com cozinhas pequenas, a principal preocupa\u00e7\u00e3o \u00e9 encontrar maneiras de maximizar o espa\u00e7o dispon\u00edvel.<\/p><p>Os m\u00f3veis planejados oferecem uma solu\u00e7\u00e3o inteligente e personalizada para essa quest\u00e3o, permitindo que cada canto seja aproveitado de maneira eficiente.<\/p><p>Com designs sob medida, \u00e9 poss\u00edvel criar arm\u00e1rios, prateleiras e gavetas que se encaixam perfeitamente nos espa\u00e7os dispon\u00edveis, evitando desperd\u00edcio e proporcionando um visual limpo e organizado.<\/p><h2>Vantagens dos M\u00f3veis Planejados Cozinha Pequena<\/h2><figure id=\"attachment_81013\" aria-describedby=\"caption-attachment-81013\" style=\"width: 1456px\" class=\"wp-caption alignnone\"><img decoding=\"async\" class=\"size-full wp-image-81013\" src=\"https:\/\/www.aarquiteta.com.br\/blog\/wp-content\/uploads\/2023\/06\/Moveis-planejados-para-uma-cozinha-pequena-4.png\" alt=\"Moveis planejados para uma cozinha pequena\" width=\"1456\" height=\"816\" title=\"\" srcset=\"https:\/\/www.aarquiteta.com.br\/blog\/wp-content\/uploads\/2023\/06\/Moveis-planejados-para-uma-cozinha-pequena-4.png 1456w, https:\/\/www.aarquiteta.com.br\/blog\/wp-content\/uploads\/2023\/06\/Moveis-planejados-para-uma-cozinha-pequena-4-1024x574.png 1024w, https:\/\/www.aarquiteta.com.br\/blog\/wp-content\/uploads\/2023\/06\/Moveis-planejados-para-uma-cozinha-pequena-4-696x390.png 696w, https:\/\/www.aarquiteta.com.br\/blog\/wp-content\/uploads\/2023\/06\/Moveis-planejados-para-uma-cozinha-pequena-4-150x84.png 150w\" sizes=\"(max-width: 1456px) 100vw, 1456px\" \/><figcaption id=\"caption-attachment-81013\" class=\"wp-caption-text\">Moveis planejados para uma cozinha pequena<\/figcaption><\/figure><h3>1. Personaliza\u00e7\u00e3o Total<\/h3><p>Uma das maiores vantagens dos m\u00f3veis planejados para cozinha pequena \u00e9 a personaliza\u00e7\u00e3o total. Com essa op\u00e7\u00e3o, voc\u00ea tem o controle total sobre o design e o layout de sua cozinha.<\/p><p>Cada elemento, desde o tamanho dos arm\u00e1rios at\u00e9 a escolha dos materiais, pode ser adaptado \u00e0s suas necessidades espec\u00edficas. Isso significa que voc\u00ea pode criar uma cozinha que atenda perfeitamente \u00e0s suas prefer\u00eancias est\u00e9ticas e funcionais.<\/p><h3>2. Aproveitamento Inteligente do Espa\u00e7o<\/h3><p>Os m\u00f3veis planejados s\u00e3o projetados especificamente para otimizar o espa\u00e7o dispon\u00edvel em cozinhas pequenas. Os designers especializados nesse tipo de projeto t\u00eam conhecimento em t\u00e9cnicas de organiza\u00e7\u00e3o e aproveitamento inteligente do espa\u00e7o.<\/p><p>Eles podem criar solu\u00e7\u00f5es inovadoras, como arm\u00e1rios embutidos, prateleiras deslizantes e compartimentos ocultos, que permitem armazenar utens\u00edlios e ingredientes de forma eficiente, sem comprometer o espa\u00e7o de circula\u00e7\u00e3o.<\/p><h3>3. Funcionalidade Sob Medida<\/h3><p>Outra grande vantagem dos m\u00f3veis planejados \u00e9 a funcionalidade sob medida. Com esse tipo de projeto, \u00e9 poss\u00edvel adaptar os m\u00f3veis conforme as suas necessidades espec\u00edficas.<\/p><p>Por exemplo, se voc\u00ea adora cozinhar e precisa de mais espa\u00e7o para utens\u00edlios, pode incluir gavetas e prateleiras extras para acomod\u00e1-los. Se prefere uma \u00e1rea de refei\u00e7\u00f5es integrada, pode optar por uma bancada com banquetas embutidas.<\/p><p>A funcionalidade \u00e9 adaptada segundo as suas prefer\u00eancias e rotina.<\/p><h3>4. Estilo e Design Exclusivos<\/h3><p>Os m\u00f3veis planejados tamb\u00e9m oferecem a vantagem de um estilo exclusivo. Com a possibilidade de escolher materiais, cores e acabamentos, voc\u00ea pode criar uma cozinha que reflita o seu gosto pessoal e complemente o estilo de decora\u00e7\u00e3o do restante da casa.<\/p><p>Al\u00e9m disso, os m\u00f3veis planejados costumam ter um acabamento impec\u00e1vel, com detalhes personalizados que adicionam um toque de sofistica\u00e7\u00e3o ao ambiente.<\/p><h3>5. Durabilidade e Qualidade<\/h3><p>Quando se investe em m\u00f3veis planejados para cozinha pequena, pode-se esperar durabilidade e qualidade superiores. Esses m\u00f3veis s\u00e3o feitos sob medida por profissionais qualificados, utilizando materiais de alta qualidade.<\/p><p>Isso significa que eles s\u00e3o mais resistentes ao desgaste do uso di\u00e1rio, durando por muitos anos sem perder o aspecto de novo. Al\u00e9m disso, a garantia \u00e9 geralmente oferecida pelos fabricantes, proporcionando tranquilidade ao cliente.<\/p><h2>Dicas de Design para M\u00f3veis Planejados Cozinha Pequena<\/h2><figure id=\"attachment_81012\" aria-describedby=\"caption-attachment-81012\" style=\"width: 1456px\" class=\"wp-caption alignnone\"><img decoding=\"async\" class=\"wp-image-81012 size-full\" title=\"Moveis planejados para uma cozinha pequena\" src=\"https:\/\/www.aarquiteta.com.br\/blog\/wp-content\/uploads\/2023\/06\/Moveis-planejados-para-uma-cozinha-pequena-5.png\" alt=\"Moveis planejados para uma cozinha pequena\" width=\"1456\" height=\"816\" srcset=\"https:\/\/www.aarquiteta.com.br\/blog\/wp-content\/uploads\/2023\/06\/Moveis-planejados-para-uma-cozinha-pequena-5.png 1456w, https:\/\/www.aarquiteta.com.br\/blog\/wp-content\/uploads\/2023\/06\/Moveis-planejados-para-uma-cozinha-pequena-5-1024x574.png 1024w, https:\/\/www.aarquiteta.com.br\/blog\/wp-content\/uploads\/2023\/06\/Moveis-planejados-para-uma-cozinha-pequena-5-696x390.png 696w, https:\/\/www.aarquiteta.com.br\/blog\/wp-content\/uploads\/2023\/06\/Moveis-planejados-para-uma-cozinha-pequena-5-150x84.png 150w\" sizes=\"(max-width: 1456px) 100vw, 1456px\" \/><figcaption id=\"caption-attachment-81012\" class=\"wp-caption-text\">Moveis planejados para uma cozinha pequena<\/figcaption><\/figure><p>Aqui est\u00e3o algumas dicas de design para ajudar voc\u00ea a aproveitar ao m\u00e1ximo os m\u00f3veis planejados em sua cozinha pequena:<\/p><ol><li><strong>Escolha cores claras<\/strong>: Cores claras ajudam a criar uma sensa\u00e7\u00e3o de amplitude em espa\u00e7os pequenos. Opte por tons neutros, como branco, bege ou cinza claro, para as frentes dos arm\u00e1rios e superf\u00edcies de trabalho.<\/li><li><strong>Aproveite a verticalidade<\/strong>: Utilize ao m\u00e1ximo a altura dispon\u00edvel em sua cozinha. Instale arm\u00e1rios at\u00e9 o teto para ganhar espa\u00e7o extra de armazenamento e mantenha itens menos utilizados nas prateleiras mais altas.<\/li><li><strong>Ilumina\u00e7\u00e3o estrat\u00e9gica<\/strong>: Uma boa ilumina\u00e7\u00e3o pode fazer maravilhas em uma cozinha pequena. Use luzes embutidas no teto para uma ilumina\u00e7\u00e3o geral, e instale lumin\u00e1rias direcionais sobre as \u00e1reas de preparo e trabalho.<\/li><li><strong>Espelhos para ampliar<\/strong>: Colocar um espelho em uma parede estrat\u00e9gica pode criar a ilus\u00e3o de uma cozinha maior. Escolha um local onde o espelho reflita a luz natural para obter o melhor efeito.<\/li><li><strong>Escolha eletrodom\u00e9sticos compactos<\/strong>: Opte por eletrodom\u00e9sticos com dimens\u00f5es reduzidas, projetados especificamente para cozinhas pequenas. Eles ocupam menos espa\u00e7o, mas ainda oferecem a funcionalidade necess\u00e1ria.<\/li><li><strong>Organiza\u00e7\u00e3o inteligente<\/strong>: Utilize organizadores de gavetas e divis\u00f3rias internas nos arm\u00e1rios para manter a cozinha organizada e facilitar o acesso aos utens\u00edlios e ingredientes.<\/li><\/ol><h2>FAQs sobre M\u00f3veis Planejados Cozinha Pequena<\/h2><figure id=\"attachment_78018\" aria-describedby=\"caption-attachment-78018\" style=\"width: 1456px\" class=\"wp-caption alignnone\"><img decoding=\"async\" class=\"size-full wp-image-78018\" src=\"https:\/\/www.aarquiteta.com.br\/blog\/wp-content\/uploads\/2023\/04\/cozinha-pequena-com-moveis-planejados.jpg\" alt=\"projeto de cozinha pequena\" width=\"1456\" height=\"816\" title=\"\" srcset=\"https:\/\/www.aarquiteta.com.br\/blog\/wp-content\/uploads\/2023\/04\/cozinha-pequena-com-moveis-planejados.jpg 1456w, https:\/\/www.aarquiteta.com.br\/blog\/wp-content\/uploads\/2023\/04\/cozinha-pequena-com-moveis-planejados-1024x574.jpg 1024w, https:\/\/www.aarquiteta.com.br\/blog\/wp-content\/uploads\/2023\/04\/cozinha-pequena-com-moveis-planejados-696x390.jpg 696w, https:\/\/www.aarquiteta.com.br\/blog\/wp-content\/uploads\/2023\/04\/cozinha-pequena-com-moveis-planejados-150x84.jpg 150w\" sizes=\"(max-width: 1456px) 100vw, 1456px\" \/><figcaption id=\"caption-attachment-78018\" class=\"wp-caption-text\">projeto de cozinha pequena<\/figcaption><\/figure><h3>1. Quanto custam os m\u00f3veis planejados para cozinha pequena?<\/h3><p>O custo dos m\u00f3veis planejados pode variar dependendo do tamanho da cozinha, materiais escolhidos e complexidade do projeto. \u00c9 recomendado solicitar or\u00e7amentos a diferentes marcas e profissionais especializados para obter uma estimativa precisa.<\/p><h3>2. Quanto tempo leva para fabricar e instalar os m\u00f3veis planejados?<\/h3><p>O tempo necess\u00e1rio para a fabrica\u00e7\u00e3o e instala\u00e7\u00e3o dos m\u00f3veis planejados pode variar. Geralmente, leva-se de 30 a 60 dias ap\u00f3s a aprova\u00e7\u00e3o do projeto e a confirma\u00e7\u00e3o do pedido para os m\u00f3veis serem entregues e instalados.<\/p><h3>3. Posso fazer altera\u00e7\u00f5es no projeto ap\u00f3s a instala\u00e7\u00e3o?<\/h3><p>\u00c9 importante discutir qualquer altera\u00e7\u00e3o desejada antes da fabrica\u00e7\u00e3o e instala\u00e7\u00e3o dos m\u00f3veis. Ap\u00f3s a instala\u00e7\u00e3o, pode ser dif\u00edcil fazer modifica\u00e7\u00f5es significativas no projeto.<\/p><h3>4. Os m\u00f3veis planejados podem ser desmontados e reutilizados em outro local?<\/h3><p>Em muitos casos, os m\u00f3veis planejados s\u00e3o feitos sob medida para o espa\u00e7o em que ser\u00e3o instalados. Desmont\u00e1-los e reutiliz\u00e1-los em outro local pode ser complicado, pois eles podem n\u00e3o se encaixar perfeitamente em uma nova cozinha.<\/p><h3>5. Os m\u00f3veis planejados v\u00eam com garantia?<\/h3><p>Sim, a maioria dos fabricantes de m\u00f3veis planejados oferece garantia para seus produtos. Certifique-se de verificar os termos e condi\u00e7\u00f5es da garantia antes de fazer a compra.<\/p><h3>6. Posso contratar um designer de interiores para me ajudar com o projeto dos m\u00f3veis planejados?<\/h3><p>Sim, contratar um designer de interiores especializado em m\u00f3veis planejados pode ser uma \u00f3tima op\u00e7\u00e3o. Eles t\u00eam experi\u00eancia em projetar espa\u00e7os pequenos e podem ajudar a criar um layout eficiente e esteticamente agrad\u00e1vel.<\/p><h2>Conclus\u00e3o<\/h2><figure id=\"attachment_80604\" aria-describedby=\"caption-attachment-80604\" style=\"width: 1200px\" class=\"wp-caption alignnone\"><img decoding=\"async\" class=\"size-full wp-image-80604\" src=\"https:\/\/www.aarquiteta.com.br\/blog\/wp-content\/uploads\/2023\/05\/Cozinha-Pequena-com-Balcao-2.jpg\" alt=\"Balc\u00e3o de cozinha: escolha o modelo ideal para seu espa\u00e7o!\" width=\"1200\" height=\"800\" title=\"\" srcset=\"https:\/\/www.aarquiteta.com.br\/blog\/wp-content\/uploads\/2023\/05\/Cozinha-Pequena-com-Balcao-2.jpg 1200w, https:\/\/www.aarquiteta.com.br\/blog\/wp-content\/uploads\/2023\/05\/Cozinha-Pequena-com-Balcao-2-1024x683.jpg 1024w, https:\/\/www.aarquiteta.com.br\/blog\/wp-content\/uploads\/2023\/05\/Cozinha-Pequena-com-Balcao-2-696x464.jpg 696w, https:\/\/www.aarquiteta.com.br\/blog\/wp-content\/uploads\/2023\/05\/Cozinha-Pequena-com-Balcao-2-150x100.jpg 150w\" sizes=\"(max-width: 1200px) 100vw, 1200px\" \/><figcaption id=\"caption-attachment-80604\" class=\"wp-caption-text\">Foto: Canva.com<\/figcaption><\/figure><p>Os m\u00f3veis planejados para cozinha pequena s\u00e3o uma solu\u00e7\u00e3o inteligente para maximizar o espa\u00e7o dispon\u00edvel e criar uma cozinha pr\u00e1tica e personalizada.<\/p><p>Com suas vantagens de personaliza\u00e7\u00e3o total, aproveitamento inteligente do espa\u00e7o, funcionalidade sob medida, estilo exclusivo, durabilidade e qualidade, eles se tornam a escolha ideal para cozinhas com dimens\u00f5es reduzidas.<\/p><p>Ao seguir as dicas de design e considerar as necessidades individuais, \u00e9 poss\u00edvel transformar uma cozinha pequena em um ambiente funcional e esteticamente agrad\u00e1vel.<\/p><p>Invista em m\u00f3veis planejados e desfrute de uma cozinha que atenda perfeitamente \u00e0s suas necessidades e reflita seu estilo pessoal.<\/p><p><strong>Espero que este artigo tenha ajudado voc\u00ea!<\/strong><\/p><p>Ent\u00e3o deslize a tela para baixo e<a href=\"https:\/\/br.pinterest.com\/aarquitetapinterest\/_created\/\" target=\"_blank\" rel=\"noopener\">\u00a0confira mais dicas<\/a>\u00a0como esta e n\u00e3o se esque\u00e7a de compartilhar com os amigos!<\/p><p>Quer mais dicas sobre o mundo da\u00a0<a href=\"https:\/\/www.aarquiteta.com.br\/blog\/o-que-e-arquitetura\/\">arquitetura<\/a>\u00a0e\u00a0<a href=\"https:\/\/www.aarquiteta.com.br\/blog\/decoracao\/\">Decora\u00e7\u00e3o<\/a>, ent\u00e3o confira alguns dos nossos artigos em:<\/p><ul><li><a href=\"https:\/\/www.aarquiteta.com.br\/blog\/paisagismo\/\" target=\"_blank\" rel=\"noopener\">Casa e Jardim<\/a><\/li><li><a href=\"https:\/\/www.aarquiteta.com.br\/blog\/arquitetura\/mundo-arquitetura\/\" target=\"_blank\" rel=\"noopener\">Mundo Arquitetura<\/a><\/li><li><a href=\"https:\/\/www.aarquiteta.com.br\/decoracao\/\" target=\"_blank\" rel=\"noopener\">Decora\u00e7\u00e3o\u00a0<\/a><\/li><\/ul>","protected":false},"excerpt":{"rendered":"<p>Quando se trata de cozinhas pequenas, a otimiza\u00e7\u00e3o do espa\u00e7o \u00e9 fundamental. \u00c9 preciso encontrar solu\u00e7\u00f5es inteligentes para aproveitar cada cent\u00edmetro dispon\u00edvel, sem comprometer o estilo ou a funcionalidade.\u00c9 a\u00ed que entram os m\u00f3veis planejados para cozinha pequena. Essa op\u00e7\u00e3o de design de interiores oferece a personaliza\u00e7\u00e3o necess\u00e1ria para transformar uma cozinha compacta em um [&hellip;]<\/p>\n","protected":false},"author":102,"featured_media":81016,"comment_status":"closed","ping_status":"closed","sticky":false,"template":"","format":"standard","meta":{"footnotes":""},"categories":[18754,1484,20341,35386],"tags":[30576,30573,27345,30570,26672,10801,28891,8845,30572,30575,9933,30574,26702,27837,30571],"class_list":["post-81008","post","type-post","status-publish","format-standard","has-post-thumbnail","category-decoracao-de-cozinha","category-decoracao","category-moveis","category-moveis-planejados","tag-acabamentos-duraveis","tag-aproveitamento-de-cantos","tag-armarios-embutidos","tag-bancada-retratil","tag-cores-claras","tag-cozinha-pequena","tag-design-funcional","tag-estilo-moderno","tag-gavetas-organizadoras","tag-iluminacao-integrada","tag-moveis-planejados","tag-nichos-suspensos","tag-otimizacao-de-espaco","tag-portas-de-correr","tag-prateleiras-ajustaveis"],"_wp_attached_file":null,"_wp_attachment_metadata":null,"_wp_attachment_context":null,"_wp_attachment_is_custom_header":null,"geo_longitude":null,"geo_public":null,"geo_latitude":null,"_publicize_done_external":null,"_wpas_done_3897181":null,"publicize_twitter_user":null,"_wpas_done_3897175":null,"_wpas_skip_3897181":null,"_wpas_skip_3897175":null,"_wpas_skip_3924723":null,"_wpas_mess":null,"_wpas_done_3924723":null,"wps_subtitle":"","_links":{"self":[{"href":"https:\/\/www.aarquiteta.com.br\/blog\/wp-json\/wp\/v2\/posts\/81008","targetHints":{"allow":["GET"]}}],"collection":[{"href":"https:\/\/www.aarquiteta.com.br\/blog\/wp-json\/wp\/v2\/posts"}],"about":[{"href":"https:\/\/www.aarquiteta.com.br\/blog\/wp-json\/wp\/v2\/types\/post"}],"author":[{"embeddable":true,"href":"https:\/\/www.aarquiteta.com.br\/blog\/wp-json\/wp\/v2\/users\/102"}],"replies":[{"embeddable":true,"href":"https:\/\/www.aarquiteta.com.br\/blog\/wp-json\/wp\/v2\/comments?post=81008"}],"version-history":[{"count":0,"href":"https:\/\/www.aarquiteta.com.br\/blog\/wp-json\/wp\/v2\/posts\/81008\/revisions"}],"wp:featuredmedia":[{"embeddable":true,"href":"https:\/\/www.aarquiteta.com.br\/blog\/wp-json\/wp\/v2\/media\/81016"}],"wp:attachment":[{"href":"https:\/\/www.aarquiteta.com.br\/blog\/wp-json\/wp\/v2\/media?parent=81008"}],"wp:term":[{"taxonomy":"category","embeddable":true,"href":"https:\/\/www.aarquiteta.com.br\/blog\/wp-json\/wp\/v2\/categories?post=81008"},{"taxonomy":"post_tag","embeddable":true,"href":"https:\/\/www.aarquiteta.com.br\/blog\/wp-json\/wp\/v2\/tags?post=81008"}],"curies":[{"name":"wp","href":"https:\/\/api.w.org\/{rel}","templated":true}]}}