{"id":80965,"date":"2023-06-14T17:00:49","date_gmt":"2023-06-14T20:00:49","guid":{"rendered":"http:\/\/aarquiteta.com.br\/?p=80965"},"modified":"2024-07-03T14:39:37","modified_gmt":"2024-07-03T17:39:37","slug":"moveis-multifuncionais","status":"publish","type":"post","link":"https:\/\/www.aarquiteta.com.br\/blog\/moveis-multifuncionais\/","title":{"rendered":"M\u00f3veis multifuncionais &#8211; 6 ideias para ganhar espa\u00e7o em casa!"},"content":{"rendered":"<p>M\u00f3veis multifuncionais: 6 ideias de m\u00f3veis multifuncion\u00e1is que servem a mais de uma fun\u00e7\u00e3o, como sof\u00e1s-cama, mesas dobr\u00e1veis e camas com gavetas e outros mais!<\/p>\n<p>Atualmente, com espa\u00e7os cada vez menores, a busca por solu\u00e7\u00f5es pr\u00e1ticas e funcionais para o mobili\u00e1rio dom\u00e9stico tem se tornado uma prioridade. Os m\u00f3veis multifuncionais surgem como uma excelente alternativa para otimizar o espa\u00e7o dispon\u00edvel, permitindo que um \u00fanico item desempenhe diversas fun\u00e7\u00f5es.<\/p>\n<figure id=\"attachment_81036\" aria-describedby=\"caption-attachment-81036\" style=\"width: 1500px\" class=\"wp-caption alignnone\"><img decoding=\"async\" class=\"size-full wp-image-81036\" src=\"https:\/\/www.aarquiteta.com.br\/blog\/wp-content\/uploads\/2023\/06\/cama-com-gaveta-4.jpg\" alt=\"Camas com Gavetas - 7 Dicas para aumentar espa\u00e7o de armazenamento no quarto!\" width=\"1500\" height=\"1000\" title=\"\" srcset=\"https:\/\/www.aarquiteta.com.br\/blog\/wp-content\/uploads\/2023\/06\/cama-com-gaveta-4.jpg 1500w, https:\/\/www.aarquiteta.com.br\/blog\/wp-content\/uploads\/2023\/06\/cama-com-gaveta-4-1024x683.jpg 1024w, https:\/\/www.aarquiteta.com.br\/blog\/wp-content\/uploads\/2023\/06\/cama-com-gaveta-4-696x464.jpg 696w, https:\/\/www.aarquiteta.com.br\/blog\/wp-content\/uploads\/2023\/06\/cama-com-gaveta-4-150x100.jpg 150w\" sizes=\"(max-width: 1500px) 100vw, 1500px\" \/><figcaption id=\"caption-attachment-81036\" class=\"wp-caption-text\">Foto: Amazon.com<\/figcaption><\/figure>\n<p>Neste artigo, exploraremos algumas ideias de m\u00f3veis multifuncionais, como sof\u00e1s-cama, mesas dobr\u00e1veis e camas com gavetas, destacando seus benef\u00edcios, diferentes tipos, vantagens e cuidados na escolha. Vamos come\u00e7ar!<\/p>\n<h2>O que s\u00e3o m\u00f3veis multifuncionais?<\/h2>\n<p>Os m\u00f3veis multifuncionais s\u00e3o pe\u00e7as de mobili\u00e1rio projetadas para cumprir mais de uma fun\u00e7\u00e3o. Eles s\u00e3o desenvolvidos para maximizar o espa\u00e7o dispon\u00edvel em ambientes pequenos, oferecendo solu\u00e7\u00f5es pr\u00e1ticas e vers\u00e1teis para as necessidades do dia a dia.<\/p>\n<p>Esses m\u00f3veis combinam est\u00e9tica e funcionalidade, permitindo que um ambiente se adapte facilmente a diferentes atividades, sem comprometer o conforto e a organiza\u00e7\u00e3o.<\/p>\n<h3>Benef\u00edcios dos m\u00f3veis multifuncionais<\/h3>\n<ol>\n<li><strong>Otimiza\u00e7\u00e3o do espa\u00e7o:<\/strong> Os m\u00f3veis multifuncionais s\u00e3o especialmente \u00fateis em espa\u00e7os reduzidos, como apartamentos compactos, est\u00fadios e quartos de h\u00f3spedes. Eles permitem que voc\u00ea aproveite ao m\u00e1ximo cada metro quadrado, eliminando a necessidade de ter v\u00e1rios m\u00f3veis individuais ocupando espa\u00e7o.<\/li>\n<li><strong>Versatilidade:<\/strong> A principal vantagem dos m\u00f3veis multifuncionais \u00e9 a sua capacidade de se adaptar a diferentes situa\u00e7\u00f5es. Um sof\u00e1-cama, por exemplo, pode ser usado como um assento confort\u00e1vel durante o dia e se transformar em uma cama aconchegante \u00e0 noite. Essa versatilidade oferece maior flexibilidade no uso dos espa\u00e7os.<\/li>\n<li><strong>Funcionalidade pr\u00e1tica:<\/strong> Al\u00e9m de economizar espa\u00e7o, os m\u00f3veis multifuncionais tamb\u00e9m oferecem funcionalidades pr\u00e1ticas. Mesas dobr\u00e1veis podem ser recolhidas quando n\u00e3o est\u00e3o em uso, liberando espa\u00e7o para circula\u00e7\u00e3o. Camas com gavetas proporcionam um local de armazenamento adicional, facilitando a organiza\u00e7\u00e3o dos pertences.<\/li>\n<\/ol>\n<h2><strong>1 \u2014 Sof\u00e1s-cama multifuncionais:<\/strong><\/h2>\n<figure id=\"attachment_62182\" aria-describedby=\"caption-attachment-62182\" style=\"width: 1000px\" class=\"wp-caption alignnone\"><img decoding=\"async\" class=\"size-full wp-image-62182\" src=\"https:\/\/www.aarquiteta.com.br\/blog\/wp-content\/uploads\/2022\/02\/sofa-cama.jpg\" alt=\"M\u00f3veis multifuncionais - 6 ideias para ganhar espa\u00e7o em casa!\" width=\"1000\" height=\"791\" title=\"\" srcset=\"https:\/\/www.aarquiteta.com.br\/blog\/wp-content\/uploads\/2022\/02\/sofa-cama.jpg 1000w, https:\/\/www.aarquiteta.com.br\/blog\/wp-content\/uploads\/2022\/02\/sofa-cama-696x551.jpg 696w, https:\/\/www.aarquiteta.com.br\/blog\/wp-content\/uploads\/2022\/02\/sofa-cama-150x119.jpg 150w\" sizes=\"(max-width: 1000px) 100vw, 1000px\" \/><figcaption id=\"caption-attachment-62182\" class=\"wp-caption-text\">Foto: Amazon.com<\/figcaption><\/figure>\n<h3>Tipos de sof\u00e1s-cama multifuncionais<\/h3>\n<figure id=\"attachment_72584\" aria-describedby=\"caption-attachment-72584\" style=\"width: 1080px\" class=\"wp-caption alignnone\"><img decoding=\"async\" class=\"size-full wp-image-72584\" src=\"https:\/\/www.aarquiteta.com.br\/blog\/wp-content\/uploads\/2022\/12\/sofa-cama.jpg\" alt=\"M\u00f3veis multifuncionais - 6 ideias para ganhar espa\u00e7o em casa!\" width=\"1080\" height=\"1081\" title=\"\" srcset=\"https:\/\/www.aarquiteta.com.br\/blog\/wp-content\/uploads\/2022\/12\/sofa-cama.jpg 1080w, https:\/\/www.aarquiteta.com.br\/blog\/wp-content\/uploads\/2022\/12\/sofa-cama-1024x1025.jpg 1024w, https:\/\/www.aarquiteta.com.br\/blog\/wp-content\/uploads\/2022\/12\/sofa-cama-696x697.jpg 696w, https:\/\/www.aarquiteta.com.br\/blog\/wp-content\/uploads\/2022\/12\/sofa-cama-96x96.jpg 96w, https:\/\/www.aarquiteta.com.br\/blog\/wp-content\/uploads\/2022\/12\/sofa-cama-150x150.jpg 150w\" sizes=\"(max-width: 1080px) 100vw, 1080px\" \/><figcaption id=\"caption-attachment-72584\" class=\"wp-caption-text\">Foto: Amazon.com<\/figcaption><\/figure>\n<ol>\n<li><strong>Sof\u00e1-cama tradicional:<\/strong> Esses modelos s\u00e3o os mais comuns e apresentam um design que se transforma facilmente em uma cama quando necess\u00e1rio. Eles s\u00e3o ideais para quartos de h\u00f3spedes ou ambientes onde o espa\u00e7o precisa ser aproveitado ao m\u00e1ximo.<\/li>\n<li><strong>Sof\u00e1-cama retr\u00e1til:<\/strong> Os sof\u00e1s-cama retr\u00e1teis possuem um mecanismo que permite recolher a parte inferior do assento, transformando-o em uma cama de solteiro ou casal. Esse tipo de sof\u00e1-cama \u00e9 especialmente \u00fatil em espa\u00e7os pequenos por oferecer uma solu\u00e7\u00e3o compacta e funcional.<\/li>\n<\/ol>\n<h3>Vantagens dos sof\u00e1s-cama multifuncionais<\/h3>\n<figure id=\"attachment_61516\" aria-describedby=\"caption-attachment-61516\" style=\"width: 958px\" class=\"wp-caption alignnone\"><img decoding=\"async\" class=\"size-full wp-image-61516\" src=\"https:\/\/www.aarquiteta.com.br\/blog\/wp-content\/uploads\/2022\/06\/Sofa-cama-Cinza-Marrom-Moderno-Estofado-Premium.gif\" alt=\"Sof\u00e1-cama - Cinza Marrom Moderno Estofado Premium\" width=\"958\" height=\"540\" title=\"\" srcset=\"https:\/\/www.aarquiteta.com.br\/blog\/wp-content\/uploads\/2022\/06\/Sofa-cama-Cinza-Marrom-Moderno-Estofado-Premium.gif 958w, https:\/\/www.aarquiteta.com.br\/blog\/wp-content\/uploads\/2022\/06\/Sofa-cama-Cinza-Marrom-Moderno-Estofado-Premium-696x392.gif 696w, https:\/\/www.aarquiteta.com.br\/blog\/wp-content\/uploads\/2022\/06\/Sofa-cama-Cinza-Marrom-Moderno-Estofado-Premium-150x85.gif 150w\" sizes=\"(max-width: 958px) 100vw, 958px\" \/><figcaption id=\"caption-attachment-61516\" class=\"wp-caption-text\">Foto: Amazon.com<\/figcaption><\/figure>\n<ul>\n<li><strong>Economia de espa\u00e7o:<\/strong> Os sof\u00e1s-cama multifuncionais s\u00e3o a escolha perfeita para quem precisa de um sof\u00e1 confort\u00e1vel e uma cama extra sem ocupar muito espa\u00e7o. Eles s\u00e3o especialmente \u00fateis em apartamentos ou quartos pequenos.<\/li>\n<li><strong>Conforto:<\/strong> Os sof\u00e1s-cama modernos s\u00e3o projetados para oferecer um alto n\u00edvel de conforto tanto como sof\u00e1 quanto como cama. Muitos deles possuem colch\u00f5es de qualidade, garantindo uma boa noite de sono.<\/li>\n<\/ul>\n<h3>Cuidados na escolha de sof\u00e1s-cama multifuncionais<\/h3>\n<figure id=\"attachment_61523\" aria-describedby=\"caption-attachment-61523\" style=\"width: 568px\" class=\"wp-caption alignnone\"><img decoding=\"async\" class=\"size-full wp-image-61523\" src=\"https:\/\/www.aarquiteta.com.br\/blog\/wp-content\/uploads\/2022\/06\/Sofa-cama-com-Pernas-de-Aco-Inox-Sala-de-Estar-Verde.jpg\" alt=\"Sof\u00e1-cama com Pernas de A\u00e7o Inox Sala de Estar - Verde\" width=\"568\" height=\"378\" title=\"\" srcset=\"https:\/\/www.aarquiteta.com.br\/blog\/wp-content\/uploads\/2022\/06\/Sofa-cama-com-Pernas-de-Aco-Inox-Sala-de-Estar-Verde.jpg 568w, https:\/\/www.aarquiteta.com.br\/blog\/wp-content\/uploads\/2022\/06\/Sofa-cama-com-Pernas-de-Aco-Inox-Sala-de-Estar-Verde-150x100.jpg 150w\" sizes=\"(max-width: 568px) 100vw, 568px\" \/><figcaption id=\"caption-attachment-61523\" class=\"wp-caption-text\">Foto: Amazon.com<\/figcaption><\/figure>\n<ol>\n<li><strong>Tamanho adequado:<\/strong> Antes de comprar um sof\u00e1-cama, me\u00e7a o espa\u00e7o dispon\u00edvel para garantir que ele se encaixe perfeitamente na sala ou no quarto. Considere tamb\u00e9m o tamanho da cama quando aberta, para garantir que seja adequada \u00e0s suas necessidades.<\/li>\n<li><strong>Qualidade do colch\u00e3o:<\/strong> Verifique a qualidade do colch\u00e3o do sof\u00e1-cama. Opte por modelos que ofere\u00e7am conforto e suporte adequados, para garantir uma boa noite de sono.<\/li>\n<li><strong>Mecanismo de abertura:<\/strong> Teste o mecanismo de abertura e fechamento do sof\u00e1-cama antes da compra. Certifique-se de que ele seja f\u00e1cil de usar e resistente o suficiente para suportar o uso di\u00e1rio.<\/li>\n<\/ol>\n<h2><strong>2 \u2014 Mesas dobr\u00e1veis multifuncionais:<\/strong><\/h2>\n<figure id=\"attachment_81061\" aria-describedby=\"caption-attachment-81061\" style=\"width: 1200px\" class=\"wp-caption alignnone\"><img decoding=\"async\" class=\"size-full wp-image-81061\" src=\"https:\/\/www.aarquiteta.com.br\/blog\/wp-content\/uploads\/2023\/06\/mesa-de-jantar-retratil-1-1.jpg\" alt=\"Mesas de jantar retr\u00e1teis - Usou, dobrou, guardou!\" width=\"1200\" height=\"800\" title=\"\" srcset=\"https:\/\/www.aarquiteta.com.br\/blog\/wp-content\/uploads\/2023\/06\/mesa-de-jantar-retratil-1-1.jpg 1200w, https:\/\/www.aarquiteta.com.br\/blog\/wp-content\/uploads\/2023\/06\/mesa-de-jantar-retratil-1-1-1024x683.jpg 1024w, https:\/\/www.aarquiteta.com.br\/blog\/wp-content\/uploads\/2023\/06\/mesa-de-jantar-retratil-1-1-696x464.jpg 696w, https:\/\/www.aarquiteta.com.br\/blog\/wp-content\/uploads\/2023\/06\/mesa-de-jantar-retratil-1-1-150x100.jpg 150w\" sizes=\"(max-width: 1200px) 100vw, 1200px\" \/><figcaption id=\"caption-attachment-81061\" class=\"wp-caption-text\">Foto: Amazon.com<\/figcaption><\/figure>\n<h3>Tipos de mesas dobr\u00e1veis multifuncionais:<\/h3>\n<ol>\n<li><strong>Mesa dobr\u00e1vel de parede:<\/strong> Essas mesas s\u00e3o fixadas na parede e podem ser dobradas quando n\u00e3o est\u00e3o em uso. Elas s\u00e3o ideais para cozinhas pequenas, permitindo que voc\u00ea tenha uma \u00e1rea de refei\u00e7\u00f5es sem ocupar muito espa\u00e7o.<\/li>\n<li><strong>Mesa dobr\u00e1vel extens\u00edvel:<\/strong> As mesas dobr\u00e1veis extens\u00edveis possuem uma estrutura que permite aumentar o seu tamanho quando necess\u00e1rio. Elas s\u00e3o uma \u00f3tima op\u00e7\u00e3o para receber convidados em espa\u00e7os limitados.<\/li>\n<\/ol>\n<h3>Vantagens das mesas dobr\u00e1veis multifuncionais:<\/h3>\n<figure id=\"attachment_81056\" aria-describedby=\"caption-attachment-81056\" style=\"width: 1500px\" class=\"wp-caption alignnone\"><img decoding=\"async\" class=\"size-full wp-image-81056\" src=\"https:\/\/www.aarquiteta.com.br\/blog\/wp-content\/uploads\/2023\/06\/mesa-de-jantar-retratil-5.jpg\" alt=\"Mesas de jantar retr\u00e1teis - Usou, dobrou, guardou!\" width=\"1500\" height=\"1000\" title=\"\" srcset=\"https:\/\/www.aarquiteta.com.br\/blog\/wp-content\/uploads\/2023\/06\/mesa-de-jantar-retratil-5.jpg 1500w, https:\/\/www.aarquiteta.com.br\/blog\/wp-content\/uploads\/2023\/06\/mesa-de-jantar-retratil-5-1024x683.jpg 1024w, https:\/\/www.aarquiteta.com.br\/blog\/wp-content\/uploads\/2023\/06\/mesa-de-jantar-retratil-5-696x464.jpg 696w, https:\/\/www.aarquiteta.com.br\/blog\/wp-content\/uploads\/2023\/06\/mesa-de-jantar-retratil-5-150x100.jpg 150w\" sizes=\"(max-width: 1500px) 100vw, 1500px\" \/><figcaption id=\"caption-attachment-81056\" class=\"wp-caption-text\">Foto: Amazon.com<\/figcaption><\/figure>\n<ul>\n<li><strong>Economia de espa\u00e7o:<\/strong> As mesas dobr\u00e1veis ocupam pouco espa\u00e7o quando est\u00e3o fechadas, tornando-as ideais para ambientes compactos. Elas podem ser facilmente recolhidas quando n\u00e3o est\u00e3o em uso, liberando espa\u00e7o para circula\u00e7\u00e3o e outras atividades.<\/li>\n<li><strong>Versatilidade:<\/strong> Uma das grandes vantagens das mesas dobr\u00e1veis multifuncionais \u00e9 a sua versatilidade. Elas podem ser utilizadas de diferentes maneiras, seja como uma mesa de jantar para receber convidados, uma mesa de trabalho para o home office ou at\u00e9 mesmo como uma \u00e1rea de estudos. Essa flexibilidade permite adaptar o uso da mesa segundo as necessidades do momento.<\/li>\n<li><strong>Praticidade:<\/strong> Al\u00e9m de economizar espa\u00e7o, as mesas dobr\u00e1veis tamb\u00e9m s\u00e3o muito pr\u00e1ticas. Elas podem ser facilmente montadas e desmontadas, tornando-se uma solu\u00e7\u00e3o r\u00e1pida e conveniente. Al\u00e9m disso, muitos modelos possuem mecanismos de travamento que garantem estabilidade quando a mesa est\u00e1 em uso.<\/li>\n<li><strong>Estilo e design:<\/strong> As mesas dobr\u00e1veis multifuncionais est\u00e3o dispon\u00edveis em uma variedade de estilos e designs. \u00c9 poss\u00edvel encontrar op\u00e7\u00f5es que se encaixam perfeitamente na decora\u00e7\u00e3o do ambiente, desde modelos mais modernos e minimalistas at\u00e9 op\u00e7\u00f5es mais cl\u00e1ssicas e elegantes. Assim, \u00e9 poss\u00edvel conciliar funcionalidade e est\u00e9tica na escolha da mesa dobr\u00e1vel.<\/li>\n<li><strong>Facilidade de transporte:<\/strong> Outra vantagem das mesas dobr\u00e1veis \u00e9 a facilidade de transporte. Se voc\u00ea precisa mudar de resid\u00eancia ou transportar a mesa para outro ambiente, \u00e9 muito mais pr\u00e1tico desmont\u00e1-la e lev\u00e1-la com voc\u00ea. Isso torna as mesas dobr\u00e1veis uma op\u00e7\u00e3o conveniente para quem est\u00e1 sempre em movimento.<\/li>\n<\/ul>\n<h2><strong>3 <\/strong><strong>\u2014\u00a0<\/strong><strong>Camas com gavetas\u00a0<\/strong><strong>multifuncionais<\/strong><strong>:<\/strong><\/h2>\n<figure id=\"attachment_81035\" aria-describedby=\"caption-attachment-81035\" style=\"width: 1500px\" class=\"wp-caption alignnone\"><img decoding=\"async\" class=\"size-full wp-image-81035\" src=\"https:\/\/www.aarquiteta.com.br\/blog\/wp-content\/uploads\/2023\/06\/cama-com-gaveta-3.jpg\" alt=\"Camas com Gavetas - 7 Dicas para aumentar espa\u00e7o de armazenamento no quarto!\" width=\"1500\" height=\"1000\" title=\"\" srcset=\"https:\/\/www.aarquiteta.com.br\/blog\/wp-content\/uploads\/2023\/06\/cama-com-gaveta-3.jpg 1500w, https:\/\/www.aarquiteta.com.br\/blog\/wp-content\/uploads\/2023\/06\/cama-com-gaveta-3-1024x683.jpg 1024w, https:\/\/www.aarquiteta.com.br\/blog\/wp-content\/uploads\/2023\/06\/cama-com-gaveta-3-696x464.jpg 696w, https:\/\/www.aarquiteta.com.br\/blog\/wp-content\/uploads\/2023\/06\/cama-com-gaveta-3-150x100.jpg 150w\" sizes=\"(max-width: 1500px) 100vw, 1500px\" \/><figcaption id=\"caption-attachment-81035\" class=\"wp-caption-text\">Foto: Amazon.com<\/figcaption><\/figure>\n<p>As camas com gavetas trazem uma s\u00e9rie de vantagens para quem tem em vista maximizar o espa\u00e7o dispon\u00edvel em seu quarto.<\/p>\n<p>Al\u00e9m de proporcionarem um local conveniente para dormir, elas oferecem uma solu\u00e7\u00e3o pr\u00e1tica de armazenamento. Com essas gavetas, voc\u00ea pode manter seus pertences pr\u00f3ximos e facilmente acess\u00edveis, eliminando a necessidade de arm\u00e1rios ou c\u00f4modas extras. Conhe\u00e7amos os principais benef\u00edcios dessas camas:<\/p>\n<ul>\n<li><strong>Espa\u00e7o extra para armazenamento <\/strong>O principal destaque das camas com gavetas \u00e9 o espa\u00e7o adicional para armazenamento. As gavetas embutidas na base da cama fornecem uma \u00e1rea funcional para guardar roupas de cama, cobertores, travesseiros extras e at\u00e9 mesmo roupas sazonais.<\/li>\n<li><strong>Organiza\u00e7\u00e3o e praticidade <\/strong>Com as camas com gavetas, voc\u00ea pode manter o seu quarto organizado de forma mais eficiente. A capacidade de armazenamento adicional oferecida pelas gavetas permite que voc\u00ea mantenha seus objetos pessoais em ordem.<\/li>\n<li>Voc\u00ea pode separar roupas de cama, roupas extras ou objetos diversos em cada gaveta, facilitando a localiza\u00e7\u00e3o e a organiza\u00e7\u00e3o do que voc\u00ea precisa.<\/li>\n<li><strong>Versatilidade de uso <\/strong>As camas com gavetas s\u00e3o extremamente vers\u00e1teis em termos de uso. Elas podem ser aplicadas em diferentes ambientes, como quartos de adultos, quartos infantis ou quartos de h\u00f3spedes.<\/li>\n<\/ul>\n<p>Al\u00e9m disso, essas camas v\u00eam em uma variedade de tamanhos, desde camas de solteiro at\u00e9 camas king-size, o que permite adapt\u00e1-las \u00e0s necessidades espec\u00edficas de cada espa\u00e7o.<\/p>\n<p>Al\u00e9m das mesas e sof\u00e1s dobr\u00e1veis, existem outros m\u00f3veis dobr\u00e1veis com caracter\u00edsticas multifuncionais que podem ser uma \u00f3tima adi\u00e7\u00e3o a ambientes compactos. Aqui est\u00e3o mais tr\u00eas op\u00e7\u00f5es:<\/p>\n<h2><strong>Outros 3 tipos de m\u00f3veis dobr\u00e1veis multifuncionais:<\/strong><\/h2>\n<figure id=\"attachment_81064\" aria-describedby=\"caption-attachment-81064\" style=\"width: 1200px\" class=\"wp-caption alignnone\"><img decoding=\"async\" class=\"size-full wp-image-81064\" src=\"https:\/\/www.aarquiteta.com.br\/blog\/wp-content\/uploads\/2023\/06\/Escrivaninhas-retrateis-.jpg\" alt=\"Escrivaninhas retr\u00e1teis - Otimizando espa\u00e7o ao estudar ou trabalhar!\" width=\"1200\" height=\"800\" title=\"\" srcset=\"https:\/\/www.aarquiteta.com.br\/blog\/wp-content\/uploads\/2023\/06\/Escrivaninhas-retrateis-.jpg 1200w, https:\/\/www.aarquiteta.com.br\/blog\/wp-content\/uploads\/2023\/06\/Escrivaninhas-retrateis--1024x683.jpg 1024w, https:\/\/www.aarquiteta.com.br\/blog\/wp-content\/uploads\/2023\/06\/Escrivaninhas-retrateis--696x464.jpg 696w, https:\/\/www.aarquiteta.com.br\/blog\/wp-content\/uploads\/2023\/06\/Escrivaninhas-retrateis--150x100.jpg 150w\" sizes=\"(max-width: 1200px) 100vw, 1200px\" \/><figcaption id=\"caption-attachment-81064\" class=\"wp-caption-text\">Foto: Amazon.com<\/figcaption><\/figure>\n<p>Esses m\u00f3veis dobr\u00e1veis multifuncionais s\u00e3o projetados para maximizar o espa\u00e7o dispon\u00edvel, proporcionando funcionalidade adicional.<\/p>\n<p>Eles permitem que voc\u00ea tenha m\u00f3veis vers\u00e1teis que se adaptam \u00e0s suas necessidades di\u00e1rias, ao mesmo tempo em que facilitam a organiza\u00e7\u00e3o e a otimiza\u00e7\u00e3o do ambiente.<\/p>\n<ol>\n<li><strong>Cadeiras dobr\u00e1veis com prateleiras:<\/strong> Essas cadeiras possuem uma prateleira acoplada na parte traseira, permitindo o armazenamento de livros, revistas ou outros objetos pequenos. Quando n\u00e3o est\u00e3o em uso, as cadeiras podem ser facilmente dobradas e recolhidas, economizando espa\u00e7o.<\/li>\n<li><strong>Bancos dobr\u00e1veis com caixas de armazenamento:<\/strong> Esses bancos dobr\u00e1veis possuem uma ou mais caixas de armazenamento integradas em sua estrutura. S\u00e3o ideais para otimizar espa\u00e7os pequenos, pois oferecem um assento extra, al\u00e9m de um local conveniente para guardar itens como sapatos, brinquedos ou acess\u00f3rios.<\/li>\n<li><strong>Escrivaninha dobr\u00e1vel:<\/strong> Uma escrivaninha dobr\u00e1vel \u00e9 uma solu\u00e7\u00e3o pr\u00e1tica para criar um espa\u00e7o de trabalho em ambientes compactos. Ela pode ser fixada na parede e dobrada quando n\u00e3o estiver em uso, liberando espa\u00e7o para outras atividades. Quando aberta, oferece um amplo espa\u00e7o de trabalho para realizar tarefas ou estudar.<\/li>\n<\/ol>\n[amazon table=&#8221;82974&#8243;]\n<p>Os m\u00f3veis multifuncionais s\u00e3o uma escolha inteligente para quem visa otimizar o espa\u00e7o em ambientes pequenos. Com sua versatilidade e funcionalidade, eles proporcionam solu\u00e7\u00f5es pr\u00e1ticas e eficientes para as necessidades do dia a dia.<\/p>\n<p>Seja um sof\u00e1-cama que se transforma em uma cama confort\u00e1vel durante a noite, uma mesa dobr\u00e1vel que se recolhe quando n\u00e3o est\u00e1 em uso ou uma cama com gavetas que oferece espa\u00e7o extra de armazenamento, esses m\u00f3veis s\u00e3o projetados para se adaptarem \u00e0s diferentes atividades e necessidades de um ambiente.<\/p>\n<figure id=\"attachment_81065\" aria-describedby=\"caption-attachment-81065\" style=\"width: 1200px\" class=\"wp-caption alignnone\"><img decoding=\"async\" class=\"size-full wp-image-81065\" src=\"https:\/\/www.aarquiteta.com.br\/blog\/wp-content\/uploads\/2023\/06\/Escrivaninhas-retrateis-2.jpg\" alt=\"Escrivaninhas retr\u00e1teis - Otimizando espa\u00e7o ao estudar ou trabalhar!\" width=\"1200\" height=\"800\" title=\"\" srcset=\"https:\/\/www.aarquiteta.com.br\/blog\/wp-content\/uploads\/2023\/06\/Escrivaninhas-retrateis-2.jpg 1200w, https:\/\/www.aarquiteta.com.br\/blog\/wp-content\/uploads\/2023\/06\/Escrivaninhas-retrateis-2-1024x683.jpg 1024w, https:\/\/www.aarquiteta.com.br\/blog\/wp-content\/uploads\/2023\/06\/Escrivaninhas-retrateis-2-696x464.jpg 696w, https:\/\/www.aarquiteta.com.br\/blog\/wp-content\/uploads\/2023\/06\/Escrivaninhas-retrateis-2-150x100.jpg 150w\" sizes=\"(max-width: 1200px) 100vw, 1200px\" \/><figcaption id=\"caption-attachment-81065\" class=\"wp-caption-text\">Foto: Amazon.com<\/figcaption><\/figure>\n<p>Ao escolher m\u00f3veis multifuncionais, \u00e9 importante considerar o espa\u00e7o dispon\u00edvel, a qualidade do material, a estabilidade e a capacidade de carga. Testar o mecanismo de abertura e fechamento tamb\u00e9m \u00e9 essencial para garantir a praticidade no uso di\u00e1rio.<\/p>\n<p>Para aqueles em busca de inspira\u00e7\u00e3o, existem diversos exemplos criativos de m\u00f3veis multifuncionais dispon\u00edveis. Projetos de design de interiores podem servir como refer\u00eancia para encontrar solu\u00e7\u00f5es personalizadas que se ad\u00e9quem ao estilo e \u00e0s necessidades individuais.<\/p>\n<p>Em resumo, os m\u00f3veis multifuncionais s\u00e3o uma resposta inteligente e pr\u00e1tica para otimizar espa\u00e7os pequenos. Combinando funcionalidade, versatilidade e design, eles tornam a vida mais conveniente e confort\u00e1vel, permitindo que um \u00fanico m\u00f3vel desempenhe diversas fun\u00e7\u00f5es.<\/p>\n<p>Confira a nossa sele\u00e7\u00e3o de <a href=\"https:\/\/amzn.to\/42gnRyz\" target=\"_blank\" rel=\"noopener\"><b>M\u00f3veis Multifuncionais <\/b><\/a>que separamos para voc\u00ea, com certeza uma delas combinar\u00e1 perfeitamente com sua casa!<\/p>\n<p><iframe style=\"width: 120px; height: 240px;\" src=\"\/\/ws-na.amazon-adsystem.com\/widgets\/q?ServiceVersion=20070822&amp;OneJS=1&amp;Operation=GetAdHtml&amp;MarketPlace=BR&amp;source=ss&amp;ref=as_ss_li_til&amp;ad_type=product_link&amp;tracking_id=aarquiteta-20&amp;language=pt_BR&amp;marketplace=amazon&amp;region=BR&amp;placement=B0B5VYS2X8&amp;asins=B0B5VYS2X8&amp;linkId=4079ccdfb47d0e6c6e80d8fd2e5c3538&amp;show_border=true&amp;link_opens_in_new_window=true\" frameborder=\"0\" marginwidth=\"0\" marginheight=\"0\" scrolling=\"no\" sandbox=\"allow-popups allow-scripts allow-modals allow-forms allow-same-origin\"><\/iframe><\/p>\n<h2>Perguntas Frequentes sobre M\u00f3veis Multifuncionais:<\/h2>\n<figure id=\"attachment_81054\" aria-describedby=\"caption-attachment-81054\" style=\"width: 1500px\" class=\"wp-caption alignnone\"><img decoding=\"async\" class=\"size-full wp-image-81054\" src=\"https:\/\/www.aarquiteta.com.br\/blog\/wp-content\/uploads\/2023\/06\/mesa-de-jantar-retratil-6.jpg\" alt=\"Mesas de jantar retr\u00e1teis - Usou, dobrou, guardou!\" width=\"1500\" height=\"1500\" title=\"\" srcset=\"https:\/\/www.aarquiteta.com.br\/blog\/wp-content\/uploads\/2023\/06\/mesa-de-jantar-retratil-6.jpg 1500w, https:\/\/www.aarquiteta.com.br\/blog\/wp-content\/uploads\/2023\/06\/mesa-de-jantar-retratil-6-1024x1024.jpg 1024w, https:\/\/www.aarquiteta.com.br\/blog\/wp-content\/uploads\/2023\/06\/mesa-de-jantar-retratil-6-696x696.jpg 696w, https:\/\/www.aarquiteta.com.br\/blog\/wp-content\/uploads\/2023\/06\/mesa-de-jantar-retratil-6-96x96.jpg 96w, https:\/\/www.aarquiteta.com.br\/blog\/wp-content\/uploads\/2023\/06\/mesa-de-jantar-retratil-6-150x150.jpg 150w\" sizes=\"(max-width: 1500px) 100vw, 1500px\" \/><figcaption id=\"caption-attachment-81054\" class=\"wp-caption-text\">Foto: Amazon.com<\/figcaption><\/figure>\n<h3><strong>Como escolher o melhor m\u00f3vel multifuncional?<\/strong><\/h3>\n<p>Ao escolher um m\u00f3vel multifuncional, considere o espa\u00e7o dispon\u00edvel, a funcionalidade desejada e a qualidade do material. Me\u00e7a o ambiente para garantir que o m\u00f3vel se encaixe perfeitamente e verifique se o mecanismo de transforma\u00e7\u00e3o \u00e9 f\u00e1cil de usar.<\/p>\n<h3><strong>Os m\u00f3veis multifuncionais s\u00e3o dur\u00e1veis?<\/strong><\/h3>\n<p>Sim, os m\u00f3veis multifuncionais podem ser dur\u00e1veis, quando forem feitos com materiais de qualidade e tenham uma constru\u00e7\u00e3o s\u00f3lida. Ao comprar, verifique as avalia\u00e7\u00f5es do produto e a reputa\u00e7\u00e3o do fabricante.<\/p>\n<h3><strong>\u00c9 poss\u00edvel encontrar m\u00f3veis multifuncionais personalizados?<\/strong><\/h3>\n<p>Sim, muitas empresas oferecem op\u00e7\u00f5es de personaliza\u00e7\u00e3o para m\u00f3veis multifuncionais. Voc\u00ea pode escolher o tamanho, a cor, os acabamentos e at\u00e9 mesmo adicionar recursos extras de acordo com suas prefer\u00eancias e necessidades.<\/p>\n<h3><strong>Os m\u00f3veis multifuncionais s\u00e3o mais caros?<\/strong><\/h3>\n<p>Os pre\u00e7os dos m\u00f3veis multifuncionais podem variar dependendo da marca, do design e da qualidade dos materiais. Embora possam ser um pouco mais caros do que m\u00f3veis convencionais, eles oferecem economia de espa\u00e7o e funcionalidade extra, o que pode compensar o investimento a longo prazo.<\/p>\n<h3><strong>Posso encontrar m\u00f3veis multifuncionais adequados para diferentes estilos de decora\u00e7\u00e3o?<\/strong><\/h3>\n<p>Sim, h\u00e1 uma variedade de m\u00f3veis multifuncionais dispon\u00edveis no mercado, adequados para diferentes estilos de decora\u00e7\u00e3o. Desde op\u00e7\u00f5es modernas e minimalistas at\u00e9 designs mais cl\u00e1ssicos e r\u00fasticos, voc\u00ea pode encontrar m\u00f3veis multifuncionais que se encaixem perfeitamente no seu estilo de decora\u00e7\u00e3o preferido.<\/p>\n<p>E a\u00ed, gostou das dicas do artigo? Ent\u00e3o deslize a tela para baixo e confira <strong><a href=\"https:\/\/www.aarquiteta.com.br\">mais dicas<\/a><\/strong>, al\u00e9m dos nossos <strong><a href=\"http:\/\/www.aarquiteta.com.br\">Cursos e Treinamentos<\/a><\/strong>\u00a0e n\u00e3o se esque\u00e7a de compartilhar com os amigos!<\/p>\n<p>Quer receber conte\u00fados exclusivos sobre <strong>casa, jardim, decora\u00e7\u00e3o, arquitetura, educa\u00e7\u00e3o financeira e muito mais<\/strong>? Ent\u00e3o, inscreva-se agora mesmo no nosso <strong><a href=\"https:\/\/t.me\/aarquitetablog\" target=\"_blank\" rel=\"noopener\">Canal do Telegram<\/a>!<\/strong> \ud83e\udd29\ud83d\udc68\u200d\ud83d\udc69\u200d\ud83d\udc67\u200d\ud83d\udc66<\/p>\n<p>Aqui, voc\u00ea ter\u00e1 acesso a artigos, dicas e inspira\u00e7\u00f5es para <strong>transformar sua casa em um lar dos sonhos<\/strong>, cuidar do seu jardim com carinho, aprender sobre finan\u00e7as pessoais e muito mais. \ud83d\udcda\ud83d\udcb0<\/p>\n<p>N\u00e3o perca mais tempo e junte-se a n\u00f3s para receber conte\u00fados exclusivos e se manter sempre atualizado! \ud83d\udce2\ud83c\udfe0\ud83c\udf3f\ud83c\udfe6. Ingresse <strong><a href=\"https:\/\/t.me\/aarquitetablog\" target=\"_blank\" rel=\"noopener\">aqui<\/a> <\/strong>no Canal da <strong>Arquiteta Blog por Luciana Paix\u00e3o!<\/strong> \ud83d\udc95<\/p>\n","protected":false},"excerpt":{"rendered":"<p>M\u00f3veis multifuncionais: 6 ideias de m\u00f3veis multifuncion\u00e1is que servem a mais de uma fun\u00e7\u00e3o, como sof\u00e1s-cama, mesas dobr\u00e1veis e camas com gavetas e outros mais! Atualmente, com espa\u00e7os cada vez menores, a busca por solu\u00e7\u00f5es pr\u00e1ticas e funcionais para o mobili\u00e1rio dom\u00e9stico tem se tornado uma prioridade. Os m\u00f3veis multifuncionais surgem como uma excelente alternativa [&hellip;]<\/p>\n","protected":false},"author":102,"featured_media":81063,"comment_status":"closed","ping_status":"closed","sticky":false,"template":"","format":"standard","meta":{"footnotes":""},"categories":[20341,35387,18766],"tags":[30443,2288,30546,26843,30548,30542,30544,3197,29063,8431,30479,30547,30475,26702,30543,30545],"class_list":["post-80965","post","type-post","status-publish","format-standard","has-post-thumbnail","category-moveis","category-moveis-multifuncionais","category-produtos","tag-camas-com-gavetas","tag-decoracao-funcional","tag-design-multifuncional","tag-economia-de-espaco","tag-funcionalidade-e-estilo","tag-ideias-de-moveis","tag-mesas-dobraveis","tag-moveis-dobraveis","tag-moveis-inteligentes","tag-moveis-multifuncionais","tag-moveis-para-espacos-pequenos","tag-moveis-praticos","tag-moveis-versateis","tag-otimizacao-de-espaco","tag-sofas-cama","tag-solucoes-para-ambientes-compactos"],"_wp_attached_file":null,"_wp_attachment_metadata":null,"_wp_attachment_context":null,"_wp_attachment_is_custom_header":null,"geo_longitude":null,"geo_public":null,"geo_latitude":null,"_publicize_done_external":null,"_wpas_done_3897181":null,"publicize_twitter_user":null,"_wpas_done_3897175":null,"_wpas_skip_3897181":null,"_wpas_skip_3897175":null,"_wpas_skip_3924723":null,"_wpas_mess":null,"_wpas_done_3924723":null,"wps_subtitle":"6 ideias de m\u00f3veis multifuncion\u00e1is que servem a mais de uma fun\u00e7\u00e3o, como sof\u00e1s-cama, mesas dobr\u00e1veis e camas com gavetas e outros mais! Confira!","_links":{"self":[{"href":"https:\/\/www.aarquiteta.com.br\/blog\/wp-json\/wp\/v2\/posts\/80965","targetHints":{"allow":["GET"]}}],"collection":[{"href":"https:\/\/www.aarquiteta.com.br\/blog\/wp-json\/wp\/v2\/posts"}],"about":[{"href":"https:\/\/www.aarquiteta.com.br\/blog\/wp-json\/wp\/v2\/types\/post"}],"author":[{"embeddable":true,"href":"https:\/\/www.aarquiteta.com.br\/blog\/wp-json\/wp\/v2\/users\/102"}],"replies":[{"embeddable":true,"href":"https:\/\/www.aarquiteta.com.br\/blog\/wp-json\/wp\/v2\/comments?post=80965"}],"version-history":[{"count":0,"href":"https:\/\/www.aarquiteta.com.br\/blog\/wp-json\/wp\/v2\/posts\/80965\/revisions"}],"wp:featuredmedia":[{"embeddable":true,"href":"https:\/\/www.aarquiteta.com.br\/blog\/wp-json\/wp\/v2\/media\/81063"}],"wp:attachment":[{"href":"https:\/\/www.aarquiteta.com.br\/blog\/wp-json\/wp\/v2\/media?parent=80965"}],"wp:term":[{"taxonomy":"category","embeddable":true,"href":"https:\/\/www.aarquiteta.com.br\/blog\/wp-json\/wp\/v2\/categories?post=80965"},{"taxonomy":"post_tag","embeddable":true,"href":"https:\/\/www.aarquiteta.com.br\/blog\/wp-json\/wp\/v2\/tags?post=80965"}],"curies":[{"name":"wp","href":"https:\/\/api.w.org\/{rel}","templated":true}]}}