{"id":80936,"date":"2023-06-13T17:00:26","date_gmt":"2023-06-13T20:00:26","guid":{"rendered":"http:\/\/aarquiteta.com.br\/?p=80936"},"modified":"2024-09-15T09:22:45","modified_gmt":"2024-09-15T12:22:45","slug":"cadeiras-dobraveis","status":"publish","type":"post","link":"https:\/\/www.aarquiteta.com.br\/blog\/cadeiras-dobraveis\/","title":{"rendered":"Cadeiras Dobr\u00e1veis &#8211; O m\u00f3vel que voc\u00ea subestima em casa!"},"content":{"rendered":"<p>Cadeiras Dobr\u00e1veis &#8211; O m\u00f3vel que voc\u00ea subestima em <a href=\"https:\/\/www.aarquiteta.com.br\/blog\/casa-e-jardim\/\" class=\"ilj-generated-link\">casa<\/a>! Confira como as cadeiras dobr\u00e1veis podem ser facilmente utilizadas na decora\u00e7\u00e3o da sua.<\/p><p>As cadeiras dobr\u00e1veis s\u00e3o solu\u00e7\u00f5es pr\u00e1ticas e vers\u00e1teis para quem tem em vista otimizar espa\u00e7o e facilitar o armazenamento. Com a capacidade de serem dobradas e guardadas quando n\u00e3o est\u00e3o em uso, essas cadeiras s\u00e3o ideais para <a href=\"https:\/\/www.aarquiteta.com.br\/blog\/decoracao\/ambientes-na-decoracao\/\" class=\"ilj-generated-link\">ambientes<\/a> com espa\u00e7o limitado, eventos tempor\u00e1rios ou para aqueles que precisam de assentos extras apenas em ocasi\u00f5es espec\u00edficas.<\/p><figure id=\"attachment_81097\" aria-describedby=\"caption-attachment-81097\" style=\"width: 1500px\" class=\"wp-caption alignnone\"><img decoding=\"async\" class=\"wp-image-81097 size-full\" title=\"Cadeiras Dobr\u00e1veis - O m\u00f3vel que voc\u00ea subestima em casa!\" src=\"https:\/\/www.aarquiteta.com.br\/blog\/wp-content\/uploads\/2023\/06\/cadeiras-dobraveis-6.jpg\" alt=\"Cadeiras Dobr\u00e1veis - O m\u00f3vel que voc\u00ea subestima em casa!\" width=\"1500\" height=\"1000\" srcset=\"https:\/\/www.aarquiteta.com.br\/blog\/wp-content\/uploads\/2023\/06\/cadeiras-dobraveis-6.jpg 1500w, https:\/\/www.aarquiteta.com.br\/blog\/wp-content\/uploads\/2023\/06\/cadeiras-dobraveis-6-1024x683.jpg 1024w, https:\/\/www.aarquiteta.com.br\/blog\/wp-content\/uploads\/2023\/06\/cadeiras-dobraveis-6-696x464.jpg 696w, https:\/\/www.aarquiteta.com.br\/blog\/wp-content\/uploads\/2023\/06\/cadeiras-dobraveis-6-150x100.jpg 150w\" sizes=\"(max-width: 1500px) 100vw, 1500px\" \/><figcaption id=\"caption-attachment-81097\" class=\"wp-caption-text\">Foto: Amazon.com<\/figcaption><\/figure><p>Neste artigo, exploraremos as vantagens das <a href=\"https:\/\/www.aarquiteta.com.br\/blog\/home-decor\/moveis\/mesas-e-cadeiras\/\" class=\"ilj-generated-link\">cadeiras<\/a> dobr\u00e1veis, suas diversas aplica\u00e7\u00f5es e como escolher a op\u00e7\u00e3o certa para suas necessidades.<\/p><h2>1. Introdu\u00e7\u00e3o \u00e0s cadeiras dobr\u00e1veis<\/h2><h3>1.1 O que s\u00e3o cadeiras dobr\u00e1veis?<\/h3><p>As cadeiras dobr\u00e1veis s\u00e3o cadeiras projetadas com mecanismos que permitem que sejam dobradas em uma forma compacta para facilitar seu armazenamento quando n\u00e3o est\u00e3o em uso. Esses mecanismos de dobragem podem variar conforme o modelo e o design da cadeira.<\/p><h2>2. Vantagens das cadeiras dobr\u00e1veis<\/h2><figure id=\"attachment_81103\" aria-describedby=\"caption-attachment-81103\" style=\"width: 1200px\" class=\"wp-caption alignnone\"><img decoding=\"async\" class=\"wp-image-81103 size-full\" title=\"Cadeiras Dobr\u00e1veis - O m\u00f3vel que voc\u00ea subestima em casa!\" src=\"https:\/\/www.aarquiteta.com.br\/blog\/wp-content\/uploads\/2023\/06\/cadeiras-dobraveis.jpg\" alt=\"Cadeiras Dobr\u00e1veis - O m\u00f3vel que voc\u00ea subestima em casa!\" width=\"1200\" height=\"800\" srcset=\"https:\/\/www.aarquiteta.com.br\/blog\/wp-content\/uploads\/2023\/06\/cadeiras-dobraveis.jpg 1200w, https:\/\/www.aarquiteta.com.br\/blog\/wp-content\/uploads\/2023\/06\/cadeiras-dobraveis-1024x683.jpg 1024w, https:\/\/www.aarquiteta.com.br\/blog\/wp-content\/uploads\/2023\/06\/cadeiras-dobraveis-696x464.jpg 696w, https:\/\/www.aarquiteta.com.br\/blog\/wp-content\/uploads\/2023\/06\/cadeiras-dobraveis-150x100.jpg 150w\" sizes=\"(max-width: 1200px) 100vw, 1200px\" \/><figcaption id=\"caption-attachment-81103\" class=\"wp-caption-text\">Foto: Canva.com<\/figcaption><\/figure><h3>2.1 Economia de espa\u00e7o<\/h3><p>Uma das principais vantagens das cadeiras dobr\u00e1veis \u00e9 sua capacidade de economizar espa\u00e7o. Quando n\u00e3o est\u00e3o em uso, essas cadeiras podem ser facilmente dobradas e guardadas em arm\u00e1rios, cantos ou outros locais compactos.<\/p><p>Isso \u00e9 especialmente \u00fatil em apartamentos pequenos, salas de jantar com espa\u00e7o limitado ou locais onde a flexibilidade do espa\u00e7o \u00e9 necess\u00e1ria.<\/p><h3>2.2 Portabilidade e mobilidade<\/h3><figure id=\"attachment_81102\" aria-describedby=\"caption-attachment-81102\" style=\"width: 1200px\" class=\"wp-caption alignnone\"><img decoding=\"async\" class=\"wp-image-81102 size-full\" title=\"Cadeiras Dobr\u00e1veis - O m\u00f3vel que voc\u00ea subestima em casa!\" src=\"https:\/\/www.aarquiteta.com.br\/blog\/wp-content\/uploads\/2023\/06\/cadeiras-dobraveis-1.jpg\" alt=\"Cadeiras Dobr\u00e1veis - O m\u00f3vel que voc\u00ea subestima em casa!\" width=\"1200\" height=\"800\" srcset=\"https:\/\/www.aarquiteta.com.br\/blog\/wp-content\/uploads\/2023\/06\/cadeiras-dobraveis-1.jpg 1200w, https:\/\/www.aarquiteta.com.br\/blog\/wp-content\/uploads\/2023\/06\/cadeiras-dobraveis-1-1024x683.jpg 1024w, https:\/\/www.aarquiteta.com.br\/blog\/wp-content\/uploads\/2023\/06\/cadeiras-dobraveis-1-696x464.jpg 696w, https:\/\/www.aarquiteta.com.br\/blog\/wp-content\/uploads\/2023\/06\/cadeiras-dobraveis-1-150x100.jpg 150w\" sizes=\"(max-width: 1200px) 100vw, 1200px\" \/><figcaption id=\"caption-attachment-81102\" class=\"wp-caption-text\">Foto: Canva.com<\/figcaption><\/figure><p>Outra vantagem das cadeiras dobr\u00e1veis \u00e9 sua portabilidade e mobilidade. Essas cadeiras s\u00e3o geralmente leves e f\u00e1ceis de transportar, o que as torna ideais para eventos ao ar livre, piqueniques, acampamentos e outras atividades onde \u00e9 necess\u00e1rio levar assentos adicionais.<\/p><p>Al\u00e9m disso, muitos modelos v\u00eam com al\u00e7as ou bolsas de transporte para facilitar ainda mais o transporte.<\/p>[amazon table=&#8221;82979&#8243;]<h3>2.3 Versatilidade de uso<\/h3><p>As cadeiras dobr\u00e1veis s\u00e3o incrivelmente vers\u00e1teis e podem ser utilizadas em uma variedade de situa\u00e7\u00f5es.<\/p><p>Elas s\u00e3o \u00f3timas para reuni\u00f5es familiares, jantares com amigos, festas, eventos corporativos e at\u00e9 mesmo como assentos extras em <a href=\"https:\/\/www.aarquiteta.com.br\/blog\/?s=ESCRITORIO\">escrit\u00f3rios<\/a>. Sua capacidade de serem dobradas e desdobradas rapidamente torna-as uma solu\u00e7\u00e3o pr\u00e1tica para diferentes necessidades.<\/p><h2>3. Tipos de cadeiras dobr\u00e1veis<\/h2><h3>3.1 Cadeiras dobr\u00e1veis de madeira<\/h3><p>As cadeiras dobr\u00e1veis de <a href=\"https:\/\/www.aarquiteta.com.br\/blog\/?s=MADEIRA\">madeira<\/a> s\u00e3o conhecidas por sua durabilidade e apelo est\u00e9tico. Elas geralmente apresentam um design cl\u00e1ssico sendo ideais para ambientes dom\u00e9sticos, como salas de jantar, cozinhas e varandas.<\/p><p>A madeira tamb\u00e9m pode ser tratada para resistir \u00e0s intemp\u00e9ries, permitindo o uso dessas cadeiras em \u00e1reas externas.<\/p><h3>3.2 Cadeiras dobr\u00e1veis de metal<\/h3><figure id=\"attachment_81101\" aria-describedby=\"caption-attachment-81101\" style=\"width: 1200px\" class=\"wp-caption alignnone\"><img decoding=\"async\" class=\"wp-image-81101 size-full\" title=\"Cadeiras Dobr\u00e1veis - O m\u00f3vel que voc\u00ea subestima em casa!\" src=\"https:\/\/www.aarquiteta.com.br\/blog\/wp-content\/uploads\/2023\/06\/cadeiras-dobraveis-2.jpg\" alt=\"Cadeiras Dobr\u00e1veis - O m\u00f3vel que voc\u00ea subestima em casa!\" width=\"1200\" height=\"800\" srcset=\"https:\/\/www.aarquiteta.com.br\/blog\/wp-content\/uploads\/2023\/06\/cadeiras-dobraveis-2.jpg 1200w, https:\/\/www.aarquiteta.com.br\/blog\/wp-content\/uploads\/2023\/06\/cadeiras-dobraveis-2-1024x683.jpg 1024w, https:\/\/www.aarquiteta.com.br\/blog\/wp-content\/uploads\/2023\/06\/cadeiras-dobraveis-2-696x464.jpg 696w, https:\/\/www.aarquiteta.com.br\/blog\/wp-content\/uploads\/2023\/06\/cadeiras-dobraveis-2-150x100.jpg 150w\" sizes=\"(max-width: 1200px) 100vw, 1200px\" \/><figcaption id=\"caption-attachment-81101\" class=\"wp-caption-text\">Foto: Canva.com<\/figcaption><\/figure><p>As cadeiras dobr\u00e1veis de metal s\u00e3o conhecidas por sua resist\u00eancia e estabilidade. Elas s\u00e3o frequentemente usadas em eventos ao ar livre, como casamentos, festivais e concertos, devido \u00e0 sua capacidade de suportar uma quantidade maior de peso.<\/p><p>Al\u00e9m disso, muitos modelos de cadeiras dobr\u00e1veis de metal s\u00e3o projetados para serem empilh\u00e1veis, o que facilita o armazenamento quando n\u00e3o est\u00e3o em uso.<\/p><h3>3.3 Cadeiras dobr\u00e1veis de pl\u00e1stico<\/h3><p>As cadeiras dobr\u00e1veis de pl\u00e1stico s\u00e3o leves, acess\u00edveis e f\u00e1ceis de limpar. Elas s\u00e3o amplamente utilizadas em eventos tempor\u00e1rios, como festas de anivers\u00e1rio, churrascos e reuni\u00f5es informais.<\/p><p>O pl\u00e1stico tamb\u00e9m oferece uma variedade de op\u00e7\u00f5es de cores e designs, permitindo que voc\u00ea escolha uma cadeira que se adapte ao estilo do ambiente.<\/p><h2>4. Aplica\u00e7\u00f5es das cadeiras dobr\u00e1veis<\/h2><figure id=\"attachment_81105\" aria-describedby=\"caption-attachment-81105\" style=\"width: 1200px\" class=\"wp-caption alignnone\"><img decoding=\"async\" class=\"wp-image-81105 size-full\" title=\"Cadeiras Dobr\u00e1veis - O m\u00f3vel que voc\u00ea subestima em casa!\" src=\"https:\/\/www.aarquiteta.com.br\/blog\/wp-content\/uploads\/2023\/06\/cadeiras-dobraveis-6-1.jpg\" alt=\"Cadeiras Dobr\u00e1veis - O m\u00f3vel que voc\u00ea subestima em casa!\" width=\"1200\" height=\"800\" srcset=\"https:\/\/www.aarquiteta.com.br\/blog\/wp-content\/uploads\/2023\/06\/cadeiras-dobraveis-6-1.jpg 1200w, https:\/\/www.aarquiteta.com.br\/blog\/wp-content\/uploads\/2023\/06\/cadeiras-dobraveis-6-1-1024x683.jpg 1024w, https:\/\/www.aarquiteta.com.br\/blog\/wp-content\/uploads\/2023\/06\/cadeiras-dobraveis-6-1-696x464.jpg 696w, https:\/\/www.aarquiteta.com.br\/blog\/wp-content\/uploads\/2023\/06\/cadeiras-dobraveis-6-1-150x100.jpg 150w\" sizes=\"(max-width: 1200px) 100vw, 1200px\" \/><figcaption id=\"caption-attachment-81105\" class=\"wp-caption-text\">Foto: Amazon.com<\/figcaption><\/figure><h3>4.1 Uso dom\u00e9stico<\/h3><p>No ambiente dom\u00e9stico, as cadeiras dobr\u00e1veis podem ser usadas em salas de jantar, cozinhas, quartos de h\u00f3spedes e varandas. Elas oferecem uma solu\u00e7\u00e3o pr\u00e1tica para acomodar convidados extras durante reuni\u00f5es familiares ou jantares especiais.<\/p><p>Al\u00e9m disso, sua capacidade de serem dobradas facilita a organiza\u00e7\u00e3o e a limpeza do espa\u00e7o quando as cadeiras n\u00e3o est\u00e3o em uso.<\/p><h3>4.2 Eventos e ocasi\u00f5es especiais<\/h3><p>As cadeiras dobr\u00e1veis s\u00e3o amplamente utilizadas em eventos e ocasi\u00f5es especiais, como casamentos, festas de anivers\u00e1rio, confer\u00eancias e reuni\u00f5es corporativas.<\/p><p>Elas fornecem assentos adicionais para os participantes e podem ser facilmente configuradas e desmontadas conforme necess\u00e1rio. A portabilidade das cadeiras dobr\u00e1veis tamb\u00e9m facilita o transporte e a organiza\u00e7\u00e3o desses eventos.<\/p><h3>4.3 Estabelecimentos comerciais e restaurantes<\/h3><figure id=\"attachment_81098\" aria-describedby=\"caption-attachment-81098\" style=\"width: 975px\" class=\"wp-caption alignnone\"><img decoding=\"async\" class=\"size-full wp-image-81098\" src=\"https:\/\/www.aarquiteta.com.br\/blog\/wp-content\/uploads\/2023\/06\/cadeiras-dobraveis-5-1.jpg\" alt=\"Cadeiras Dobr\u00e1veis - O m\u00f3vel que voc\u00ea subestima em casa!\" width=\"975\" height=\"836\" title=\"\" srcset=\"https:\/\/www.aarquiteta.com.br\/blog\/wp-content\/uploads\/2023\/06\/cadeiras-dobraveis-5-1.jpg 975w, https:\/\/www.aarquiteta.com.br\/blog\/wp-content\/uploads\/2023\/06\/cadeiras-dobraveis-5-1-696x597.jpg 696w, https:\/\/www.aarquiteta.com.br\/blog\/wp-content\/uploads\/2023\/06\/cadeiras-dobraveis-5-1-150x129.jpg 150w\" sizes=\"(max-width: 975px) 100vw, 975px\" \/><figcaption id=\"caption-attachment-81098\" class=\"wp-caption-text\">Foto: Amazon.com<\/figcaption><\/figure><p>Muitos estabelecimentos comerciais, como restaurantes, caf\u00e9s, bares e sal\u00f5es de eventos, usam cadeiras dobr\u00e1veis para otimizar o espa\u00e7o e acomodar um n\u00famero maior de clientes.<\/p><p>Essas cadeiras podem ser rapidamente colocadas e removidas conforme a demanda, permitindo que os estabelecimentos se adaptem facilmente a diferentes situa\u00e7\u00f5es e eventos.<\/p><h3>4.4 Ambientes ao ar livre<\/h3><figure id=\"attachment_81100\" aria-describedby=\"caption-attachment-81100\" style=\"width: 1200px\" class=\"wp-caption alignnone\"><img decoding=\"async\" class=\"size-full wp-image-81100\" src=\"https:\/\/www.aarquiteta.com.br\/blog\/wp-content\/uploads\/2023\/06\/cadeiras-dobraveis-3.jpg\" alt=\"Cadeiras Dobr\u00e1veis - O m\u00f3vel que voc\u00ea subestima em casa!\" width=\"1200\" height=\"800\" title=\"\" srcset=\"https:\/\/www.aarquiteta.com.br\/blog\/wp-content\/uploads\/2023\/06\/cadeiras-dobraveis-3.jpg 1200w, https:\/\/www.aarquiteta.com.br\/blog\/wp-content\/uploads\/2023\/06\/cadeiras-dobraveis-3-1024x683.jpg 1024w, https:\/\/www.aarquiteta.com.br\/blog\/wp-content\/uploads\/2023\/06\/cadeiras-dobraveis-3-696x464.jpg 696w, https:\/\/www.aarquiteta.com.br\/blog\/wp-content\/uploads\/2023\/06\/cadeiras-dobraveis-3-150x100.jpg 150w\" sizes=\"(max-width: 1200px) 100vw, 1200px\" \/><figcaption id=\"caption-attachment-81100\" class=\"wp-caption-text\">Foto: Canva.com<\/figcaption><\/figure><p>As cadeiras dobr\u00e1veis s\u00e3o ideais para uso em ambientes ao ar livre, como jardins, varandas, terra\u00e7os e \u00e1reas de lazer. Sua portabilidade e resist\u00eancia \u00e0s intemp\u00e9ries permitem que sejam facilmente transportadas e usadas em diferentes locais.<\/p><p>Al\u00e9m disso, muitos modelos s\u00e3o projetados para serem empilh\u00e1veis, economizando espa\u00e7o de armazenamento quando n\u00e3o est\u00e3o em uso.<\/p><h2>5. Fatores a considerar ao escolher cadeiras dobr\u00e1veis:<\/h2><figure id=\"attachment_81093\" aria-describedby=\"caption-attachment-81093\" style=\"width: 1200px\" class=\"wp-caption alignnone\"><img decoding=\"async\" class=\"size-full wp-image-81093\" src=\"https:\/\/www.aarquiteta.com.br\/blog\/wp-content\/uploads\/2023\/06\/cadeiras-dobraveis-4.jpg\" alt=\"Cadeiras Dobr\u00e1veis - O m\u00f3vel que voc\u00ea subestima em casa!\" width=\"1200\" height=\"800\" title=\"\" srcset=\"https:\/\/www.aarquiteta.com.br\/blog\/wp-content\/uploads\/2023\/06\/cadeiras-dobraveis-4.jpg 1200w, https:\/\/www.aarquiteta.com.br\/blog\/wp-content\/uploads\/2023\/06\/cadeiras-dobraveis-4-1024x683.jpg 1024w, https:\/\/www.aarquiteta.com.br\/blog\/wp-content\/uploads\/2023\/06\/cadeiras-dobraveis-4-696x464.jpg 696w, https:\/\/www.aarquiteta.com.br\/blog\/wp-content\/uploads\/2023\/06\/cadeiras-dobraveis-4-150x100.jpg 150w\" sizes=\"(max-width: 1200px) 100vw, 1200px\" \/><figcaption id=\"caption-attachment-81093\" class=\"wp-caption-text\">Foto: Amazon.com<\/figcaption><\/figure><h3>5.1 Durabilidade e resist\u00eancia<\/h3><p>Ao escolher uma cadeira dobr\u00e1vel, \u00e9 importante considerar sua durabilidade e resist\u00eancia. Verifique os materiais utilizados na fabrica\u00e7\u00e3o da cadeira e certifique-se de que sejam de alta qualidade e capazes de suportar o uso regular e o peso recomendado.<\/p><h3>5.2 Conforto e ergonomia<\/h3><p>O conforto \u00e9 outro fator crucial a ser considerado. Procure cadeiras dobr\u00e1veis com assentos e encostos ergon\u00f4micos que ofere\u00e7am suporte adequado ao corpo. Almofadas adicionais tamb\u00e9m podem ser uma op\u00e7\u00e3o para aumentar o conforto durante longos per\u00edodos de uso.<\/p><h3>5.3 Estilo e design<\/h3><p>As cadeiras dobr\u00e1veis v\u00eam em uma variedade de estilos e designs. Considere o estilo do ambiente em que elas ser\u00e3o utilizadas e escolha uma op\u00e7\u00e3o que complemente a decora\u00e7\u00e3o existente. Al\u00e9m disso, considere o design da cadeira em termos de estabilidade e facilidade de dobragem e desdobramento.<\/p><h3>5.4 Capacidade de carga e tamanho<\/h3><p>Verifique a capacidade de carga especificada pela fabricante para garantir que a cadeira seja adequada para suportar o peso dos usu\u00e1rios. Al\u00e9m disso, considere o tamanho da cadeira quando dobrada, especialmente se voc\u00ea tiver espa\u00e7o limitado para armazenamento.<\/p><h3>5.5 Facilidade de dobrar e desdobrar<\/h3><p>Certifique-se de que a cadeira dobr\u00e1vel escolhida seja f\u00e1cil de dobrar e desdobrar. Teste o mecanismo de dobragem antes de fazer a compra para garantir que voc\u00ea se sinta confort\u00e1vel com o processo e que seja r\u00e1pido e conveniente de executar.<\/p><h2>6. Cuidados e manuten\u00e7\u00e3o das cadeiras dobr\u00e1veis:<\/h2><figure id=\"attachment_81095\" aria-describedby=\"caption-attachment-81095\" style=\"width: 918px\" class=\"wp-caption alignnone\"><img decoding=\"async\" class=\"size-full wp-image-81095\" src=\"https:\/\/www.aarquiteta.com.br\/blog\/wp-content\/uploads\/2023\/06\/cadeiras-dobraveis-8.jpg\" alt=\"Cadeiras Dobr\u00e1veis - O m\u00f3vel que voc\u00ea subestima em casa!\" width=\"918\" height=\"920\" title=\"\" srcset=\"https:\/\/www.aarquiteta.com.br\/blog\/wp-content\/uploads\/2023\/06\/cadeiras-dobraveis-8.jpg 918w, https:\/\/www.aarquiteta.com.br\/blog\/wp-content\/uploads\/2023\/06\/cadeiras-dobraveis-8-696x698.jpg 696w, https:\/\/www.aarquiteta.com.br\/blog\/wp-content\/uploads\/2023\/06\/cadeiras-dobraveis-8-96x96.jpg 96w, https:\/\/www.aarquiteta.com.br\/blog\/wp-content\/uploads\/2023\/06\/cadeiras-dobraveis-8-150x150.jpg 150w\" sizes=\"(max-width: 918px) 100vw, 918px\" \/><figcaption id=\"caption-attachment-81095\" class=\"wp-caption-text\">Foto: Amazon.com<\/figcaption><\/figure><h3>6.1 Limpeza adequada<\/h3><p>Para manter suas cadeiras dobr\u00e1veis em bom estado, \u00e9 importante realizar uma limpeza adequada. Siga as instru\u00e7\u00f5es do fabricante para limpar a superf\u00edcie da cadeira e remova qualquer sujeira ou manchas utilizando os produtos recomendados.<\/p><h3>6.2 Armazenamento correto<\/h3><p>Quando n\u00e3o estiverem em uso, as cadeiras dobr\u00e1veis devem ser armazenadas corretamente para evitar danos. Certifique-se de limp\u00e1-las antes de dobrar e guardar em um local seco e protegido. Se poss\u00edvel, use capas protetoras para evitar arranh\u00f5es ou desgaste durante o armazenamento.<\/p><h3>6.3 Inspe\u00e7\u00e3o regular<\/h3><p>Realize inspe\u00e7\u00f5es regulares nas suas cadeiras dobr\u00e1veis para garantir que estejam em boas condi\u00e7\u00f5es de uso. Verifique se h\u00e1 danos, como rachaduras, pe\u00e7as soltas ou desgaste excessivo, e tome as medidas necess\u00e1rias para reparar ou substituir as cadeiras, se necess\u00e1rio.<\/p><p>As cadeiras dobr\u00e1veis oferecem uma solu\u00e7\u00e3o pr\u00e1tica e funcional para otimizar o espa\u00e7o e facilitar o armazenamento quando n\u00e3o est\u00e3o em uso.<\/p><p>Com sua capacidade de serem dobradas e desdobradas rapidamente, elas s\u00e3o uma escolha popular para ambientes com espa\u00e7o limitado, eventos tempor\u00e1rios e estabelecimentos comerciais.<\/p><p>Ao escolher cadeiras dobr\u00e1veis, considere fatores como durabilidade, conforto, estilo e facilidade de dobragem. Com os cuidados adequados, essas cadeiras podem durar por muitos anos, proporcionando conforto e conveni\u00eancia aos usu\u00e1rios.<\/p><p>Confira a nossa sele\u00e7\u00e3o de <strong>Cadeiras Dobr\u00e1veis<\/strong> que separamos para voc\u00ea, com certeza uma delas combinar\u00e1 perfeitamente com sua casa!<\/p><p><iframe style=\"width: 120px; height: 240px;\" src=\"\/\/ws-na.amazon-adsystem.com\/widgets\/q?ServiceVersion=20070822&amp;OneJS=1&amp;Operation=GetAdHtml&amp;MarketPlace=BR&amp;source=ss&amp;ref=as_ss_li_til&amp;ad_type=product_link&amp;tracking_id=aarquiteta-20&amp;language=pt_BR&amp;marketplace=amazon&amp;region=BR&amp;placement=B09GL26R3Y&amp;asins=B09GL26R3Y&amp;linkId=89e8040e7261aafa54361b4f9a606d54&amp;show_border=true&amp;link_opens_in_new_window=true\" frameborder=\"0\" marginwidth=\"0\" marginheight=\"0\" scrolling=\"no\" sandbox=\"allow-popups allow-scripts allow-modals allow-forms allow-same-origin\"><\/iframe><\/p><h2>Perguntas Frequentes sobre cadeiras dobr\u00e1veis:<\/h2><figure id=\"attachment_81092\" aria-describedby=\"caption-attachment-81092\" style=\"width: 1200px\" class=\"wp-caption alignnone\"><img decoding=\"async\" class=\"size-full wp-image-81092\" src=\"https:\/\/www.aarquiteta.com.br\/blog\/wp-content\/uploads\/2023\/06\/cadeiras-dobraveis-5.jpg\" alt=\"Cadeiras Dobr\u00e1veis - O m\u00f3vel que voc\u00ea subestima em casa!\" width=\"1200\" height=\"800\" title=\"\" srcset=\"https:\/\/www.aarquiteta.com.br\/blog\/wp-content\/uploads\/2023\/06\/cadeiras-dobraveis-5.jpg 1200w, https:\/\/www.aarquiteta.com.br\/blog\/wp-content\/uploads\/2023\/06\/cadeiras-dobraveis-5-1024x683.jpg 1024w, https:\/\/www.aarquiteta.com.br\/blog\/wp-content\/uploads\/2023\/06\/cadeiras-dobraveis-5-696x464.jpg 696w, https:\/\/www.aarquiteta.com.br\/blog\/wp-content\/uploads\/2023\/06\/cadeiras-dobraveis-5-150x100.jpg 150w\" sizes=\"(max-width: 1200px) 100vw, 1200px\" \/><figcaption id=\"caption-attachment-81092\" class=\"wp-caption-text\">Foto: Amazon.com<\/figcaption><\/figure><h3><strong>1. Quais s\u00e3o os materiais mais comuns usados em cadeiras dobr\u00e1veis?<\/strong><\/h3><p>As cadeiras dobr\u00e1veis podem ser feitas de diferentes materiais, como madeira, metal e pl\u00e1stico. Cada material tem suas pr\u00f3prias vantagens em termos de durabilidade, peso e est\u00e9tica.<\/p><h3><strong>2. Posso usar cadeiras dobr\u00e1veis ao ar livre?<\/strong><\/h3><p>Sim, existem cadeiras dobr\u00e1veis projetadas especificamente para uso ao ar livre. Essas cadeiras s\u00e3o feitas de materiais resistentes \u00e0s condi\u00e7\u00f5es clim\u00e1ticas sendo ideais para piqueniques, acampamentos e eventos ao ar livre.<\/p><h3><strong>3. Qual \u00e9 o peso m\u00e1ximo que uma cadeira dobr\u00e1vel pode suportar?<\/strong><\/h3><p>O peso m\u00e1ximo que uma cadeira dobr\u00e1vel pode suportar varia dependendo do modelo e do fabricante. \u00c9 importante verificar a capacidade de carga especificada pelo fabricante antes de utilizar a cadeira.<\/p><h3><strong>4. Como fa\u00e7o para limpar uma cadeira dobr\u00e1vel?<\/strong><\/h3><p>A limpeza de uma cadeira dobr\u00e1vel depende do material em que ela \u00e9 feita. No geral, a maioria das cadeiras dobr\u00e1veis pode ser limpa com um pano \u00famido e sab\u00e3o suave. Certifique-se de seguir as instru\u00e7\u00f5es do fabricante para garantir a limpeza adequada.<\/p><h3><strong>5. Posso personalizar a apar\u00eancia da minha cadeira dobr\u00e1vel?<\/strong><\/h3><p>Algumas cadeiras dobr\u00e1veis oferecem op\u00e7\u00f5es de personaliza\u00e7\u00e3o, como escolha de cores, estampas e tecidos. Verifique com o fabricante ou fornecedor se existem op\u00e7\u00f5es de personaliza\u00e7\u00e3o dispon\u00edveis para o modelo que voc\u00ea escolher.<\/p><p>E a\u00ed, gostou das dicas do artigo? Ent\u00e3o deslize a tela para baixo e confira <strong><a href=\"https:\/\/www.aarquiteta.com.br\">mais dicas<\/a><\/strong>, al\u00e9m dos nossos <strong><a href=\"http:\/\/www.aarquiteta.com.br\">Cursos e Treinamentos<\/a><\/strong>\u00a0e n\u00e3o se esque\u00e7a de compartilhar com os amigos!<\/p><p>Quer receber conte\u00fados exclusivos sobre <strong>casa, jardim, decora\u00e7\u00e3o, arquitetura, educa\u00e7\u00e3o financeira e muito mais<\/strong>? Ent\u00e3o, inscreva-se agora mesmo no nosso <strong><a href=\"https:\/\/t.me\/aarquitetablog\" target=\"_blank\" rel=\"noopener\">Canal do Telegram<\/a>!<\/strong> \ud83e\udd29\ud83d\udc68\u200d\ud83d\udc69\u200d\ud83d\udc67\u200d\ud83d\udc66<\/p><p>Aqui, voc\u00ea ter\u00e1 acesso a artigos, dicas e inspira\u00e7\u00f5es para <strong>transformar sua casa em um lar dos sonhos<\/strong>, cuidar do seu jardim com carinho, aprender sobre finan\u00e7as pessoais e muito mais. \ud83d\udcda\ud83d\udcb0<\/p><p>N\u00e3o perca mais tempo e junte-se a n\u00f3s para receber conte\u00fados exclusivos e se manter sempre atualizado! \ud83d\udce2\ud83c\udfe0\ud83c\udf3f\ud83c\udfe6. Ingresse <strong><a href=\"https:\/\/t.me\/aarquitetablog\" target=\"_blank\" rel=\"noopener\">aqui<\/a> <\/strong>no Canal da <strong>Arquiteta Blog por Luciana Paix\u00e3o!<\/strong> \ud83d\udc95<\/p>","protected":false},"excerpt":{"rendered":"<p>Cadeiras Dobr\u00e1veis &#8211; O m\u00f3vel que voc\u00ea subestima em casa! Confira como as cadeiras dobr\u00e1veis podem ser facilmente utilizadas na decora\u00e7\u00e3o da sua.As cadeiras dobr\u00e1veis s\u00e3o solu\u00e7\u00f5es pr\u00e1ticas e vers\u00e1teis para quem tem em vista otimizar espa\u00e7o e facilitar o armazenamento. Com a capacidade de serem dobradas e guardadas quando n\u00e3o est\u00e3o em uso, essas [&hellip;]<\/p>\n","protected":false},"author":102,"featured_media":81104,"comment_status":"closed","ping_status":"closed","sticky":false,"template":"","format":"standard","meta":{"footnotes":""},"categories":[20341,18766],"tags":[30515,30516,30517,7447,30526,30521,30523,30525,30518,30520,30522,30524,30519,26997,30514],"class_list":["post-80936","post","type-post","status-publish","format-standard","has-post-thumbnail","category-moveis","category-produtos","tag-cadeiras-de-madeira-dobraveis","tag-cadeiras-de-metal-dobraveis","tag-cadeiras-de-plastico-dobraveis","tag-cadeiras-dobraveis","tag-cadeiras-dobraveis-para-ambientes-ao-ar-livre","tag-cadeiras-dobraveis-para-camping","tag-cadeiras-dobraveis-para-escritorio","tag-cadeiras-dobraveis-para-espacos-compactos","tag-cadeiras-dobraveis-para-eventos","tag-cadeiras-dobraveis-para-jardim","tag-cadeiras-dobraveis-para-piquenique","tag-cadeiras-dobraveis-para-restaurantes","tag-cadeiras-dobraveis-para-uso-domestico","tag-cadeiras-dobraveis-para-varanda","tag-cadeiras-portateis"],"_wp_attached_file":null,"_wp_attachment_metadata":null,"_wp_attachment_context":null,"_wp_attachment_is_custom_header":null,"geo_longitude":null,"geo_public":null,"geo_latitude":null,"_publicize_done_external":null,"_wpas_done_3897181":null,"publicize_twitter_user":null,"_wpas_done_3897175":null,"_wpas_skip_3897181":null,"_wpas_skip_3897175":null,"_wpas_skip_3924723":null,"_wpas_mess":null,"_wpas_done_3924723":null,"wps_subtitle":"Confira como as cadeiras dobr\u00e1veis podem ser facilmente utilizadas na decora\u00e7\u00e3o da sua.","_links":{"self":[{"href":"https:\/\/www.aarquiteta.com.br\/blog\/wp-json\/wp\/v2\/posts\/80936","targetHints":{"allow":["GET"]}}],"collection":[{"href":"https:\/\/www.aarquiteta.com.br\/blog\/wp-json\/wp\/v2\/posts"}],"about":[{"href":"https:\/\/www.aarquiteta.com.br\/blog\/wp-json\/wp\/v2\/types\/post"}],"author":[{"embeddable":true,"href":"https:\/\/www.aarquiteta.com.br\/blog\/wp-json\/wp\/v2\/users\/102"}],"replies":[{"embeddable":true,"href":"https:\/\/www.aarquiteta.com.br\/blog\/wp-json\/wp\/v2\/comments?post=80936"}],"version-history":[{"count":0,"href":"https:\/\/www.aarquiteta.com.br\/blog\/wp-json\/wp\/v2\/posts\/80936\/revisions"}],"wp:featuredmedia":[{"embeddable":true,"href":"https:\/\/www.aarquiteta.com.br\/blog\/wp-json\/wp\/v2\/media\/81104"}],"wp:attachment":[{"href":"https:\/\/www.aarquiteta.com.br\/blog\/wp-json\/wp\/v2\/media?parent=80936"}],"wp:term":[{"taxonomy":"category","embeddable":true,"href":"https:\/\/www.aarquiteta.com.br\/blog\/wp-json\/wp\/v2\/categories?post=80936"},{"taxonomy":"post_tag","embeddable":true,"href":"https:\/\/www.aarquiteta.com.br\/blog\/wp-json\/wp\/v2\/tags?post=80936"}],"curies":[{"name":"wp","href":"https:\/\/api.w.org\/{rel}","templated":true}]}}