{"id":80898,"date":"2023-06-08T06:00:17","date_gmt":"2023-06-08T09:00:17","guid":{"rendered":"http:\/\/aarquiteta.com.br\/?p=80898"},"modified":"2024-07-03T16:07:38","modified_gmt":"2024-07-03T19:07:38","slug":"divisorias-e-moveis-planejados-10-ideias-adaptaveis-a-qualquer-ambiente","status":"publish","type":"post","link":"https:\/\/www.aarquiteta.com.br\/blog\/divisorias-e-moveis-planejados-10-ideias-adaptaveis-a-qualquer-ambiente\/","title":{"rendered":"Divis\u00f3rias e m\u00f3veis planejados &#8211; 10 ideias adapt\u00e1veis a qualquer ambiente!"},"content":{"rendered":"<p>Divis\u00f3rias e m\u00f3veis planejados &#8211; 10 ideias adapt\u00e1veis a qualquer ambiente! Confira como criar divis\u00f3rias e m\u00f3veis planejados que se adaptem ao espa\u00e7o dispon\u00edvel e otimizem a funcionalidade do ambiente.<\/p>\n<p>A otimiza\u00e7\u00e3o do espa\u00e7o dispon\u00edvel em um ambiente \u00e9 essencial para torn\u00e1-lo funcional e confort\u00e1vel. Seja em um escrit\u00f3rio, em casa ou em um estabelecimento comercial, contar com divis\u00f3rias e m\u00f3veis planejados \u00e9 uma solu\u00e7\u00e3o inteligente.<\/p>\n<h2><img decoding=\"async\" class=\"size-full wp-image-81022\" style=\"text-align: center; color: #222222; font-family: Verdana, BlinkMacSystemFont, -apple-system, &#039;Segoe UI&#039;, Roboto, Oxygen, Ubuntu, Cantarell, &#039;Open Sans&#039;, &#039;Helvetica Neue&#039;, sans-serif; font-size: 15px;\" src=\"https:\/\/www.aarquiteta.com.br\/blog\/wp-content\/uploads\/2023\/06\/divisoria-de-ambientes-3.jpg\" alt=\"Divis\u00f3rias e m\u00f3veis planejados - 10 ideias adapt\u00e1veis a qualquer ambiente!\" width=\"1200\" height=\"800\" title=\"\" srcset=\"https:\/\/www.aarquiteta.com.br\/blog\/wp-content\/uploads\/2023\/06\/divisoria-de-ambientes-3.jpg 1200w, https:\/\/www.aarquiteta.com.br\/blog\/wp-content\/uploads\/2023\/06\/divisoria-de-ambientes-3-1024x683.jpg 1024w, https:\/\/www.aarquiteta.com.br\/blog\/wp-content\/uploads\/2023\/06\/divisoria-de-ambientes-3-696x464.jpg 696w, https:\/\/www.aarquiteta.com.br\/blog\/wp-content\/uploads\/2023\/06\/divisoria-de-ambientes-3-150x100.jpg 150w\" sizes=\"(max-width: 1200px) 100vw, 1200px\" \/><\/h2>\n<p>Foto: Canva.comNeste artigo, apresentaremos ideias criativas para criar divis\u00f3rias e m\u00f3veis planejados que se adaptem perfeitamente ao seu espa\u00e7o e otimizem a funcionalidade do ambiente.<\/p>\n<h2>2. Benef\u00edcios das divis\u00f3rias e m\u00f3veis planejados.<\/h2>\n<p>As divis\u00f3rias e m\u00f3veis planejados oferecem uma s\u00e9rie de benef\u00edcios que contribuem para a otimiza\u00e7\u00e3o do espa\u00e7o. Al\u00e9m de aproveitar cada cent\u00edmetro dispon\u00edvel, essas solu\u00e7\u00f5es proporcionam:<\/p>\n<ul>\n<li><strong>Flexibilidade<\/strong>: as divis\u00f3rias podem ser instaladas e removidas conforme necess\u00e1rio, permitindo a reconfigura\u00e7\u00e3o do espa\u00e7o segundo as necessidades.<\/li>\n<li><strong>Organiza\u00e7\u00e3o<\/strong>: os m\u00f3veis planejados s\u00e3o projetados para maximizar o armazenamento e facilitar a organiza\u00e7\u00e3o, garantindo que cada item tenha seu lugar adequado.<\/li>\n<li><strong>Est\u00e9tica<\/strong>: as divis\u00f3rias e m\u00f3veis planejados podem ser personalizados conforme o estilo e a decora\u00e7\u00e3o do ambiente, agregando valor est\u00e9tico ao espa\u00e7o.<\/li>\n<li><strong>Valoriza\u00e7\u00e3o do im\u00f3vel<\/strong>: investir em divis\u00f3rias e m\u00f3veis planejados pode valorizar seu im\u00f3vel, tornando-o mais atrativo para futuros compradores ou locat\u00e1rios.<\/li>\n<\/ul>\n<h2>3. Planejando a otimiza\u00e7\u00e3o do espa\u00e7o dispon\u00edvel.<\/h2>\n<figure id=\"attachment_81028\" aria-describedby=\"caption-attachment-81028\" style=\"width: 1497px\" class=\"wp-caption alignnone\"><img decoding=\"async\" class=\"size-full wp-image-81028\" src=\"https:\/\/www.aarquiteta.com.br\/blog\/wp-content\/uploads\/2023\/06\/divisoria-biombo-2.jpg\" alt=\"Divis\u00f3rias e m\u00f3veis planejados - 10 ideias adapt\u00e1veis a qualquer ambiente!\" width=\"1497\" height=\"1500\" title=\"\" srcset=\"https:\/\/www.aarquiteta.com.br\/blog\/wp-content\/uploads\/2023\/06\/divisoria-biombo-2.jpg 1497w, https:\/\/www.aarquiteta.com.br\/blog\/wp-content\/uploads\/2023\/06\/divisoria-biombo-2-1024x1026.jpg 1024w, https:\/\/www.aarquiteta.com.br\/blog\/wp-content\/uploads\/2023\/06\/divisoria-biombo-2-696x697.jpg 696w, https:\/\/www.aarquiteta.com.br\/blog\/wp-content\/uploads\/2023\/06\/divisoria-biombo-2-96x96.jpg 96w, https:\/\/www.aarquiteta.com.br\/blog\/wp-content\/uploads\/2023\/06\/divisoria-biombo-2-150x150.jpg 150w\" sizes=\"(max-width: 1497px) 100vw, 1497px\" \/><figcaption id=\"caption-attachment-81028\" class=\"wp-caption-text\">Foto: Amazon.com<\/figcaption><\/figure>\n<p>Antes de iniciar a cria\u00e7\u00e3o de divis\u00f3rias e m\u00f3veis planejados, \u00e9 fundamental fazer um planejamento cuidadoso. Considere os seguintes passos para garantir um resultado satisfat\u00f3rio:<\/p>\n<h3>3.1 Avalie as necessidades e funcionalidades do ambiente<\/h3>\n<p>O primeiro passo \u00e9 entender as necessidades e funcionalidades do ambiente. Pense em como o espa\u00e7o ser\u00e1 utilizado e quais s\u00e3o os elementos essenciais que devem ser incorporados. Por exemplo, se o ambiente for um escrit\u00f3rio, voc\u00ea precisar\u00e1 considerar a \u00e1rea de trabalho, o armazenamento de documentos e materiais, e a privacidade dos colaboradores.<\/p>\n<h3>3.2 Medindo o espa\u00e7o dispon\u00edvel<\/h3>\n<p>Ap\u00f3s identificar as necessidades, \u00e9 importante medir o espa\u00e7o dispon\u00edvel com precis\u00e3o. Anote as dimens\u00f5es e verifique se h\u00e1 alguma restri\u00e7\u00e3o que possa afetar o projeto, como colunas estruturais, janelas ou portas.<\/p>\n[amazon table=&#8221;82998&#8243;]\n<h3>3.3 Desenvolvendo um layout eficiente<\/h3>\n<p>Com as medidas em m\u00e3os, desenvolva um layout eficiente que considere as necessidades identificadas. Planeje a disposi\u00e7\u00e3o das divis\u00f3rias e m\u00f3veis de forma estrat\u00e9gica, visando otimizar o fluxo de pessoas e a utiliza\u00e7\u00e3o do espa\u00e7o.<\/p>\n<h2>Divis\u00f3rias para criar espa\u00e7os distintos:<\/h2>\n<figure id=\"attachment_81026\" aria-describedby=\"caption-attachment-81026\" style=\"width: 1500px\" class=\"wp-caption alignnone\"><img decoding=\"async\" class=\"size-full wp-image-81026\" src=\"https:\/\/www.aarquiteta.com.br\/blog\/wp-content\/uploads\/2023\/06\/divisoria-biombo-4.jpg\" alt=\"Divis\u00f3rias e m\u00f3veis planejados - 10 ideias adapt\u00e1veis a qualquer ambiente!\" width=\"1500\" height=\"1495\" title=\"\" srcset=\"https:\/\/www.aarquiteta.com.br\/blog\/wp-content\/uploads\/2023\/06\/divisoria-biombo-4.jpg 1500w, https:\/\/www.aarquiteta.com.br\/blog\/wp-content\/uploads\/2023\/06\/divisoria-biombo-4-1024x1021.jpg 1024w, https:\/\/www.aarquiteta.com.br\/blog\/wp-content\/uploads\/2023\/06\/divisoria-biombo-4-696x694.jpg 696w, https:\/\/www.aarquiteta.com.br\/blog\/wp-content\/uploads\/2023\/06\/divisoria-biombo-4-96x96.jpg 96w, https:\/\/www.aarquiteta.com.br\/blog\/wp-content\/uploads\/2023\/06\/divisoria-biombo-4-150x150.jpg 150w\" sizes=\"(max-width: 1500px) 100vw, 1500px\" \/><figcaption id=\"caption-attachment-81026\" class=\"wp-caption-text\">Foto: Amazon.com<\/figcaption><\/figure>\n<p>As divis\u00f3rias s\u00e3o elementos-chave para criar espa\u00e7os distintos em um ambiente. Elas podem ser utilizadas de diversas formas, segundo a necessidade e o estilo do local.<\/p>\n<h3>4.1 Divis\u00f3rias de ambientes<\/h3>\n<p>As divis\u00f3rias de ambientes s\u00e3o ideais para criar \u00e1reas segregadas em um ambiente amplo. Podem ser utilizadas para separar a sala de estar da sala de jantar em um apartamento, por exemplo, ou para delimitar espa\u00e7os em um escrit\u00f3rio de planta aberta.<\/p>\n<h3>4.2 Divis\u00f3rias vazadas ou vazadas com pain\u00e9is<\/h3>\n<p>Divis\u00f3rias vazadas ou vazadas com pain\u00e9is s\u00e3o excelentes para proporcionar uma sensa\u00e7\u00e3o de divis\u00e3o sem bloquear completamente a visibilidade. S\u00e3o perfeitas para \u00e1reas que precisam de certo grau de privacidade, mas tamb\u00e9m requerem a integra\u00e7\u00e3o visual entre os espa\u00e7os.<\/p>\n<h3>4.3 Divis\u00f3rias de vidro<\/h3>\n<p>As divis\u00f3rias de vidro s\u00e3o uma op\u00e7\u00e3o elegante e moderna. Permitem a entrada de luz natural, mantendo a sensa\u00e7\u00e3o de amplitude no ambiente. S\u00e3o ideais para escrit\u00f3rios, consult\u00f3rios e ambientes corporativos, onde a transpar\u00eancia e a intera\u00e7\u00e3o visual s\u00e3o valorizadas.<\/p>\n<h3>4.4 Divis\u00f3rias de tecido<\/h3>\n<p>As divis\u00f3rias de tecido s\u00e3o uma alternativa vers\u00e1til e acolhedora. Elas podem ser utilizadas para criar espa\u00e7os tempor\u00e1rios ou para trazer um toque de aconchego e textura ao ambiente. S\u00e3o frequentemente encontradas em ambientes comerciais, como lojas e restaurantes.<\/p>\n<h2>M\u00f3veis planejados para otimiza\u00e7\u00e3o do espa\u00e7o<\/h2>\n<figure id=\"attachment_81029\" aria-describedby=\"caption-attachment-81029\" style=\"width: 1024px\" class=\"wp-caption alignnone\"><img decoding=\"async\" class=\"size-full wp-image-81029\" src=\"https:\/\/www.aarquiteta.com.br\/blog\/wp-content\/uploads\/2023\/06\/divisoria-biombo.jpg\" alt=\"Divis\u00f3rias e m\u00f3veis planejados - 10 ideias adapt\u00e1veis a qualquer ambiente!\" width=\"1024\" height=\"1280\" title=\"\" srcset=\"https:\/\/www.aarquiteta.com.br\/blog\/wp-content\/uploads\/2023\/06\/divisoria-biombo.jpg 1024w, https:\/\/www.aarquiteta.com.br\/blog\/wp-content\/uploads\/2023\/06\/divisoria-biombo-819x1024.jpg 819w, https:\/\/www.aarquiteta.com.br\/blog\/wp-content\/uploads\/2023\/06\/divisoria-biombo-696x870.jpg 696w, https:\/\/www.aarquiteta.com.br\/blog\/wp-content\/uploads\/2023\/06\/divisoria-biombo-150x188.jpg 150w\" sizes=\"(max-width: 1024px) 100vw, 1024px\" \/><figcaption id=\"caption-attachment-81029\" class=\"wp-caption-text\">Foto: Amazon.com<\/figcaption><\/figure>\n<p>Al\u00e9m das divis\u00f3rias, os m\u00f3veis planejados desempenham um papel fundamental na otimiza\u00e7\u00e3o do espa\u00e7o dispon\u00edvel. Confira algumas ideias criativas para tornar seu ambiente mais funcional:<\/p>\n<h3>5.1 Arm\u00e1rios embutidos<\/h3>\n<p>Os arm\u00e1rios embutidos s\u00e3o uma solu\u00e7\u00e3o eficiente para aproveitar cada cent\u00edmetro dispon\u00edvel. Podem ser instalados em cozinhas, quartos, banheiros e \u00e1reas de servi\u00e7o, proporcionando um espa\u00e7o de armazenamento personalizado e discreto.<\/p>\n<h3>5.2 Estantes modulares<\/h3>\n<p>As estantes modulares s\u00e3o altamente vers\u00e1teis e adapt\u00e1veis. Permitem criar diferentes composi\u00e7\u00f5es segundo o espa\u00e7o dispon\u00edvel e as necessidades de armazenamento. Podem ser utilizadas em salas, escrit\u00f3rios e bibliotecas.<\/p>\n<h3>5.3 Prateleiras suspensas<\/h3>\n<p>Prateleiras suspensas s\u00e3o \u00f3timas para aproveitar espa\u00e7os verticais e liberar o ch\u00e3o. S\u00e3o ideais para acomodar livros, objetos decorativos, plantas e outros itens que n\u00e3o ocupam muito espa\u00e7o.<\/p>\n<h3>5.4 Camas com gavetas<\/h3>\n<p>Camas com gavetas embutidas s\u00e3o uma excelente escolha para quartos pequenos. Permitem armazenar roupas de cama, travesseiros e outros itens, otimizando o espa\u00e7o dispon\u00edvel no guarda-roupa.<\/p>\n<h3>5.5 Mesas dobr\u00e1veis<\/h3>\n<p>Mesas dobr\u00e1veis s\u00e3o perfeitas para ambientes que precisam de uma \u00e1rea de trabalho tempor\u00e1ria. Podem ser instaladas em cozinhas, quartos ou escrit\u00f3rios, proporcionando um espa\u00e7o funcional quando necess\u00e1rio e sendo facilmente guardadas quando n\u00e3o est\u00e3o em uso.<\/p>\n<h2>Dicas para criar um ambiente funcional:<\/h2>\n<figure id=\"attachment_81027\" aria-describedby=\"caption-attachment-81027\" style=\"width: 1000px\" class=\"wp-caption alignnone\"><img decoding=\"async\" class=\"size-full wp-image-81027\" src=\"https:\/\/www.aarquiteta.com.br\/blog\/wp-content\/uploads\/2023\/06\/divisoria-biombo-3.jpg\" alt=\"Divis\u00f3rias e m\u00f3veis planejados - 10 ideias adapt\u00e1veis a qualquer ambiente!\" width=\"1000\" height=\"1000\" title=\"\" srcset=\"https:\/\/www.aarquiteta.com.br\/blog\/wp-content\/uploads\/2023\/06\/divisoria-biombo-3.jpg 1000w, https:\/\/www.aarquiteta.com.br\/blog\/wp-content\/uploads\/2023\/06\/divisoria-biombo-3-696x696.jpg 696w, https:\/\/www.aarquiteta.com.br\/blog\/wp-content\/uploads\/2023\/06\/divisoria-biombo-3-96x96.jpg 96w, https:\/\/www.aarquiteta.com.br\/blog\/wp-content\/uploads\/2023\/06\/divisoria-biombo-3-150x150.jpg 150w\" sizes=\"(max-width: 1000px) 100vw, 1000px\" \/><figcaption id=\"caption-attachment-81027\" class=\"wp-caption-text\">Foto: Amazon.com<\/figcaption><\/figure>\n<p>Al\u00e9m das divis\u00f3rias e m\u00f3veis planejados, algumas dicas extras podem ajudar a criar um ambiente funcional e bem aproveitado:<\/p>\n<h3>6.1 Cores e ilumina\u00e7\u00e3o adequadas<\/h3>\n<p>Escolha cores claras para as paredes e m\u00f3veis, por refletirem a luz e criam uma sensa\u00e7\u00e3o de amplitude. Al\u00e9m disso, invista em uma ilumina\u00e7\u00e3o adequada, utilizando luzes diretas e indiretas para criar diferentes ambientes e destacar \u00e1reas espec\u00edficas.<\/p>\n<h3>6.2 Organiza\u00e7\u00e3o e praticidade<\/h3>\n<p>Mantenha o ambiente sempre organizado e livre de objetos desnecess\u00e1rios. Utilize organizadores, caixas e cestas para facilitar a arruma\u00e7\u00e3o e manter tudo no devido lugar.<\/p>\n<h3>6.3 Aproveitando espa\u00e7os verticais<\/h3>\n<p>Explore o potencial dos espa\u00e7os verticais, como paredes e tetos, instalando prateleiras, ganchos e suportes. Isso permite armazenar itens e a cria\u00e7\u00e3o de uma decora\u00e7\u00e3o verticalmente interessante.<\/p>\n<h3>6.4 Multifuncionalidade e flexibilidade<\/h3>\n<p>D\u00ea prefer\u00eancia a m\u00f3veis e objetos que tenham m\u00faltiplas fun\u00e7\u00f5es. Por exemplo, um sof\u00e1 que se transforma em cama, ou uma mesa de jantar que tamb\u00e9m pode ser usada como mesa de trabalho. Isso economiza espa\u00e7o e aumenta a funcionalidade do ambiente.<\/p>\n<p>Divis\u00f3rias e m\u00f3veis planejados s\u00e3o recursos valiosos na otimiza\u00e7\u00e3o de espa\u00e7os. Ao criar divis\u00f3rias que se ad\u00e9quem \u00e0s necessidades do ambiente e utilizar m\u00f3veis planejados para aproveitar cada cent\u00edmetro dispon\u00edvel, voc\u00ea criar\u00e1 um espa\u00e7o funcional, organizado e esteticamente agrad\u00e1vel.<\/p>\n<p>N\u00e3o deixe de considerar o planejamento cuidadoso, as divis\u00f3rias adequadas para cada situa\u00e7\u00e3o e os m\u00f3veis que melhor atendam \u00e0s suas necessidades. Com essas ideias e dicas, voc\u00ea estar\u00e1 no caminho certo para otimizar seu espa\u00e7o eficientemente.<\/p>\n<p>Confira a nossa sele\u00e7\u00e3o de <a href=\"https:\/\/amzn.to\/3qgR2Ep\" target=\"_blank\" rel=\"noopener\"><strong>Divis\u00f3rias<\/strong><\/a> de Ambientes que separamos para voc\u00ea, com certeza uma delas combinar\u00e1 perfeitamente com sua casa!<\/p>\n<p><iframe style=\"width: 120px; height: 240px;\" src=\"\/\/ws-na.amazon-adsystem.com\/widgets\/q?ServiceVersion=20070822&amp;OneJS=1&amp;Operation=GetAdHtml&amp;MarketPlace=BR&amp;source=ss&amp;ref=as_ss_li_til&amp;ad_type=product_link&amp;tracking_id=aarquiteta-20&amp;language=pt_BR&amp;marketplace=amazon&amp;region=BR&amp;placement=B09TT3S1MQ&amp;asins=B09TT3S1MQ&amp;linkId=754d8400bc4b21f2f517d05e872a5b1d&amp;show_border=true&amp;link_opens_in_new_window=true\" frameborder=\"0\" marginwidth=\"0\" marginheight=\"0\" scrolling=\"no\" sandbox=\"allow-popups allow-scripts allow-modals allow-forms allow-same-origin\"><\/iframe><\/p>\n<h2>Perguntas Frequentes sobre Divis\u00f3rias e m\u00f3veis planejados:<\/h2>\n<figure id=\"attachment_81025\" aria-describedby=\"caption-attachment-81025\" style=\"width: 1200px\" class=\"wp-caption alignnone\"><img decoding=\"async\" class=\"size-full wp-image-81025\" src=\"https:\/\/www.aarquiteta.com.br\/blog\/wp-content\/uploads\/2023\/06\/divisoria-de-ambientes.jpg\" alt=\"Divis\u00f3rias e m\u00f3veis planejados - 10 ideias adapt\u00e1veis a qualquer ambiente!\" width=\"1200\" height=\"800\" title=\"\" srcset=\"https:\/\/www.aarquiteta.com.br\/blog\/wp-content\/uploads\/2023\/06\/divisoria-de-ambientes.jpg 1200w, https:\/\/www.aarquiteta.com.br\/blog\/wp-content\/uploads\/2023\/06\/divisoria-de-ambientes-1024x683.jpg 1024w, https:\/\/www.aarquiteta.com.br\/blog\/wp-content\/uploads\/2023\/06\/divisoria-de-ambientes-696x464.jpg 696w, https:\/\/www.aarquiteta.com.br\/blog\/wp-content\/uploads\/2023\/06\/divisoria-de-ambientes-150x100.jpg 150w\" sizes=\"(max-width: 1200px) 100vw, 1200px\" \/><figcaption id=\"caption-attachment-81025\" class=\"wp-caption-text\">Foto: Canva.com<\/figcaption><\/figure>\n<p><strong>1. Quais s\u00e3o os principais benef\u00edcios das divis\u00f3rias de vidro?<\/strong><\/p>\n<p>As divis\u00f3rias de vidro oferecem transpar\u00eancia, permitem a entrada de luz natural e criam uma sensa\u00e7\u00e3o de amplitude no ambiente. Al\u00e9m disso, proporcionam uma est\u00e9tica moderna e elegante.<\/p>\n<p><strong>2. \u00c9 poss\u00edvel personalizar os m\u00f3veis planejados conforme o estilo do ambiente?<\/strong><\/p>\n<p>Sim, os m\u00f3veis planejados podem ser totalmente personalizados. \u00c9 poss\u00edvel escolher o design, as cores, os materiais e os acabamentos que melhor combinam com a decora\u00e7\u00e3o do ambiente.<\/p>\n<p><strong>3. Como aproveitar espa\u00e7os verticais criativamente?<\/strong><\/p>\n<p>Utilize prateleiras suspensas, ganchos e suportes para pendurar objetos nas paredes. Al\u00e9m disso, invista em m\u00f3veis altos, como estantes ou arm\u00e1rios, para aproveitar o espa\u00e7o verticalmente.<\/p>\n<p><strong>4. Quais s\u00e3o as melhores cores para ambientes pequenos?<\/strong><\/p>\n<p>Cores claras, como branco, bege e tons pastel, s\u00e3o ideais para ambientes pequenos, por refletirem a luz e criam uma sensa\u00e7\u00e3o de amplitude. Cores escuras podem fazer o espa\u00e7o parecer menor.<\/p>\n<p><strong>5. O que \u00e9 multifuncionalidade na decora\u00e7\u00e3o?<\/strong><\/p>\n<p>Multifuncionalidade na decora\u00e7\u00e3o refere-se ao uso de m\u00f3veis e objetos que possuem mais de uma fun\u00e7\u00e3o. Por exemplo, um sof\u00e1 que se transforma em cama ou uma mesa de centro que tamb\u00e9m pode ser usada como ba\u00fa de armazenamento. Isso ajuda a economizar espa\u00e7o e aumentar a versatilidade do ambiente.<\/p>\n<p>E a\u00ed, gostou das dicas do artigo? Ent\u00e3o deslize a tela para baixo e confira <strong><a href=\"https:\/\/www.aarquiteta.com.br\">mais dicas<\/a><\/strong>, al\u00e9m dos nossos <strong><a href=\"http:\/\/www.aarquiteta.com.br\">Cursos e Treinamentos<\/a><\/strong>\u00a0e n\u00e3o se esque\u00e7a de compartilhar com os amigos!<\/p>\n<p>Quer receber conte\u00fados exclusivos sobre <strong>casa, jardim, decora\u00e7\u00e3o, arquitetura, educa\u00e7\u00e3o financeira e muito mais<\/strong>? Ent\u00e3o, inscreva-se agora mesmo no nosso <strong><a href=\"https:\/\/t.me\/aarquitetablog\" target=\"_blank\" rel=\"noopener\">Canal do Telegram<\/a>!<\/strong> \ud83e\udd29\ud83d\udc68\u200d\ud83d\udc69\u200d\ud83d\udc67\u200d\ud83d\udc66<\/p>\n<p>Aqui, voc\u00ea ter\u00e1 acesso a artigos, dicas e inspira\u00e7\u00f5es para <strong>transformar sua casa em um lar dos sonhos<\/strong>, cuidar do seu jardim com carinho, aprender sobre finan\u00e7as pessoais e muito mais. \ud83d\udcda\ud83d\udcb0<\/p>\n<p>N\u00e3o perca mais tempo e junte-se a n\u00f3s para receber conte\u00fados exclusivos e se manter sempre atualizado! \ud83d\udce2\ud83c\udfe0\ud83c\udf3f\ud83c\udfe6. Ingresse <strong><a href=\"https:\/\/t.me\/aarquitetablog\" target=\"_blank\" rel=\"noopener\">aqui<\/a> <\/strong>no Canal da <strong>Arquiteta Blog por Luciana Paix\u00e3o!<\/strong> \ud83d\udc95<\/p>\n","protected":false},"excerpt":{"rendered":"<p>Divis\u00f3rias e m\u00f3veis planejados &#8211; 10 ideias adapt\u00e1veis a qualquer ambiente! Confira como criar divis\u00f3rias e m\u00f3veis planejados que se adaptem ao espa\u00e7o dispon\u00edvel e otimizem a funcionalidade do ambiente. A otimiza\u00e7\u00e3o do espa\u00e7o dispon\u00edvel em um ambiente \u00e9 essencial para torn\u00e1-lo funcional e confort\u00e1vel. Seja em um escrit\u00f3rio, em casa ou em um estabelecimento [&hellip;]<\/p>\n","protected":false},"author":102,"featured_media":81023,"comment_status":"closed","ping_status":"closed","sticky":false,"template":"","format":"standard","meta":{"footnotes":""},"categories":[35453,20341,18766],"tags":[28832,30439,1028,30437,30435,3873,30440,30441,8431,30438,8268,26703,30436,30442,6139],"class_list":["post-80898","post","type-post","status-publish","format-standard","has-post-thumbnail","category-divisorias-e-biombos","category-moveis","category-produtos","tag-ambientes-funcionais","tag-decoracao-sob-medida","tag-design-de-interiores","tag-divisorias-de-vidro","tag-divisorias-planejadas","tag-divisorias-vazadas","tag-ideias-criativas-para-divisorias","tag-moveis-embutidos","tag-moveis-multifuncionais","tag-moveis-personalizados","tag-moveis-sob-medida","tag-organizacao-de-ambientes","tag-otimizacao-de-espacos","tag-planejamento-de-ambientes","tag-solucoes-para-pequenos-espacos"],"_wp_attached_file":null,"_wp_attachment_metadata":null,"_wp_attachment_context":null,"_wp_attachment_is_custom_header":null,"geo_longitude":null,"geo_public":null,"geo_latitude":null,"_publicize_done_external":null,"_wpas_done_3897181":null,"publicize_twitter_user":null,"_wpas_done_3897175":null,"_wpas_skip_3897181":null,"_wpas_skip_3897175":null,"_wpas_skip_3924723":null,"_wpas_mess":null,"_wpas_done_3924723":null,"wps_subtitle":"Confira como criar divis\u00f3rias e m\u00f3veis planejados que se adaptem ao espa\u00e7o dispon\u00edvel e otimizem a funcionalidade do ambiente.","_links":{"self":[{"href":"https:\/\/www.aarquiteta.com.br\/blog\/wp-json\/wp\/v2\/posts\/80898","targetHints":{"allow":["GET"]}}],"collection":[{"href":"https:\/\/www.aarquiteta.com.br\/blog\/wp-json\/wp\/v2\/posts"}],"about":[{"href":"https:\/\/www.aarquiteta.com.br\/blog\/wp-json\/wp\/v2\/types\/post"}],"author":[{"embeddable":true,"href":"https:\/\/www.aarquiteta.com.br\/blog\/wp-json\/wp\/v2\/users\/102"}],"replies":[{"embeddable":true,"href":"https:\/\/www.aarquiteta.com.br\/blog\/wp-json\/wp\/v2\/comments?post=80898"}],"version-history":[{"count":0,"href":"https:\/\/www.aarquiteta.com.br\/blog\/wp-json\/wp\/v2\/posts\/80898\/revisions"}],"wp:featuredmedia":[{"embeddable":true,"href":"https:\/\/www.aarquiteta.com.br\/blog\/wp-json\/wp\/v2\/media\/81023"}],"wp:attachment":[{"href":"https:\/\/www.aarquiteta.com.br\/blog\/wp-json\/wp\/v2\/media?parent=80898"}],"wp:term":[{"taxonomy":"category","embeddable":true,"href":"https:\/\/www.aarquiteta.com.br\/blog\/wp-json\/wp\/v2\/categories?post=80898"},{"taxonomy":"post_tag","embeddable":true,"href":"https:\/\/www.aarquiteta.com.br\/blog\/wp-json\/wp\/v2\/tags?post=80898"}],"curies":[{"name":"wp","href":"https:\/\/api.w.org\/{rel}","templated":true}]}}