{"id":80792,"date":"2023-05-26T13:01:31","date_gmt":"2023-05-26T16:01:31","guid":{"rendered":"http:\/\/aarquiteta.com.br\/?p=80792"},"modified":"2023-07-20T18:51:33","modified_gmt":"2023-07-20T21:51:33","slug":"sala-de-jantar-e-sala-de-estar-integrada","status":"publish","type":"post","link":"https:\/\/www.aarquiteta.com.br\/blog\/sala-de-jantar-e-sala-de-estar-integrada\/","title":{"rendered":"Sala de Jantar e Sala de Estar Integrada: Como Harmonizar Espa\u00e7os gastando pouco."},"content":{"rendered":"<p>Quando se trata de design de interiores, a integra\u00e7\u00e3o de ambientes tem se tornado uma tend\u00eancia popular. Uma das combina\u00e7\u00f5es mais desejadas \u00e9 a sala de jantar e sala de estar integrada. Essa uni\u00e3o harmoniosa proporciona uma sensa\u00e7\u00e3o de fluidez e amplitude, al\u00e9m de facilitar a intera\u00e7\u00e3o entre os espa\u00e7os. Neste artigo, exploraremos as vantagens dessa integra\u00e7\u00e3o, compartilharemos dicas valiosas de decora\u00e7\u00e3o e apresentaremos ideias inspiradoras para transformar sua casa em um local acolhedor e funcional.<\/p>\n<h3><img decoding=\"async\" class=\"alignnone size-full wp-image-80793\" src=\"https:\/\/www.aarquiteta.com.br\/blog\/wp-content\/uploads\/2023\/05\/Sala-de-Jantar-e-Sala-de-Estar-Integrada.png\" alt=\"\" width=\"1456\" height=\"816\" title=\"\" srcset=\"https:\/\/www.aarquiteta.com.br\/blog\/wp-content\/uploads\/2023\/05\/Sala-de-Jantar-e-Sala-de-Estar-Integrada.png 1456w, https:\/\/www.aarquiteta.com.br\/blog\/wp-content\/uploads\/2023\/05\/Sala-de-Jantar-e-Sala-de-Estar-Integrada-1024x574.png 1024w, https:\/\/www.aarquiteta.com.br\/blog\/wp-content\/uploads\/2023\/05\/Sala-de-Jantar-e-Sala-de-Estar-Integrada-696x390.png 696w, https:\/\/www.aarquiteta.com.br\/blog\/wp-content\/uploads\/2023\/05\/Sala-de-Jantar-e-Sala-de-Estar-Integrada-150x84.png 150w\" sizes=\"(max-width: 1456px) 100vw, 1456px\" \/><\/h3>\n<figure id=\"attachment_80794\" aria-describedby=\"caption-attachment-80794\" style=\"width: 1456px\" class=\"wp-caption alignnone\"><img decoding=\"async\" class=\"wp-image-80794 size-full\" title=\"Sala de Jantar e Sala de Estar Integrada\" src=\"https:\/\/www.aarquiteta.com.br\/blog\/wp-content\/uploads\/2023\/05\/Sala-de-Jantar-e-Sala-de-Estar-Integrada-1.png\" alt=\"Sala de Jantar e Sala de Estar Integrada\" width=\"1456\" height=\"816\" srcset=\"https:\/\/www.aarquiteta.com.br\/blog\/wp-content\/uploads\/2023\/05\/Sala-de-Jantar-e-Sala-de-Estar-Integrada-1.png 1456w, https:\/\/www.aarquiteta.com.br\/blog\/wp-content\/uploads\/2023\/05\/Sala-de-Jantar-e-Sala-de-Estar-Integrada-1-1024x574.png 1024w, https:\/\/www.aarquiteta.com.br\/blog\/wp-content\/uploads\/2023\/05\/Sala-de-Jantar-e-Sala-de-Estar-Integrada-1-696x390.png 696w, https:\/\/www.aarquiteta.com.br\/blog\/wp-content\/uploads\/2023\/05\/Sala-de-Jantar-e-Sala-de-Estar-Integrada-1-150x84.png 150w\" sizes=\"(max-width: 1456px) 100vw, 1456px\" \/><figcaption id=\"caption-attachment-80794\" class=\"wp-caption-text\">Sala de Jantar e Sala de Estar Integrada<\/figcaption><\/figure>\n<p>Sala de Estar e Jantar Integradas: Design Moderno e Pr\u00e1tico.<\/p>\n<h2>Sala de Jantar e Sala de Estar Integrada: Uma Vis\u00e3o Geral<\/h2>\n<p>A integra\u00e7\u00e3o da sala de jantar e sala de estar \u00e9 uma solu\u00e7\u00e3o inteligente para otimizar o espa\u00e7o e criar uma atmosfera convidativa. Ao remover as barreiras f\u00edsicas entre esses dois ambientes, \u00e9 poss\u00edvel obter benef\u00edcios est\u00e9ticos e funcionais. A seguir, exploraremos em detalhes cada aspecto dessa combina\u00e7\u00e3o perfeita.<\/p>\n<h3>Vantagens da Integra\u00e7\u00e3o<\/h3>\n<p>Ao unir a sala de jantar e sala de estar, voc\u00ea desfrutar\u00e1 de diversas vantagens.<\/p>\n<ol>\n<li><strong>Aproveitamento de Espa\u00e7o<\/strong>: A integra\u00e7\u00e3o permite que voc\u00ea aproveite ao m\u00e1ximo o espa\u00e7o dispon\u00edvel em sua casa, especialmente em ambientes compactos.<\/li>\n<li><strong>Maior Socializa\u00e7\u00e3o<\/strong>: Ao eliminar as divis\u00f5es, voc\u00ea promove a intera\u00e7\u00e3o entre as pessoas que est\u00e3o na sala de jantar e na sala de estar, tornando os momentos compartilhados mais din\u00e2micos e acolhedores.<\/li>\n<li><strong>Conforto Visual<\/strong>: A sala de jantar e sala de estar integradas proporcionam um ambiente visualmente agrad\u00e1vel, sem interrup\u00e7\u00f5es visuais desnecess\u00e1rias.<\/li>\n<li><strong>Flexibilidade<\/strong>: Com essa combina\u00e7\u00e3o, voc\u00ea ter\u00e1 maior flexibilidade para adaptar o espa\u00e7o de acordo com suas necessidades, como expandir a \u00e1rea de estar para acomodar mais convidados em ocasi\u00f5es especiais.<\/li>\n<\/ol>\n<figure id=\"attachment_44963\" aria-describedby=\"caption-attachment-44963\" style=\"width: 700px\" class=\"wp-caption alignnone\"><img decoding=\"async\" class=\"wp-image-44963 size-full\" title=\"Sala de Estar e Jantar integradas - Como decorar ambientes integrados?\" src=\"https:\/\/www.aarquiteta.com.br\/blog\/wp-content\/uploads\/2022\/03\/Dicas-de-como-fazer-uma-sala-com-dois-ambientes.3.jpg\" alt=\"Sala de Estar e Jantar integradas - Como decorar ambientes integrados?\" width=\"700\" height=\"400\" srcset=\"https:\/\/www.aarquiteta.com.br\/blog\/wp-content\/uploads\/2022\/03\/Dicas-de-como-fazer-uma-sala-com-dois-ambientes.3.jpg 700w, https:\/\/www.aarquiteta.com.br\/blog\/wp-content\/uploads\/2022\/03\/Dicas-de-como-fazer-uma-sala-com-dois-ambientes.3-696x398.jpg 696w, https:\/\/www.aarquiteta.com.br\/blog\/wp-content\/uploads\/2022\/03\/Dicas-de-como-fazer-uma-sala-com-dois-ambientes.3-150x86.jpg 150w\" sizes=\"(max-width: 700px) 100vw, 700px\" \/><figcaption id=\"caption-attachment-44963\" class=\"wp-caption-text\">Sala de Estar e Jantar integradas &#8211; Como decorar ambientes integrados?<\/figcaption><\/figure>\n<h2>Dicas de Decora\u00e7\u00e3o<\/h2>\n<p>A decora\u00e7\u00e3o desempenha um papel fundamental na cria\u00e7\u00e3o de uma sala de jantar e sala de estar integrada que seja esteticamente atraente e funcional. Aqui est\u00e3o algumas dicas valiosas:<\/p>\n<ol>\n<li><strong>Escolha de Cores Coesas<\/strong>: Opte por uma paleta de cores que flua suavemente entre os ambientes, criando uma sensa\u00e7\u00e3o de unidade. Cores neutras s\u00e3o uma escolha segura, mas n\u00e3o tenha medo de adicionar toques de cor para criar destaque.<\/li>\n<li><strong>Delimite os Espa\u00e7os<\/strong>: Embora voc\u00ea esteja integrando os ambientes, \u00e9 importante delimitar visualmente cada espa\u00e7o. Voc\u00ea pode fazer isso usando tapetes, lumin\u00e1rias ou at\u00e9 mesmo m\u00f3veis estrategicamente posicionados.<\/li>\n<li><strong>Ilumina\u00e7\u00e3o Adequada<\/strong>: Certifique-se de ter uma ilumina\u00e7\u00e3o adequada para cada \u00e1rea. Lumin\u00e1rias suspensas sobre a mesa de jantar e ilumina\u00e7\u00e3o mais suave na \u00e1rea de estar podem criar diferentes atmosferas e cumprir diferentes prop\u00f3sitos.<\/li>\n<li><strong>Escolha de M\u00f3veis Vers\u00e1teis<\/strong>: Opte por m\u00f3veis que sejam vers\u00e1teis e funcionais. Por exemplo, uma mesa de jantar extens\u00edvel pode se ajustar ao n\u00famero de pessoas presentes, e sof\u00e1s modulares permitem diferentes arranjos para atender \u00e0s necessidades do momento.<\/li>\n<\/ol>\n<p><img decoding=\"async\" class=\"alignnone wp-image-44964 size-full\" title=\"Sala de Estar e Jantar Integradas: Design Moderno e Pr\u00e1tico\" src=\"https:\/\/www.aarquiteta.com.br\/blog\/wp-content\/uploads\/2022\/03\/Dicas-de-como-fazer-uma-sala-com-dois-ambientes.4.jpg\" alt=\"Sala de Estar e Jantar Integradas: Design Moderno e Pr\u00e1tico\" width=\"700\" height=\"400\" srcset=\"https:\/\/www.aarquiteta.com.br\/blog\/wp-content\/uploads\/2022\/03\/Dicas-de-como-fazer-uma-sala-com-dois-ambientes.4.jpg 700w, https:\/\/www.aarquiteta.com.br\/blog\/wp-content\/uploads\/2022\/03\/Dicas-de-como-fazer-uma-sala-com-dois-ambientes.4-696x398.jpg 696w, https:\/\/www.aarquiteta.com.br\/blog\/wp-content\/uploads\/2022\/03\/Dicas-de-como-fazer-uma-sala-com-dois-ambientes.4-150x86.jpg 150w\" sizes=\"(max-width: 700px) 100vw, 700px\" \/><\/p>\n<ul>\n<li>\n<h3>Ideias Inspiradoras<\/h3>\n<p>Agora que voc\u00ea est\u00e1 familiarizado com as vantagens e dicas de decora\u00e7\u00e3o, vamos explorar algumas ideias inspiradoras para sua sala de jantar e sala de estar integrada:<\/p>\n<ol>\n<li><strong>Estilo Minimalista<\/strong>: Uma abordagem minimalista com tons neutros, linhas limpas e m\u00f3veis modernos cria uma atmosfera elegante e sofisticada.<\/li>\n<li><strong>Toque R\u00fastico<\/strong>: Combine elementos de madeira, tijolos expostos e detalhes vintage para adicionar um charme r\u00fastico ao ambiente.<\/li>\n<li><strong>Estilo Escandinavo<\/strong>: Com cores claras, texturas aconchegantes e m\u00f3veis de design simples, voc\u00ea pode criar um espa\u00e7o escandinavo acolhedor e convidativo.<\/li>\n<li><strong>Sala de Jantar Informal<\/strong>: Se voc\u00ea prefere um ambiente descontra\u00eddo, opte por uma sala de jantar com bancada e banquetas altas, perfeitas para refei\u00e7\u00f5es r\u00e1pidas e informais.<\/li>\n<li><strong>Divis\u00f3rias Criativas<\/strong>: Se voc\u00ea deseja delimitar visualmente os espa\u00e7os sem adicionar paredes, considere o uso de divis\u00f3rias criativas, como estantes vazadas ou biombos decorativos.<\/li>\n<\/ol>\n<h2>Perguntas frequentes:<\/h2>\n<\/li>\n<\/ul>\n<figure id=\"attachment_80793\" aria-describedby=\"caption-attachment-80793\" style=\"width: 1456px\" class=\"wp-caption alignnone\"><img decoding=\"async\" class=\"wp-image-80793 size-full\" title=\"Sala de Jantar e Sala de Estar Integrada\" src=\"https:\/\/www.aarquiteta.com.br\/blog\/wp-content\/uploads\/2023\/05\/Sala-de-Jantar-e-Sala-de-Estar-Integrada.png\" alt=\"Sala de Jantar e Sala de Estar Integrada\" width=\"1456\" height=\"816\" srcset=\"https:\/\/www.aarquiteta.com.br\/blog\/wp-content\/uploads\/2023\/05\/Sala-de-Jantar-e-Sala-de-Estar-Integrada.png 1456w, https:\/\/www.aarquiteta.com.br\/blog\/wp-content\/uploads\/2023\/05\/Sala-de-Jantar-e-Sala-de-Estar-Integrada-1024x574.png 1024w, https:\/\/www.aarquiteta.com.br\/blog\/wp-content\/uploads\/2023\/05\/Sala-de-Jantar-e-Sala-de-Estar-Integrada-696x390.png 696w, https:\/\/www.aarquiteta.com.br\/blog\/wp-content\/uploads\/2023\/05\/Sala-de-Jantar-e-Sala-de-Estar-Integrada-150x84.png 150w\" sizes=\"(max-width: 1456px) 100vw, 1456px\" \/><figcaption id=\"caption-attachment-80793\" class=\"wp-caption-text\">Sala de Jantar e Sala de Estar Integrada.<\/figcaption><\/figure>\n<h2><\/h2>\n<p>Aqui est\u00e3o algumas perguntas frequentes sobre sala de jantar e sala de estar integrada:<\/p>\n<p><strong>1. Posso integrar a sala de jantar e sala de estar em uma casa pequena?<\/strong> Sim, a integra\u00e7\u00e3o desses espa\u00e7os \u00e9 especialmente ben\u00e9fica em ambientes compactos, pois maximiza o espa\u00e7o dispon\u00edvel.<\/p>\n<p><strong>2. \u00c9 poss\u00edvel criar diferentes atmosferas em ambas as \u00e1reas integradas?<\/strong> Sim, usando ilumina\u00e7\u00e3o adequada, m\u00f3veis estrat\u00e9gicos e elementos decorativos, voc\u00ea pode criar diferentes atmosferas em cada \u00e1rea.<\/p>\n<p><strong>3. Qual \u00e9 a melhor maneira de delimitar visualmente a sala de jantar e sala de estar?<\/strong> Voc\u00ea pode usar tapetes, m\u00f3veis posicionados estrategicamente, diferentes acabamentos de piso ou at\u00e9 mesmo n\u00edveis diferentes para criar uma distin\u00e7\u00e3o visual entre os espa\u00e7os.<\/p>\n<p><strong>4. Quais s\u00e3o as melhores cores para uma sala de jantar e sala de estar integrada?<\/strong> Cores neutras s\u00e3o uma escolha segura, mas voc\u00ea tamb\u00e9m pode adicionar toques de cor para criar destaque e personalidade.<\/p>\n<p><strong>5. Preciso de um projeto de design de interiores profissional para integrar esses espa\u00e7os?<\/strong> Embora seja recomendado buscar a ajuda de um profissional para obter os melhores resultados, voc\u00ea tamb\u00e9m pode pesquisar e se inspirar em ideias de decora\u00e7\u00e3o para realizar a integra\u00e7\u00e3o por conta pr\u00f3pria.<\/p>\n<p><strong>6. Como posso garantir que minha sala de jantar e sala de estar integrada seja funcional?<\/strong> Priorize m\u00f3veis vers\u00e1teis, considere a circula\u00e7\u00e3o de pessoas e certifique-se de que cada \u00e1rea atenda \u00e0s necessidades espec\u00edficas, como ilumina\u00e7\u00e3o adequada para a \u00e1rea de jantar e assentos confort\u00e1veis na \u00e1rea de estar.<\/p>\n<h2>Conclus\u00e3o<\/h2>\n<p>A integra\u00e7\u00e3o da sala de jantar e sala de estar \u00e9 uma solu\u00e7\u00e3o inteligente para aproveitar ao m\u00e1ximo o espa\u00e7o e promover um ambiente acolhedor. Ao seguir as dicas de decora\u00e7\u00e3o e explorar ideias inspiradoras, voc\u00ea pode criar um espa\u00e7o funcional e esteticamente agrad\u00e1vel.<\/p>\n<p>Lembre-se de considerar suas necessidades e prefer\u00eancias pessoais ao projetar sua sala de jantar e sala de estar integrada.<\/p>\n<p>Com um pouco de criatividade, voc\u00ea transformar\u00e1 sua casa em um local perfeito para reunir familiares e amigos, desfrutando de momentos memor\u00e1veis.<\/p>\n<h2>Sala de Jantar e Sala de Estar Integrada: Como Harmonizar Espa\u00e7os gastando pouco.<\/h2>\n<p>Ent\u00e3o deslize a tela para baixo e<a href=\"https:\/\/br.pinterest.com\/aarquitetapinterest\/_created\/\" target=\"_blank\" rel=\"noopener\"> confira mais dicas<\/a> como esta e n\u00e3o se esque\u00e7a de compartilhar com os amigos!<\/p>\n<p>Quer mais dicas sobre o mundo da Arquitetura e Decora\u00e7\u00e3o? Ent\u00e3o decore f\u00e1cil sem mist\u00e9rios, confira alguns dos nossos artigos em:<\/p>\n<ul>\n<li style=\"list-style-type: none;\">\n<ul>\n<li><a href=\"https:\/\/www.aarquiteta.com.br\/blog\/paisagismo\/\" target=\"_blank\" rel=\"noopener\">Casa e Jardim<\/a><\/li>\n<li><a href=\"https:\/\/www.aarquiteta.com.br\/blog\/arquitetura\/mundo-arquitetura\/\" target=\"_blank\" rel=\"noopener\">Mundo Arquitetura<\/a><\/li>\n<li><a href=\"https:\/\/www.aarquiteta.com.br\/decoracao\/\" target=\"_blank\" rel=\"noopener\">Decora\u00e7\u00e3o<br \/>\n<\/a><\/li>\n<\/ul>\n<\/li>\n<\/ul>\n<p>&nbsp;<\/p>\n","protected":false},"excerpt":{"rendered":"<p>Quando se trata de design de interiores, a integra\u00e7\u00e3o de ambientes tem se tornado uma tend\u00eancia popular. Uma das combina\u00e7\u00f5es mais desejadas \u00e9 a sala de jantar e sala de estar integrada. Essa uni\u00e3o harmoniosa proporciona uma sensa\u00e7\u00e3o de fluidez e amplitude, al\u00e9m de facilitar a intera\u00e7\u00e3o entre os espa\u00e7os. Neste artigo, exploraremos as vantagens [&hellip;]<\/p>\n","protected":false},"author":102,"featured_media":44960,"comment_status":"closed","ping_status":"closed","sticky":false,"template":"","format":"standard","meta":{"footnotes":""},"categories":[1484,18751,18752],"tags":[27762,27765,27763,27764,27761],"class_list":["post-80792","post","type-post","status-publish","format-standard","has-post-thumbnail","category-decoracao","category-decoracao-sala-de-estar","category-decoracao-sala-de-jantar","tag-cores-sala-estar-jantar-integrada","tag-decoracao-sala-estar-jantar-integrada","tag-iluminacao-sala-estar-jantar-integrada","tag-moveis-sala-estar-jantar-integrada","tag-pisos-sala-estar-jantar-integrada"],"_wp_attached_file":null,"_wp_attachment_metadata":null,"_wp_attachment_context":null,"_wp_attachment_is_custom_header":null,"geo_longitude":null,"geo_public":null,"geo_latitude":null,"_publicize_done_external":null,"_wpas_done_3897181":null,"publicize_twitter_user":null,"_wpas_done_3897175":null,"_wpas_skip_3897181":null,"_wpas_skip_3897175":null,"_wpas_skip_3924723":null,"_wpas_mess":null,"_wpas_done_3924723":null,"wps_subtitle":"\tDescubra dicas essenciais para harmonizar sua sala de jantar e estar de maneira elegante e funcional.","_links":{"self":[{"href":"https:\/\/www.aarquiteta.com.br\/blog\/wp-json\/wp\/v2\/posts\/80792","targetHints":{"allow":["GET"]}}],"collection":[{"href":"https:\/\/www.aarquiteta.com.br\/blog\/wp-json\/wp\/v2\/posts"}],"about":[{"href":"https:\/\/www.aarquiteta.com.br\/blog\/wp-json\/wp\/v2\/types\/post"}],"author":[{"embeddable":true,"href":"https:\/\/www.aarquiteta.com.br\/blog\/wp-json\/wp\/v2\/users\/102"}],"replies":[{"embeddable":true,"href":"https:\/\/www.aarquiteta.com.br\/blog\/wp-json\/wp\/v2\/comments?post=80792"}],"version-history":[{"count":0,"href":"https:\/\/www.aarquiteta.com.br\/blog\/wp-json\/wp\/v2\/posts\/80792\/revisions"}],"wp:featuredmedia":[{"embeddable":true,"href":"https:\/\/www.aarquiteta.com.br\/blog\/wp-json\/wp\/v2\/media\/44960"}],"wp:attachment":[{"href":"https:\/\/www.aarquiteta.com.br\/blog\/wp-json\/wp\/v2\/media?parent=80792"}],"wp:term":[{"taxonomy":"category","embeddable":true,"href":"https:\/\/www.aarquiteta.com.br\/blog\/wp-json\/wp\/v2\/categories?post=80792"},{"taxonomy":"post_tag","embeddable":true,"href":"https:\/\/www.aarquiteta.com.br\/blog\/wp-json\/wp\/v2\/tags?post=80792"}],"curies":[{"name":"wp","href":"https:\/\/api.w.org\/{rel}","templated":true}]}}