{"id":80349,"date":"2023-05-15T06:00:00","date_gmt":"2023-05-15T09:00:00","guid":{"rendered":"http:\/\/aarquiteta.com.br\/?p=80349"},"modified":"2024-07-01T11:45:14","modified_gmt":"2024-07-01T14:45:14","slug":"jardins-verticais-em-muros","status":"publish","type":"post","link":"https:\/\/www.aarquiteta.com.br\/blog\/jardins-verticais-em-muros\/","title":{"rendered":"Jardins Verticais em Muros: Dicas Profissionais para Criar e Manter."},"content":{"rendered":"<div class=\"group w-full text-gray-800 dark:text-gray-100 border-b border-black\/10 dark:border-gray-900\/50 bg-gray-50 dark:bg-[#444654] sm:AIPRM__conversation__response\">\n<div class=\"flex p-4 gap-4 text-base md:gap-6 md:max-w-2xl lg:max-w-xl xl:max-w-3xl md:py-6 lg:px-0 m-auto\">\n<div class=\"relative flex flex-col w-[calc(100%-50px)] gap-1 md:gap-3 lg:w-[calc(100%-115px)]\">\n<div class=\"flex flex-grow flex-col gap-3\">\n<div class=\"min-h-[20px] flex flex-col items-start gap-4 whitespace-pre-wrap break-words\">\n<div class=\"markdown prose w-full break-words dark:prose-invert dark AIPRM__conversation__response\">\n<p>O conceito de jardins verticais tem ganhado cada vez mais popularidade na arquitetura paisag\u00edstica, oferecendo uma solu\u00e7\u00e3o criativa e esteticamente agrad\u00e1vel para transformar muros em espa\u00e7os verdes.<\/p>\n<p>Esses jardins suspensos n\u00e3o apenas agregam beleza aos ambientes, mas tamb\u00e9m trazem benef\u00edcios ambientais, como a melhoria da qualidade do ar e o aumento da biodiversidade urbana. Se voc\u00ea est\u00e1 interessado em criar e cuidar de um jardim vertical em um muro, este artigo fornecer\u00e1 um guia passo a passo para ajud\u00e1-lo nesse processo.<\/p>\n<h2><strong>1. Planejando o Seu Jardim Vertical<\/strong><\/h2>\n<figure id=\"attachment_80350\" aria-describedby=\"caption-attachment-80350\" style=\"width: 1456px\" class=\"wp-caption alignnone\"><img decoding=\"async\" class=\"wp-image-80350 size-full\" title=\"jardins verticias com muros \" src=\"https:\/\/www.aarquiteta.com.br\/blog\/wp-content\/uploads\/2023\/05\/jardins-verticias-com-muros.png\" alt=\"jardins verticias com muros \" width=\"1456\" height=\"816\" srcset=\"https:\/\/www.aarquiteta.com.br\/blog\/wp-content\/uploads\/2023\/05\/jardins-verticias-com-muros.png 1456w, https:\/\/www.aarquiteta.com.br\/blog\/wp-content\/uploads\/2023\/05\/jardins-verticias-com-muros-1024x574.png 1024w, https:\/\/www.aarquiteta.com.br\/blog\/wp-content\/uploads\/2023\/05\/jardins-verticias-com-muros-696x390.png 696w, https:\/\/www.aarquiteta.com.br\/blog\/wp-content\/uploads\/2023\/05\/jardins-verticias-com-muros-150x84.png 150w\" sizes=\"(max-width: 1456px) 100vw, 1456px\" \/><figcaption id=\"caption-attachment-80350\" class=\"wp-caption-text\">jardins verticias com muros<\/figcaption><\/figure>\n<p>Antes de iniciar o projeto, \u00e9 importante fazer um planejamento cuidadoso para garantir que seu jardim vertical seja bem-sucedido. Aqui est\u00e3o algumas etapas essenciais:<\/p>\n<h3><strong>1.1. Escolha do Local<\/strong><\/h3>\n<p>Selecione um muro adequado para o seu jardim vertical. Considere a quantidade de luz solar que o local recebe e certifique-se de que o muro tenha uma estrutura s\u00f3lida para suportar o peso das plantas e do sistema de irriga\u00e7\u00e3o.<\/p>\n<h3><strong>1.2. Sele\u00e7\u00e3o das Plantas<\/strong><\/h3>\n<p>Opte por plantas adequadas para o seu jardim vertical. Considere fatores como a exposi\u00e7\u00e3o ao sol, umidade e as condi\u00e7\u00f5es clim\u00e1ticas da regi\u00e3o. Escolha plantas que sejam visualmente atraentes e que se adaptem bem ao cultivo vertical, como samambaias, heras e plantas suculentas.<\/p>\n<h3><strong>1.3. Sistema de Irriga\u00e7\u00e3o<\/strong><\/h3>\n<p>Decida qual sistema de irriga\u00e7\u00e3o ser\u00e1 utilizado. Existem diferentes op\u00e7\u00f5es dispon\u00edveis, desde sistemas de gotejamento automatizados at\u00e9 irriga\u00e7\u00e3o manual. Certifique-se de que o sistema escolhido seja adequado para as necessidades das plantas e do ambiente.<\/p>\n<h3><strong>1.4. Estrutura de Suporte<\/strong><\/h3>\n<p>Planeje a estrutura de suporte para o seu jardim vertical. Podem ser utilizadas treli\u00e7as, pain\u00e9is de madeira ou mesmo sistemas modulares espec\u00edficos para jardins verticais. Certifique-se de que a estrutura seja robusta e capaz de suportar o peso do jardim vertical.<\/p>\n<h2><strong>2. Montando o Jardim Vertical<\/strong><\/h2>\n<figure id=\"attachment_80352\" aria-describedby=\"caption-attachment-80352\" style=\"width: 1456px\" class=\"wp-caption alignnone\"><img decoding=\"async\" class=\"wp-image-80352 size-full\" title=\"jardins verticias com muros \" src=\"https:\/\/www.aarquiteta.com.br\/blog\/wp-content\/uploads\/2023\/05\/jardins-verticias-com-muros-4.png\" alt=\"jardins verticias com muros \" width=\"1456\" height=\"816\" srcset=\"https:\/\/www.aarquiteta.com.br\/blog\/wp-content\/uploads\/2023\/05\/jardins-verticias-com-muros-4.png 1456w, https:\/\/www.aarquiteta.com.br\/blog\/wp-content\/uploads\/2023\/05\/jardins-verticias-com-muros-4-1024x574.png 1024w, https:\/\/www.aarquiteta.com.br\/blog\/wp-content\/uploads\/2023\/05\/jardins-verticias-com-muros-4-696x390.png 696w, https:\/\/www.aarquiteta.com.br\/blog\/wp-content\/uploads\/2023\/05\/jardins-verticias-com-muros-4-150x84.png 150w\" sizes=\"(max-width: 1456px) 100vw, 1456px\" \/><figcaption id=\"caption-attachment-80352\" class=\"wp-caption-text\">jardins verticias com muros<\/figcaption><\/figure>\n<p>Agora que voc\u00ea fez o planejamento adequado, \u00e9 hora de montar o seu jardim vertical. Siga estas etapas para garantir uma instala\u00e7\u00e3o adequada:<\/p>\n<h3><strong>2.1. Prepara\u00e7\u00e3o do Muro<\/strong><\/h3>\n<p>Prepare o muro removendo qualquer sujeira, musgo ou res\u00edduos soltos. Certifique-se de que a superf\u00edcie esteja limpa e livre de impurezas antes de prosseguir.<\/p>\n<h3><strong>2.2. Instala\u00e7\u00e3o da Estrutura de Suporte<\/strong><\/h3>\n<p>Instale a estrutura de suporte segundo o planejamento pr\u00e9vio. Certifique-se de fix\u00e1-la corretamente ao muro, garantindo estabilidade e seguran\u00e7a.<\/p>\n<h3><strong>2.3. Prepara\u00e7\u00e3o dos Vasos ou Recipientes<\/strong><\/h3>\n<p>Prepare os vasos ou recipientes onde as plantas ser\u00e3o cultivadas. Certifique-se de que eles tenham boa drenagem e sejam adequados para o cultivo vertical.<\/p>\n<h3><strong>2.4. Plantio das plantas<\/strong><\/h3>\n<figure id=\"attachment_80354\" aria-describedby=\"caption-attachment-80354\" style=\"width: 1456px\" class=\"wp-caption alignnone\"><img decoding=\"async\" class=\"wp-image-80354 size-full\" title=\"jardins verticias com muros \" src=\"https:\/\/www.aarquiteta.com.br\/blog\/wp-content\/uploads\/2023\/05\/jardins-verticias-com-muros-2.png\" alt=\"jardins verticias com muros \" width=\"1456\" height=\"816\" srcset=\"https:\/\/www.aarquiteta.com.br\/blog\/wp-content\/uploads\/2023\/05\/jardins-verticias-com-muros-2.png 1456w, https:\/\/www.aarquiteta.com.br\/blog\/wp-content\/uploads\/2023\/05\/jardins-verticias-com-muros-2-1024x574.png 1024w, https:\/\/www.aarquiteta.com.br\/blog\/wp-content\/uploads\/2023\/05\/jardins-verticias-com-muros-2-696x390.png 696w, https:\/\/www.aarquiteta.com.br\/blog\/wp-content\/uploads\/2023\/05\/jardins-verticias-com-muros-2-150x84.png 150w\" sizes=\"(max-width: 1456px) 100vw, 1456px\" \/><figcaption id=\"caption-attachment-80354\" class=\"wp-caption-text\">jardins verticias com muros<\/figcaption><\/figure>\n<div class=\"flex justify-between lg:block\">\n<div class=\"text-gray-400 flex self-end lg:self-center justify-center mt-2 gap-2 md:gap-3 lg:gap-1 lg:absolute lg:top-0 lg:translate-x-full lg:right-0 lg:mt-0 lg:pl-2 visible\">\n<div class=\"group w-full text-gray-800 dark:text-gray-100 border-b border-black\/10 dark:border-gray-900\/50 dark:bg-gray-800\">\n<div class=\"flex p-4 gap-4 text-base md:gap-6 md:max-w-2xl lg:max-w-xl xl:max-w-3xl md:py-6 lg:px-0 m-auto\">\n<div class=\"flex-shrink-0 flex flex-col relative items-end\">\n<div class=\"w-[30px]\">\n<p><img alt=\"\" aria-hidden=\"true\" \/>Agora \u00e9 hora de plantar as suas plantas no jardim vertical. Siga estas etapas:<\/p>\n<div class=\"group w-full text-gray-800 dark:text-gray-100 border-b border-black\/10 dark:border-gray-900\/50 bg-gray-50 dark:bg-[#444654] sm:AIPRM__conversation__response\">\n<div class=\"flex p-4 gap-4 text-base md:gap-6 md:max-w-2xl lg:max-w-xl xl:max-w-3xl md:py-6 lg:px-0 m-auto\">\n<div class=\"relative flex flex-col w-[calc(100%-50px)] gap-1 md:gap-3 lg:w-[calc(100%-115px)]\">\n<div class=\"flex flex-grow flex-col gap-3\">\n<div class=\"min-h-[20px] flex flex-col items-start gap-4 whitespace-pre-wrap break-words\">\n<div class=\"markdown prose w-full break-words dark:prose-invert dark AIPRM__conversation__response\">\n<ol>\n<li>Encha os vasos ou recipientes com um substrato adequado, como uma mistura de solo leve e nutritiva.<\/li>\n<li>Fa\u00e7a pequenos buracos no substrato e coloque as plantas cuidadosamente, garantindo que as ra\u00edzes fiquem bem cobertas.<\/li>\n<li>Certifique-se de que as plantas estejam bem espa\u00e7adas para permitir o crescimento adequado.<\/li>\n<li>Pressione suavemente o substrato ao redor das plantas para fix\u00e1-las.<\/li>\n<li>Ap\u00f3s o plantio, regue as plantas de maneira adequada, evitando o encharcamento.<\/li>\n<\/ol>\n<h3><strong>2.5. Cuidados e Manuten\u00e7\u00e3o<\/strong><\/h3>\n<p>Um jardim vertical requer cuidados regulares para se manter saud\u00e1vel e bonito. Aqui est\u00e3o algumas dicas importantes:<\/p>\n<ol>\n<li>Regue as plantas regularmente, de acordo com as necessidades de cada esp\u00e9cie. Verifique a umidade do substrato antes de regar novamente.<\/li>\n<li>Fertilize as plantas periodicamente para fornecer os nutrientes necess\u00e1rios. Utilize fertilizantes org\u00e2nicos ou espec\u00edficos para plantas verticais.<\/li>\n<li>Monitore o crescimento das plantas e fa\u00e7a a poda quando necess\u00e1rio. Remova folhas mortas ou danificadas para manter o aspecto est\u00e9tico do jardim.<\/li>\n<li>Fique atento a pragas e doen\u00e7as. Caso identifique algum problema, trate as plantas adequadamente, utilizando m\u00e9todos org\u00e2nicos ou consultando um especialista.<\/li>\n<li>Realize inspe\u00e7\u00f5es regulares na estrutura de suporte e fa\u00e7a os ajustes necess\u00e1rios para garantir estabilidade e seguran\u00e7a.<\/li>\n<\/ol>\n<h2><strong>Conclus\u00e3o<\/strong><\/h2>\n<figure id=\"attachment_80351\" aria-describedby=\"caption-attachment-80351\" style=\"width: 1456px\" class=\"wp-caption alignnone\"><img decoding=\"async\" class=\"wp-image-80351 size-full\" title=\"jardins verticias com muros \" src=\"https:\/\/www.aarquiteta.com.br\/blog\/wp-content\/uploads\/2023\/05\/jardins-verticias-com-muros-5.png\" alt=\"jardins verticias com muros \" width=\"1456\" height=\"816\" srcset=\"https:\/\/www.aarquiteta.com.br\/blog\/wp-content\/uploads\/2023\/05\/jardins-verticias-com-muros-5.png 1456w, https:\/\/www.aarquiteta.com.br\/blog\/wp-content\/uploads\/2023\/05\/jardins-verticias-com-muros-5-1024x574.png 1024w, https:\/\/www.aarquiteta.com.br\/blog\/wp-content\/uploads\/2023\/05\/jardins-verticias-com-muros-5-696x390.png 696w, https:\/\/www.aarquiteta.com.br\/blog\/wp-content\/uploads\/2023\/05\/jardins-verticias-com-muros-5-150x84.png 150w\" sizes=\"(max-width: 1456px) 100vw, 1456px\" \/><figcaption id=\"caption-attachment-80351\" class=\"wp-caption-text\">jardins verticias com muros<\/figcaption><\/figure>\n<p>Os jardins verticais em muros s\u00e3o uma forma inovadora de trazer beleza e natureza para os espa\u00e7os urbanos. Com um planejamento adequado, escolha das plantas certas e cuidados regulares, voc\u00ea pode criar um jardim vertical deslumbrante em seu muro.<\/p>\n<p>Lembre-se de considerar as necessidades de cada planta e adaptar os cuidados de acordo. Aproveite os benef\u00edcios est\u00e9ticos e ambientais que um jardim vertical pode oferecer.<\/p>\n<h2><strong>FAQs (Perguntas Frequentes)<\/strong><\/h2>\n<figure id=\"attachment_80355\" aria-describedby=\"caption-attachment-80355\" style=\"width: 1456px\" class=\"wp-caption alignnone\"><img decoding=\"async\" class=\"wp-image-80355 size-full\" title=\"jardins verticias com muros \" src=\"https:\/\/www.aarquiteta.com.br\/blog\/wp-content\/uploads\/2023\/05\/jardins-verticias-com-muros-1.png\" alt=\"jardins verticias com muros \" width=\"1456\" height=\"816\" srcset=\"https:\/\/www.aarquiteta.com.br\/blog\/wp-content\/uploads\/2023\/05\/jardins-verticias-com-muros-1.png 1456w, https:\/\/www.aarquiteta.com.br\/blog\/wp-content\/uploads\/2023\/05\/jardins-verticias-com-muros-1-1024x574.png 1024w, https:\/\/www.aarquiteta.com.br\/blog\/wp-content\/uploads\/2023\/05\/jardins-verticias-com-muros-1-696x390.png 696w, https:\/\/www.aarquiteta.com.br\/blog\/wp-content\/uploads\/2023\/05\/jardins-verticias-com-muros-1-150x84.png 150w\" sizes=\"(max-width: 1456px) 100vw, 1456px\" \/><figcaption id=\"caption-attachment-80355\" class=\"wp-caption-text\">jardins verticias com muros<\/figcaption><\/figure>\n<h3><strong>1. Quais s\u00e3o os benef\u00edcios de um jardim vertical em muros?<\/strong><\/h3>\n<p>Os benef\u00edcios incluem a melhoria da qualidade do ar, aumento da biodiversidade urbana, isolamento t\u00e9rmico e ac\u00fastico, al\u00e9m de proporcionar um ambiente visualmente agrad\u00e1vel.<\/p>\n<h3><strong>2. Posso criar um jardim vertical em qualquer tipo de muro?<\/strong><\/h3>\n<p>\u00c9 importante escolher um muro com estrutura s\u00f3lida e boa exposi\u00e7\u00e3o solar. Muros de concreto ou alvenaria s\u00e3o ideais.<\/p>\n<h3><strong>3. Quais plantas s\u00e3o mais adequadas para jardins verticais?<\/strong><\/h3>\n<p>Plantas como samambaias, heras, plantas suculentas e trepadeiras s\u00e3o excelentes op\u00e7\u00f5es para jardins verticais.<\/p>\n<h3><strong>4. Como devo regar um jardim vertical?<\/strong><\/h3>\n<p>Regue as plantas regularmente, verificando a umidade do substrato antes de cada rega. Evite o encharcamento.<\/p>\n<div class=\"group w-full text-gray-800 dark:text-gray-100 border-b border-black\/10 dark:border-gray-900\/50 bg-gray-50 dark:bg-[#444654] sm:AIPRM__conversation__response\">\n<div class=\"flex p-4 gap-4 text-base md:gap-6 md:max-w-2xl lg:max-w-xl xl:max-w-3xl md:py-6 lg:px-0 m-auto\">\n<div class=\"flex-shrink-0 flex flex-col relative items-end\">\n<div class=\"w-[30px]\"><strong style=\"color: #111111; font-family: Roboto, sans-serif; font-size: 27px;\">5. Posso instalar um jardim vertical em espa\u00e7os internos?<\/strong><\/div>\n<\/div>\n<div class=\"relative flex flex-col w-[calc(100%-50px)] gap-1 md:gap-3 lg:w-[calc(100%-115px)]\">\n<div class=\"flex flex-grow flex-col gap-3\">\n<div class=\"min-h-[20px] flex flex-col items-start gap-4 whitespace-pre-wrap break-words\">\n<div class=\"markdown prose w-full break-words dark:prose-invert dark AIPRM__conversation__response\">\n<p>Sim, \u00e9 poss\u00edvel instalar um jardim vertical em espa\u00e7os internos, como salas, escrit\u00f3rios ou at\u00e9 mesmo banheiros. Certifique-se de escolher plantas que se adaptem bem a ambientes fechados e considerar a disponibilidade de luz adequada.<\/p>\n<h3><strong>6. Quanto tempo leva para um jardim vertical se desenvolver?<\/strong><\/h3>\n<p>O tempo de desenvolvimento do jardim vertical pode variar dependendo das plantas escolhidas. Geralmente, leva alguns meses para que as plantas se estabele\u00e7am e comecem a se desenvolver plenamente.<\/p>\n<h3><strong>7. Posso fazer um jardim vertical em um muro j\u00e1 existente?<\/strong><\/h3>\n<p>Sim, \u00e9 poss\u00edvel criar um jardim vertical em um muro j\u00e1 existente. Certifique-se de que o muro esteja em boas condi\u00e7\u00f5es estruturais e fa\u00e7a os preparativos adequados antes da instala\u00e7\u00e3o.<\/p>\n<h3><strong>8. \u00c9 necess\u00e1rio contratar um profissional para criar um jardim vertical?<\/strong><\/h3>\n<p>N\u00e3o \u00e9 obrigat\u00f3rio, mas a orienta\u00e7\u00e3o de um profissional pode ser \u00fatil, principalmente se voc\u00ea n\u00e3o tiver experi\u00eancia pr\u00e9via. Um especialista poder\u00e1 auxiliar na escolha das plantas, na instala\u00e7\u00e3o da estrutura de suporte e nos cuidados necess\u00e1rios.<\/p>\n<h3><strong>9. O jardim vertical requer muita manuten\u00e7\u00e3o?<\/strong><\/h3>\n<p>Embora o jardim vertical exija cuidados regulares, a quantidade de manuten\u00e7\u00e3o necess\u00e1ria pode ser gerenci\u00e1vel. Com uma rotina adequada de rega, aduba\u00e7\u00e3o e poda, seu jardim vertical pode se manter saud\u00e1vel e bonito.<\/p>\n<p>&nbsp;<\/p>\n<\/div>\n<\/div>\n<\/div>\n<\/div>\n<\/div>\n<\/div>\n<\/div>\n<\/div>\n<\/div>\n<\/div>\n<\/div>\n<\/div>\n<\/div>\n<\/div>\n<\/div>\n<\/div>\n<\/div>\n<\/div>\n<\/div>\n<\/div>\n<\/div>\n<\/div>\n<\/div>\n<\/div>\n","protected":false},"excerpt":{"rendered":"<p>O conceito de jardins verticais tem ganhado cada vez mais popularidade na arquitetura paisag\u00edstica, oferecendo uma solu\u00e7\u00e3o criativa e esteticamente agrad\u00e1vel para transformar muros em espa\u00e7os verdes. Esses jardins suspensos n\u00e3o apenas agregam beleza aos ambientes, mas tamb\u00e9m trazem benef\u00edcios ambientais, como a melhoria da qualidade do ar e o aumento da biodiversidade urbana. Se [&hellip;]<\/p>\n","protected":false},"author":20,"featured_media":80353,"comment_status":"closed","ping_status":"closed","sticky":false,"template":"","format":"standard","meta":{"footnotes":""},"categories":[10005,9612,35332],"tags":[],"class_list":["post-80349","post","type-post","status-publish","format-standard","has-post-thumbnail","category-casa-e-jardim","category-jardinagem","category-muros"],"_wp_attached_file":null,"_wp_attachment_metadata":null,"_wp_attachment_context":null,"_wp_attachment_is_custom_header":null,"geo_longitude":null,"geo_public":null,"geo_latitude":null,"_publicize_done_external":null,"_wpas_done_3897181":null,"publicize_twitter_user":null,"_wpas_done_3897175":null,"_wpas_skip_3897181":null,"_wpas_skip_3897175":null,"_wpas_skip_3924723":null,"_wpas_mess":null,"_wpas_done_3924723":null,"wps_subtitle":"Descubra como criar e cuidar de um jardim vertical em muros. Nossas dicas profissionais ajudar\u00e3o voc\u00ea a tornar seu espa\u00e7o verde um verdadeiro o\u00e1sis.","_links":{"self":[{"href":"https:\/\/www.aarquiteta.com.br\/blog\/wp-json\/wp\/v2\/posts\/80349","targetHints":{"allow":["GET"]}}],"collection":[{"href":"https:\/\/www.aarquiteta.com.br\/blog\/wp-json\/wp\/v2\/posts"}],"about":[{"href":"https:\/\/www.aarquiteta.com.br\/blog\/wp-json\/wp\/v2\/types\/post"}],"author":[{"embeddable":true,"href":"https:\/\/www.aarquiteta.com.br\/blog\/wp-json\/wp\/v2\/users\/20"}],"replies":[{"embeddable":true,"href":"https:\/\/www.aarquiteta.com.br\/blog\/wp-json\/wp\/v2\/comments?post=80349"}],"version-history":[{"count":0,"href":"https:\/\/www.aarquiteta.com.br\/blog\/wp-json\/wp\/v2\/posts\/80349\/revisions"}],"wp:featuredmedia":[{"embeddable":true,"href":"https:\/\/www.aarquiteta.com.br\/blog\/wp-json\/wp\/v2\/media\/80353"}],"wp:attachment":[{"href":"https:\/\/www.aarquiteta.com.br\/blog\/wp-json\/wp\/v2\/media?parent=80349"}],"wp:term":[{"taxonomy":"category","embeddable":true,"href":"https:\/\/www.aarquiteta.com.br\/blog\/wp-json\/wp\/v2\/categories?post=80349"},{"taxonomy":"post_tag","embeddable":true,"href":"https:\/\/www.aarquiteta.com.br\/blog\/wp-json\/wp\/v2\/tags?post=80349"}],"curies":[{"name":"wp","href":"https:\/\/api.w.org\/{rel}","templated":true}]}}