{"id":801,"date":"2014-09-04T14:10:24","date_gmt":"2014-09-04T17:10:24","guid":{"rendered":"http:\/\/aarquiteta.com.br\/?p=801"},"modified":"2024-08-23T10:59:34","modified_gmt":"2024-08-23T13:59:34","slug":"tcc-arquitetura-edificio-assistencial-idoso","status":"publish","type":"post","link":"https:\/\/www.aarquiteta.com.br\/blog\/tcc-arquitetura-edificio-assistencial-idoso\/","title":{"rendered":"Meu TCC de Arquitetura &#8211; Edif\u00edcio Assistencial ao Idoso, Inspire-se!"},"content":{"rendered":"<p>Recordar \u00e9 viver. Hoje tenho para voc\u00eas um artigo especial,\u00a0o meu\u00a0TCC de arquitetura.<\/p>\n<p>Foi muito acessado na \u00e9poca e digamos que fez um &#8220;sucessinho&#8221;. \u00a0Por isso, vou compartilhar com voc\u00eas.<\/p>\n<h2 style=\"text-align: justify;\">TCC de arquitetura<\/h2>\n<p style=\"text-align: justify;\">O TCC de arquitetura, voc\u00eas sabem, \u00e9 um projeto onde o estudante de arquitetura deve desenvolver com o auxilio de um professor orientador durante todo o ultimo ano da vida acad\u00eamica.<\/p>\n<p style=\"text-align: justify;\">Durante esse per\u00edodo o aluno faz muitas pesquisas de estudos de caso.<\/p>\n<p style=\"text-align: justify;\">O projeto passa por varias mudan\u00e7as at\u00e9 chegar no m\u00e1ximo da perfei\u00e7\u00e3o de acordo com a capacidade que o aluno pode alcan\u00e7ar.<\/p>\n<p style=\"text-align: justify;\">O TCC de arquitetura pode ser o terror de v\u00e1rios estudantes que o temem por receio de serem reprovados durante o processo de avalia\u00e7\u00e3o, mas eu sempre digo, fa\u00e7a com amor e muita pesquisa que tudo dar\u00e1 certo no final.<\/p>\n<p style=\"text-align: justify;\">Os advogados ao se formarem precisam fazer o exame da ordem para poderem exercerem a sua profiss\u00e3o, n\u00f3s arquitetos temos que apresentar o TCC!<\/p>\n<p style=\"text-align: justify;\">Eu prefiro o TCC&#8230; pode ser dif\u00edcil, mas n\u00e3o \u00e9 imposs\u00edvel. Ele exige muito estudo e disciplina, basta fazer sua parte que o professor orientador lhe dar\u00e1 todo o suporte necess\u00e1rio para que voc\u00ea chegue no resultado desejado.<\/p>\n<h2 style=\"text-align: justify;\">O\u00a0meu TCC de Arquitetura<\/h2>\n<p style=\"text-align: justify;\">Quando eu olho&#8230;. bom.. deixa pra l\u00e1&#8230; faz parte!<\/p>\n<p><img decoding=\"async\" class=\"alignright size-full wp-image-13762\" src=\"https:\/\/www.aarquiteta.com.br\/blog\/wp-content\/uploads\/2016\/06\/banner-post-tcc.jpg\" alt=\"\" width=\"300\" height=\"300\" title=\"\" srcset=\"https:\/\/www.aarquiteta.com.br\/blog\/wp-content\/uploads\/2016\/06\/banner-post-tcc.jpg 300w, https:\/\/www.aarquiteta.com.br\/blog\/wp-content\/uploads\/2016\/06\/banner-post-tcc-96x96.jpg 96w, https:\/\/www.aarquiteta.com.br\/blog\/wp-content\/uploads\/2016\/06\/banner-post-tcc-150x150.jpg 150w\" sizes=\"(max-width: 300px) 100vw, 300px\" \/><\/p>\n<p style=\"text-align: justify;\">Mas que as vezes d\u00e1 uma certa constrangida na gente d\u00e1&#8230; Acontece com todo mundo que se forma e depois olha pra traz e v\u00ea os trabalhos&#8230;<\/p>\n<p style=\"text-align: justify;\">Pelo menos a apresenta\u00e7\u00e3o t\u00e1 bacaninha, foi na lousa mesmo sem nada de tecnologia&#8230;<\/p>\n<p style=\"text-align: justify;\">Nessa \u00e9poca eu dava muita aula de AutoCAD presencial ent\u00e3o meio que arrasei nos desenhos se comparado aos colegas que eram meio crus ainda&#8230;<\/p>\n<p style=\"text-align: justify;\">O tema do meu TCC de arquitetura foi um\u00a0<strong>Edif\u00edcio Assistencial ao Idoso, <\/strong>para isso fiz muito estudo de caso pois o assunto na \u00e9poca era pouco conhecido mas deu pra achar alguns casos interessantes e fazer uma boa monografia.<\/p>\n<h3 style=\"text-align: justify;\"><\/h3>\n<h3 style=\"text-align: justify;\">Sobre o meu TCC de Arquitetura<\/h3>\n<p style=\"text-align: justify;\">O trabalho consistiu em mostrar a atual situa\u00e7\u00e3o, as antigas e atuais proje\u00e7\u00f5es a respeito de um tema delicado, por\u00e9m real que h\u00e1 alguns anos saiu do cen\u00e1rio da expectativa do futuro para vir de encontro \u00e0 realidade presente: a situa\u00e7\u00e3o do idoso no Brasil e no Mundo.<\/p>\n<p style=\"text-align: justify;\">Foi mostrada a aten\u00e7\u00e3o que se despende ao segmento populacional que se encontrava em processo de envelhecimento, seus direitos definidos por leis, a preocupa\u00e7\u00e3o pela preserva\u00e7\u00e3o de sua autonomia na defesa de sua integridade f\u00edsica e moral, sua realidade e necessidades neste s\u00e9culo que se inicia assim como sua participa\u00e7\u00e3o no cen\u00e1rio globalizado.<\/p>\n<p>De acordo com dados de pesquisas realizadas pelo IBGE (Instituto Brasileiro de Geografia e Estat\u00edstica &#8211; 2000) atualmente a m\u00e9dia de tempo de vida da popula\u00e7\u00e3o vem aumentando consideravelmente e este aumento avan\u00e7ar\u00e1 em maiores propor\u00e7\u00f5es nos pr\u00f3ximos 20 anos.<\/p>\n<p>Com base nesses dados, no Hist\u00f3rico da Regi\u00e3o e nos levantamentos realizados durante o desenvolvimento do trabalho, foram apresentados os resultados desses estudos e suas diretrizes.<\/p>\n<p>Detectou-se uma car\u00eancia na estrutura urbana de edifica\u00e7\u00f5es e programas voltados a atividades para a terceira idade, tendo em vista as leis que protegem seus direitos e o que acontece na realidade.<\/p>\n<p>Com a finalidade de solucionar parte desse problema e gerar uma integra\u00e7\u00e3o social a esse segmento populacional associada a uma leitura das necessidades urbanas.<\/p>\n<p>Foi proposto a elabora\u00e7\u00e3o de um centro de conviv\u00eancia e apoio ao idoso, que teve como objetivo trabalhar o conceito de autonomia e qualidade de vida dos idosos com a promo\u00e7\u00e3o do envelhecimento saud\u00e1vel, dando continuidade \u00e0 vida social, para que nele fossem encontrados apoio, entretenimento e assist\u00eancia.<\/p>\n<p>A proposta tratou de um Projeto Arquitet\u00f4nico localizado na Regi\u00e3o Oeste da cidade de S\u00e3o Paulo, no Munic\u00edpio de Osasco-SP, em um bairro predominantemente residencial &#8211; Km 18.<\/p>\n<p>Esse edif\u00edcio proporcionaria ao idoso uma melhor qualidade de vida visando garantir o cumprimento de um dos seus direitos, num per\u00edodo onde a depend\u00eancia social isola e constrange.<\/p>\n<p style=\"text-align: justify;\">A primeira imagem eu fiz no <a href=\"https:\/\/www.aarquiteta.com.br\/curso-autocad-completo\/\" target=\"_blank\" rel=\"noopener noreferrer\">AutoCAD 3D<\/a>.<\/p>\n<p style=\"text-align: justify;\">\u00c9 uma imagem simples apenas para o estudo da volumetria do edif\u00edcio com o entorno.<\/p>\n<p><a href=\"https:\/\/www.aarquiteta.com.br\/blog\/wp-content\/uploads\/2013\/09\/Estudo-de-Volumetria-do-Entorno2.jpeg\"><img decoding=\"async\" class=\"aligncenter wp-image-802 size-full\" title=\"TCC de arquitetura\" src=\"https:\/\/www.aarquiteta.com.br\/blog\/wp-content\/uploads\/2013\/09\/Estudo-de-Volumetria-do-Entorno2.jpeg\" alt=\"Estudo de Volumetria do Entorno2\" width=\"640\" height=\"480\" srcset=\"https:\/\/www.aarquiteta.com.br\/blog\/wp-content\/uploads\/2013\/09\/Estudo-de-Volumetria-do-Entorno2.jpeg 640w, https:\/\/www.aarquiteta.com.br\/blog\/wp-content\/uploads\/2013\/09\/Estudo-de-Volumetria-do-Entorno2-150x113.jpeg 150w\" sizes=\"(max-width: 640px) 100vw, 640px\" \/><\/a><\/p>\n<p>&nbsp;<\/p>\n<p style=\"text-align: center;\">Desenho 3D Estudo do entorno<\/p>\n<p style=\"text-align: justify;\">Essa imagem foi inserida na prancha do estudo do entorno:<\/p>\n<p style=\"text-align: center;\"><a href=\"https:\/\/www.aarquiteta.com.br\/blog\/wp-content\/uploads\/2013\/09\/PRANCHA-DE-INSER\u00c7\u00c3O-URBANA.jpg\"><img decoding=\"async\" class=\"aligncenter wp-image-10469 size-large\" title=\"TCC de arquitetura\" src=\"https:\/\/www.aarquiteta.com.br\/blog\/wp-content\/uploads\/2013\/09\/PRANCHA-DE-INSER\u00c7\u00c3O-URBANA-1024x723.jpg\" alt=\"\" width=\"960\" height=\"678\"><\/a><\/p>\n<p style=\"text-align: center;\">Estudo completo do entorno onde seria o projeto<\/p>\n<h3 style=\"text-align: justify;\">Programa Edif\u00edcio Residencial para Idosos<\/h3>\n<h4 style=\"text-align: justify;\">Pavimento T\u00e9rreo<\/h4>\n<p style=\"text-align: justify;\">Encontra-se um grande hall de entrada com recep\u00e7\u00e3o, banheiros, espa\u00e7o ecum\u00eanico, administra\u00e7\u00e3o e dep\u00f3sito. Uma \u00e1rea reservada ao caseiro com dormit\u00f3rio, sala integrada com cozinha e banheiro. Assim como uma sala de monitoramento de seguran\u00e7a.<\/p>\n<p style=\"text-align: justify;\">Circula\u00e7\u00e3o vertical com Caixas de escadas, elevadores sociais e de servi\u00e7os assim como uma rampa com inclina\u00e7\u00e3o m\u00e1xima permitida para todos os andares.<\/p>\n<p style=\"text-align: justify;\">Duas entradas, uma principal voltada para a pra\u00e7a e uma secund\u00e1ria voltada para a rua da fachada Norte.<\/p>\n<p style=\"text-align: justify;\"><strong>Nos pavimentos tipos encontram-se os flats com 3 tipologias distintas.<\/strong><\/p>\n<p style=\"text-align: justify;\"><strong>A primeira:<\/strong>\u00a0Com sala de estar integrada a cozinha e a sala de jantar, com dormit\u00f3rio e banheiro para atender aos cadeirantes\u00a0voltadas para a fachada Norte.<\/p>\n<p style=\"text-align: justify;\"><strong>A Segunda:\u00a0<\/strong>Com sala de estar integrada a cozinha e sala jantar\u00a0e banheiro para atender aos cadeirantes.<\/p>\n<p style=\"text-align: justify;\"><strong>A terceira:<\/strong>\u00a0Com sala de estar integrada a cozinha e sala de jantar, dois dormit\u00f3rios para nos casos onde o idoso necessite de acompanhamento 24 h com cozinha banheiro para atender aos cadeirantes.<\/p>\n<p style=\"text-align: justify;\">Essa tipologia se encontra apenas nas laterais dos edif\u00edcios da fachada leste e oeste para fins de conforto t\u00e9rmico.<\/p>\n<p style=\"text-align: justify;\">A parte de servi\u00e7os e administra\u00e7\u00e3o\u00a0localizam-se\u00a0no terceiro\u00a0pavimento com sala de ger\u00eancia, arquivo, banheiros femininos e masculinos para os funcion\u00e1rios da administra\u00e7\u00e3o e diretoria, copa e banheiros femininos e masculinos para \u00e1rea de servi\u00e7o, todos voltados para a fachada Sul.<\/p>\n<p style=\"text-align: justify;\">Um pronto atendimento de emerg\u00eancia localiza-se pr\u00f3ximo ao elevador para fins de socorros e atendimento de observa\u00e7\u00e3o.<\/p>\n<p style=\"text-align: justify;\">Um grande hall com um vazio d\u00e1 um grande charme ao edif\u00edcio com espa\u00e7o para sala de estar intima para os moradores a fim de gerar integra\u00e7\u00e3o dos mesmos se evitar o isolamento.<\/p>\n<p style=\"text-align: justify;\">Esta sala aberta com varanda encontra-se voltada para a pra\u00e7a boulevard com vista para o terra\u00e7o do edif\u00edcio de apoio ao idoso<\/p>\n<p style=\"text-align: justify;\">Total de \u00c1rea Constru\u00edda: 2.240,00m2<\/p>\n<p style=\"text-align: justify;\"><strong><span style=\"text-align: left;\">\u00a0A seguir uma prancha com a conceitua\u00e7\u00e3o do projeto como um todo.<\/span><\/strong><\/p>\n<p style=\"text-align: justify;\">E a baixo algumas imagens em 3D e vistas no<a href=\"https:\/\/www.aarquiteta.com.br\/curso-autocad-completo\/\" target=\"_blank\" rel=\"noopener noreferrer\"> AutoCAD<\/a>:<\/p>\n<p style=\"text-align: center;\"><a href=\"https:\/\/www.aarquiteta.com.br\/blog\/wp-content\/uploads\/2013\/09\/PRANCHA-volumetrica-3d.jpg\"><img decoding=\"async\" class=\"aligncenter wp-image-809\" title=\"TCC de arquitetura\" src=\"https:\/\/www.aarquiteta.com.br\/blog\/wp-content\/uploads\/2013\/09\/PRANCHA-volumetrica-3d.jpg\" alt=\"PRANCHA volumetrica 3d\" width=\"644\" height=\"455\" srcset=\"https:\/\/www.aarquiteta.com.br\/blog\/wp-content\/uploads\/2013\/09\/PRANCHA-volumetrica-3d.jpg 2048w, https:\/\/www.aarquiteta.com.br\/blog\/wp-content\/uploads\/2013\/09\/PRANCHA-volumetrica-3d-1024x724.jpg 1024w, https:\/\/www.aarquiteta.com.br\/blog\/wp-content\/uploads\/2013\/09\/PRANCHA-volumetrica-3d-696x492.jpg 696w, https:\/\/www.aarquiteta.com.br\/blog\/wp-content\/uploads\/2013\/09\/PRANCHA-volumetrica-3d-150x106.jpg 150w\" sizes=\"(max-width: 644px) 100vw, 644px\" \/><\/a><\/p>\n<p>&nbsp;<\/p>\n<p style=\"text-align: justify;\"><strong>A setoriza\u00e7\u00e3o dos servi\u00e7os deste edif\u00edcio se divide em:<\/strong><\/p>\n<p style=\"text-align: justify;\"><strong>T\u00e9rreo:<\/strong>\u00a0\u00a0Hall de entrada Principal, Dep\u00f3sito e Circula\u00e7\u00e3o vertical com Caixas de escadas, elevadores sociais e de servi\u00e7os assim como uma rampa com inclina\u00e7\u00e3o m\u00e1xima permitida para todos os andares.<\/p>\n<p style=\"text-align: justify;\"><strong>Primeiro Pavimento:<\/strong>\u00a0Destinado ao Lazer:\u00a0Salas de Artesanato,\u00a0Pintura, Escultura, Musica, Espa\u00e7o Contemplativo e Espa\u00e7o para exposi\u00e7\u00f5es\u00a0com um p\u00e9 direito duplo. Sanit\u00e1rios femininos e masculinos\u00a0previstos\u00a0em todos os demais andares.<\/p>\n<p style=\"text-align: justify;\"><strong>Segundo Pavimento:\u00a0<\/strong>\u00a0Destinado a Gin\u00e1stica: \u00a0Grande espa\u00e7o para fitness e Piscina para Nata\u00e7\u00e3o e Hidrogin\u00e1stica com salas para os professores de gin\u00e1sticas e deposito para\u00a0equipamentos e objetos das aulas al\u00e9m de uma biblioteca com espa\u00e7o para pesquisa e leitura.<\/p>\n<p style=\"text-align: justify;\"><strong>Terceiro Pavimento:<\/strong>\u00a0Pra\u00e7a de Alimenta\u00e7\u00e3o: Sistema Self Service e as depend\u00eancias como: cozinha, banhos e vesti\u00e1rios para funcion\u00e1rios, deposito e despensa. E o mais interessante neste pavimento \u00e9 o grande terra\u00e7o\u00a0voltado para a pra\u00e7a central com vista para o outro edif\u00edcio residencial\u00a0.<\/p>\n<p style=\"text-align: justify;\"><strong>Quarto Pavimento:\u00a0<\/strong>Jogos:\u00a02\u00a0Salas que atendem \u00a0todos os tipos de jogos por eles apreciados com dois dep\u00f3sitos para armazenamento de objetos.<\/p>\n<p style=\"text-align: justify;\"><strong>Quinto Pavimento<\/strong>:\u00a0Servi\u00e7os de Sa\u00fade: Este pavimento conta com 5 consult\u00f3rios m\u00e9dicos para atendimento nas especialidades de psicologia, psiquiatria, clinico geral, nutricionista e geriatria. Salas de espera e farm\u00e1cia com recep\u00e7\u00e3o e banheiros independentes para os m\u00e9dicos.<\/p>\n<p style=\"text-align: justify;\">Total de \u00c1rea Constru\u00edda: 4.180,00 m\u00b2<\/p>\n<p style=\"text-align: justify;\"><strong>No subsolo<\/strong> est\u00e3o localizados os estacionamentos individuais\u00a0para cada edif\u00edcio contando com 39 vagas para o Residencial sendo 7 para cadeirantes e 50 para o Assistencial sendo 8 para cadeirantes totalizando o n\u00famero de 89 vagas contra 36 n\u00fameros de apartamentos.<\/p>\n<p style=\"text-align: justify;\">Eu modelei o pr\u00e9dio todinho no<a href=\"https:\/\/www.aarquiteta.com.br\/curso-autocad-completo\/\" target=\"_blank\" rel=\"noopener noreferrer\"> AutoCAD<\/a>, veja como ficou a modelagem com renderiza\u00e7\u00e3o neutra:<\/p>\n<p style=\"text-align: justify;\"><a href=\"https:\/\/www.aarquiteta.com.br\/blog\/wp-content\/uploads\/2013\/09\/PRANCHA-DE-INSER\u00c7\u00c3O-URBANA.jpg\"><br \/>\n<\/a> <a href=\"https:\/\/www.aarquiteta.com.br\/blog\/wp-content\/uploads\/2013\/09\/perspectiva1.jpg\"><img decoding=\"async\" class=\"aligncenter wp-image-805\" title=\"TCC de arquitetura\" src=\"https:\/\/www.aarquiteta.com.br\/blog\/wp-content\/uploads\/2013\/09\/perspectiva1.jpg\" alt=\"perspectiva1\" width=\"600\" height=\"326\" srcset=\"https:\/\/www.aarquiteta.com.br\/blog\/wp-content\/uploads\/2013\/09\/perspectiva1.jpg 1000w, https:\/\/www.aarquiteta.com.br\/blog\/wp-content\/uploads\/2013\/09\/perspectiva1-696x378.jpg 696w, https:\/\/www.aarquiteta.com.br\/blog\/wp-content\/uploads\/2013\/09\/perspectiva1-150x81.jpg 150w\" sizes=\"(max-width: 600px) 100vw, 600px\" \/><\/a><\/p>\n<p style=\"text-align: center;\"><a href=\"https:\/\/www.aarquiteta.com.br\/blog\/wp-content\/uploads\/2013\/09\/perspectiva-nordeste.jpg\"><img decoding=\"async\" class=\"aligncenter wp-image-804\" title=\"TCC de arquitetura\" src=\"https:\/\/www.aarquiteta.com.br\/blog\/wp-content\/uploads\/2013\/09\/perspectiva-nordeste.jpg\" alt=\"perspectiva nordeste\" width=\"600\" height=\"328\" srcset=\"https:\/\/www.aarquiteta.com.br\/blog\/wp-content\/uploads\/2013\/09\/perspectiva-nordeste.jpg 1000w, https:\/\/www.aarquiteta.com.br\/blog\/wp-content\/uploads\/2013\/09\/perspectiva-nordeste-696x381.jpg 696w, https:\/\/www.aarquiteta.com.br\/blog\/wp-content\/uploads\/2013\/09\/perspectiva-nordeste-150x82.jpg 150w\" sizes=\"(max-width: 600px) 100vw, 600px\" \/><\/a><\/p>\n<p style=\"text-align: center;\"><a href=\"https:\/\/www.aarquiteta.com.br\/blog\/wp-content\/uploads\/2013\/09\/perspectiva-2.jpg\"><img decoding=\"async\" class=\"aligncenter wp-image-803\" title=\"TCC de arquitetura\" src=\"https:\/\/www.aarquiteta.com.br\/blog\/wp-content\/uploads\/2013\/09\/perspectiva-2.jpg\" alt=\"perspectiva 2\" width=\"600\" height=\"304\" srcset=\"https:\/\/www.aarquiteta.com.br\/blog\/wp-content\/uploads\/2013\/09\/perspectiva-2.jpg 1000w, https:\/\/www.aarquiteta.com.br\/blog\/wp-content\/uploads\/2013\/09\/perspectiva-2-696x352.jpg 696w, https:\/\/www.aarquiteta.com.br\/blog\/wp-content\/uploads\/2013\/09\/perspectiva-2-150x76.jpg 150w\" sizes=\"(max-width: 600px) 100vw, 600px\" \/><\/a><\/p>\n<p>Voc\u00ea pode acessar o material completo do TCC de arquitetura em meu slideshow, assistir ou fazer o download da apresenta\u00e7\u00e3o\u00a0no link\u00a0baixo, onde\u00a0voc\u00ea vai pode ver o trabalho completo:<\/p>\n<div style=\"margin-bottom: 5px; text-align: center;\"><strong> <a title=\"Monografia TCC Luciana Paix\u00e3o Edif\u00edcio Assistencial ao Idoso\" href=\"https:\/\/www.slideshare.net\/lucpaixao\/monografia-tcc\" target=\"_blank\" rel=\"noopener noreferrer\">Monografia TCC Luciana Paix\u00e3o Edif\u00edcio Assistencial ao Idoso <\/a><\/strong><\/div>\n<div style=\"margin-bottom: 5px; text-align: center;\">from<\/div>\n<div style=\"margin-bottom: 5px; text-align: center;\"><strong><a href=\"https:\/\/www.slideshare.net\/lucpaixao\" target=\"_blank\" rel=\"noopener noreferrer\">Luciana Paix\u00e3o Arquitetura<\/a><\/strong><\/div>\n<div style=\"margin-bottom: 5px; text-align: center;\"><\/div>\n<div style=\"margin-bottom: 5px; text-align: center;\">\n<p style=\"text-align: left;\">Hoje eu teria feito tudo no <a href=\"https:\/\/www.aarquiteta.com.br\/curso-lumion-3d\/\" target=\"_blank\" rel=\"noopener noreferrer\">Lumion 3D<\/a>! Teria sido menos sofrido e mais r\u00e1pido, sem contar que o resultado final poderia das apresenta\u00e7\u00f5es ter sido ainda melhor! Tanto que hoje em dia s\u00f3 uso ele pra apresenta\u00e7\u00f5es de projetos para os meus clientes!<\/p>\n<\/div>\n","protected":false},"excerpt":{"rendered":"<p>Recordar \u00e9 viver. Hoje tenho para voc\u00eas um artigo especial,\u00a0o meu\u00a0TCC de arquitetura. Foi muito acessado na \u00e9poca e digamos que fez um &#8220;sucessinho&#8221;. \u00a0Por isso, vou compartilhar com voc\u00eas. TCC de arquitetura O TCC de arquitetura, voc\u00eas sabem, \u00e9 um projeto onde o estudante de arquitetura deve desenvolver com o auxilio de um professor [&hellip;]<\/p>\n","protected":false},"author":102,"featured_media":10465,"comment_status":"closed","ping_status":"closed","sticky":false,"template":"","format":"standard","meta":{"footnotes":""},"categories":[1507,6],"tags":[158,154,157,155,993,156],"class_list":["post-801","post","type-post","status-publish","format-standard","has-post-thumbnail","category-arquitetura","category-carreira-de-arquitetura","tag-como-fazer-um-tcc","tag-edificio-assistencial-ao-idoso","tag-o-que-e-um-tcc","tag-projetos-de-arquitetura-2","tag-tcc-arquitetura","tag-tcc-edificio-assistencial-ao-idoso"],"_wp_attached_file":null,"_wp_attachment_metadata":null,"_wp_attachment_context":null,"_wp_attachment_is_custom_header":null,"geo_longitude":null,"geo_public":null,"geo_latitude":null,"_publicize_done_external":null,"_wpas_done_3897181":null,"publicize_twitter_user":null,"_wpas_done_3897175":null,"_wpas_skip_3897181":null,"_wpas_skip_3897175":null,"_wpas_skip_3924723":null,"_wpas_mess":null,"_wpas_done_3924723":null,"wps_subtitle":"","_links":{"self":[{"href":"https:\/\/www.aarquiteta.com.br\/blog\/wp-json\/wp\/v2\/posts\/801","targetHints":{"allow":["GET"]}}],"collection":[{"href":"https:\/\/www.aarquiteta.com.br\/blog\/wp-json\/wp\/v2\/posts"}],"about":[{"href":"https:\/\/www.aarquiteta.com.br\/blog\/wp-json\/wp\/v2\/types\/post"}],"author":[{"embeddable":true,"href":"https:\/\/www.aarquiteta.com.br\/blog\/wp-json\/wp\/v2\/users\/102"}],"replies":[{"embeddable":true,"href":"https:\/\/www.aarquiteta.com.br\/blog\/wp-json\/wp\/v2\/comments?post=801"}],"version-history":[{"count":0,"href":"https:\/\/www.aarquiteta.com.br\/blog\/wp-json\/wp\/v2\/posts\/801\/revisions"}],"wp:featuredmedia":[{"embeddable":true,"href":"https:\/\/www.aarquiteta.com.br\/blog\/wp-json\/wp\/v2\/media\/10465"}],"wp:attachment":[{"href":"https:\/\/www.aarquiteta.com.br\/blog\/wp-json\/wp\/v2\/media?parent=801"}],"wp:term":[{"taxonomy":"category","embeddable":true,"href":"https:\/\/www.aarquiteta.com.br\/blog\/wp-json\/wp\/v2\/categories?post=801"},{"taxonomy":"post_tag","embeddable":true,"href":"https:\/\/www.aarquiteta.com.br\/blog\/wp-json\/wp\/v2\/tags?post=801"}],"curies":[{"name":"wp","href":"https:\/\/api.w.org\/{rel}","templated":true}]}}