{"id":78606,"date":"2023-04-27T06:00:36","date_gmt":"2023-04-27T09:00:36","guid":{"rendered":"http:\/\/aarquiteta.com.br\/?p=78606"},"modified":"2024-07-03T14:17:52","modified_gmt":"2024-07-03T17:17:52","slug":"nichos-e-prateleiras-na-decoracao","status":"publish","type":"post","link":"https:\/\/www.aarquiteta.com.br\/blog\/nichos-e-prateleiras-na-decoracao\/","title":{"rendered":"Nichos e prateleiras na decora\u00e7\u00e3o: ideias criativas para organizar e decorar."},"content":{"rendered":"<div class=\"group w-full text-gray-800 dark:text-gray-100 border-b border-black\/10 dark:border-gray-900\/50 bg-gray-50 dark:bg-[#444654] sm:AIPRM__conversation__response\">\n<div class=\"text-base gap-4 md:gap-6 md:max-w-2xl lg:max-w-xl xl:max-w-3xl p-4 md:py-6 flex lg:px-0 m-auto\">\n<div class=\"relative flex w-[calc(100%-50px)] flex-col gap-1 md:gap-3 lg:w-[calc(100%-115px)]\">\n<div class=\"flex flex-grow flex-col gap-3\">\n<div class=\"min-h-[20px] flex flex-col items-start gap-4 whitespace-pre-wrap\">\n<div class=\"markdown prose w-full break-words dark:prose-invert dark AIPRM__conversation__response\">\n<p>A organiza\u00e7\u00e3o \u00e9 essencial para manter a harmonia e a funcionalidade de qualquer ambiente. Al\u00e9m disso, a decora\u00e7\u00e3o pode ser uma forma de express\u00e3o e personalidade, tornando o espa\u00e7o ainda mais aconchegante e agrad\u00e1vel. Nichos e prateleiras s\u00e3o pe\u00e7as decorativas vers\u00e1teis que podem ajudar a resolver essas duas necessidades ao mesmo tempo. Neste artigo, vamos explorar algumas ideias criativas para usar nichos e prateleiras na decora\u00e7\u00e3o de diversos ambientes.<\/p>\n<h2>Nichos e prateleiras na sala de estar<\/h2>\n<p>A sala de estar \u00e9 o ambiente da casa onde as pessoas passam a maioria do tempo, por isso, \u00e9 importante torn\u00e1-lo acolhedor e agrad\u00e1vel. Nichos e prateleiras podem ser utilizados para decorar paredes, dando destaque a itens decorativos e objetos pessoais, como porta-retratos, livros e pe\u00e7as de arte. \u00c9 poss\u00edvel tamb\u00e9m utilizar nichos com ilumina\u00e7\u00e3o embutida, que ajudam a criar um clima aconchegante e elegante.<\/p>\n<figure id=\"attachment_78646\" aria-describedby=\"caption-attachment-78646\" style=\"width: 1456px\" class=\"wp-caption alignnone\"><img decoding=\"async\" class=\"wp-image-78646 size-full\" title=\"Nichos e prateleiras na decora\u00e7\u00e3o\" src=\"https:\/\/www.aarquiteta.com.br\/blog\/wp-content\/uploads\/2023\/04\/Nichos-e-prateleiras-na-decoracao-1.png\" alt=\"Nichos e prateleiras na decora\u00e7\u00e3o\" width=\"1456\" height=\"816\" srcset=\"https:\/\/www.aarquiteta.com.br\/blog\/wp-content\/uploads\/2023\/04\/Nichos-e-prateleiras-na-decoracao-1.png 1456w, https:\/\/www.aarquiteta.com.br\/blog\/wp-content\/uploads\/2023\/04\/Nichos-e-prateleiras-na-decoracao-1-1024x574.png 1024w, https:\/\/www.aarquiteta.com.br\/blog\/wp-content\/uploads\/2023\/04\/Nichos-e-prateleiras-na-decoracao-1-696x390.png 696w, https:\/\/www.aarquiteta.com.br\/blog\/wp-content\/uploads\/2023\/04\/Nichos-e-prateleiras-na-decoracao-1-150x84.png 150w\" sizes=\"(max-width: 1456px) 100vw, 1456px\" \/><figcaption id=\"caption-attachment-78646\" class=\"wp-caption-text\">Nichos e prateleiras na decora\u00e7\u00e3o<\/figcaption><\/figure>\n<h2>Nichos e prateleiras no quarto<\/h2>\n<p>No quarto, a organiza\u00e7\u00e3o \u00e9 fundamental para garantir um ambiente tranquilo e relaxante. Nichos e prateleiras podem ser utilizados para organizar objetos pessoais, como livros, maquiagem, bijuterias e at\u00e9 mesmo roupas e cal\u00e7ados. Al\u00e9m disso, \u00e9 poss\u00edvel utilizar prateleiras suspensas na parede, que ajudam a liberar espa\u00e7o no ch\u00e3o e d\u00e3o um toque moderno e elegante ao ambiente.<\/p>\n<h2>Nichos e prateleiras na cozinha<\/h2>\n<p>A cozinha \u00e9 um ambiente que precisa de muita organiza\u00e7\u00e3o para ser funcional e pr\u00e1tica. Nichos e prateleiras podem ser utilizados para organizar temperos, panelas, utens\u00edlios de cozinha e at\u00e9 mesmo eletrodom\u00e9sticos, como micro-ondas e cafeteiras. Al\u00e9m disso, \u00e9 poss\u00edvel utilizar prateleiras suspensas para armazenar copos e x\u00edcaras, liberando espa\u00e7o nos arm\u00e1rios.<\/p>\n<figure id=\"attachment_78643\" aria-describedby=\"caption-attachment-78643\" style=\"width: 2048px\" class=\"wp-caption alignnone\"><img decoding=\"async\" class=\"wp-image-78643 size-full\" title=\"Nichos e prateleiras na decora\u00e7\u00e3o\" src=\"https:\/\/www.aarquiteta.com.br\/blog\/wp-content\/uploads\/2023\/04\/Nichos-e-prateleiras-na-decoracao.png\" alt=\"Nichos e prateleiras na decora\u00e7\u00e3o\" width=\"2048\" height=\"1148\" srcset=\"https:\/\/www.aarquiteta.com.br\/blog\/wp-content\/uploads\/2023\/04\/Nichos-e-prateleiras-na-decoracao.png 2048w, https:\/\/www.aarquiteta.com.br\/blog\/wp-content\/uploads\/2023\/04\/Nichos-e-prateleiras-na-decoracao-1024x574.png 1024w, https:\/\/www.aarquiteta.com.br\/blog\/wp-content\/uploads\/2023\/04\/Nichos-e-prateleiras-na-decoracao-696x390.png 696w, https:\/\/www.aarquiteta.com.br\/blog\/wp-content\/uploads\/2023\/04\/Nichos-e-prateleiras-na-decoracao-150x84.png 150w\" sizes=\"(max-width: 2048px) 100vw, 2048px\" \/><figcaption id=\"caption-attachment-78643\" class=\"wp-caption-text\">Nichos e prateleiras na decora\u00e7\u00e3o<\/figcaption><\/figure>\n<h2>Nichos e prateleiras no banheiro<\/h2>\n<p>No banheiro, nichos e prateleiras podem ser utilizados para organizar toalhas, produtos de higiene pessoal, papel higi\u00eanico e outros objetos que precisam estar sempre \u00e0 m\u00e3o. Nichos embutidos na parede ajudam a otimizar o espa\u00e7o e d\u00e3o um toque moderno ao ambiente.<\/p>\n<h2>Nichos e prateleiras na \u00e1rea de servi\u00e7o<\/h2>\n<p>A \u00e1rea de servi\u00e7o \u00e9 um ambiente que precisa de muita organiza\u00e7\u00e3o para ser funcional e pr\u00e1tica. Nichos e prateleiras podem ser utilizados para organizar produtos de limpeza, vassouras, rodos e at\u00e9 mesmo a t\u00e1bua de passar roupa. Al\u00e9m disso, \u00e9 poss\u00edvel utilizar prateleiras suspensas para armazenar produtos de lavanderia, liberando espa\u00e7o nas bancadas.<\/p>\n<h2>Nichos e prateleiras na varanda<\/h2>\n<p>A varanda \u00e9 um ambiente que pode ser decorado de diversas maneiras, tornando-se um espa\u00e7o agrad\u00e1vel para relaxar e receber amigos e familiares. Nichos e prateleiras podem ser utilizados para decorar paredes, com vasos de plantas, objetos decorativos e lanternas.<\/p>\n<div class=\"group w-full text-gray-800 dark:text-gray-100 border-b border-black\/10 dark:border-gray-900\/50 bg-gray-50 dark:bg-[#444654] sm:AIPRM__conversation__response\">\n<div class=\"text-base gap-4 md:gap-6 md:max-w-2xl lg:max-w-xl xl:max-w-3xl p-4 md:py-6 flex lg:px-0 m-auto\">\n<div class=\"relative flex w-[calc(100%-50px)] flex-col gap-1 md:gap-3 lg:w-[calc(100%-115px)]\">\n<div class=\"flex flex-grow flex-col gap-3\">\n<div class=\"min-h-[20px] flex flex-col items-start gap-4 whitespace-pre-wrap\">\n<div class=\"markdown prose w-full break-words dark:prose-invert dark AIPRM__conversation__response\">\n<h2>Como escolher o melhor nicho ou prateleira<\/h2>\n<figure id=\"attachment_78648\" aria-describedby=\"caption-attachment-78648\" style=\"width: 1456px\" class=\"wp-caption alignnone\"><img decoding=\"async\" class=\"wp-image-78648 size-full\" title=\"Nichos e prateleiras na decora\u00e7\u00e3o\" src=\"https:\/\/www.aarquiteta.com.br\/blog\/wp-content\/uploads\/2023\/04\/Nichos-e-prateleiras-na-decoracao-5.png\" alt=\"Nichos e prateleiras na decora\u00e7\u00e3o\" width=\"1456\" height=\"816\" srcset=\"https:\/\/www.aarquiteta.com.br\/blog\/wp-content\/uploads\/2023\/04\/Nichos-e-prateleiras-na-decoracao-5.png 1456w, https:\/\/www.aarquiteta.com.br\/blog\/wp-content\/uploads\/2023\/04\/Nichos-e-prateleiras-na-decoracao-5-1024x574.png 1024w, https:\/\/www.aarquiteta.com.br\/blog\/wp-content\/uploads\/2023\/04\/Nichos-e-prateleiras-na-decoracao-5-696x390.png 696w, https:\/\/www.aarquiteta.com.br\/blog\/wp-content\/uploads\/2023\/04\/Nichos-e-prateleiras-na-decoracao-5-150x84.png 150w\" sizes=\"(max-width: 1456px) 100vw, 1456px\" \/><figcaption id=\"caption-attachment-78648\" class=\"wp-caption-text\">Nichos e prateleiras na decora\u00e7\u00e3o<\/figcaption><\/figure>\n<p>Ao escolher o nicho ou prateleira ideal para o ambiente desejado, \u00e9 importante levar em considera\u00e7\u00e3o o estilo decorativo e as necessidades funcionais do espa\u00e7o. \u00c9 poss\u00edvel optar por nichos e prateleiras de diferentes materiais, como madeira, vidro e metal, e tamb\u00e9m por diferentes formatos e tamanhos.<\/p>\n<p>Na hora de instalar os nichos ou prateleiras, \u00e9 importante considerar a altura e a disposi\u00e7\u00e3o dos objetos que ser\u00e3o colocados ali. Uma boa dica \u00e9 distribuir os objetos de forma harm\u00f4nica, utilizando elementos de diferentes alturas e cores para criar um visual interessante.<\/p>\n<h2>Nichos e prateleiras DIY<\/h2>\n<p>Para quem gosta de colocar a m\u00e3o na massa, \u00e9 poss\u00edvel criar nichos e prateleiras personalizados em casa. Utilizando materiais como pallets, caixotes de madeira, canos de PVC e at\u00e9 mesmo escadas, \u00e9 poss\u00edvel criar pe\u00e7as \u00fanicas e cheias de personalidade.<\/p>\n<p>Outra ideia \u00e9 utilizar prateleiras suspensas com cordas ou correntes, criando um visual r\u00fastico e descontra\u00eddo. Al\u00e9m disso, \u00e9 poss\u00edvel pintar ou revestir os nichos e prateleiras com tecidos, pap\u00e9is de parede ou adesivos, criando um visual ainda mais personalizado.<\/p>\n<h2>Conclus\u00e3o<\/h2>\n<figure id=\"attachment_78647\" aria-describedby=\"caption-attachment-78647\" style=\"width: 2912px\" class=\"wp-caption alignnone\"><img decoding=\"async\" class=\"wp-image-78647 size-full\" title=\"Nichos e prateleiras na decora\u00e7\u00e3o\" src=\"https:\/\/www.aarquiteta.com.br\/blog\/wp-content\/uploads\/2023\/04\/Nichos-e-prateleiras-na-decoracao-4.png\" alt=\"Nichos e prateleiras na decora\u00e7\u00e3o\" width=\"2912\" height=\"1632\" srcset=\"https:\/\/www.aarquiteta.com.br\/blog\/wp-content\/uploads\/2023\/04\/Nichos-e-prateleiras-na-decoracao-4.png 2048w, https:\/\/www.aarquiteta.com.br\/blog\/wp-content\/uploads\/2023\/04\/Nichos-e-prateleiras-na-decoracao-4-1024x574.png 1024w, https:\/\/www.aarquiteta.com.br\/blog\/wp-content\/uploads\/2023\/04\/Nichos-e-prateleiras-na-decoracao-4-696x390.png 696w, https:\/\/www.aarquiteta.com.br\/blog\/wp-content\/uploads\/2023\/04\/Nichos-e-prateleiras-na-decoracao-4-150x84.png 150w\" sizes=\"(max-width: 2912px) 100vw, 2912px\" \/><figcaption id=\"caption-attachment-78647\" class=\"wp-caption-text\">Nichos e prateleiras na decora\u00e7\u00e3o<\/figcaption><\/figure>\n<p>Nichos e prateleiras s\u00e3o pe\u00e7as vers\u00e1teis e funcionais, que ajudam a organizar e decorar os mais diversos ambientes da casa. Com criatividade e bom gosto, \u00e9 poss\u00edvel criar pe\u00e7as personalizadas e \u00fanicas, que refletem a personalidade e o estilo de cada um.<\/p>\n<h2>FAQs<\/h2>\n<ol>\n<li>Qual o melhor material para nichos e prateleiras? R: O melhor material depende do estilo decorativo e das necessidades do ambiente. Madeira, vidro e metal s\u00e3o op\u00e7\u00f5es populares.<\/li>\n<li>Como escolher a altura ideal para os nichos ou prateleiras? R: \u00c9 importante considerar a altura dos objetos que ser\u00e3o colocados ali, e distribuir os objetos de forma harm\u00f4nica.<\/li>\n<li>Posso criar meus pr\u00f3prios nichos e prateleiras em casa? R: Sim, \u00e9 poss\u00edvel criar pe\u00e7as personalizadas utilizando materiais como pallets, caixotes de madeira e canos de PVC.<\/li>\n<li>Onde posso encontrar inspira\u00e7\u00f5es para decorar com nichos e prateleiras? R: \u00c9 poss\u00edvel encontrar inspira\u00e7\u00f5es em revistas de decora\u00e7\u00e3o, sites especializados em decora\u00e7\u00e3o e tamb\u00e9m em redes sociais como o Pinterest.<\/li>\n<li>Nichos e prateleiras s\u00e3o uma boa op\u00e7\u00e3o para ambientes pequenos? R: Sim, nichos e prateleiras podem ajudar a otimizar o espa\u00e7o em ambientes pequenos, liberando espa\u00e7o no ch\u00e3o e nas bancadas.<\/li>\n<\/ol>\n<p><strong>Gostou do post?<\/strong><\/p>\n<p>Ent\u00e3o acesse aqui abaixo outros assuntos que ir\u00e3o lhe ajudar bastante no ramo que Arquitetura e interiores:<\/p>\n<ul>\n<li><a href=\"https:\/\/www.cursosdearquitetura.com.br\/category\/cursos\/\" target=\"_blank\" rel=\"noopener\">Cursos<\/a><\/li>\n<li><a href=\"https:\/\/www.cursosdearquitetura.com.br\/category\/estudante\/\" target=\"_blank\" rel=\"noopener\">Estudantes<\/a><\/li>\n<li><a href=\"https:\/\/www.cursosdearquitetura.com.br\/category\/arquitetura\/\" target=\"_blank\" rel=\"noopener\">Arquitetura<\/a><\/li>\n<\/ul>\n<p>&nbsp;<\/p>\n<\/div>\n<\/div>\n<\/div>\n<\/div>\n<\/div>\n<\/div>\n<\/div>\n<\/div>\n<\/div>\n<\/div>\n<\/div>\n<\/div>\n","protected":false},"excerpt":{"rendered":"<p>A organiza\u00e7\u00e3o \u00e9 essencial para manter a harmonia e a funcionalidade de qualquer ambiente. Al\u00e9m disso, a decora\u00e7\u00e3o pode ser uma forma de express\u00e3o e personalidade, tornando o espa\u00e7o ainda mais aconchegante e agrad\u00e1vel. Nichos e prateleiras s\u00e3o pe\u00e7as decorativas vers\u00e1teis que podem ajudar a resolver essas duas necessidades ao mesmo tempo. Neste artigo, vamos [&hellip;]<\/p>\n","protected":false},"author":102,"featured_media":78645,"comment_status":"closed","ping_status":"closed","sticky":false,"template":"","format":"standard","meta":{"footnotes":""},"categories":[35414,1484,35452],"tags":[28999,2164,1781,336,1894,28637,2133,1513,1407,2579,6402,2172,2173,1668,8868],"class_list":["post-78606","post","type-post","status-publish","format-standard","has-post-thumbnail","category-acessorios-para-decoracao","category-decoracao","category-prateleiras-e-nichos","tag-area-de-servico","tag-banheiro","tag-cozinha","tag-decoracao","tag-diy","tag-estilo-decorativo","tag-funcionalidade","tag-inspiracao","tag-materiais","tag-organizacao","tag-personalizacao","tag-quarto","tag-sala-de-estar","tag-varanda","tag-versatilidade"],"_wp_attached_file":null,"_wp_attachment_metadata":null,"_wp_attachment_context":null,"_wp_attachment_is_custom_header":null,"geo_longitude":null,"geo_public":null,"geo_latitude":null,"_publicize_done_external":null,"_wpas_done_3897181":null,"publicize_twitter_user":null,"_wpas_done_3897175":null,"_wpas_skip_3897181":null,"_wpas_skip_3897175":null,"_wpas_skip_3924723":null,"_wpas_mess":null,"_wpas_done_3924723":null,"wps_subtitle":"Confira ideias criativas para usar nichos e prateleiras na decora\u00e7\u00e3o, organizando e decorando seus ambientes com estilo e praticidade.","_links":{"self":[{"href":"https:\/\/www.aarquiteta.com.br\/blog\/wp-json\/wp\/v2\/posts\/78606","targetHints":{"allow":["GET"]}}],"collection":[{"href":"https:\/\/www.aarquiteta.com.br\/blog\/wp-json\/wp\/v2\/posts"}],"about":[{"href":"https:\/\/www.aarquiteta.com.br\/blog\/wp-json\/wp\/v2\/types\/post"}],"author":[{"embeddable":true,"href":"https:\/\/www.aarquiteta.com.br\/blog\/wp-json\/wp\/v2\/users\/102"}],"replies":[{"embeddable":true,"href":"https:\/\/www.aarquiteta.com.br\/blog\/wp-json\/wp\/v2\/comments?post=78606"}],"version-history":[{"count":0,"href":"https:\/\/www.aarquiteta.com.br\/blog\/wp-json\/wp\/v2\/posts\/78606\/revisions"}],"wp:featuredmedia":[{"embeddable":true,"href":"https:\/\/www.aarquiteta.com.br\/blog\/wp-json\/wp\/v2\/media\/78645"}],"wp:attachment":[{"href":"https:\/\/www.aarquiteta.com.br\/blog\/wp-json\/wp\/v2\/media?parent=78606"}],"wp:term":[{"taxonomy":"category","embeddable":true,"href":"https:\/\/www.aarquiteta.com.br\/blog\/wp-json\/wp\/v2\/categories?post=78606"},{"taxonomy":"post_tag","embeddable":true,"href":"https:\/\/www.aarquiteta.com.br\/blog\/wp-json\/wp\/v2\/tags?post=78606"}],"curies":[{"name":"wp","href":"https:\/\/api.w.org\/{rel}","templated":true}]}}