{"id":78370,"date":"2023-04-18T06:30:40","date_gmt":"2023-04-18T09:30:40","guid":{"rendered":"http:\/\/aarquiteta.com.br\/?p=78370"},"modified":"2023-07-18T13:06:40","modified_gmt":"2023-07-18T16:06:40","slug":"ideias-de-organizacao-para-quarto","status":"publish","type":"post","link":"https:\/\/www.aarquiteta.com.br\/blog\/ideias-de-organizacao-para-quarto\/","title":{"rendered":"Ideias de organiza\u00e7\u00e3o para quarto: Dicas para tornar o seu quarto mais funcional e confort\u00e1vel"},"content":{"rendered":"<div class=\"group w-full text-gray-800 dark:text-gray-100 border-b border-black\/10 dark:border-gray-900\/50 bg-gray-50 dark:bg-[#444654] sm:AIPRM__conversation__response\">\n<div class=\"text-base gap-4 md:gap-6 md:max-w-2xl lg:max-w-xl xl:max-w-3xl p-4 md:py-6 flex lg:px-0 m-auto\">\n<div class=\"relative flex w-[calc(100%-50px)] flex-col gap-1 md:gap-3 lg:w-[calc(100%-115px)]\">\n<div class=\"flex flex-grow flex-col gap-3\">\n<div class=\"min-h-[20px] flex flex-col items-start gap-4 whitespace-pre-wrap\">\n<div class=\"markdown prose w-full break-words dark:prose-invert dark AIPRM__conversation__response\">\n<p>Seu quarto \u00e9 o seu ref\u00fagio pessoal, um lugar onde voc\u00ea relaxa, dorme e passa tempo com voc\u00ea mesmo. No entanto, \u00e9 comum que o quarto se torne um espa\u00e7o bagun\u00e7ado e desorganizado, o que pode levar a estresse e desconforto.<\/p>\n<p>Felizmente, h\u00e1 muitas maneiras de tornar seu quarto mais organizado e agrad\u00e1vel. Neste artigo, vamos compartilhar algumas ideias de organiza\u00e7\u00e3o quarto que ir\u00e3o ajud\u00e1-lo a transformar seu quarto em um espa\u00e7o funcional e confort\u00e1vel.<\/p>\n<h2>Por que a organiza\u00e7\u00e3o do quarto \u00e9 importante?<\/h2>\n<figure id=\"attachment_78371\" aria-describedby=\"caption-attachment-78371\" style=\"width: 1456px\" class=\"wp-caption alignnone\"><img decoding=\"async\" class=\"wp-image-78371 size-full\" title=\"organiza\u00e7\u00e3o para quarto\" src=\"https:\/\/www.aarquiteta.com.br\/blog\/wp-content\/uploads\/2023\/04\/organizacao-para-quarto-5.png\" alt=\"organiza\u00e7\u00e3o para quarto\" width=\"1456\" height=\"816\" srcset=\"https:\/\/www.aarquiteta.com.br\/blog\/wp-content\/uploads\/2023\/04\/organizacao-para-quarto-5.png 1456w, https:\/\/www.aarquiteta.com.br\/blog\/wp-content\/uploads\/2023\/04\/organizacao-para-quarto-5-1024x574.png 1024w, https:\/\/www.aarquiteta.com.br\/blog\/wp-content\/uploads\/2023\/04\/organizacao-para-quarto-5-696x390.png 696w, https:\/\/www.aarquiteta.com.br\/blog\/wp-content\/uploads\/2023\/04\/organizacao-para-quarto-5-150x84.png 150w\" sizes=\"(max-width: 1456px) 100vw, 1456px\" \/><figcaption id=\"caption-attachment-78371\" class=\"wp-caption-text\">organiza\u00e7\u00e3o para quarto<\/figcaption><\/figure>\n<p>Antes de entrarmos nas ideias de organiza\u00e7\u00e3o quarto, \u00e9 importante entender por que \u00e9 t\u00e3o importante manter o seu quarto organizado.<\/p>\n<p>A desorganiza\u00e7\u00e3o pode levar a sentimentos de estresse e ansiedade por dificultar encontrar as coisas que voc\u00ea precisa.<\/p>\n<p>Al\u00e9m disso, um quarto bagun\u00e7ado pode ser um terreno f\u00e9rtil para a prolifera\u00e7\u00e3o de poeira, \u00e1caros e outros al\u00e9rgenos que podem afetar a sua sa\u00fade.<\/p>\n<p>Portanto, a organiza\u00e7\u00e3o do quarto \u00e9 essencial para manter um ambiente saud\u00e1vel e acolhedor.<\/p>\n<h2>Ideias de organiza\u00e7\u00e3o quarto<\/h2>\n<figure id=\"attachment_78373\" aria-describedby=\"caption-attachment-78373\" style=\"width: 1456px\" class=\"wp-caption alignnone\"><img decoding=\"async\" class=\"wp-image-78373 size-full\" title=\"organiza\u00e7\u00e3o para quarto\" src=\"https:\/\/www.aarquiteta.com.br\/blog\/wp-content\/uploads\/2023\/04\/organizacao-para-quarto-3.png\" alt=\"organiza\u00e7\u00e3o para quarto\" width=\"1456\" height=\"816\" srcset=\"https:\/\/www.aarquiteta.com.br\/blog\/wp-content\/uploads\/2023\/04\/organizacao-para-quarto-3.png 1456w, https:\/\/www.aarquiteta.com.br\/blog\/wp-content\/uploads\/2023\/04\/organizacao-para-quarto-3-1024x574.png 1024w, https:\/\/www.aarquiteta.com.br\/blog\/wp-content\/uploads\/2023\/04\/organizacao-para-quarto-3-696x390.png 696w, https:\/\/www.aarquiteta.com.br\/blog\/wp-content\/uploads\/2023\/04\/organizacao-para-quarto-3-150x84.png 150w\" sizes=\"(max-width: 1456px) 100vw, 1456px\" \/><figcaption id=\"caption-attachment-78373\" class=\"wp-caption-text\">organiza\u00e7\u00e3o para quarto<\/figcaption><\/figure>\n<p>Aqui est\u00e3o algumas ideias de organiza\u00e7\u00e3o quarto para ajud\u00e1-lo a manter seu espa\u00e7o arrumado e agrad\u00e1vel:<\/p>\n<h3>1. Desfa\u00e7a-se do excesso<\/h3>\n<p>Antes de come\u00e7ar a organizar, \u00e9 importante se livrar de tudo o que voc\u00ea n\u00e3o usa ou precisa. Isso inclui roupas velhas, objetos de decora\u00e7\u00e3o que voc\u00ea n\u00e3o gosta mais e qualquer outra coisa que esteja apenas ocupando espa\u00e7o.<\/p>\n<p>Uma boa regra geral \u00e9 que, se voc\u00ea n\u00e3o usou nada nos \u00faltimos seis meses, \u00e9 hora de se livrar dele.<\/p>\n<h3>2. Use caixas e cestas<\/h3>\n<p>Caixas e cestas s\u00e3o \u00f3timas ferramentas de organiza\u00e7\u00e3o para o quarto. Use-as para guardar roupas, sapatos, livros e outros itens que precisam de um lar. Ao usar caixas e cestas, voc\u00ea pode manter tudo organizado e escondido, ajudando a reduzir a desordem visual do quarto.<\/p>\n<h3>3. Organize suas roupas<\/h3>\n<p>Uma das maiores fontes de desordem no quarto \u00e9 a roupa. Para manter suas roupas organizadas, comece por dobr\u00e1-las corretamente e guard\u00e1-las em caixas ou gavetas. Se voc\u00ea tiver um arm\u00e1rio, use cabides para pendurar suas roupas e organiz\u00e1-las por cor ou tipo.<\/p>\n<h3>4. Utilize espa\u00e7os verticais<\/h3>\n<p>N\u00e3o subestime o poder dos espa\u00e7os verticais. Use prateleiras e estantes para maximizar o espa\u00e7o dispon\u00edvel em seu quarto. Al\u00e9m disso, considere pendurar objetos como espelhos e plantas nas paredes para dar uma sensa\u00e7\u00e3o de altura e espa\u00e7o.<\/p>\n<div class=\"group w-full text-gray-800 dark:text-gray-100 border-b border-black\/10 dark:border-gray-900\/50 dark:bg-gray-800\">\n<div class=\"text-base gap-4 md:gap-6 md:max-w-2xl lg:max-w-xl xl:max-w-3xl p-4 md:py-6 flex lg:px-0 m-auto\">\n<div class=\"relative flex w-[calc(100%-50px)] flex-col gap-1 md:gap-3 lg:w-[calc(100%-115px)]\">\n<div class=\"flex flex-grow flex-col gap-3\">\n<div class=\"min-h-[20px] flex flex-col items-start gap-4 whitespace-pre-wrap\">\n<h3>5. Crie uma zona de trabalho<\/h3>\n<figure id=\"attachment_78374\" aria-describedby=\"caption-attachment-78374\" style=\"width: 2912px\" class=\"wp-caption alignnone\"><img decoding=\"async\" class=\"wp-image-78374 size-full\" title=\"organiza\u00e7\u00e3o para quarto\" src=\"https:\/\/www.aarquiteta.com.br\/blog\/wp-content\/uploads\/2023\/04\/organizacao-para-quarto2.png\" alt=\"organiza\u00e7\u00e3o para quarto\" width=\"2912\" height=\"1632\" srcset=\"https:\/\/www.aarquiteta.com.br\/blog\/wp-content\/uploads\/2023\/04\/organizacao-para-quarto2.png 2048w, https:\/\/www.aarquiteta.com.br\/blog\/wp-content\/uploads\/2023\/04\/organizacao-para-quarto2-1024x574.png 1024w, https:\/\/www.aarquiteta.com.br\/blog\/wp-content\/uploads\/2023\/04\/organizacao-para-quarto2-696x390.png 696w, https:\/\/www.aarquiteta.com.br\/blog\/wp-content\/uploads\/2023\/04\/organizacao-para-quarto2-150x84.png 150w\" sizes=\"(max-width: 2912px) 100vw, 2912px\" \/><figcaption id=\"caption-attachment-78374\" class=\"wp-caption-text\">organiza\u00e7\u00e3o para quarto<\/figcaption><\/figure>\n<p>Se voc\u00ea trabalha em casa ou precisa de um lugar para estudar, criar uma zona de trabalho em seu quarto pode ser a solu\u00e7\u00e3o.<\/p>\n<p>Uma mesa com uma cadeira confort\u00e1vel e uma lumin\u00e1ria \u00e9 o suficiente para transformar um canto do quarto em um espa\u00e7o produtivo. Certifique-se de que o espa\u00e7o de trabalho esteja pr\u00f3ximo de uma tomada el\u00e9trica e que haja uma boa ilumina\u00e7\u00e3o natural ou artificial.<\/p>\n<p>\u00c9 importante tamb\u00e9m manter essa zona organizada e livre de distra\u00e7\u00f5es, como celulares e objetos que n\u00e3o estejam relacionados com o trabalho ou estudo. Com uma zona de trabalho organizada e aconchegante, voc\u00ea poder\u00e1 se concentrar melhor e aumentar sua produtividade.<\/p>\n<h3 class=\"flex justify-between lg:block\"><span style=\"color: #111111; font-family: Roboto, sans-serif; font-size: 27px;\">6. Organize sua mesa de cabeceira.<\/span><\/h3>\n<div class=\"group w-full text-gray-800 dark:text-gray-100 border-b border-black\/10 dark:border-gray-900\/50 bg-gray-50 dark:bg-[#444654] sm:AIPRM__conversation__response\">\n<div class=\"text-base gap-4 md:gap-6 md:max-w-2xl lg:max-w-xl xl:max-w-3xl p-4 md:py-6 flex lg:px-0 m-auto\">\n<div class=\"relative flex w-[calc(100%-50px)] flex-col gap-1 md:gap-3 lg:w-[calc(100%-115px)]\">\n<div class=\"flex flex-grow flex-col gap-3\">\n<div class=\"min-h-[20px] flex flex-col items-start gap-4 whitespace-pre-wrap\">\n<div class=\"markdown prose w-full break-words dark:prose-invert dark AIPRM__conversation__response\">\n<p>A mesa de cabeceira \u00e9 muitas vezes um local onde os objetos se acumulam, desde livros a produtos de higiene pessoal. Para manter tudo organizado, escolha uma mesa de cabeceira com espa\u00e7o de armazenamento e coloque apenas o essencial nela.<\/p>\n<p>Certifique-se de que tudo tenha um lugar designado e de que a mesa esteja sempre arrumada.<\/p>\n<h3>7. Aproveite o espa\u00e7o embaixo da cama<\/h3>\n<p>A \u00e1rea embaixo da cama \u00e9 muitas vezes esquecida, mas pode ser um \u00f3timo local de armazenamento. Use caixas ou sacos de v\u00e1cuo para guardar roupas de cama, roupas fora de esta\u00e7\u00e3o e outros itens que voc\u00ea n\u00e3o usa com frequ\u00eancia.<\/p>\n<h3>8. Limite a quantidade de decora\u00e7\u00e3o<\/h3>\n<p>Embora seja importante ter uma decora\u00e7\u00e3o agrad\u00e1vel no quarto, \u00e9 f\u00e1cil exagerar e acabar com um espa\u00e7o desordenado. Limite a quantidade de decora\u00e7\u00e3o que voc\u00ea tem e escolha pe\u00e7as que sejam significativas para voc\u00ea.<\/p>\n<p>Lembre-se de que menos \u00e9 mais quando se trata de decora\u00e7\u00e3o.<\/p>\n<h3>9. Use organizadores de gavetas<\/h3>\n<p>Organizadores de gavetas s\u00e3o uma \u00f3tima maneira de manter suas gavetas arrumadas e organizadas. Use-os para separar suas roupas \u00edntimas, meias e outros itens pequenos.<\/p>\n<h3>10. Arrume a cama todos os dias<\/h3>\n<p>Fazer a cama todos os dias pode parecer uma tarefa pequena, mas pode ter um grande impacto na apar\u00eancia geral do quarto. Al\u00e9m disso, uma cama arrumada ajuda a promover um sono melhor e mais tranquilo.<\/p>\n<h2>Conclus\u00e3o<\/h2>\n<figure id=\"attachment_78376\" aria-describedby=\"caption-attachment-78376\" style=\"width: 2912px\" class=\"wp-caption alignnone\"><img decoding=\"async\" class=\"wp-image-78376 size-full\" title=\"organiza\u00e7\u00e3o para quarto\" src=\"https:\/\/www.aarquiteta.com.br\/blog\/wp-content\/uploads\/2023\/04\/organizacao-para-quarto.png\" alt=\"organiza\u00e7\u00e3o para quarto\" width=\"2912\" height=\"1632\" srcset=\"https:\/\/www.aarquiteta.com.br\/blog\/wp-content\/uploads\/2023\/04\/organizacao-para-quarto.png 2048w, https:\/\/www.aarquiteta.com.br\/blog\/wp-content\/uploads\/2023\/04\/organizacao-para-quarto-1024x574.png 1024w, https:\/\/www.aarquiteta.com.br\/blog\/wp-content\/uploads\/2023\/04\/organizacao-para-quarto-696x390.png 696w, https:\/\/www.aarquiteta.com.br\/blog\/wp-content\/uploads\/2023\/04\/organizacao-para-quarto-150x84.png 150w\" sizes=\"(max-width: 2912px) 100vw, 2912px\" \/><figcaption id=\"caption-attachment-78376\" class=\"wp-caption-text\">organiza\u00e7\u00e3o para quarto<\/figcaption><\/figure>\n<p>Manter o quarto organizado pode parecer uma tarefa dif\u00edcil, mas com as ideias de organiza\u00e7\u00e3o quarto apresentadas neste artigo, voc\u00ea pode tornar este espa\u00e7o funcional e agrad\u00e1vel.<\/p>\n<p>Lembre-se de se livrar do excesso, usar caixas e cestas, organizar suas roupas e aproveitar os espa\u00e7os verticais.<\/p>\n<p>Al\u00e9m disso, certifique-se de ter uma mesa de cabeceira organizada, limitar a quantidade de decora\u00e7\u00e3o e usar organizadores de gavetas. Ao seguir estas dicas simples, voc\u00ea pode transformar o seu quarto em um ref\u00fagio pessoal tranquilo e organizado.<\/p>\n<h2>Perguntas frequentes sobre ideias de organiza\u00e7\u00e3o para quarto<\/h2>\n<h3>Por que \u00e9 importante manter o quarto organizado?<\/h3>\n<p>Manter o quarto organizado pode ajudar a reduzir o estresse e a ansiedade, al\u00e9m de promover um ambiente saud\u00e1vel e acolhedor.<\/p>\n<h3>Como posso me livrar do excesso no meu quarto?<\/h3>\n<p>Uma boa regra geral \u00e9 se livrar de tudo o que voc\u00ea n\u00e3o usa ou precisa. Se voc\u00ea n\u00e3o usou algo nos \u00faltimos seis meses, \u00e9 hora de se livrar dele.<\/p>\n<h3>Como posso usar espa\u00e7os verticais em meu quarto?<\/h3>\n<p>Use prateleiras e estantes para maximizar o espa\u00e7o dispon\u00edvel em seu quarto. Al\u00e9m disso, considere pendurar objetos como espelhos e plantas nas paredes para dar uma sensa\u00e7\u00e3o de altura e espa\u00e7o.<\/p>\n<h3>Como posso manter minha mesa de cabeceira organizada?<\/h3>\n<p>Escolha uma mesa de cabeceira com espa\u00e7o de armazenamento e coloque apenas o essencial nela. Certifique-se de que tudo tenha um lugar designado e de que a mesa esteja sempre arrumada.<\/p>\n<div class=\"group w-full text-gray-800 dark:text-gray-100 border-b border-black\/10 dark:border-gray-900\/50 bg-gray-50 dark:bg-[#444654] sm:AIPRM__conversation__response\">\n<div class=\"text-base gap-4 md:gap-6 md:max-w-2xl lg:max-w-xl xl:max-w-3xl p-4 md:py-6 flex lg:px-0 m-auto\">\n<div class=\"relative flex w-[calc(100%-50px)] flex-col gap-1 md:gap-3 lg:w-[calc(100%-115px)]\">\n<div class=\"flex flex-grow flex-col gap-3\">\n<div class=\"min-h-[20px] flex flex-col items-start gap-4 whitespace-pre-wrap\">\n<div class=\"markdown prose w-full break-words dark:prose-invert dark AIPRM__conversation__response\">\n<h3>Como posso aproveitar o espa\u00e7o embaixo da cama?<\/h3>\n<p>Use caixas ou sacos de v\u00e1cuo para guardar roupas de cama, roupas fora de esta\u00e7\u00e3o e outros itens que voc\u00ea n\u00e3o usa com frequ\u00eancia.<\/p>\n<p>Espero que este artigo tenha ajudado voc\u00ea!<\/p>\n<p>Ent\u00e3o deslize a tela para baixo e<a href=\"https:\/\/br.pinterest.com\/aarquitetapinterest\/_created\/\" target=\"_blank\" rel=\"noopener\">\u00a0confira mais dicas<\/a>\u00a0como esta e n\u00e3o se esque\u00e7a de compartilhar com os amigos!<\/p>\n<p>Quer mais dicas sobre o mundo da\u00a0<a href=\"https:\/\/www.aarquiteta.com.br\/blog\/o-que-e-arquitetura\/\">arquitetura<\/a>\u00a0e\u00a0<a href=\"https:\/\/www.aarquiteta.com.br\/blog\/decoracao\/\">Decora\u00e7\u00e3o<\/a>, ent\u00e3o confira alguns dos nossos artigos em:<\/p>\n<ul>\n<li><a href=\"https:\/\/www.aarquiteta.com.br\/blog\/paisagismo\/\" target=\"_blank\" rel=\"noopener\">Casa e Jardim<\/a><\/li>\n<li><a href=\"https:\/\/www.aarquiteta.com.br\/blog\/arquitetura\/mundo-arquitetura\/\" target=\"_blank\" rel=\"noopener\">Mundo Arquitetura<\/a><\/li>\n<li><a href=\"https:\/\/www.aarquiteta.com.br\/decoracao\/\" target=\"_blank\" rel=\"noopener\">Decora\u00e7\u00e3o\u00a0<\/a><\/li>\n<\/ul>\n<\/div>\n<\/div>\n<\/div>\n<\/div>\n<\/div>\n<\/div>\n<\/div>\n<\/div>\n<\/div>\n<\/div>\n<\/div>\n<\/div>\n<\/div>\n<\/div>\n<\/div>\n<\/div>\n<\/div>\n<\/div>\n<\/div>\n<\/div>\n<\/div>\n<\/div>\n<\/div>\n","protected":false},"excerpt":{"rendered":"<p>Seu quarto \u00e9 o seu ref\u00fagio pessoal, um lugar onde voc\u00ea relaxa, dorme e passa tempo com voc\u00ea mesmo. No entanto, \u00e9 comum que o quarto se torne um espa\u00e7o bagun\u00e7ado e desorganizado, o que pode levar a estresse e desconforto. Felizmente, h\u00e1 muitas maneiras de tornar seu quarto mais organizado e agrad\u00e1vel. Neste artigo, [&hellip;]<\/p>\n","protected":false},"author":102,"featured_media":78372,"comment_status":"closed","ping_status":"closed","sticky":false,"template":"","format":"standard","meta":{"footnotes":""},"categories":[1484,18756],"tags":[28585,28873,1249,1532,336,1894,2022,2133,27604,26735,1252,2579,4513,2172,28874],"class_list":["post-78370","post","type-post","status-publish","format-standard","has-post-thumbnail","category-decoracao","category-decoracao-de-dormitorio","tag-armazenamento","tag-arrumacao","tag-conforto","tag-criatividade","tag-decoracao","tag-diy","tag-espaco","tag-funcionalidade","tag-harmonia","tag-limpeza","tag-minimalismo","tag-organizacao","tag-praticidade","tag-quarto","tag-utilidade"],"_wp_attached_file":null,"_wp_attachment_metadata":null,"_wp_attachment_context":null,"_wp_attachment_is_custom_header":null,"geo_longitude":null,"geo_public":null,"geo_latitude":null,"_publicize_done_external":null,"_wpas_done_3897181":null,"publicize_twitter_user":null,"_wpas_done_3897175":null,"_wpas_skip_3897181":null,"_wpas_skip_3897175":null,"_wpas_skip_3924723":null,"_wpas_mess":null,"_wpas_done_3924723":null,"wps_subtitle":"Aprenda como manter seu quarto organizado com essas ideias incr\u00edveis! Deixe sua decora\u00e7\u00e3o ainda mais charmosa e funcional. Descubra agora mesmo!","_links":{"self":[{"href":"https:\/\/www.aarquiteta.com.br\/blog\/wp-json\/wp\/v2\/posts\/78370","targetHints":{"allow":["GET"]}}],"collection":[{"href":"https:\/\/www.aarquiteta.com.br\/blog\/wp-json\/wp\/v2\/posts"}],"about":[{"href":"https:\/\/www.aarquiteta.com.br\/blog\/wp-json\/wp\/v2\/types\/post"}],"author":[{"embeddable":true,"href":"https:\/\/www.aarquiteta.com.br\/blog\/wp-json\/wp\/v2\/users\/102"}],"replies":[{"embeddable":true,"href":"https:\/\/www.aarquiteta.com.br\/blog\/wp-json\/wp\/v2\/comments?post=78370"}],"version-history":[{"count":0,"href":"https:\/\/www.aarquiteta.com.br\/blog\/wp-json\/wp\/v2\/posts\/78370\/revisions"}],"wp:featuredmedia":[{"embeddable":true,"href":"https:\/\/www.aarquiteta.com.br\/blog\/wp-json\/wp\/v2\/media\/78372"}],"wp:attachment":[{"href":"https:\/\/www.aarquiteta.com.br\/blog\/wp-json\/wp\/v2\/media?parent=78370"}],"wp:term":[{"taxonomy":"category","embeddable":true,"href":"https:\/\/www.aarquiteta.com.br\/blog\/wp-json\/wp\/v2\/categories?post=78370"},{"taxonomy":"post_tag","embeddable":true,"href":"https:\/\/www.aarquiteta.com.br\/blog\/wp-json\/wp\/v2\/tags?post=78370"}],"curies":[{"name":"wp","href":"https:\/\/api.w.org\/{rel}","templated":true}]}}