{"id":78355,"date":"2023-04-20T17:00:23","date_gmt":"2023-04-20T20:00:23","guid":{"rendered":"http:\/\/aarquiteta.com.br\/?p=78355"},"modified":"2023-10-16T14:35:05","modified_gmt":"2023-10-16T17:35:05","slug":"decoracaoplantas-para-ambientesinternos","status":"publish","type":"post","link":"https:\/\/www.aarquiteta.com.br\/blog\/decoracaoplantas-para-ambientesinternos\/","title":{"rendered":"Decora\u00e7\u00e3o com plantas: Esp\u00e9cies ideais para ambientes internos."},"content":{"rendered":"<p>As plantas s\u00e3o elementos fundamentais para tornar um ambiente mais aconchegante, agrad\u00e1vel e harmonioso. Al\u00e9m disso, elas contribuem para melhorar a qualidade do ar e ajudam a reduzir o estresse.<\/p>\n<figure id=\"attachment_78496\" aria-describedby=\"caption-attachment-78496\" style=\"width: 607px\" class=\"wp-caption alignnone\"><img decoding=\"async\" class=\"wp-image-78496 size-full\" src=\"https:\/\/www.aarquiteta.com.br\/blog\/wp-content\/uploads\/2023\/04\/plantas.jpg\" alt=\"\" width=\"607\" height=\"397\" title=\"\" srcset=\"https:\/\/www.aarquiteta.com.br\/blog\/wp-content\/uploads\/2023\/04\/plantas.jpg 607w, https:\/\/www.aarquiteta.com.br\/blog\/wp-content\/uploads\/2023\/04\/plantas-150x98.jpg 150w\" sizes=\"(max-width: 607px) 100vw, 607px\" \/><figcaption id=\"caption-attachment-78496\" class=\"wp-caption-text\">Por: Canva<\/figcaption><\/figure>\n<p>Por isso, a decora\u00e7\u00e3o com plantas \u00e9 uma tend\u00eancia que vem ganhando cada vez mais espa\u00e7o nas casas, escrit\u00f3rios e ambientes comerciais.<\/p>\n<h2>Plantas decorativas para ambientes internos<\/h2>\n<p>Se voc\u00ea deseja decorar sua casa com plantas, \u00e9 importante escolher esp\u00e9cies que se adaptem bem a ambientes internos. Algumas plantas, por exemplo, precisam de mais luz solar ou de um clima mais \u00famido, o que pode dificultar seu cultivo em locais fechados.<\/p>\n<p><img decoding=\"async\" class=\"alignnone wp-image-78497 size-full\" title=\"Plantas decorativas para ambientes internos\" src=\"https:\/\/www.aarquiteta.com.br\/blog\/wp-content\/uploads\/2023\/04\/plantas2.jpg\" alt=\"\" width=\"296\" height=\"450\" srcset=\"https:\/\/www.aarquiteta.com.br\/blog\/wp-content\/uploads\/2023\/04\/plantas2.jpg 296w, https:\/\/www.aarquiteta.com.br\/blog\/wp-content\/uploads\/2023\/04\/plantas2-150x228.jpg 150w\" sizes=\"(max-width: 296px) 100vw, 296px\" \/><\/p>\n<p>Neste artigo, vamos apresentar algumas esp\u00e9cies de plantas ideais para ambientes internos, al\u00e9m de dar dicas sobre como cuidar dessas plantas e como utiliz\u00e1-las na decora\u00e7\u00e3o.<\/p>\n<div class=\"group w-full text-gray-800 dark:text-gray-100 border-b border-black\/10 dark:border-gray-900\/50 bg-gray-50 dark:bg-[#444654] sm:AIPRM__conversation__response\">\n<div class=\"text-base gap-4 md:gap-6 md:max-w-2xl lg:max-w-xl xl:max-w-3xl p-4 md:py-6 flex lg:px-0 m-auto\">\n<div class=\"relative flex w-[calc(100%-50px)] flex-col gap-1 md:gap-3 lg:w-[calc(100%-115px)]\">\n<div class=\"flex flex-grow flex-col gap-3\">\n<div class=\"min-h-[20px] flex flex-col items-start gap-4 whitespace-pre-wrap\">\n<div class=\"markdown prose w-full break-words dark:prose-invert light AIPRM__conversation__response\">\n<h3>1 \u2014 Como cuidar das plantas em ambientes internos:<\/h3>\n<p>Cuidar das plantas em ambientes internos requer alguns cuidados especiais, j\u00e1 que esses locais muitas vezes possuem menos luz e menos umidade do que o ambiente natural das plantas.<\/p>\n<figure id=\"attachment_78498\" aria-describedby=\"caption-attachment-78498\" style=\"width: 608px\" class=\"wp-caption alignnone\"><img decoding=\"async\" class=\"wp-image-78498 size-full\" title=\"Como cuidar das plantas em ambientes internos\" src=\"https:\/\/www.aarquiteta.com.br\/blog\/wp-content\/uploads\/2023\/04\/plantas3.jpg\" alt=\"\" width=\"608\" height=\"407\" srcset=\"https:\/\/www.aarquiteta.com.br\/blog\/wp-content\/uploads\/2023\/04\/plantas3.jpg 608w, https:\/\/www.aarquiteta.com.br\/blog\/wp-content\/uploads\/2023\/04\/plantas3-150x100.jpg 150w\" sizes=\"(max-width: 608px) 100vw, 608px\" \/><figcaption id=\"caption-attachment-78498\" class=\"wp-caption-text\">Por: Canva<\/figcaption><\/figure>\n<p>Escolha esp\u00e9cies que se adaptam bem a ambientes internos, como as que foram mencionadas acima;<\/p>\n<p>Regue as plantas com frequ\u00eancia, mas evite deixar a terra encharcada;<\/p>\n<p>Adube as plantas regularmente, seguindo as instru\u00e7\u00f5es do fabricante;<\/p>\n<p>Limpe as folhas das plantas com um pano \u00famido, para retirar o excesso de poeira e evitar o ac\u00famulo de pragas;<\/p>\n<figure id=\"attachment_78499\" aria-describedby=\"caption-attachment-78499\" style=\"width: 612px\" class=\"wp-caption alignnone\"><img decoding=\"async\" class=\"wp-image-78499 size-full\" title=\"Como cuidar das plantas em ambientes internos\" src=\"https:\/\/www.aarquiteta.com.br\/blog\/wp-content\/uploads\/2023\/04\/plantas5.jpg\" alt=\"\" width=\"612\" height=\"406\" srcset=\"https:\/\/www.aarquiteta.com.br\/blog\/wp-content\/uploads\/2023\/04\/plantas5.jpg 612w, https:\/\/www.aarquiteta.com.br\/blog\/wp-content\/uploads\/2023\/04\/plantas5-150x100.jpg 150w\" sizes=\"(max-width: 612px) 100vw, 612px\" \/><figcaption id=\"caption-attachment-78499\" class=\"wp-caption-text\">Por: Canva<\/figcaption><\/figure>\n<\/div>\n<\/div>\n<\/div>\n<\/div>\n<\/div>\n<\/div>\n<div class=\"group w-full text-gray-800 dark:text-gray-100 border-b border-black\/10 dark:border-gray-900\/50 bg-gray-50 dark:bg-[#444654] sm:AIPRM__conversation__response\">\n<div class=\"text-base gap-4 md:gap-6 md:max-w-2xl lg:max-w-xl xl:max-w-3xl p-4 md:py-6 flex lg:px-0 m-auto\">\n<div class=\"relative flex w-[calc(100%-50px)] flex-col gap-1 md:gap-3 lg:w-[calc(100%-115px)]\">\n<div class=\"flex flex-grow flex-col gap-3\">\n<div class=\"min-h-[20px] flex flex-col items-start gap-4 whitespace-pre-wrap\">\n<div class=\"markdown prose w-full break-words dark:prose-invert light AIPRM__conversation__response\">\n<p>Coloque as plantas pr\u00f3ximas a janelas ou em locais que recebam luz natural indireta;<\/p>\n<p>Verifique regularmente as folhas das plantas em busca de sinais de doen\u00e7as ou pragas, e trate-as imediatamente caso seja necess\u00e1rio.<\/p>\n<h3>2 \u2014 Como utilizar as plantas na decora\u00e7\u00e3o?<\/h3>\n<p>As plantas podem ser utilizadas de diversas maneiras na decora\u00e7\u00e3o de ambientes internos. Algumas sugest\u00f5es s\u00e3o:<\/p>\n<ul>\n<li>Utilize vasos ou cachep\u00f4s decorativos para dar um toque especial \u00e0s plantas;<\/li>\n<\/ul>\n<figure id=\"attachment_78500\" aria-describedby=\"caption-attachment-78500\" style=\"width: 311px\" class=\"wp-caption alignnone\"><img decoding=\"async\" class=\"wp-image-78500 size-full\" title=\"Como utilizar as plantas na decora\u00e7\u00e3o?\" src=\"https:\/\/www.aarquiteta.com.br\/blog\/wp-content\/uploads\/2023\/04\/plantas6.jpg\" alt=\"\" width=\"311\" height=\"448\" srcset=\"https:\/\/www.aarquiteta.com.br\/blog\/wp-content\/uploads\/2023\/04\/plantas6.jpg 311w, https:\/\/www.aarquiteta.com.br\/blog\/wp-content\/uploads\/2023\/04\/plantas6-150x216.jpg 150w\" sizes=\"(max-width: 311px) 100vw, 311px\" \/><figcaption id=\"caption-attachment-78500\" class=\"wp-caption-text\">Por: Canva<\/figcaption><\/figure>\n<ul>\n<li>Crie arranjos com diferentes esp\u00e9cies de plantas, para dar mais vida e cor ao ambiente;<\/li>\n<li>Utilize jardins verticais para aproveitar melhor o espa\u00e7o e criar um efeito visual interessante;<\/li>\n<\/ul>\n<figure id=\"attachment_78501\" aria-describedby=\"caption-attachment-78501\" style=\"width: 360px\" class=\"wp-caption alignnone\"><img decoding=\"async\" class=\"wp-image-78501\" title=\"Como utilizar as plantas na decora\u00e7\u00e3o?\" src=\"https:\/\/www.aarquiteta.com.br\/blog\/wp-content\/uploads\/2023\/04\/plantas4-701x1024.jpg\" alt=\"\" width=\"360\" height=\"526\" srcset=\"https:\/\/www.aarquiteta.com.br\/blog\/wp-content\/uploads\/2023\/04\/plantas4-701x1024.jpg 701w, https:\/\/www.aarquiteta.com.br\/blog\/wp-content\/uploads\/2023\/04\/plantas4-696x1016.jpg 696w, https:\/\/www.aarquiteta.com.br\/blog\/wp-content\/uploads\/2023\/04\/plantas4-150x219.jpg 150w, https:\/\/www.aarquiteta.com.br\/blog\/wp-content\/uploads\/2023\/04\/plantas4.jpg 1024w\" sizes=\"(max-width: 360px) 100vw, 360px\" \/><figcaption id=\"caption-attachment-78501\" class=\"wp-caption-text\">Por: Reforma Alphaville<\/figcaption><\/figure>\n<ul>\n<li>Elabore composi\u00e7\u00f5es com plantas e objetos decorativos, como quadros, esculturas e m\u00f3veis;<\/li>\n<li>Utilize plantas suspensas em macram\u00ea para criar um ambiente mais descontra\u00eddo e acolhedor.<\/li>\n<\/ul>\n<figure id=\"attachment_78502\" aria-describedby=\"caption-attachment-78502\" style=\"width: 373px\" class=\"wp-caption alignnone\"><img decoding=\"async\" class=\"wp-image-78502 size-full\" title=\"Como utilizar as plantas na decora\u00e7\u00e3o?\" src=\"https:\/\/www.aarquiteta.com.br\/blog\/wp-content\/uploads\/2023\/04\/plantas7.jpg\" alt=\"\" width=\"373\" height=\"484\" srcset=\"https:\/\/www.aarquiteta.com.br\/blog\/wp-content\/uploads\/2023\/04\/plantas7.jpg 373w, https:\/\/www.aarquiteta.com.br\/blog\/wp-content\/uploads\/2023\/04\/plantas7-150x195.jpg 150w\" sizes=\"(max-width: 373px) 100vw, 373px\" \/><figcaption id=\"caption-attachment-78502\" class=\"wp-caption-text\">Por: Canva<\/figcaption><\/figure>\n<h3>3 \u2014 Quais os benef\u00edcios de utilizar plantas na decora\u00e7\u00e3o de ambientes internos?<\/h3>\n<\/div>\n<\/div>\n<\/div>\n<\/div>\n<\/div>\n<\/div>\n<p>Al\u00e9m de deixar o ambiente mais aconchegante e agrad\u00e1vel, as plantas trazem diversos benef\u00edcios para a sa\u00fade e bem-estar das pessoas que frequentam o espa\u00e7o.<\/p>\n<figure id=\"attachment_78517\" aria-describedby=\"caption-attachment-78517\" style=\"width: 603px\" class=\"wp-caption alignnone\"><img decoding=\"async\" class=\"wp-image-78517 size-full\" title=\"Quais os benef\u00edcios de utilizar plantas na decora\u00e7\u00e3o de ambientes internos?\" src=\"https:\/\/www.aarquiteta.com.br\/blog\/wp-content\/uploads\/2023\/04\/plantas8.jpg\" alt=\"\" width=\"603\" height=\"416\" srcset=\"https:\/\/www.aarquiteta.com.br\/blog\/wp-content\/uploads\/2023\/04\/plantas8.jpg 603w, https:\/\/www.aarquiteta.com.br\/blog\/wp-content\/uploads\/2023\/04\/plantas8-150x103.jpg 150w\" sizes=\"(max-width: 603px) 100vw, 603px\" \/><figcaption id=\"caption-attachment-78517\" class=\"wp-caption-text\">Por: Canva<\/figcaption><\/figure>\n<p>Algumas dessas vantagens incluem:<\/p>\n<p><strong>Melhora na qualidade do ar:<\/strong> as plantas conseguem absorver di\u00f3xido de carbono e outras subst\u00e2ncias t\u00f3xicas do ar, liberando oxig\u00eanio e tornando o ambiente mais saud\u00e1vel;<\/p>\n<p><strong>Redu\u00e7\u00e3o do estresse:<\/strong> a presen\u00e7a de plantas no ambiente pode ajudar a reduzir a ansiedade e o estresse, contribuindo para um clima mais relaxante e tranquilo;<\/p>\n<figure id=\"attachment_78518\" aria-describedby=\"caption-attachment-78518\" style=\"width: 624px\" class=\"wp-caption alignnone\"><img decoding=\"async\" class=\"wp-image-78518 size-full\" title=\"Quais os benef\u00edcios de utilizar plantas na decora\u00e7\u00e3o de ambientes internos?\" src=\"https:\/\/www.aarquiteta.com.br\/blog\/wp-content\/uploads\/2023\/04\/plantas9.jpg\" alt=\"\" width=\"624\" height=\"411\" srcset=\"https:\/\/www.aarquiteta.com.br\/blog\/wp-content\/uploads\/2023\/04\/plantas9.jpg 624w, https:\/\/www.aarquiteta.com.br\/blog\/wp-content\/uploads\/2023\/04\/plantas9-150x99.jpg 150w\" sizes=\"(max-width: 624px) 100vw, 624px\" \/><figcaption id=\"caption-attachment-78518\" class=\"wp-caption-text\">Por: Canva<\/figcaption><\/figure>\n<p><strong>Est\u00edmulo \u00e0 criatividade:<\/strong> alguns estudos indicam que a presen\u00e7a de plantas no ambiente pode estimular a criatividade e melhorar a produtividade das pessoas que trabalham no local;<\/p>\n<p><strong>Aumento da umidade do ar:<\/strong> algumas plantas liberam \u00e1gua durante o processo de fotoss\u00edntese, o que pode contribuir para aumentar a umidade do ar em ambientes mais secos;<\/p>\n<p><strong>Absor\u00e7\u00e3o de ru\u00eddos:<\/strong> algumas esp\u00e9cies de plantas podem ajudar a absorver ru\u00eddos, tornando o ambiente mais silencioso e confort\u00e1vel.<\/p>\n<h3>4 \u2014 Espada de S\u00e3o Jorge para ambientes internos:<\/h3>\n<p>A Espada de S\u00e3o Jorge \u00e9 uma das plantas mais indicadas para ambientes internos, devido \u00e0 sua facilidade de adapta\u00e7\u00e3o a diferentes condi\u00e7\u00f5es de ilumina\u00e7\u00e3o e umidade.<\/p>\n<figure id=\"attachment_78519\" aria-describedby=\"caption-attachment-78519\" style=\"width: 318px\" class=\"wp-caption alignnone\"><img decoding=\"async\" class=\"wp-image-78519 size-full\" title=\"Espada de S\u00e3o Jorge para ambientes internos\" src=\"https:\/\/www.aarquiteta.com.br\/blog\/wp-content\/uploads\/2023\/04\/plantas10.jpg\" alt=\"\" width=\"318\" height=\"480\" srcset=\"https:\/\/www.aarquiteta.com.br\/blog\/wp-content\/uploads\/2023\/04\/plantas10.jpg 318w, https:\/\/www.aarquiteta.com.br\/blog\/wp-content\/uploads\/2023\/04\/plantas10-150x226.jpg 150w\" sizes=\"(max-width: 318px) 100vw, 318px\" \/><figcaption id=\"caption-attachment-78519\" class=\"wp-caption-text\">Por: Canva<\/figcaption><\/figure>\n<p>Al\u00e9m disso, ela \u00e9 uma planta resistente e de baixa manuten\u00e7\u00e3o, que pode sobreviver mesmo em ambientes com pouca luz natural e com regas menos frequentes.<\/p>\n<p>A Espada de S\u00e3o Jorge tamb\u00e9m \u00e9 conhecida por suas propriedades purificadoras de ar, absorvendo toxinas e poluentes do ambiente e melhorando a qualidade do ar que respiramos.<\/p>\n<p>Outra vantagem dessa planta \u00e9 o seu visual elegante e moderno, com folhas longas e estreitas que formam uma esp\u00e9cie de &#8220;espada&#8221;. Ela pode ser utilizada em vasos, cachep\u00f4s, jardins verticais e outras composi\u00e7\u00f5es, conferindo um toque de verde e vida ao ambiente.<\/p>\n<figure id=\"attachment_78520\" aria-describedby=\"caption-attachment-78520\" style=\"width: 526px\" class=\"wp-caption alignnone\"><img decoding=\"async\" class=\"wp-image-78520\" title=\"Espada de S\u00e3o Jorge para ambientes internos:\" src=\"https:\/\/www.aarquiteta.com.br\/blog\/wp-content\/uploads\/2023\/04\/plantas11.jpg\" alt=\"\" width=\"526\" height=\"350\" srcset=\"https:\/\/www.aarquiteta.com.br\/blog\/wp-content\/uploads\/2023\/04\/plantas11.jpg 730w, https:\/\/www.aarquiteta.com.br\/blog\/wp-content\/uploads\/2023\/04\/plantas11-696x463.jpg 696w, https:\/\/www.aarquiteta.com.br\/blog\/wp-content\/uploads\/2023\/04\/plantas11-150x100.jpg 150w\" sizes=\"(max-width: 526px) 100vw, 526px\" \/><figcaption id=\"caption-attachment-78520\" class=\"wp-caption-text\">Por: Casa Para Viver<\/figcaption><\/figure>\n<p>Para cuidar da Espada de S\u00e3o Jorge em ambientes internos, \u00e9 importante reg\u00e1-la com frequ\u00eancia, evitando deixar a terra encharcada, e adub\u00e1-la a cada 2 ou 3 meses. Al\u00e9m disso, \u00e9 recomendado limpar as folhas com um pano \u00famido regularmente, para evitar o ac\u00famulo de poeira e a presen\u00e7a de pragas.<\/p>\n<h3>5 \u2014 Zamioculca para ambientes internos:<\/h3>\n<div class=\"group w-full text-gray-800 dark:text-gray-100 border-b border-black\/10 dark:border-gray-900\/50 dark:bg-gray-800\">\n<div class=\"text-base gap-4 md:gap-6 md:max-w-2xl lg:max-w-xl xl:max-w-3xl p-4 md:py-6 flex lg:px-0 m-auto\">\n<div class=\"relative flex w-[calc(100%-50px)] flex-col gap-1 md:gap-3 lg:w-[calc(100%-115px)]\">\n<div class=\"text-gray-400 flex self-end lg:self-center justify-center mt-2 gap-2 md:gap-3 lg:gap-1 lg:absolute lg:top-0 lg:translate-x-full lg:right-0 lg:mt-0 lg:pl-2 invisible\">\n<p>A Zamioculca \u00e9 uma planta muito indicada para ambientes internos, especialmente para aqueles que n\u00e3o recebem muita luz natural.<\/p>\n<figure id=\"attachment_78521\" aria-describedby=\"caption-attachment-78521\" style=\"width: 600px\" class=\"wp-caption alignnone\"><img decoding=\"async\" class=\"wp-image-78521 size-full\" title=\"Zamioculca para ambientes internos\" src=\"https:\/\/www.aarquiteta.com.br\/blog\/wp-content\/uploads\/2023\/04\/plantas12.jpg\" alt=\"\" width=\"600\" height=\"413\" srcset=\"https:\/\/www.aarquiteta.com.br\/blog\/wp-content\/uploads\/2023\/04\/plantas12.jpg 600w, https:\/\/www.aarquiteta.com.br\/blog\/wp-content\/uploads\/2023\/04\/plantas12-150x103.jpg 150w\" sizes=\"(max-width: 600px) 100vw, 600px\" \/><figcaption id=\"caption-attachment-78521\" class=\"wp-caption-text\">Por: Canva<\/figcaption><\/figure>\n<p>Essa planta \u00e9 muito resistente e de baixa manuten\u00e7\u00e3o, o que a torna uma excelente op\u00e7\u00e3o para quem busca um pouco de verde e vida em casa ou no escrit\u00f3rio, sem precisar se preocupar com cuidados muito espec\u00edficos.<\/p>\n<p>A Zamioculca \u00e9 conhecida por suas folhas brilhantes e escuras, que conferem um visual elegante e sofisticado ao ambiente. Ela pode ser cultivada em vasos ou cachep\u00f4s, e pode atingir at\u00e9 1 metro de altura.<\/p>\n<p>Al\u00e9m disso, a Zamioculca \u00e9 uma planta purificadora de ar, capaz de remover subst\u00e2ncias t\u00f3xicas e poluentes do ambiente, melhorando a qualidade do ar que respiramos.<\/p>\n<figure id=\"attachment_78522\" aria-describedby=\"caption-attachment-78522\" style=\"width: 322px\" class=\"wp-caption alignnone\"><img decoding=\"async\" class=\"wp-image-78522 size-full\" title=\"Zamioculca para ambientes internos\" src=\"https:\/\/www.aarquiteta.com.br\/blog\/wp-content\/uploads\/2023\/04\/plantas13.jpg\" alt=\"\" width=\"322\" height=\"497\" srcset=\"https:\/\/www.aarquiteta.com.br\/blog\/wp-content\/uploads\/2023\/04\/plantas13.jpg 322w, https:\/\/www.aarquiteta.com.br\/blog\/wp-content\/uploads\/2023\/04\/plantas13-150x232.jpg 150w\" sizes=\"(max-width: 322px) 100vw, 322px\" \/><figcaption id=\"caption-attachment-78522\" class=\"wp-caption-text\">Por: Canva<\/figcaption><\/figure>\n<p>Para cuidar da Zamioculca em ambientes internos, \u00e9 importante reg\u00e1-la apenas quando o solo estiver seco, evitando deixar a terra encharcada. Ela tamb\u00e9m n\u00e3o precisa de muita aduba\u00e7\u00e3o, e pode ser fertilizada a cada 2 ou 3 meses com um adubo l\u00edquido para plantas.<\/p>\n<p>\u00c9 importante lembrar que a Zamioculca \u00e9 t\u00f3xica para animais de estima\u00e7\u00e3o e seres humanos, podendo causar irrita\u00e7\u00e3o na pele e nos olhos em caso de contato direto.<\/p>\n<h3>6 \u2014 Dracena para ambientes internos:<\/h3>\n<\/div>\n<div class=\"flex justify-between lg:block\">\n<p>A Dracena \u00e9 uma planta muito utilizada na decora\u00e7\u00e3o de ambientes internos, devido \u00e0 sua beleza e facilidade de cultivo.<\/p>\n<p>Existem diversas esp\u00e9cies de Dracena, com diferentes tamanhos, formas e cores de folhagem, o que permite criar composi\u00e7\u00f5es variadas e personalizadas para cada ambiente.<\/p>\n<figure id=\"attachment_78524\" aria-describedby=\"caption-attachment-78524\" style=\"width: 622px\" class=\"wp-caption alignnone\"><img decoding=\"async\" class=\"wp-image-78524\" title=\"Dracena para ambientes internos\" src=\"https:\/\/www.aarquiteta.com.br\/blog\/wp-content\/uploads\/2023\/04\/plantas15.jpg\" alt=\"\" width=\"622\" height=\"320\" srcset=\"https:\/\/www.aarquiteta.com.br\/blog\/wp-content\/uploads\/2023\/04\/plantas15.jpg 680w, https:\/\/www.aarquiteta.com.br\/blog\/wp-content\/uploads\/2023\/04\/plantas15-150x77.jpg 150w\" sizes=\"(max-width: 622px) 100vw, 622px\" \/><figcaption id=\"caption-attachment-78524\" class=\"wp-caption-text\">Por: Greennatura<\/figcaption><\/figure>\n<p>A Dracena \u00e9 uma planta que se adapta bem a ambientes com pouca luz natural, mas tamb\u00e9m pode ser cultivada em locais com maior incid\u00eancia de luz, desde que protegida do sol direto.<\/p>\n<p>Al\u00e9m de ser uma planta ornamental, a Dracena tamb\u00e9m \u00e9 conhecida por suas propriedades purificadoras de ar, ajudando a remover subst\u00e2ncias t\u00f3xicas e poluentes do ambiente e melhorando a qualidade do ar que respiramos.<\/p>\n<p>Para cuidar da Dracena em ambientes internos, \u00e9 importante reg\u00e1-la com frequ\u00eancia, mantendo o solo \u00famido, mas sem encharc\u00e1-lo. Tamb\u00e9m \u00e9 recomendado fertiliz\u00e1-la a cada 2 ou 3 meses com um adubo l\u00edquido para plantas, para garantir um crescimento saud\u00e1vel e forte.<\/p>\n<figure id=\"attachment_78523\" aria-describedby=\"caption-attachment-78523\" style=\"width: 335px\" class=\"wp-caption alignnone\"><img decoding=\"async\" class=\"wp-image-78523 size-full\" title=\"Dracena para ambientes internos\" src=\"https:\/\/www.aarquiteta.com.br\/blog\/wp-content\/uploads\/2023\/04\/plantas14.jpg\" alt=\"\" width=\"335\" height=\"485\" srcset=\"https:\/\/www.aarquiteta.com.br\/blog\/wp-content\/uploads\/2023\/04\/plantas14.jpg 335w, https:\/\/www.aarquiteta.com.br\/blog\/wp-content\/uploads\/2023\/04\/plantas14-150x217.jpg 150w\" sizes=\"(max-width: 335px) 100vw, 335px\" \/><figcaption id=\"caption-attachment-78523\" class=\"wp-caption-text\">Por: Canva<\/figcaption><\/figure>\n<p>Lembrando que algumas esp\u00e9cies de Dracena s\u00e3o t\u00f3xicas para animais de estima\u00e7\u00e3o e seres humanos, podendo causar irrita\u00e7\u00e3o na pele e nos olhos em caso de contato direto.<\/p>\n<\/div>\n<\/div>\n<\/div>\n<\/div>\n<div class=\"group w-full text-gray-800 dark:text-gray-100 border-b border-black\/10 dark:border-gray-900\/50 bg-gray-50 dark:bg-[#444654] sm:AIPRM__conversation__response\">\n<div class=\"text-base gap-4 md:gap-6 md:max-w-2xl lg:max-w-xl xl:max-w-3xl p-4 md:py-6 flex lg:px-0 m-auto\">\n<div class=\"w-[30px] flex flex-col relative items-end\">\n<h3 class=\"relative h-[30px] w-[30px] p-1 rounded-sm text-white flex items-center justify-center\">7 \u2014 Cactos e Suculentas para ambientes internos:<\/h3>\n<div class=\"text-xs flex items-center justify-center gap-1 invisible absolute left-0 top-2 -ml-4 -translate-x-full group-hover:visible !invisible\">\n<p>Cactos e suculentas s\u00e3o plantas muito indicadas para ambientes internos, especialmente para aqueles que recebem bastante luz solar direta.<\/p>\n<p>Essas plantas s\u00e3o conhecidas por sua beleza ex\u00f3tica e pela facilidade de cultivo. Al\u00e9m disso, s\u00e3o ideais para quem tem pouco tempo para cuidar de plantas, j\u00e1 que exigem pouca rega e manuten\u00e7\u00e3o.<\/p>\n<figure id=\"attachment_78525\" aria-describedby=\"caption-attachment-78525\" style=\"width: 598px\" class=\"wp-caption alignnone\"><img decoding=\"async\" class=\"wp-image-78525 size-full\" title=\"Cactos e Suculentas para ambientes internos:\" src=\"https:\/\/www.aarquiteta.com.br\/blog\/wp-content\/uploads\/2023\/04\/plantas16.jpg\" alt=\"\" width=\"598\" height=\"454\" srcset=\"https:\/\/www.aarquiteta.com.br\/blog\/wp-content\/uploads\/2023\/04\/plantas16.jpg 598w, https:\/\/www.aarquiteta.com.br\/blog\/wp-content\/uploads\/2023\/04\/plantas16-150x114.jpg 150w\" sizes=\"(max-width: 598px) 100vw, 598px\" \/><figcaption id=\"caption-attachment-78525\" class=\"wp-caption-text\">Por: Canva<\/figcaption><\/figure>\n<p>Os cactos s\u00e3o plantas suculentas que armazenam \u00e1gua em seus tecidos, o que lhes permite sobreviver em condi\u00e7\u00f5es de seca. Eles v\u00eam em uma grande variedade de formas e tamanhos, desde pequenos cactos de mesa at\u00e9 grandes exemplares que podem ser usados como pe\u00e7as de destaque na decora\u00e7\u00e3o.<\/p>\n<figure id=\"attachment_78526\" aria-describedby=\"caption-attachment-78526\" style=\"width: 609px\" class=\"wp-caption alignnone\"><img decoding=\"async\" class=\"wp-image-78526 size-full\" src=\"https:\/\/www.aarquiteta.com.br\/blog\/wp-content\/uploads\/2023\/04\/plantas17.jpg\" alt=\"\" width=\"609\" height=\"419\" title=\"\" srcset=\"https:\/\/www.aarquiteta.com.br\/blog\/wp-content\/uploads\/2023\/04\/plantas17.jpg 609w, https:\/\/www.aarquiteta.com.br\/blog\/wp-content\/uploads\/2023\/04\/plantas17-150x103.jpg 150w\" sizes=\"(max-width: 609px) 100vw, 609px\" \/><figcaption id=\"caption-attachment-78526\" class=\"wp-caption-text\">Por: Canva<\/figcaption><\/figure>\n<p>As suculentas, por sua vez, s\u00e3o plantas que acumulam \u00e1gua em suas folhas, caules ou ra\u00edzes. Elas tamb\u00e9m apresentam uma grande variedade de formas e cores, e podem ser cultivadas em vasos pequenos, em arranjos de v\u00e1rias plantas ou at\u00e9 mesmo em paredes verdes.<\/p>\n<p>Para cuidar de cactos e suculentas em ambientes internos, \u00e9 importante escolher um local bem iluminado e com boa ventila\u00e7\u00e3o. Elas devem ser regadas apenas quando o solo estiver seco, evitando deixar a terra encharcada.<\/p>\n<figure id=\"attachment_78527\" aria-describedby=\"caption-attachment-78527\" style=\"width: 600px\" class=\"wp-caption alignnone\"><img decoding=\"async\" class=\"wp-image-78527 size-full\" src=\"https:\/\/www.aarquiteta.com.br\/blog\/wp-content\/uploads\/2023\/04\/plantas18.jpg\" alt=\"\" width=\"600\" height=\"408\" title=\"\" srcset=\"https:\/\/www.aarquiteta.com.br\/blog\/wp-content\/uploads\/2023\/04\/plantas18.jpg 600w, https:\/\/www.aarquiteta.com.br\/blog\/wp-content\/uploads\/2023\/04\/plantas18-150x102.jpg 150w\" sizes=\"(max-width: 600px) 100vw, 600px\" \/><figcaption id=\"caption-attachment-78527\" class=\"wp-caption-text\">Por: Canva<\/figcaption><\/figure>\n<p>Al\u00e9m disso, \u00e9 importante lembrar que as cactos e suculentas n\u00e3o precisam de muita aduba\u00e7\u00e3o, e podem ser fertilizadas a cada 3 ou 4 meses com um adubo espec\u00edfico para cactos e suculentas.<\/p>\n<p>No entanto, \u00e9 importante ter cuidado ao manusear essas plantas, j\u00e1 que elas podem apresentar espinhos e serem t\u00f3xicas para animais de estima\u00e7\u00e3o e seres humanos, caso ingeridas. Por isso, \u00e9 importante mant\u00ea-las fora do alcance de crian\u00e7as e animais dom\u00e9sticos.<\/p>\n<\/div>\n<\/div>\n<div class=\"relative flex w-[calc(100%-50px)] flex-col gap-1 md:gap-3 lg:w-[calc(100%-115px)]\">\n<div class=\"flex flex-grow flex-col gap-3\">\n<div class=\"min-h-[20px] flex flex-col items-start gap-4 whitespace-pre-wrap\">\n<div class=\"result-streaming markdown prose w-full break-words dark:prose-invert light AIPRM__conversation__response\">\n<figure id=\"attachment_78528\" aria-describedby=\"caption-attachment-78528\" style=\"width: 636px\" class=\"wp-caption alignnone\"><img decoding=\"async\" class=\"wp-image-78528 size-full\" src=\"https:\/\/www.aarquiteta.com.br\/blog\/wp-content\/uploads\/2023\/04\/plantas19.jpg\" alt=\"\" width=\"636\" height=\"438\" title=\"\" srcset=\"https:\/\/www.aarquiteta.com.br\/blog\/wp-content\/uploads\/2023\/04\/plantas19.jpg 636w, https:\/\/www.aarquiteta.com.br\/blog\/wp-content\/uploads\/2023\/04\/plantas19-150x103.jpg 150w\" sizes=\"(max-width: 636px) 100vw, 636px\" \/><figcaption id=\"caption-attachment-78528\" class=\"wp-caption-text\">Por: Canva<\/figcaption><\/figure>\n<\/div>\n<\/div>\n<\/div>\n<\/div>\n<\/div>\n<\/div>\n<h2>E a\u00ed, gostou do artigo sobre Decora\u00e7\u00e3o com plantas. Esp\u00e9cies ideais para ambientes internos?<\/h2>\n<p>Ent\u00e3o deslize a tela para baixo e<a href=\"https:\/\/br.pinterest.com\/aarquitetapinterest\/_created\/\" target=\"_blank\" rel=\"noopener\"> confira mais dicas<\/a> como esta e n\u00e3o se esque\u00e7a de compartilhar com os amigos!<\/p>\n<p>Quer mais dicas sobre o mundo da Arquitetura e Decora\u00e7\u00e3o, ent\u00e3o confira alguns dos nossos artigos em:<\/p>\n<ul>\n<li><a href=\"https:\/\/www.aarquiteta.com.br\/blog\/paisagismo\/\" target=\"_blank\" rel=\"noopener\">Casa e Jardim<\/a><\/li>\n<li><a href=\"https:\/\/www.aarquiteta.com.br\/blog\/arquitetura\/mundo-arquitetura\/\" target=\"_blank\" rel=\"noopener\">Mundo Arquitetura<\/a><\/li>\n<li><a href=\"https:\/\/www.aarquiteta.com.br\/decoracao\/\" target=\"_blank\" rel=\"noopener\">Decora\u00e7\u00e3o<br \/>\n<\/a><\/li>\n<\/ul>\n<p>&nbsp;<\/p>\n","protected":false},"excerpt":{"rendered":"<p>As plantas s\u00e3o elementos fundamentais para tornar um ambiente mais aconchegante, agrad\u00e1vel e harmonioso. Al\u00e9m disso, elas contribuem para melhorar a qualidade do ar e ajudam a reduzir o estresse. Por isso, a decora\u00e7\u00e3o com plantas \u00e9 uma tend\u00eancia que vem ganhando cada vez mais espa\u00e7o nas casas, escrit\u00f3rios e ambientes comerciais. Plantas decorativas para [&hellip;]<\/p>\n","protected":false},"author":102,"featured_media":78529,"comment_status":"closed","ping_status":"closed","sticky":false,"template":"","format":"standard","meta":{"footnotes":""},"categories":[18754,1484,18757,9612,18751],"tags":[28842,28837,25598,27889,28839,2508,28841,28843,28840,28846,28838,2415,28850,28849,28852,28851,28847,28845,28844,28848],"class_list":["post-78355","post","type-post","status-publish","format-standard","has-post-thumbnail","category-decoracao-de-cozinha","category-decoracao","category-decoracao-de-escritorio","category-jardinagem","category-decoracao-sala-de-estar","tag-como-decorar-com-plantas","tag-decoracao-com-plantas","tag-decoracao-natural","tag-decoracao-sustentavel","tag-especies-de-plantas-para-decoracao","tag-jardim-de-inverno","tag-plantas-de-interior","tag-plantas-faceis-de-cuidar","tag-plantas-ornamentais","tag-plantas-para-a-sala","tag-plantas-para-ambientes-internos","tag-plantas-para-apartamento","tag-plantas-para-cozinha","tag-plantas-para-escritorio","tag-plantas-para-espacos-pequenos","tag-plantas-para-home-office","tag-plantas-para-o-banheiro","tag-plantas-para-o-quarto","tag-plantas-para-purificar-o-ar","tag-plantas-resistentes"],"_wp_attached_file":null,"_wp_attachment_metadata":null,"_wp_attachment_context":null,"_wp_attachment_is_custom_header":null,"geo_longitude":null,"geo_public":null,"geo_latitude":null,"_publicize_done_external":null,"_wpas_done_3897181":null,"publicize_twitter_user":null,"_wpas_done_3897175":null,"_wpas_skip_3897181":null,"_wpas_skip_3897175":null,"_wpas_skip_3924723":null,"_wpas_mess":null,"_wpas_done_3924723":null,"wps_subtitle":"Descubra as melhores esp\u00e9cies de plantas para decora\u00e7\u00e3o de ambientes internos e transforme a sua casa em um verdadeiro jardim de beleza e harmonia!","_links":{"self":[{"href":"https:\/\/www.aarquiteta.com.br\/blog\/wp-json\/wp\/v2\/posts\/78355","targetHints":{"allow":["GET"]}}],"collection":[{"href":"https:\/\/www.aarquiteta.com.br\/blog\/wp-json\/wp\/v2\/posts"}],"about":[{"href":"https:\/\/www.aarquiteta.com.br\/blog\/wp-json\/wp\/v2\/types\/post"}],"author":[{"embeddable":true,"href":"https:\/\/www.aarquiteta.com.br\/blog\/wp-json\/wp\/v2\/users\/102"}],"replies":[{"embeddable":true,"href":"https:\/\/www.aarquiteta.com.br\/blog\/wp-json\/wp\/v2\/comments?post=78355"}],"version-history":[{"count":0,"href":"https:\/\/www.aarquiteta.com.br\/blog\/wp-json\/wp\/v2\/posts\/78355\/revisions"}],"wp:featuredmedia":[{"embeddable":true,"href":"https:\/\/www.aarquiteta.com.br\/blog\/wp-json\/wp\/v2\/media\/78529"}],"wp:attachment":[{"href":"https:\/\/www.aarquiteta.com.br\/blog\/wp-json\/wp\/v2\/media?parent=78355"}],"wp:term":[{"taxonomy":"category","embeddable":true,"href":"https:\/\/www.aarquiteta.com.br\/blog\/wp-json\/wp\/v2\/categories?post=78355"},{"taxonomy":"post_tag","embeddable":true,"href":"https:\/\/www.aarquiteta.com.br\/blog\/wp-json\/wp\/v2\/tags?post=78355"}],"curies":[{"name":"wp","href":"https:\/\/api.w.org\/{rel}","templated":true}]}}