{"id":78337,"date":"2023-04-17T06:00:08","date_gmt":"2023-04-17T09:00:08","guid":{"rendered":"http:\/\/aarquiteta.com.br\/?p=78337"},"modified":"2024-09-15T09:21:10","modified_gmt":"2024-09-15T12:21:10","slug":"10-dicas-organizacao-cozinhas-funcionais","status":"publish","type":"post","link":"https:\/\/www.aarquiteta.com.br\/blog\/10-dicas-organizacao-cozinhas-funcionais\/","title":{"rendered":"Cozinhas Funcionais: 10 Dicas de organiza\u00e7\u00e3o e decora\u00e7\u00e3o!"},"content":{"rendered":"<p>Cozinhas Funcionais: 10 Dicas de organiza\u00e7\u00e3o e decora\u00e7\u00e3o! Transforme sua <a href=\"https:\/\/www.aarquiteta.com.br\/blog\/decoracao\/ambientes-na-decoracao\/decoracao-de-cozinha\/\">cozinha<\/a> em um ambiente funcional e elegante com nossas dicas de organiza\u00e7\u00e3o e decora\u00e7\u00e3o. Descubra como otimizar o espa\u00e7o, escolher os melhores utens\u00edlios e criar um visual harmonioso para facilitar o seu dia a dia na cozinha. Confira agora mesmo!<\/p><p>Uma cozinha bem organizada e funcional pode tornar a experi\u00eancia de cozinhar mais agrad\u00e1vel e eficiente. Al\u00e9m disso, uma cozinha bem planejada \u00e9 essencial para aproveitar ao m\u00e1ximo o espa\u00e7o dispon\u00edvel e facilitar a realiza\u00e7\u00e3o das tarefas di\u00e1rias.<\/p><p>Neste artigo, compartilharemos dicas de organiza\u00e7\u00e3o e decora\u00e7\u00e3o para cozinhas funcionais.\u00a0Veja como voc\u00ea poder\u00e1 investir pouco, por\u00e9m sem deixar de dar a sua marca ou seu toque pessoal no seu <a href=\"https:\/\/www.aarquiteta.com.br\/blog\/?s=PROJETO\">projeto<\/a>. Acompanhe a seguir:<\/p><h2><strong>Dicas de organiza\u00e7\u00e3o e decora\u00e7\u00e3o para cozinhas funcionais:<\/strong><\/h2><p>Passos para planejar sua cozinha bem organizada e decorada com planejamento altamente funcional:<\/p><h3><strong>1 \u2014 Avaliar o espa\u00e7o dispon\u00edvel:<\/strong><\/h3><p><img decoding=\"async\" class=\"alignnone wp-image-63945 size-full\" title=\"10 Dicas de organiza\u00e7\u00e3o e decora\u00e7\u00e3o para cozinhas funcionais\" src=\"https:\/\/www.aarquiteta.com.br\/blog\/wp-content\/uploads\/2022\/07\/organizador1-1.jpg\" alt=\"10 Dicas de organiza\u00e7\u00e3o e decora\u00e7\u00e3o para cozinhas funcionais\" width=\"1000\" height=\"667\" srcset=\"https:\/\/www.aarquiteta.com.br\/blog\/wp-content\/uploads\/2022\/07\/organizador1-1.jpg 1000w, https:\/\/www.aarquiteta.com.br\/blog\/wp-content\/uploads\/2022\/07\/organizador1-1-696x464.jpg 696w, https:\/\/www.aarquiteta.com.br\/blog\/wp-content\/uploads\/2022\/07\/organizador1-1-150x100.jpg 150w\" sizes=\"(max-width: 1000px) 100vw, 1000px\" \/><\/p><p>O primeiro passo para criar uma cozinha funcional \u00e9 avaliar o espa\u00e7o dispon\u00edvel. Me\u00e7a o tamanho da sua cozinha e considere a disposi\u00e7\u00e3o dos m\u00f3veis e eletrodom\u00e9sticos. \u00c9 importante ter em mente que uma boa circula\u00e7\u00e3o \u00e9 fundamental para uma cozinha eficiente.<\/p><h3><strong>2 \u2014 Definir prioridades:<\/strong><\/h3><p>Antes de come\u00e7ar a organizar e decorar sua cozinha, defina suas prioridades. Fa\u00e7a uma lista das atividades que voc\u00ea realiza com mais frequ\u00eancia e determine quais itens s\u00e3o indispens\u00e1veis para essas tarefas. Priorizar suas necessidades ajudar\u00e1 a criar uma cozinha que atenda \u00e0s suas expectativas.<\/p><h3><strong>3 \u2014 Estabelecer um or\u00e7amento:<\/strong><\/h3><p>Definir um or\u00e7amento \u00e9 essencial para garantir que voc\u00ea n\u00e3o gaste mais do que o necess\u00e1rio. Al\u00e9m disso, um or\u00e7amento bem-planejado permitir\u00e1 que voc\u00ea invista em itens de qualidade, garantindo uma cozinha dur\u00e1vel e funcional.<\/p><h3><strong>4 \u2014 Armazenamento inteligente:<\/strong><\/h3><figure id=\"attachment_73445\" aria-describedby=\"caption-attachment-73445\" style=\"width: 874px\" class=\"wp-caption alignnone\"><img decoding=\"async\" class=\"wp-image-73445 size-full\" title=\"10 Dicas de organiza\u00e7\u00e3o e decora\u00e7\u00e3o para cozinhas funcionais\" src=\"https:\/\/www.aarquiteta.com.br\/blog\/wp-content\/uploads\/2022\/12\/organizador-de-pratos-para-armario.jpg\" alt=\"10 Dicas de organiza\u00e7\u00e3o e decora\u00e7\u00e3o para cozinhas funcionais\" width=\"874\" height=\"1000\" srcset=\"https:\/\/www.aarquiteta.com.br\/blog\/wp-content\/uploads\/2022\/12\/organizador-de-pratos-para-armario.jpg 874w, https:\/\/www.aarquiteta.com.br\/blog\/wp-content\/uploads\/2022\/12\/organizador-de-pratos-para-armario-696x796.jpg 696w, https:\/\/www.aarquiteta.com.br\/blog\/wp-content\/uploads\/2022\/12\/organizador-de-pratos-para-armario-150x172.jpg 150w\" sizes=\"(max-width: 874px) 100vw, 874px\" \/><figcaption id=\"caption-attachment-73445\" class=\"wp-caption-text\">Organizador Arm\u00e1rio De Cozinha Prateleira Aramado Cesto 6un &#8211; Preto<\/figcaption><\/figure><p>Invista em solu\u00e7\u00f5es de armazenamento inteligentes, como arm\u00e1rios com prateleiras ajust\u00e1veis, gavetas deslizantes e suportes para panelas e frigideiras. Esses recursos facilitam o acesso aos itens e ajudam a manter a cozinha organizada.<\/p><h3><strong>5 \u2014 Aproveitar as paredes:<\/strong><\/h3><p><img decoding=\"async\" class=\"alignnone wp-image-63946 size-full\" title=\"10 Dicas de organiza\u00e7\u00e3o e decora\u00e7\u00e3o para cozinhas funcionais\" src=\"https:\/\/www.aarquiteta.com.br\/blog\/wp-content\/uploads\/2022\/07\/organizador2.jpg\" alt=\"10 Dicas de organiza\u00e7\u00e3o e decora\u00e7\u00e3o para cozinhas funcionais\" width=\"952\" height=\"968\" srcset=\"https:\/\/www.aarquiteta.com.br\/blog\/wp-content\/uploads\/2022\/07\/organizador2.jpg 952w, https:\/\/www.aarquiteta.com.br\/blog\/wp-content\/uploads\/2022\/07\/organizador2-696x708.jpg 696w, https:\/\/www.aarquiteta.com.br\/blog\/wp-content\/uploads\/2022\/07\/organizador2-150x153.jpg 150w\" sizes=\"(max-width: 952px) 100vw, 952px\" \/><\/p><p>As <a href=\"https:\/\/www.aarquiteta.com.br\/blog\/?s=PAREDE\">paredes<\/a> podem ser utilizadas para armazenar utens\u00edlios, especiarias e outros itens essenciais. Considere instalar prateleiras, ganchos e suportes magn\u00e9ticos para otimizar o espa\u00e7o vertical e manter a cozinha organizada.<\/p><h3><strong>6 \u2014 Organizadores de gavetas e prateleiras:<\/strong><\/h3><p><img decoding=\"async\" class=\"alignnone wp-image-40234 size-full\" title=\"10 Dicas de organiza\u00e7\u00e3o e decora\u00e7\u00e3o para cozinhas funcionais\" src=\"https:\/\/www.aarquiteta.com.br\/blog\/wp-content\/uploads\/2022\/01\/organizadores-de-gavetas.jpg\" alt=\"10 Dicas de organiza\u00e7\u00e3o e decora\u00e7\u00e3o para cozinhas funcionais\" width=\"700\" height=\"400\" srcset=\"https:\/\/www.aarquiteta.com.br\/blog\/wp-content\/uploads\/2022\/01\/organizadores-de-gavetas.jpg 700w, https:\/\/www.aarquiteta.com.br\/blog\/wp-content\/uploads\/2022\/01\/organizadores-de-gavetas-696x398.jpg 696w, https:\/\/www.aarquiteta.com.br\/blog\/wp-content\/uploads\/2022\/01\/organizadores-de-gavetas-150x86.jpg 150w\" sizes=\"(max-width: 700px) 100vw, 700px\" \/><\/p><p>Os organizadores de gavetas e prateleiras s\u00e3o excelentes aliados na organiza\u00e7\u00e3o da cozinha. Eles ajudam a separar e organizar itens, como talheres, utens\u00edlios e temperos, facilitando o acesso e a visualiza\u00e7\u00e3o do que est\u00e1 armazenado.<\/p><h3><strong>7 \u2014 Escolher uma paleta de cores:<\/strong><\/h3><figure id=\"attachment_78018\" aria-describedby=\"caption-attachment-78018\" style=\"width: 1456px\" class=\"wp-caption alignnone\"><img decoding=\"async\" class=\"wp-image-78018 size-full\" title=\"10 Dicas de organiza\u00e7\u00e3o e decora\u00e7\u00e3o para cozinhas funcionais\" src=\"https:\/\/www.aarquiteta.com.br\/blog\/wp-content\/uploads\/2023\/04\/cozinha-pequena-com-moveis-planejados.jpg\" alt=\"10 Dicas de organiza\u00e7\u00e3o e decora\u00e7\u00e3o para cozinhas funcionais\" width=\"1456\" height=\"816\" srcset=\"https:\/\/www.aarquiteta.com.br\/blog\/wp-content\/uploads\/2023\/04\/cozinha-pequena-com-moveis-planejados.jpg 1456w, https:\/\/www.aarquiteta.com.br\/blog\/wp-content\/uploads\/2023\/04\/cozinha-pequena-com-moveis-planejados-1024x574.jpg 1024w, https:\/\/www.aarquiteta.com.br\/blog\/wp-content\/uploads\/2023\/04\/cozinha-pequena-com-moveis-planejados-696x390.jpg 696w, https:\/\/www.aarquiteta.com.br\/blog\/wp-content\/uploads\/2023\/04\/cozinha-pequena-com-moveis-planejados-150x84.jpg 150w\" sizes=\"(max-width: 1456px) 100vw, 1456px\" \/><figcaption id=\"caption-attachment-78018\" class=\"wp-caption-text\">projeto de cozinha pequena<\/figcaption><\/figure><p>A escolha de uma paleta de <a href=\"https:\/\/www.aarquiteta.com.br\/blog\/?s=CORES\">cores<\/a> harmoniosa \u00e9 fundamental para criar uma cozinha agrad\u00e1vel e convidativa. Considere cores que combinem com o estilo da sua casa e que transmitam a sensa\u00e7\u00e3o desejada. Cores claras e neutras geralmente ajudam a dar uma sensa\u00e7\u00e3o de amplitude e luminosidade.<\/p><h3><strong>8 \u2014 Adicionar elementos decorativos funcionais:<\/strong><\/h3><figure id=\"attachment_77818\" aria-describedby=\"caption-attachment-77818\" style=\"width: 1200px\" class=\"wp-caption alignnone\"><img decoding=\"async\" class=\"wp-image-77818 size-full\" title=\"10 Dicas de organiza\u00e7\u00e3o e decora\u00e7\u00e3o para cozinhas funcionais\" src=\"https:\/\/www.aarquiteta.com.br\/blog\/wp-content\/uploads\/2023\/04\/Armarios-de-Cozinha-Cinza-1.jpg\" alt=\"10 Dicas de organiza\u00e7\u00e3o e decora\u00e7\u00e3o para cozinhas funcionais\" width=\"1200\" height=\"800\" srcset=\"https:\/\/www.aarquiteta.com.br\/blog\/wp-content\/uploads\/2023\/04\/Armarios-de-Cozinha-Cinza-1.jpg 1200w, https:\/\/www.aarquiteta.com.br\/blog\/wp-content\/uploads\/2023\/04\/Armarios-de-Cozinha-Cinza-1-1024x683.jpg 1024w, https:\/\/www.aarquiteta.com.br\/blog\/wp-content\/uploads\/2023\/04\/Armarios-de-Cozinha-Cinza-1-696x464.jpg 696w, https:\/\/www.aarquiteta.com.br\/blog\/wp-content\/uploads\/2023\/04\/Armarios-de-Cozinha-Cinza-1-150x100.jpg 150w\" sizes=\"(max-width: 1200px) 100vw, 1200px\" \/><figcaption id=\"caption-attachment-77818\" class=\"wp-caption-text\">Foto: Canva.com<\/figcaption><\/figure><p>Incorporar elementos decorativos que tamb\u00e9m sejam funcionais \u00e9 uma \u00f3tima maneira de unir beleza e praticidade. Algumas ideias incluem: rel\u00f3gios de <a href=\"https:\/\/www.aarquiteta.com.br\/blog\/?s=PAREDE\">parede<\/a>, quadros para anota\u00e7\u00f5es e listas de compras, vasos com ervas arom\u00e1ticas e suportes para panos de prato e utens\u00edlios.<\/p><h3><strong>9 \u2014 Utilizar ilumina\u00e7\u00e3o adequada:<\/strong><\/h3><p><img decoding=\"async\" class=\"alignnone size-full wp-image-77804\" src=\"https:\/\/www.aarquiteta.com.br\/blog\/wp-content\/uploads\/2023\/03\/decoracaodecozinha12.jpg\" alt=\"\" width=\"692\" height=\"472\" title=\"\" srcset=\"https:\/\/www.aarquiteta.com.br\/blog\/wp-content\/uploads\/2023\/03\/decoracaodecozinha12.jpg 692w, https:\/\/www.aarquiteta.com.br\/blog\/wp-content\/uploads\/2023\/03\/decoracaodecozinha12-150x102.jpg 150w\" sizes=\"(max-width: 692px) 100vw, 692px\" \/><\/p><p>A ilumina\u00e7\u00e3o \u00e9 um elemento crucial na decora\u00e7\u00e3o e funcionalidade de uma cozinha. Invista em luzes direcionais para \u00e1reas de trabalho, como bancadas e fog\u00e3o, e em luzes ambientais para criar uma atmosfera aconchegante. Lembre-se de utilizar l\u00e2mpadas de boa qualidade e com a temperatura de cor adequada.<\/p><h3><strong>10 \u2014 Exemplos de cozinhas funcionais:<\/strong><\/h3><p>Para se inspirar, pesquise exemplos de cozinhas funcionais em revistas, blogs e redes sociais. Observe as solu\u00e7\u00f5es de organiza\u00e7\u00e3o e decora\u00e7\u00e3o utilizadas e adapte-as \u00e0s suas necessidades e prefer\u00eancias.<\/p><figure id=\"attachment_77529\" aria-describedby=\"caption-attachment-77529\" style=\"width: 1200px\" class=\"wp-caption alignnone\"><img decoding=\"async\" class=\"size-full wp-image-77529\" src=\"https:\/\/www.aarquiteta.com.br\/blog\/wp-content\/uploads\/2023\/03\/Prateleiras-de-cozinha-2.jpg\" alt=\"Prateleiras de cozinha: como escolher e organizar com estilo e praticidade!\" width=\"1200\" height=\"800\" title=\"\" srcset=\"https:\/\/www.aarquiteta.com.br\/blog\/wp-content\/uploads\/2023\/03\/Prateleiras-de-cozinha-2.jpg 1200w, https:\/\/www.aarquiteta.com.br\/blog\/wp-content\/uploads\/2023\/03\/Prateleiras-de-cozinha-2-1024x683.jpg 1024w, https:\/\/www.aarquiteta.com.br\/blog\/wp-content\/uploads\/2023\/03\/Prateleiras-de-cozinha-2-696x464.jpg 696w, https:\/\/www.aarquiteta.com.br\/blog\/wp-content\/uploads\/2023\/03\/Prateleiras-de-cozinha-2-150x100.jpg 150w\" sizes=\"(max-width: 1200px) 100vw, 1200px\" \/><figcaption id=\"caption-attachment-77529\" class=\"wp-caption-text\">Foto: Canva.com<\/figcaption><\/figure><figure id=\"attachment_77528\" aria-describedby=\"caption-attachment-77528\" style=\"width: 1200px\" class=\"wp-caption alignnone\"><img decoding=\"async\" class=\"size-full wp-image-77528\" src=\"https:\/\/www.aarquiteta.com.br\/blog\/wp-content\/uploads\/2023\/03\/Prateleiras-de-cozinha-1.jpg\" alt=\"Prateleiras de cozinha: como escolher e organizar com estilo e praticidade!\" width=\"1200\" height=\"800\" title=\"\" srcset=\"https:\/\/www.aarquiteta.com.br\/blog\/wp-content\/uploads\/2023\/03\/Prateleiras-de-cozinha-1.jpg 1200w, https:\/\/www.aarquiteta.com.br\/blog\/wp-content\/uploads\/2023\/03\/Prateleiras-de-cozinha-1-1024x683.jpg 1024w, https:\/\/www.aarquiteta.com.br\/blog\/wp-content\/uploads\/2023\/03\/Prateleiras-de-cozinha-1-696x464.jpg 696w, https:\/\/www.aarquiteta.com.br\/blog\/wp-content\/uploads\/2023\/03\/Prateleiras-de-cozinha-1-150x100.jpg 150w\" sizes=\"(max-width: 1200px) 100vw, 1200px\" \/><figcaption id=\"caption-attachment-77528\" class=\"wp-caption-text\">Foto: Canva.com<\/figcaption><\/figure><figure id=\"attachment_77527\" aria-describedby=\"caption-attachment-77527\" style=\"width: 1200px\" class=\"wp-caption alignnone\"><img decoding=\"async\" class=\"size-full wp-image-77527\" src=\"https:\/\/www.aarquiteta.com.br\/blog\/wp-content\/uploads\/2023\/03\/Prateleiras-de-cozinha.jpg\" alt=\"Prateleiras de cozinha: como escolher e organizar com estilo e praticidade!\" width=\"1200\" height=\"800\" title=\"\" srcset=\"https:\/\/www.aarquiteta.com.br\/blog\/wp-content\/uploads\/2023\/03\/Prateleiras-de-cozinha.jpg 1200w, https:\/\/www.aarquiteta.com.br\/blog\/wp-content\/uploads\/2023\/03\/Prateleiras-de-cozinha-1024x683.jpg 1024w, https:\/\/www.aarquiteta.com.br\/blog\/wp-content\/uploads\/2023\/03\/Prateleiras-de-cozinha-696x464.jpg 696w, https:\/\/www.aarquiteta.com.br\/blog\/wp-content\/uploads\/2023\/03\/Prateleiras-de-cozinha-150x100.jpg 150w\" sizes=\"(max-width: 1200px) 100vw, 1200px\" \/><figcaption id=\"caption-attachment-77527\" class=\"wp-caption-text\">Foto: Canva.com<\/figcaption><\/figure><figure id=\"attachment_77045\" aria-describedby=\"caption-attachment-77045\" style=\"width: 1456px\" class=\"wp-caption alignnone\"><img decoding=\"async\" class=\"size-full wp-image-77045\" src=\"https:\/\/www.aarquiteta.com.br\/blog\/wp-content\/uploads\/2023\/03\/cozinha-planejada-com-bancada-4.png\" alt=\"cozinha planejada com bancada\" width=\"1456\" height=\"816\" title=\"\" srcset=\"https:\/\/www.aarquiteta.com.br\/blog\/wp-content\/uploads\/2023\/03\/cozinha-planejada-com-bancada-4.png 1456w, https:\/\/www.aarquiteta.com.br\/blog\/wp-content\/uploads\/2023\/03\/cozinha-planejada-com-bancada-4-1024x574.png 1024w, https:\/\/www.aarquiteta.com.br\/blog\/wp-content\/uploads\/2023\/03\/cozinha-planejada-com-bancada-4-696x390.png 696w, https:\/\/www.aarquiteta.com.br\/blog\/wp-content\/uploads\/2023\/03\/cozinha-planejada-com-bancada-4-150x84.png 150w\" sizes=\"(max-width: 1456px) 100vw, 1456px\" \/><figcaption id=\"caption-attachment-77045\" class=\"wp-caption-text\">cozinha planejada com bancada<\/figcaption><\/figure><figure id=\"attachment_77043\" aria-describedby=\"caption-attachment-77043\" style=\"width: 2048px\" class=\"wp-caption alignnone\"><img decoding=\"async\" class=\"size-full wp-image-77043\" src=\"https:\/\/www.aarquiteta.com.br\/blog\/wp-content\/uploads\/2023\/03\/cozinha-planejada-com-bancada-1.png\" alt=\"cozinha planejada com bancada\" width=\"2048\" height=\"1148\" title=\"\" srcset=\"https:\/\/www.aarquiteta.com.br\/blog\/wp-content\/uploads\/2023\/03\/cozinha-planejada-com-bancada-1.png 2048w, https:\/\/www.aarquiteta.com.br\/blog\/wp-content\/uploads\/2023\/03\/cozinha-planejada-com-bancada-1-1024x574.png 1024w, https:\/\/www.aarquiteta.com.br\/blog\/wp-content\/uploads\/2023\/03\/cozinha-planejada-com-bancada-1-696x390.png 696w, https:\/\/www.aarquiteta.com.br\/blog\/wp-content\/uploads\/2023\/03\/cozinha-planejada-com-bancada-1-150x84.png 150w\" sizes=\"(max-width: 2048px) 100vw, 2048px\" \/><figcaption id=\"caption-attachment-77043\" class=\"wp-caption-text\">cozinha planejada com bancada<\/figcaption><\/figure><p><img decoding=\"async\" class=\"alignnone size-full wp-image-76647\" src=\"https:\/\/www.aarquiteta.com.br\/blog\/wp-content\/uploads\/2023\/03\/cozinhaplanejada18.jpg\" alt=\"\" width=\"518\" height=\"383\" title=\"\" srcset=\"https:\/\/www.aarquiteta.com.br\/blog\/wp-content\/uploads\/2023\/03\/cozinhaplanejada18.jpg 518w, https:\/\/www.aarquiteta.com.br\/blog\/wp-content\/uploads\/2023\/03\/cozinhaplanejada18-150x111.jpg 150w\" sizes=\"(max-width: 518px) 100vw, 518px\" \/><\/p><p><img decoding=\"async\" class=\"alignnone size-full wp-image-76645\" src=\"https:\/\/www.aarquiteta.com.br\/blog\/wp-content\/uploads\/2023\/03\/cozinhaplanejada16.jpg\" alt=\"\" width=\"581\" height=\"390\" title=\"\" srcset=\"https:\/\/www.aarquiteta.com.br\/blog\/wp-content\/uploads\/2023\/03\/cozinhaplanejada16.jpg 581w, https:\/\/www.aarquiteta.com.br\/blog\/wp-content\/uploads\/2023\/03\/cozinhaplanejada16-150x101.jpg 150w\" sizes=\"(max-width: 581px) 100vw, 581px\" \/><\/p><p><img decoding=\"async\" class=\"alignnone size-full wp-image-76607\" src=\"https:\/\/www.aarquiteta.com.br\/blog\/wp-content\/uploads\/2023\/03\/cropped-Prateleira-Pinus-Cozinha-Organizacao-e-Estilo-em-Sua-Cozinha.jpg\" alt=\"Prateleira Pinus Cozinha Organiza\u00e7\u00e3o e Estilo em Sua Cozinha\" width=\"640\" height=\"853\" title=\"\" srcset=\"https:\/\/www.aarquiteta.com.br\/blog\/wp-content\/uploads\/2023\/03\/cropped-Prateleira-Pinus-Cozinha-Organizacao-e-Estilo-em-Sua-Cozinha.jpg 640w, https:\/\/www.aarquiteta.com.br\/blog\/wp-content\/uploads\/2023\/03\/cropped-Prateleira-Pinus-Cozinha-Organizacao-e-Estilo-em-Sua-Cozinha-225x300.jpg 225w, https:\/\/www.aarquiteta.com.br\/blog\/wp-content\/uploads\/2023\/03\/cropped-Prateleira-Pinus-Cozinha-Organizacao-e-Estilo-em-Sua-Cozinha-150x200.jpg 150w, https:\/\/www.aarquiteta.com.br\/blog\/wp-content\/uploads\/2023\/03\/cropped-Prateleira-Pinus-Cozinha-Organizacao-e-Estilo-em-Sua-Cozinha-300x400.jpg 300w\" sizes=\"(max-width: 640px) 100vw, 640px\" \/> <img decoding=\"async\" class=\"alignnone size-full wp-image-76377\" src=\"https:\/\/www.aarquiteta.com.br\/blog\/wp-content\/uploads\/2023\/03\/Cozinha-Elegante-Como-Criar-um-Ambiente-Sofisticado-e-Funcional.webp\" alt=\"Cozinha Elegante Como Criar um Ambiente Sofisticado e Funcional\" width=\"1200\" height=\"740\" title=\"\" srcset=\"https:\/\/www.aarquiteta.com.br\/blog\/wp-content\/uploads\/2023\/03\/Cozinha-Elegante-Como-Criar-um-Ambiente-Sofisticado-e-Funcional.webp 1200w, https:\/\/www.aarquiteta.com.br\/blog\/wp-content\/uploads\/2023\/03\/Cozinha-Elegante-Como-Criar-um-Ambiente-Sofisticado-e-Funcional-1024x631.webp 1024w, https:\/\/www.aarquiteta.com.br\/blog\/wp-content\/uploads\/2023\/03\/Cozinha-Elegante-Como-Criar-um-Ambiente-Sofisticado-e-Funcional-696x429.webp 696w, https:\/\/www.aarquiteta.com.br\/blog\/wp-content\/uploads\/2023\/03\/Cozinha-Elegante-Como-Criar-um-Ambiente-Sofisticado-e-Funcional-150x93.webp 150w\" sizes=\"(max-width: 1200px) 100vw, 1200px\" \/><\/p><h2><strong>Conclus\u00e3o:<\/strong><\/h2><p>Uma cozinha organizada e funcional \u00e9 essencial para tornar o dia a dia mais pr\u00e1tico e agrad\u00e1vel. Siga as dicas apresentadas neste artigo para planejar, organizar e decorar sua cozinha, garantindo um ambiente eficiente e aconchegante.<\/p><h3><strong>Ideias sobre <\/strong><strong>organiza\u00e7\u00e3o e decora\u00e7\u00e3o para cozinhas funcionais<\/strong><strong>:<\/strong><\/h3><p>Confira a nossa sele\u00e7\u00e3o de Organizadores para Cozinha que separamos para voc\u00ea, com certeza uma delas combinar\u00e1 perfeitamente com sua casa!<\/p><p><strong style=\"color: var(--td_text_color, #111111); font-family: Roboto, sans-serif; font-size: 27px;\">Perguntas Frequentes sobre Dicas de organiza\u00e7\u00e3o e decora\u00e7\u00e3o para cozinhas funcionais:<\/strong><\/p><div class=\"group w-full text-gray-800 dark:text-gray-100 border-b border-black\/10 dark:border-gray-900\/50 bg-gray-50 dark:bg-[#444654] sm:AIPRM__conversation__response\"><div class=\"text-base gap-4 md:gap-6 md:max-w-2xl lg:max-w-xl xl:max-w-3xl p-4 md:py-6 flex lg:px-0 m-auto\"><div class=\"relative flex w-[calc(100%-50px)] flex-col gap-1 md:gap-3 lg:w-[calc(100%-115px)]\"><div class=\"flex flex-grow flex-col gap-3\"><div class=\"min-h-[20px] flex flex-col items-start gap-4 whitespace-pre-wrap\"><div class=\"markdown prose w-full break-words dark:prose-invert dark AIPRM__conversation__response\"><h3><strong>Quais s\u00e3o as principais vantagens de uma cozinha funcional?<\/strong><\/h3><p>Uma cozinha funcional facilita a realiza\u00e7\u00e3o das tarefas di\u00e1rias, otimiza o espa\u00e7o e proporciona uma experi\u00eancia de uso mais agrad\u00e1vel e eficiente.<\/p><h3><strong>Como escolher a paleta de cores ideal para a cozinha?<\/strong><\/h3><p>Considere o estilo da sua casa e as cores que transmitam a sensa\u00e7\u00e3o desejada. Cores claras e neutras costumam dar uma sensa\u00e7\u00e3o de amplitude e luminosidade.<\/p><h3><strong>Qual \u00e9 a import\u00e2ncia da ilumina\u00e7\u00e3o na cozinha?<\/strong><\/h3><p>A ilumina\u00e7\u00e3o adequada \u00e9 crucial para a funcionalidade e decora\u00e7\u00e3o da cozinha, proporcionando luz suficiente para as \u00e1reas de trabalho e criando uma atmosfera aconchegante.<\/p><h3><strong>Como posso aproveitar melhor as paredes da minha cozinha?<\/strong><\/h3><p>Instale prateleiras, ganchos e suportes magn\u00e9ticos para armazenar utens\u00edlios, especiarias e outros itens essenciais, otimizando o espa\u00e7o vertical e mantendo a cozinha organizada.<\/p><h3><strong>O que devo considerar ao planejar minha cozinha?<\/strong><\/h3><p>Ao planejar sua cozinha, avalie o espa\u00e7o dispon\u00edvel, defina suas prioridades, estabele\u00e7a um or\u00e7amento e considere solu\u00e7\u00f5es de organiza\u00e7\u00e3o e decora\u00e7\u00e3o que atendam \u00e0s suas necessidades e prefer\u00eancias.<\/p><p>&nbsp;<\/p><\/div><\/div><\/div><\/div><\/div><\/div>","protected":false},"excerpt":{"rendered":"<p>Cozinhas Funcionais: 10 Dicas de organiza\u00e7\u00e3o e decora\u00e7\u00e3o! Transforme sua cozinha em um ambiente funcional e elegante com nossas dicas de organiza\u00e7\u00e3o e decora\u00e7\u00e3o. Descubra como otimizar o espa\u00e7o, escolher os melhores utens\u00edlios e criar um visual harmonioso para facilitar o seu dia a dia na cozinha. Confira agora mesmo!Uma cozinha bem organizada e funcional [&hellip;]<\/p>\n","protected":false},"author":102,"featured_media":76377,"comment_status":"closed","ping_status":"closed","sticky":false,"template":"","format":"standard","meta":{"footnotes":""},"categories":[10005],"tags":[28585,1781,13027,336,1102,2022,26916,27604,2223,1513,26735,1329,2579,4513,28811],"class_list":["post-78337","post","type-post","status-publish","format-standard","has-post-thumbnail","category-casa-e-jardim","tag-armazenamento","tag-cozinha","tag-cozinha-planejada","tag-decoracao","tag-design","tag-espaco","tag-funcional","tag-harmonia","tag-ideias","tag-inspiracao","tag-limpeza","tag-moveis","tag-organizacao","tag-praticidade","tag-utensilios"],"_wp_attached_file":null,"_wp_attachment_metadata":null,"_wp_attachment_context":null,"_wp_attachment_is_custom_header":null,"geo_longitude":null,"geo_public":null,"geo_latitude":null,"_publicize_done_external":null,"_wpas_done_3897181":null,"publicize_twitter_user":null,"_wpas_done_3897175":null,"_wpas_skip_3897181":null,"_wpas_skip_3897175":null,"_wpas_skip_3924723":null,"_wpas_mess":null,"_wpas_done_3924723":null,"wps_subtitle":"\"Transforme sua cozinha em um ambiente funcional e elegante com nossas dicas de organiza\u00e7\u00e3o e decora\u00e7\u00e3o. Descubra como otimizar o espa\u00e7o, escolher os melhores utens\u00edlios e criar um visual harmonioso para facilitar o seu dia a dia na cozinha. Confira agora mesmo!\"","_links":{"self":[{"href":"https:\/\/www.aarquiteta.com.br\/blog\/wp-json\/wp\/v2\/posts\/78337","targetHints":{"allow":["GET"]}}],"collection":[{"href":"https:\/\/www.aarquiteta.com.br\/blog\/wp-json\/wp\/v2\/posts"}],"about":[{"href":"https:\/\/www.aarquiteta.com.br\/blog\/wp-json\/wp\/v2\/types\/post"}],"author":[{"embeddable":true,"href":"https:\/\/www.aarquiteta.com.br\/blog\/wp-json\/wp\/v2\/users\/102"}],"replies":[{"embeddable":true,"href":"https:\/\/www.aarquiteta.com.br\/blog\/wp-json\/wp\/v2\/comments?post=78337"}],"version-history":[{"count":0,"href":"https:\/\/www.aarquiteta.com.br\/blog\/wp-json\/wp\/v2\/posts\/78337\/revisions"}],"wp:featuredmedia":[{"embeddable":true,"href":"https:\/\/www.aarquiteta.com.br\/blog\/wp-json\/wp\/v2\/media\/76377"}],"wp:attachment":[{"href":"https:\/\/www.aarquiteta.com.br\/blog\/wp-json\/wp\/v2\/media?parent=78337"}],"wp:term":[{"taxonomy":"category","embeddable":true,"href":"https:\/\/www.aarquiteta.com.br\/blog\/wp-json\/wp\/v2\/categories?post=78337"},{"taxonomy":"post_tag","embeddable":true,"href":"https:\/\/www.aarquiteta.com.br\/blog\/wp-json\/wp\/v2\/tags?post=78337"}],"curies":[{"name":"wp","href":"https:\/\/api.w.org\/{rel}","templated":true}]}}