{"id":78254,"date":"2023-04-15T17:00:22","date_gmt":"2023-04-15T20:00:22","guid":{"rendered":"http:\/\/aarquiteta.com.br\/?p=78254"},"modified":"2023-04-11T15:44:08","modified_gmt":"2023-04-11T18:44:08","slug":"ideias-decorar-e-organizar-escritorios","status":"publish","type":"post","link":"https:\/\/www.aarquiteta.com.br\/blog\/ideias-decorar-e-organizar-escritorios\/","title":{"rendered":"Ideias para decorar e organizar escrit\u00f3rios dom\u00e9sticos."},"content":{"rendered":"<p>Trabalhar em casa se tornou uma realidade para muitas pessoas, e ter um espa\u00e7o de trabalho organizado e agrad\u00e1vel \u00e9 fundamental para o sucesso e produtividade do home office.<\/p>\n<figure id=\"attachment_78261\" aria-describedby=\"caption-attachment-78261\" style=\"width: 533px\" class=\"wp-caption alignnone\"><img decoding=\"async\" class=\"wp-image-78261 size-full\" src=\"https:\/\/www.aarquiteta.com.br\/blog\/wp-content\/uploads\/2023\/04\/homeoffice.jpg\" alt=\"\" width=\"533\" height=\"361\" title=\"\" srcset=\"https:\/\/www.aarquiteta.com.br\/blog\/wp-content\/uploads\/2023\/04\/homeoffice.jpg 533w, https:\/\/www.aarquiteta.com.br\/blog\/wp-content\/uploads\/2023\/04\/homeoffice-150x102.jpg 150w\" sizes=\"(max-width: 533px) 100vw, 533px\" \/><figcaption id=\"caption-attachment-78261\" class=\"wp-caption-text\">Por: Canva<\/figcaption><\/figure>\n<p>Neste artigo, compartilhamos ideias para decorar e organizar seu escrit\u00f3rio dom\u00e9stico para que ele se torne um ambiente acolhedor e funcional.<\/p>\n<h2>Dicas e ideias para decorar e organizar escrit\u00f3rios dom\u00e9sticos<\/h2>\n<p>As ideias para decorar e organizar escrit\u00f3rios dom\u00e9sticos s\u00e3o sugest\u00f5es de decora\u00e7\u00e3o e organiza\u00e7\u00e3o que podem ser aplicadas em um espa\u00e7o de trabalho em casa.<\/p>\n<figure id=\"attachment_78262\" aria-describedby=\"caption-attachment-78262\" style=\"width: 552px\" class=\"wp-caption alignnone\"><img decoding=\"async\" class=\"wp-image-78262 size-full\" title=\"Dicas e ideias para decorar e organizar escrit\u00f3rios dom\u00e9sticos\" src=\"https:\/\/www.aarquiteta.com.br\/blog\/wp-content\/uploads\/2023\/04\/homeoffice2.jpg\" alt=\"\" width=\"552\" height=\"361\" srcset=\"https:\/\/www.aarquiteta.com.br\/blog\/wp-content\/uploads\/2023\/04\/homeoffice2.jpg 552w, https:\/\/www.aarquiteta.com.br\/blog\/wp-content\/uploads\/2023\/04\/homeoffice2-150x98.jpg 150w\" sizes=\"(max-width: 552px) 100vw, 552px\" \/><figcaption id=\"caption-attachment-78262\" class=\"wp-caption-text\">Por: Canva<\/figcaption><\/figure>\n<p>Essas ideias visam tornar o ambiente mais funcional, confort\u00e1vel e esteticamente agrad\u00e1vel, para melhorar a produtividade e o bem-estar dos trabalhadores.<\/p>\n<h3>1 \u2014 Escolha cores que estimulem a produtividade<\/h3>\n<p>As cores t\u00eam um grande impacto no humor e no n\u00edvel de energia, e escolher as cores certas para o seu espa\u00e7o de trabalho pode ajudar a aumentar a produtividade.<\/p>\n<figure id=\"attachment_78263\" aria-describedby=\"caption-attachment-78263\" style=\"width: 525px\" class=\"wp-caption alignnone\"><img decoding=\"async\" class=\"wp-image-78263 size-full\" title=\"Escolha cores que estimulem a produtividade\" src=\"https:\/\/www.aarquiteta.com.br\/blog\/wp-content\/uploads\/2023\/04\/homeoffice3.jpg\" alt=\"\" width=\"525\" height=\"368\" srcset=\"https:\/\/www.aarquiteta.com.br\/blog\/wp-content\/uploads\/2023\/04\/homeoffice3.jpg 525w, https:\/\/www.aarquiteta.com.br\/blog\/wp-content\/uploads\/2023\/04\/homeoffice3-150x105.jpg 150w\" sizes=\"(max-width: 525px) 100vw, 525px\" \/><figcaption id=\"caption-attachment-78263\" class=\"wp-caption-text\">Por: Canva<\/figcaption><\/figure>\n<p>Cores vibrantes, como vermelho e laranja, podem ajudar a aumentar a energia e a criatividade, enquanto tons mais suaves, como verde e azul, podem ajudar a reduzir o estresse e a promover a calma.<\/p>\n<h3>2 \u2014 Use plantas para trazer vida ao ambiente<\/h3>\n<p>As plantas s\u00e3o \u00f3timas para decorar o ambiente de trabalho e tamb\u00e9m podem ajudar a melhorar a qualidade do ar e reduzir o estresse.<\/p>\n<figure id=\"attachment_78265\" aria-describedby=\"caption-attachment-78265\" style=\"width: 277px\" class=\"wp-caption alignnone\"><img decoding=\"async\" class=\"wp-image-78265 size-full\" title=\"Use plantas para trazer vida ao ambiente\" src=\"https:\/\/www.aarquiteta.com.br\/blog\/wp-content\/uploads\/2023\/04\/homeoffice4.jpg\" alt=\"\" width=\"277\" height=\"414\" srcset=\"https:\/\/www.aarquiteta.com.br\/blog\/wp-content\/uploads\/2023\/04\/homeoffice4.jpg 277w, https:\/\/www.aarquiteta.com.br\/blog\/wp-content\/uploads\/2023\/04\/homeoffice4-150x224.jpg 150w\" sizes=\"(max-width: 277px) 100vw, 277px\" \/><figcaption id=\"caption-attachment-78265\" class=\"wp-caption-text\">Por: Canva<\/figcaption><\/figure>\n<p>Plantas como a espada-de-s\u00e3o-jorge e a jiboia s\u00e3o f\u00e1ceis de cuidar e podem trazer vida e cor ao seu espa\u00e7o de trabalho.<\/p>\n<h3>3 \u2014 Utilize a ilumina\u00e7\u00e3o adequada<\/h3>\n<p>A ilumina\u00e7\u00e3o adequada \u00e9 fundamental para um espa\u00e7o de trabalho confort\u00e1vel e produtivo.<\/p>\n<figure id=\"attachment_78266\" aria-describedby=\"caption-attachment-78266\" style=\"width: 556px\" class=\"wp-caption alignnone\"><img decoding=\"async\" class=\"wp-image-78266 size-full\" title=\"Utilize a ilumina\u00e7\u00e3o adequada\" src=\"https:\/\/www.aarquiteta.com.br\/blog\/wp-content\/uploads\/2023\/04\/homeoffice5.jpg\" alt=\"\" width=\"556\" height=\"368\" srcset=\"https:\/\/www.aarquiteta.com.br\/blog\/wp-content\/uploads\/2023\/04\/homeoffice5.jpg 556w, https:\/\/www.aarquiteta.com.br\/blog\/wp-content\/uploads\/2023\/04\/homeoffice5-150x99.jpg 150w\" sizes=\"(max-width: 556px) 100vw, 556px\" \/><figcaption id=\"caption-attachment-78266\" class=\"wp-caption-text\">Por: Canva<\/figcaption><\/figure>\n<p>Certifique-se de ter uma boa ilumina\u00e7\u00e3o geral e luz direcionada para sua mesa de trabalho.<\/p>\n<p>Al\u00e9m disso, opte por luzes quentes em vez de luzes frias, pois podem ajudar a criar um ambiente mais aconchegante.<\/p>\n<h3>4 \u2014 Desapegue do que n\u00e3o \u00e9 mais necess\u00e1rio<\/h3>\n<p>A desorganiza\u00e7\u00e3o pode afetar a produtividade e o bem-estar.<\/p>\n<figure id=\"attachment_78267\" aria-describedby=\"caption-attachment-78267\" style=\"width: 543px\" class=\"wp-caption alignnone\"><img decoding=\"async\" class=\"wp-image-78267 size-full\" title=\"Desapegue do que n\u00e3o \u00e9 mais necess\u00e1rio\" src=\"https:\/\/www.aarquiteta.com.br\/blog\/wp-content\/uploads\/2023\/04\/homeoffice6.jpg\" alt=\"\" width=\"543\" height=\"279\" srcset=\"https:\/\/www.aarquiteta.com.br\/blog\/wp-content\/uploads\/2023\/04\/homeoffice6.jpg 543w, https:\/\/www.aarquiteta.com.br\/blog\/wp-content\/uploads\/2023\/04\/homeoffice6-150x77.jpg 150w\" sizes=\"(max-width: 543px) 100vw, 543px\" \/><figcaption id=\"caption-attachment-78267\" class=\"wp-caption-text\">Por: Canva<\/figcaption><\/figure>\n<p>Antes de come\u00e7ar a organizar seu espa\u00e7o de trabalho, desapegue de tudo o que n\u00e3o \u00e9 mais necess\u00e1rio, como pap\u00e9is antigos, canetas sem tinta e materiais de escrit\u00f3rio quebrados.<\/p>\n<p>Dessa forma, voc\u00ea ter\u00e1 mais espa\u00e7o para os itens essenciais.<\/p>\n<h3>5 \u2014 Organize a mesa de trabalho<\/h3>\n<p>A mesa de trabalho \u00e9 o cora\u00e7\u00e3o do seu escrit\u00f3rio dom\u00e9stico e deve ser organizada de forma funcional e pr\u00e1tica.<\/p>\n<figure id=\"attachment_78268\" aria-describedby=\"caption-attachment-78268\" style=\"width: 535px\" class=\"wp-caption alignnone\"><img decoding=\"async\" class=\"wp-image-78268 size-full\" title=\"Organize a mesa de trabalho\" src=\"https:\/\/www.aarquiteta.com.br\/blog\/wp-content\/uploads\/2023\/04\/homeoffice7.jpg\" alt=\"\" width=\"535\" height=\"416\" srcset=\"https:\/\/www.aarquiteta.com.br\/blog\/wp-content\/uploads\/2023\/04\/homeoffice7.jpg 535w, https:\/\/www.aarquiteta.com.br\/blog\/wp-content\/uploads\/2023\/04\/homeoffice7-150x117.jpg 150w\" sizes=\"(max-width: 535px) 100vw, 535px\" \/><figcaption id=\"caption-attachment-78268\" class=\"wp-caption-text\">Por: Canva<\/figcaption><\/figure>\n<p>Use organizadores de mesa, como porta-canetas e bandejas de arquivos, para manter seus materiais de escrit\u00f3rio em ordem e de f\u00e1cil acesso.<\/p>\n<p>Mantenha tamb\u00e9m a superf\u00edcie da mesa limpa e livre de objetos desnecess\u00e1rios.<\/p>\n<h3>6 \u2014 Use um quadro de recados para manter as tarefas em ordem<\/h3>\n<p>Um quadro de recados pode ajud\u00e1-lo a manter as tarefas em ordem e garantir que nada seja esquecido.<\/p>\n<figure id=\"attachment_78269\" aria-describedby=\"caption-attachment-78269\" style=\"width: 536px\" class=\"wp-caption alignnone\"><img decoding=\"async\" class=\"wp-image-78269 size-full\" title=\"Use um quadro de recados para manter as tarefas em ordem\" src=\"https:\/\/www.aarquiteta.com.br\/blog\/wp-content\/uploads\/2023\/04\/homeoffice8.jpg\" alt=\"\" width=\"536\" height=\"399\" srcset=\"https:\/\/www.aarquiteta.com.br\/blog\/wp-content\/uploads\/2023\/04\/homeoffice8.jpg 536w, https:\/\/www.aarquiteta.com.br\/blog\/wp-content\/uploads\/2023\/04\/homeoffice8-150x112.jpg 150w\" sizes=\"(max-width: 536px) 100vw, 536px\" \/><figcaption id=\"caption-attachment-78269\" class=\"wp-caption-text\">Por: Canva<\/figcaption><\/figure>\n<p>Use o quadro para anotar tarefas importantes, prazos e lembretes di\u00e1rios.<\/p>\n<p>Voc\u00ea pode colocar o quadro de recados na parede do seu escrit\u00f3rio ou em um local de f\u00e1cil acesso para poder ser consultado com frequ\u00eancia.<\/p>\n<h3>7 \u2014 Invista em uma cadeira confort\u00e1vel<\/h3>\n<p>Uma cadeira confort\u00e1vel \u00e9 essencial para manter a postura correta e evitar dores nas costas durante o trabalho.<\/p>\n<figure id=\"attachment_78270\" aria-describedby=\"caption-attachment-78270\" style=\"width: 291px\" class=\"wp-caption alignnone\"><img decoding=\"async\" class=\"wp-image-78270 size-full\" title=\"Invista em uma cadeira confort\u00e1vel\" src=\"https:\/\/www.aarquiteta.com.br\/blog\/wp-content\/uploads\/2023\/04\/homeoffice9.jpg\" alt=\"\" width=\"291\" height=\"412\" srcset=\"https:\/\/www.aarquiteta.com.br\/blog\/wp-content\/uploads\/2023\/04\/homeoffice9.jpg 291w, https:\/\/www.aarquiteta.com.br\/blog\/wp-content\/uploads\/2023\/04\/homeoffice9-150x212.jpg 150w\" sizes=\"(max-width: 291px) 100vw, 291px\" \/><figcaption id=\"caption-attachment-78270\" class=\"wp-caption-text\">Por: Canva<\/figcaption><\/figure>\n<p>Invista em uma cadeira ergon\u00f4mica que se ajuste \u00e0 sua altura e necessidades.<\/p>\n<p>Certifique-se de que a cadeira ofere\u00e7a suporte adequado para as costas e os bra\u00e7os,, que tenha ajustes para a altura do assento e dos bra\u00e7os.<\/p>\n<h2>E a\u00ed, gostou do artigo sobre Ideias para decorar e organizar escrit\u00f3rios dom\u00e9sticos?<\/h2>\n<p>Ent\u00e3o deslize a tela para baixo e<a href=\"https:\/\/br.pinterest.com\/aarquitetapinterest\/_created\/\" target=\"_blank\" rel=\"noopener\"> confira mais dicas<\/a> como esta e n\u00e3o se esque\u00e7a de compartilhar com os amigos!<\/p>\n<p>Quer mais dicas sobre o mundo da Arquitetura e Decora\u00e7\u00e3o, ent\u00e3o confira alguns dos nossos artigos em:<\/p>\n<ul>\n<li><a href=\"https:\/\/www.aarquiteta.com.br\/blog\/paisagismo\/\" target=\"_blank\" rel=\"noopener\">Casa e Jardim<\/a><\/li>\n<li><a href=\"https:\/\/www.aarquiteta.com.br\/blog\/arquitetura\/mundo-arquitetura\/\" target=\"_blank\" rel=\"noopener\">Mundo Arquitetura<\/a><\/li>\n<li><a href=\"https:\/\/www.aarquiteta.com.br\/decoracao\/\" target=\"_blank\" rel=\"noopener\">Decora\u00e7\u00e3o<br \/>\n<\/a><\/li>\n<\/ul>\n<p>&nbsp;<\/p>\n","protected":false},"excerpt":{"rendered":"<p>Trabalhar em casa se tornou uma realidade para muitas pessoas, e ter um espa\u00e7o de trabalho organizado e agrad\u00e1vel \u00e9 fundamental para o sucesso e produtividade do home office. Neste artigo, compartilhamos ideias para decorar e organizar seu escrit\u00f3rio dom\u00e9stico para que ele se torne um ambiente acolhedor e funcional. Dicas e ideias para decorar [&hellip;]<\/p>\n","protected":false},"author":102,"featured_media":78271,"comment_status":"closed","ping_status":"closed","sticky":false,"template":"","format":"standard","meta":{"footnotes":""},"categories":[1484,18757],"tags":[8900,16162,1028,28749,28744,2289,28748,28747,28745,28746],"class_list":["post-78254","post","type-post","status-publish","format-standard","has-post-thumbnail","category-decoracao","category-decoracao-de-escritorio","tag-ambiente-de-trabalho","tag-decoracao-de-escritorio","tag-design-de-interiores","tag-ergonomia-de-escritorio","tag-escritorio-domestico","tag-home-office","tag-iluminacao-de-escritorio","tag-mobiliario-de-escritorio","tag-organizacao-de-escritorio","tag-produtividade"],"_wp_attached_file":null,"_wp_attachment_metadata":null,"_wp_attachment_context":null,"_wp_attachment_is_custom_header":null,"geo_longitude":null,"geo_public":null,"geo_latitude":null,"_publicize_done_external":null,"_wpas_done_3897181":null,"publicize_twitter_user":null,"_wpas_done_3897175":null,"_wpas_skip_3897181":null,"_wpas_skip_3897175":null,"_wpas_skip_3924723":null,"_wpas_mess":null,"_wpas_done_3924723":null,"wps_subtitle":"Transforme seu espa\u00e7o de trabalho  em casa organizando e personalizando e mantando-se motivado com ideias criativas e ergonomicas!","_links":{"self":[{"href":"https:\/\/www.aarquiteta.com.br\/blog\/wp-json\/wp\/v2\/posts\/78254","targetHints":{"allow":["GET"]}}],"collection":[{"href":"https:\/\/www.aarquiteta.com.br\/blog\/wp-json\/wp\/v2\/posts"}],"about":[{"href":"https:\/\/www.aarquiteta.com.br\/blog\/wp-json\/wp\/v2\/types\/post"}],"author":[{"embeddable":true,"href":"https:\/\/www.aarquiteta.com.br\/blog\/wp-json\/wp\/v2\/users\/102"}],"replies":[{"embeddable":true,"href":"https:\/\/www.aarquiteta.com.br\/blog\/wp-json\/wp\/v2\/comments?post=78254"}],"version-history":[{"count":0,"href":"https:\/\/www.aarquiteta.com.br\/blog\/wp-json\/wp\/v2\/posts\/78254\/revisions"}],"wp:featuredmedia":[{"embeddable":true,"href":"https:\/\/www.aarquiteta.com.br\/blog\/wp-json\/wp\/v2\/media\/78271"}],"wp:attachment":[{"href":"https:\/\/www.aarquiteta.com.br\/blog\/wp-json\/wp\/v2\/media?parent=78254"}],"wp:term":[{"taxonomy":"category","embeddable":true,"href":"https:\/\/www.aarquiteta.com.br\/blog\/wp-json\/wp\/v2\/categories?post=78254"},{"taxonomy":"post_tag","embeddable":true,"href":"https:\/\/www.aarquiteta.com.br\/blog\/wp-json\/wp\/v2\/tags?post=78254"}],"curies":[{"name":"wp","href":"https:\/\/api.w.org\/{rel}","templated":true}]}}