{"id":78198,"date":"2023-04-16T06:00:47","date_gmt":"2023-04-16T09:00:47","guid":{"rendered":"http:\/\/aarquiteta.com.br\/?p=78198"},"modified":"2024-07-03T14:37:16","modified_gmt":"2024-07-03T17:37:16","slug":"moveis-planejados-vantagens-e-dicas-para-escolher-o-projeto-ideal","status":"publish","type":"post","link":"https:\/\/www.aarquiteta.com.br\/blog\/moveis-planejados-vantagens-e-dicas-para-escolher-o-projeto-ideal\/","title":{"rendered":"M\u00f3veis planejados: vantagens e dicas para escolher o projeto ideal."},"content":{"rendered":"<div class=\"group w-full text-gray-800 dark:text-gray-100 border-b border-black\/10 dark:border-gray-900\/50 bg-gray-50 dark:bg-[#444654] sm:AIPRM__conversation__response\"><div class=\"text-base gap-4 md:gap-6 md:max-w-2xl lg:max-w-xl xl:max-w-3xl p-4 md:py-6 flex lg:px-0 m-auto\"><div class=\"relative flex w-[calc(100%-50px)] flex-col gap-1 md:gap-3 lg:w-[calc(100%-115px)]\"><div class=\"flex flex-grow flex-col gap-3\"><div class=\"min-h-[20px] flex flex-col items-start gap-4 whitespace-pre-wrap\"><div class=\"markdown prose w-full break-words dark:prose-invert dark AIPRM__conversation__response\"><p>Se voc\u00ea est\u00e1 considerando renovar a decora\u00e7\u00e3o da sua casa, os m\u00f3veis planejados podem ser a escolha perfeita para voc\u00ea. Al\u00e9m de personalizar o ambiente e proporcionar um toque \u00fanico, os m\u00f3veis planejados trazem v\u00e1rias outras vantagens que valem a pena considerar.<\/p><p>Neste artigo, discutiremos tudo o que voc\u00ea precisa saber sobre m\u00f3veis planejados, desde as vantagens at\u00e9 as dicas para escolher o projeto ideal.<\/p><h2><strong>Vantagens dos m\u00f3veis planejados<\/strong><\/h2><figure id=\"attachment_78202\" aria-describedby=\"caption-attachment-78202\" style=\"width: 1456px\" class=\"wp-caption alignnone\"><img decoding=\"async\" class=\"size-full wp-image-78202\" src=\"https:\/\/www.aarquiteta.com.br\/blog\/wp-content\/uploads\/2023\/04\/moveis-planejados-1.png\" alt=\"moveis planejados\" width=\"1456\" height=\"816\" title=\"\" srcset=\"https:\/\/www.aarquiteta.com.br\/blog\/wp-content\/uploads\/2023\/04\/moveis-planejados-1.png 1456w, https:\/\/www.aarquiteta.com.br\/blog\/wp-content\/uploads\/2023\/04\/moveis-planejados-1-1024x574.png 1024w, https:\/\/www.aarquiteta.com.br\/blog\/wp-content\/uploads\/2023\/04\/moveis-planejados-1-696x390.png 696w, https:\/\/www.aarquiteta.com.br\/blog\/wp-content\/uploads\/2023\/04\/moveis-planejados-1-150x84.png 150w\" sizes=\"(max-width: 1456px) 100vw, 1456px\" \/><figcaption id=\"caption-attachment-78202\" class=\"wp-caption-text\"><a href=\"https:\/\/www.aarquiteta.com.br\/blog\/design-de-interiores\/projetos-de-moveis-planejados\/\" class=\"ilj-generated-link\">moveis planejados<\/a> para escrit\u00f3rio.<\/figcaption><\/figure><ol><li><strong>Personaliza\u00e7\u00e3o:<\/strong> Os m\u00f3veis planejados s\u00e3o personalizados para atender \u00e0s necessidades espec\u00edficas do cliente. Isso significa que voc\u00ea pode escolher o tamanho, a cor, o material, o design e os recursos que desejar. Com m\u00f3veis planejados, voc\u00ea tem a liberdade de criar um ambiente \u00fanico e exclusivo.<\/li><li><strong>Otimiza\u00e7\u00e3o do espa\u00e7o:<\/strong> Os m\u00f3veis planejados s\u00e3o projetados para se ajustar perfeitamente ao espa\u00e7o dispon\u00edvel. Isso significa que voc\u00ea pode aproveitar ao m\u00e1ximo cada cent\u00edmetro do ambiente, criando mais espa\u00e7o de armazenamento e organiza\u00e7\u00e3o.<\/li><li><strong>Durabilidade e qualidade:<\/strong> Os m\u00f3veis planejados s\u00e3o constru\u00eddos com materiais de alta qualidade e com m\u00e3o de obra especializada. Isso garante uma maior durabilidade e resist\u00eancia aos m\u00f3veis, al\u00e9m de um acabamento impec\u00e1vel.<\/li><li><strong>Valoriza\u00e7\u00e3o do im\u00f3vel:<\/strong> A escolha de m\u00f3veis planejados pode aumentar o valor do seu im\u00f3vel. Eles d\u00e3o um toque de sofistica\u00e7\u00e3o e eleg\u00e2ncia, al\u00e9m de oferecerem solu\u00e7\u00f5es pr\u00e1ticas para o dia a dia.<\/li><\/ol><h2><strong>Dicas para escolher o projeto ideal:<\/strong><\/h2><ol><li><strong>Defina seu or\u00e7amento:<\/strong> Antes de come\u00e7ar a projetar seus m\u00f3veis planejados, \u00e9 importante definir seu or\u00e7amento. Isso ajudar\u00e1 a evitar surpresas desagrad\u00e1veis \u200b\u200bdurante o processo de constru\u00e7\u00e3o e garantir\u00e1 que voc\u00ea obtenha os m\u00f3veis que deseja dentro do seu or\u00e7amento.<\/li><li><strong>Escolha um bom profissional:<\/strong> A escolha de um bom profissional \u00e9 essencial para o sucesso do seu projeto de m\u00f3veis planejados. Procure refer\u00eancias, veja portf\u00f3lios e escolha um profissional com experi\u00eancia e habilidade para realizar seu projeto.<\/li><li><strong>Considere suas necessidades:<\/strong> Antes de projetar seus m\u00f3veis planejados, \u00e9 importante considerar suas necessidades. Pense nos itens que voc\u00ea precisa armazenar e na quantidade de espa\u00e7o que precisa. Isso ajudar\u00e1 a criar um projeto que atenda \u00e0s suas necessidades espec\u00edficas.<\/li><li><strong>Escolha o material certo:<\/strong> A escolha do material certo \u00e9 essencial para a durabilidade e resist\u00eancia dos seus m\u00f3veis planejados. Considere o tipo de material que voc\u00ea deseja, como madeira, vidro ou metal, e escolha aquele que melhor atende \u00e0s suas necessidades.<\/li><li><strong>Pense no design:<\/strong> O design \u00e9 outro fator importante a considerar ao projetar seus m\u00f3veis planejados. Pense no estilo que voc\u00ea deseja e escolha um design que combine com o restante da decora\u00e7\u00e3o da sua casa.<\/li><li><strong>N\u00e3o esque\u00e7a da ergonomia: <\/strong>A ergonomia \u00e9 um fator importante a ser considerado ao projetar seus m\u00f3veis planejados. Pense na facilidade de uso dos seus m\u00f3veis e se eles atendem \u00e0s suas necessidades di\u00e1rias. Certifique-se de que a altura e a posi\u00e7\u00e3o dos m\u00f3veis sejam confort\u00e1veis \u200b\u200bpara uso prolongado. A ergonomia pode ajudar a evitar dores e desconfortos f\u00edsicos, proporcionando uma experi\u00eancia mais agrad\u00e1vel ao utilizar seus m\u00f3veis planejados.<\/li><\/ol><div class=\"group w-full text-gray-800 dark:text-gray-100 border-b border-black\/10 dark:border-gray-900\/50 bg-gray-50 dark:bg-[#444654] sm:AIPRM__conversation__response\"><div class=\"text-base gap-4 md:gap-6 md:max-w-2xl lg:max-w-xl xl:max-w-3xl p-4 md:py-6 flex lg:px-0 m-auto\"><div class=\"relative flex w-[calc(100%-50px)] flex-col gap-1 md:gap-3 lg:w-[calc(100%-115px)]\"><div class=\"flex flex-grow flex-col gap-3\"><div class=\"min-h-[20px] flex flex-col items-start gap-4 whitespace-pre-wrap\"><div class=\"markdown prose w-full break-words dark:prose-invert dark AIPRM__conversation__response\"><ol start=\"7\"><li><strong>N\u00e3o deixe de lado a funcionalidade:<\/strong> Al\u00e9m de beleza e design, a funcionalidade dos m\u00f3veis planejados \u00e9 crucial. Pense na facilidade de uso dos seus m\u00f3veis e se eles atendem \u00e0s suas necessidades di\u00e1rias.<\/li><li><strong>Avalie a ilumina\u00e7\u00e3o:<\/strong> A ilumina\u00e7\u00e3o pode fazer toda a diferen\u00e7a na apar\u00eancia dos seus m\u00f3veis planejados. Considere a ilumina\u00e7\u00e3o adequada para destacar as caracter\u00edsticas do seu projeto.<\/li><li><strong>Verifique a garantia:<\/strong> Verifique sempre a garantia dos seus m\u00f3veis planejados. Verifique as condi\u00e7\u00f5es de garantia, a durabilidade e a qualidade dos materiais utilizados.<\/li><li><strong>Planeje com anteced\u00eancia:<\/strong> \u00c9 importante planejar com anteced\u00eancia a constru\u00e7\u00e3o dos seus m\u00f3veis planejados. Considere prazos de entrega, instala\u00e7\u00e3o e outros detalhes importantes para evitar atrasos ou problemas.<\/li><\/ol><h2><strong>Conclus\u00e3o<\/strong><\/h2><figure id=\"attachment_36869\" aria-describedby=\"caption-attachment-36869\" style=\"width: 490px\" class=\"wp-caption alignnone\"><img decoding=\"async\" class=\"size-full wp-image-36869\" src=\"https:\/\/www.aarquiteta.com.br\/blog\/wp-content\/uploads\/2021\/11\/Decoracao-de-Apartamento-Pequeno_-Confira-de-80-Modelos-para-2021.png\" alt=\"M\u00f3veis planejados para apartamentos\" width=\"490\" height=\"653\" title=\"\" srcset=\"https:\/\/www.aarquiteta.com.br\/blog\/wp-content\/uploads\/2021\/11\/Decoracao-de-Apartamento-Pequeno_-Confira-de-80-Modelos-para-2021.png 490w, https:\/\/www.aarquiteta.com.br\/blog\/wp-content\/uploads\/2021\/11\/Decoracao-de-Apartamento-Pequeno_-Confira-de-80-Modelos-para-2021-150x200.png 150w\" sizes=\"(max-width: 490px) 100vw, 490px\" \/><figcaption id=\"caption-attachment-36869\" class=\"wp-caption-text\">fonte: Arkpad<\/figcaption><\/figure><p>Os m\u00f3veis planejados s\u00e3o uma \u00f3tima op\u00e7\u00e3o para quem deseja personalizar e otimizar o espa\u00e7o da sua casa.<\/p><p>Eles oferecem in\u00fameras vantagens, como personaliza\u00e7\u00e3o, otimiza\u00e7\u00e3o do espa\u00e7o, durabilidade e valoriza\u00e7\u00e3o do im\u00f3vel. Ao escolher o projeto ideal, \u00e9 importante considerar fatores como or\u00e7amento, profissionalismo, funcionalidade, design, ergonomia e ilumina\u00e7\u00e3o.<\/p><p>Com um planejamento adequado, voc\u00ea pode ter m\u00f3veis planejados de alta qualidade que atendam \u00e0s suas necessidades e estilo de vida.<\/p><h2><strong>Perguntas frequentes sobre M\u00f3veis planejados:<\/strong><\/h2><h3>Quanto tempo leva para construir m\u00f3veis planejados?<\/h3><p>O tempo de constru\u00e7\u00e3o de m\u00f3veis planejados varia conforme o tamanho e a complexidade do projeto. Geralmente, pode levar de 30 a 60 dias para a fabrica\u00e7\u00e3o e instala\u00e7\u00e3o dos m\u00f3veis.<\/p><h3>Qual \u00e9 o melhor material para m\u00f3veis planejados?<\/h3><p>O melhor material para m\u00f3veis planejados depende das necessidades e prefer\u00eancias do cliente. Madeira maci\u00e7a, MDF e vidro s\u00e3o materiais comuns utilizados na constru\u00e7\u00e3o de m\u00f3veis planejados.<\/p><h3>Como escolher um bom profissional para projetar meus m\u00f3veis planejados?<\/h3><p>Ao escolher um profissional para projetar seus m\u00f3veis planejados, procure por refer\u00eancias, portf\u00f3lios e avalia\u00e7\u00f5es de outros clientes. Certifique-se de escolher um profissional com experi\u00eancia e habilidade para realizar seu projeto.<\/p><h3>Os m\u00f3veis planejados s\u00e3o mais caros do que os m\u00f3veis convencionais?<\/h3><p>Os m\u00f3veis planejados podem ser mais caros do que os m\u00f3veis convencionais, mas oferecem muitas vantagens em termos de personaliza\u00e7\u00e3o, otimiza\u00e7\u00e3o do espa\u00e7o e durabilidade.<\/p><h3>Como fa\u00e7o para cuidar dos meus m\u00f3veis planejados?<\/h3><p>Para cuidar dos seus m\u00f3veis planejados, limpe regularmente com um pano \u00famido e evite o uso de produtos qu\u00edmicos agressivos. Proteja seus m\u00f3veis planejados da luz solar direta e do contato com \u00e1gua ou umidade excessiva.<\/p><p><strong>Espero que este artigo tenha ajudado voc\u00ea!<\/strong><\/p><p>Ent\u00e3o deslize a tela para baixo e<a href=\"https:\/\/br.pinterest.com\/aarquitetapinterest\/_created\/\" target=\"_blank\" rel=\"noopener\">\u00a0confira mais dicas<\/a>\u00a0como esta e n\u00e3o se esque\u00e7a de compartilhar com os amigos!<\/p><p>Quer mais dicas sobre o mundo da\u00a0<a href=\"https:\/\/www.aarquiteta.com.br\/blog\/o-que-e-arquitetura\/\">arquitetura<\/a>\u00a0e\u00a0<a href=\"https:\/\/www.aarquiteta.com.br\/blog\/decoracao\/\">Decora\u00e7\u00e3o<\/a>, ent\u00e3o confira alguns dos nossos artigos em:<\/p><ul><li><a href=\"https:\/\/www.aarquiteta.com.br\/blog\/paisagismo\/\" target=\"_blank\" rel=\"noopener\">Casa e Jardim<\/a><\/li><li><a href=\"https:\/\/www.aarquiteta.com.br\/blog\/arquitetura\/mundo-arquitetura\/\" target=\"_blank\" rel=\"noopener\">Mundo Arquitetura<\/a><\/li><li><a href=\"https:\/\/www.aarquiteta.com.br\/decoracao\/\" target=\"_blank\" rel=\"noopener\">Decora\u00e7\u00e3o\u00a0<\/a><\/li><\/ul><\/div><\/div><\/div><\/div><\/div><\/div><\/div><\/div><\/div><\/div><\/div><\/div>","protected":false},"excerpt":{"rendered":"<p>Se voc\u00ea est\u00e1 considerando renovar a decora\u00e7\u00e3o da sua casa, os m\u00f3veis planejados podem ser a escolha perfeita para voc\u00ea. Al\u00e9m de personalizar o ambiente e proporcionar um toque \u00fanico, os m\u00f3veis planejados trazem v\u00e1rias outras vantagens que valem a pena considerar.Neste artigo, discutiremos tudo o que voc\u00ea precisa saber sobre m\u00f3veis planejados, desde as [&hellip;]<\/p>\n","protected":false},"author":20,"featured_media":78201,"comment_status":"closed","ping_status":"closed","sticky":false,"template":"","format":"standard","meta":{"footnotes":""},"categories":[1484,20341,35386],"tags":[1102,26129,9018,2133,28736,476,4380,4381,9933,1459,28734,6402,4725,26304,26099,28735],"class_list":["post-78198","post","type-post","status-publish","format-standard","has-post-thumbnail","category-decoracao","category-moveis","category-moveis-planejados","tag-design","tag-durabilidade","tag-ergonomia","tag-funcionalidade","tag-garantia","tag-iluminacao","tag-madeira-macica","tag-mdf","tag-moveis-planejados","tag-orcamento","tag-otimizacao-do-espaco","tag-personalizacao","tag-planejamento","tag-profissionalismo","tag-qualidade","tag-valorizacao-do-imovel"],"_wp_attached_file":null,"_wp_attachment_metadata":null,"_wp_attachment_context":null,"_wp_attachment_is_custom_header":null,"geo_longitude":null,"geo_public":null,"geo_latitude":null,"_publicize_done_external":null,"_wpas_done_3897181":null,"publicize_twitter_user":null,"_wpas_done_3897175":null,"_wpas_skip_3897181":null,"_wpas_skip_3897175":null,"_wpas_skip_3924723":null,"_wpas_mess":null,"_wpas_done_3924723":null,"wps_subtitle":"Conhe\u00e7a as vantagens dos m\u00f3veis planejados e aprenda a escolher o projeto ideal para otimizar o espa\u00e7o e a funcionalidade da sua casa.","_links":{"self":[{"href":"https:\/\/www.aarquiteta.com.br\/blog\/wp-json\/wp\/v2\/posts\/78198","targetHints":{"allow":["GET"]}}],"collection":[{"href":"https:\/\/www.aarquiteta.com.br\/blog\/wp-json\/wp\/v2\/posts"}],"about":[{"href":"https:\/\/www.aarquiteta.com.br\/blog\/wp-json\/wp\/v2\/types\/post"}],"author":[{"embeddable":true,"href":"https:\/\/www.aarquiteta.com.br\/blog\/wp-json\/wp\/v2\/users\/20"}],"replies":[{"embeddable":true,"href":"https:\/\/www.aarquiteta.com.br\/blog\/wp-json\/wp\/v2\/comments?post=78198"}],"version-history":[{"count":0,"href":"https:\/\/www.aarquiteta.com.br\/blog\/wp-json\/wp\/v2\/posts\/78198\/revisions"}],"wp:featuredmedia":[{"embeddable":true,"href":"https:\/\/www.aarquiteta.com.br\/blog\/wp-json\/wp\/v2\/media\/78201"}],"wp:attachment":[{"href":"https:\/\/www.aarquiteta.com.br\/blog\/wp-json\/wp\/v2\/media?parent=78198"}],"wp:term":[{"taxonomy":"category","embeddable":true,"href":"https:\/\/www.aarquiteta.com.br\/blog\/wp-json\/wp\/v2\/categories?post=78198"},{"taxonomy":"post_tag","embeddable":true,"href":"https:\/\/www.aarquiteta.com.br\/blog\/wp-json\/wp\/v2\/tags?post=78198"}],"curies":[{"name":"wp","href":"https:\/\/api.w.org\/{rel}","templated":true}]}}