{"id":78034,"date":"2023-04-07T06:00:12","date_gmt":"2023-04-07T09:00:12","guid":{"rendered":"http:\/\/aarquiteta.com.br\/?p=78034"},"modified":"2024-07-03T14:39:48","modified_gmt":"2024-07-03T17:39:48","slug":"espacos-multifuncionais-e-integrados-como-otimizar-seu-ambiente","status":"publish","type":"post","link":"https:\/\/www.aarquiteta.com.br\/blog\/espacos-multifuncionais-e-integrados-como-otimizar-seu-ambiente\/","title":{"rendered":"Espa\u00e7os multifuncionais e integrados: como otimizar seu ambiente."},"content":{"rendered":"<div class=\"group w-full text-gray-800 dark:text-gray-100 border-b border-black\/10 dark:border-gray-900\/50 bg-gray-50 dark:bg-[#444654]\">\n<div class=\"text-base gap-4 md:gap-6 md:max-w-2xl lg:max-w-xl xl:max-w-3xl p-4 md:py-6 flex lg:px-0 m-auto\">\n<div class=\"relative flex w-[calc(100%-50px)] flex-col gap-1 md:gap-3 lg:w-[calc(100%-115px)]\">\n<div class=\"flex flex-grow flex-col gap-3\">\n<div class=\"min-h-[20px] flex flex-col items-start gap-4 whitespace-pre-wrap\">\n<div class=\"markdown prose w-full break-words dark:prose-invert dark\">\n<p>Com a crescente demanda por otimiza\u00e7\u00e3o de espa\u00e7os, os espa\u00e7os multifuncionais e integrados t\u00eam se tornado cada vez mais populares na arquitetura e decora\u00e7\u00e3o. Essa tend\u00eancia visa criar ambientes que possam ser utilizados para diversas atividades, como trabalhar, estudar e socializar. Al\u00e9m disso, a integra\u00e7\u00e3o de ambientes como sala de estar, cozinha e jantar tem sido uma escolha comum, proporcionando maior amplitude e fluidez nos projetos.<\/p>\n<p>Neste artigo, discutiremos como criar espa\u00e7os multifuncionais e integrados em sua casa, trazendo dicas e exemplos pr\u00e1ticos.<\/p>\n<h2><strong>O que s\u00e3o espa\u00e7os multifuncionais e integrados?<\/strong><\/h2>\n<figure id=\"attachment_78035\" aria-describedby=\"caption-attachment-78035\" style=\"width: 2048px\" class=\"wp-caption alignnone\"><img decoding=\"async\" class=\"wp-image-78035 size-full\" title=\"espa\u00e7os multifuncionais e integrados\" src=\"https:\/\/www.aarquiteta.com.br\/blog\/wp-content\/uploads\/2023\/04\/espacos-multifuncionais-e-integrados.png\" alt=\"espa\u00e7os multifuncionais e integrados\" width=\"2048\" height=\"1148\" srcset=\"https:\/\/www.aarquiteta.com.br\/blog\/wp-content\/uploads\/2023\/04\/espacos-multifuncionais-e-integrados.png 2048w, https:\/\/www.aarquiteta.com.br\/blog\/wp-content\/uploads\/2023\/04\/espacos-multifuncionais-e-integrados-1024x574.png 1024w, https:\/\/www.aarquiteta.com.br\/blog\/wp-content\/uploads\/2023\/04\/espacos-multifuncionais-e-integrados-696x390.png 696w, https:\/\/www.aarquiteta.com.br\/blog\/wp-content\/uploads\/2023\/04\/espacos-multifuncionais-e-integrados-150x84.png 150w\" sizes=\"(max-width: 2048px) 100vw, 2048px\" \/><figcaption id=\"caption-attachment-78035\" class=\"wp-caption-text\">espa\u00e7os multifuncionais e integrados.Conceito por AA.<\/figcaption><\/figure>\n<p>Espa\u00e7os multifuncionais s\u00e3o ambientes que possuem mais de uma funcionalidade, ou seja, podem ser utilizados para diferentes atividades. J\u00e1 os espa\u00e7os integrados s\u00e3o aqueles que possuem uma conex\u00e3o entre dois ou mais ambientes, sem a presen\u00e7a de paredes ou divis\u00f3rias que os separem. A combina\u00e7\u00e3o dessas duas caracter\u00edsticas resulta em espa\u00e7os multifuncionais e integrados, que permitem um uso mais din\u00e2mico e flex\u00edvel do ambiente.<\/p>\n<h2><strong>Por que optar por espa\u00e7os multifuncionais e integrados?<\/strong><\/h2>\n<p>A escolha por espa\u00e7os multifuncionais e integrados pode trazer diversos benef\u00edcios, principalmente em apartamentos ou casas com \u00e1reas reduzidas. Esses ambientes permitem a utiliza\u00e7\u00e3o do espa\u00e7o de maneira mais eficiente, eliminando \u00e1reas ociosas ou subutilizadas. Al\u00e9m disso, os espa\u00e7os multifuncionais e integrados permitem uma maior intera\u00e7\u00e3o entre as pessoas, j\u00e1 que n\u00e3o h\u00e1 barreiras f\u00edsicas que as separem.<\/p>\n<h2><strong>Como criar espa\u00e7os multifuncionais e integrados em sua casa?<\/strong><\/h2>\n<figure id=\"attachment_78039\" aria-describedby=\"caption-attachment-78039\" style=\"width: 2912px\" class=\"wp-caption alignnone\"><img decoding=\"async\" class=\"wp-image-78039 size-full\" title=\"espa\u00e7os multifuncionais e integrados\" src=\"https:\/\/www.aarquiteta.com.br\/blog\/wp-content\/uploads\/2023\/04\/espacos-multifuncionais-e-integrados-1.png\" alt=\"espa\u00e7os multifuncionais e integrados\" width=\"2912\" height=\"1632\" srcset=\"https:\/\/www.aarquiteta.com.br\/blog\/wp-content\/uploads\/2023\/04\/espacos-multifuncionais-e-integrados-1.png 2048w, https:\/\/www.aarquiteta.com.br\/blog\/wp-content\/uploads\/2023\/04\/espacos-multifuncionais-e-integrados-1-1024x574.png 1024w, https:\/\/www.aarquiteta.com.br\/blog\/wp-content\/uploads\/2023\/04\/espacos-multifuncionais-e-integrados-1-696x390.png 696w, https:\/\/www.aarquiteta.com.br\/blog\/wp-content\/uploads\/2023\/04\/espacos-multifuncionais-e-integrados-1-150x84.png 150w\" sizes=\"(max-width: 2912px) 100vw, 2912px\" \/><figcaption id=\"caption-attachment-78039\" class=\"wp-caption-text\">espa\u00e7os multifuncionais e integrados.Conceito por AA.<\/figcaption><\/figure>\n<h3><strong>1. Analise suas necessidades<\/strong><\/h3>\n<p>Antes de come\u00e7ar a planejar seu espa\u00e7o multifuncional e integrado, \u00e9 importante identificar suas necessidades e as atividades que ser\u00e3o realizadas nele. Por exemplo, se voc\u00ea precisa de um espa\u00e7o para trabalhar em casa, \u00e9 importante incluir uma \u00e1rea de trabalho em seu projeto.<\/p>\n<h3><strong>2. Defina a disposi\u00e7\u00e3o dos m\u00f3veis.<\/strong><\/h3>\n<p>A disposi\u00e7\u00e3o dos m\u00f3veis \u00e9 essencial para criar um espa\u00e7o multifuncional e integrado. \u00c9 importante escolher m\u00f3veis que sejam vers\u00e1teis e possam ser adaptados para diferentes atividades. Por exemplo, uma mesa dobr\u00e1vel pode servir como mesa de jantar ou de trabalho, dependendo da necessidade.<\/p>\n<h3><strong>3. Utilize cores e ilumina\u00e7\u00e3o para delimitar os espa\u00e7os.<\/strong><\/h3>\n<p>Mesmo em espa\u00e7os integrados, \u00e9 poss\u00edvel delimitar as diferentes \u00e1reas utilizando cores e ilumina\u00e7\u00e3o. Por exemplo, uma parede em cor diferente pode ajudar a separar a \u00e1rea de estar da \u00e1rea de jantar. A ilumina\u00e7\u00e3o tamb\u00e9m pode ser utilizada para criar diferentes atmosferas em cada ambiente.<\/p>\n<h3><strong>4. Escolha materiais e revestimentos que se complementem.<\/strong><\/h3>\n<p>A escolha dos materiais e revestimentos \u00e9 fundamental para criar um ambiente integrado e harmonioso. \u00c9 importante escolher materiais que se complementem e estejam em sintonia entre si. Por exemplo, o uso do mesmo piso em todo o ambiente pode ajudar a criar uma sensa\u00e7\u00e3o de unidade.<\/p>\n<div class=\"group w-full text-gray-800 dark:text-gray-100 border-b border-black\/10 dark:border-gray-900\/50 bg-gray-50 dark:bg-[#444654]\">\n<div class=\"text-base gap-4 md:gap-6 md:max-w-2xl lg:max-w-xl xl:max-w-3xl p-4 md:py-6 flex lg:px-0 m-auto\">\n<div class=\"relative flex w-[calc(100%-50px)] flex-col gap-1 md:gap-3 lg:w-[calc(100%-115px)]\">\n<div class=\"flex flex-grow flex-col gap-3\">\n<div class=\"min-h-[20px] flex flex-col items-start gap-4 whitespace-pre-wrap\">\n<div class=\"markdown prose w-full break-words dark:prose-invert dark\">\n<h2><strong>Exemplos pr\u00e1ticos de espa\u00e7os multifuncionais e integrados.<\/strong><\/h2>\n<figure id=\"attachment_78037\" aria-describedby=\"caption-attachment-78037\" style=\"width: 1456px\" class=\"wp-caption alignnone\"><img decoding=\"async\" class=\"wp-image-78037 size-full\" title=\"espa\u00e7os multifuncionais e integrados\" src=\"https:\/\/www.aarquiteta.com.br\/blog\/wp-content\/uploads\/2023\/04\/espacos-multifuncionais-e-integrados-4.png\" alt=\"espa\u00e7os multifuncionais e integrados\" width=\"1456\" height=\"816\" srcset=\"https:\/\/www.aarquiteta.com.br\/blog\/wp-content\/uploads\/2023\/04\/espacos-multifuncionais-e-integrados-4.png 1456w, https:\/\/www.aarquiteta.com.br\/blog\/wp-content\/uploads\/2023\/04\/espacos-multifuncionais-e-integrados-4-1024x574.png 1024w, https:\/\/www.aarquiteta.com.br\/blog\/wp-content\/uploads\/2023\/04\/espacos-multifuncionais-e-integrados-4-696x390.png 696w, https:\/\/www.aarquiteta.com.br\/blog\/wp-content\/uploads\/2023\/04\/espacos-multifuncionais-e-integrados-4-150x84.png 150w\" sizes=\"(max-width: 1456px) 100vw, 1456px\" \/><figcaption id=\"caption-attachment-78037\" class=\"wp-caption-text\">espa\u00e7os multifuncionais e integrados.Conceito por AA.<\/figcaption><\/figure>\n<p>Para exemplificar como criar espa\u00e7os multifuncionais e integrados, apresentaremos alguns projetos pr\u00e1ticos:<\/p>\n<h3><strong>1. Sala de estar e home office integrados.<\/strong><\/h3>\n<p>Nesse projeto, a sala de estar foi integrada com um home office. A mesa de trabalho foi colocada atr\u00e1s do sof\u00e1, de forma que n\u00e3o prejudique a circula\u00e7\u00e3o no ambiente. A utiliza\u00e7\u00e3o de prateleiras e nichos na parede ajuda a otimizar o espa\u00e7o e a criar um ambiente organizado e funcional.<\/p>\n<h3><strong>2. Cozinha e sala de jantar integradas.<\/strong><\/h3>\n<p>Nesse projeto, a cozinha e a sala de jantar foram integradas, criando um ambiente amplo e arejado. A ilha central na cozinha serve como \u00e1rea de preparo de alimentos e tamb\u00e9m como mesa de jantar. A utiliza\u00e7\u00e3o de revestimentos em tons neutros ajuda a criar um ambiente sofisticado e moderno.<\/p>\n<h3><strong>3. Quarto de casal com home theater<\/strong><\/h3>\n<p>Nesse projeto, o quarto de casal foi integrado com um home theater. A cama foi colocada de frente para a TV, de forma que o casal assista a filmes e s\u00e9ries com conforto. O uso de cores neutras e ilumina\u00e7\u00e3o indireta ajuda a criar um ambiente aconchegante e relaxante.<\/p>\n<h2><strong>Conclus\u00e3o<\/strong><\/h2>\n<figure id=\"attachment_78038\" aria-describedby=\"caption-attachment-78038\" style=\"width: 1456px\" class=\"wp-caption alignnone\"><img decoding=\"async\" class=\"wp-image-78038 size-full\" title=\"espa\u00e7os multifuncionais e integrados\" src=\"https:\/\/www.aarquiteta.com.br\/blog\/wp-content\/uploads\/2023\/04\/espacos-multifuncionais-e-integrados-3.png\" alt=\"espa\u00e7os multifuncionais e integrados\" width=\"1456\" height=\"816\" srcset=\"https:\/\/www.aarquiteta.com.br\/blog\/wp-content\/uploads\/2023\/04\/espacos-multifuncionais-e-integrados-3.png 1456w, https:\/\/www.aarquiteta.com.br\/blog\/wp-content\/uploads\/2023\/04\/espacos-multifuncionais-e-integrados-3-1024x574.png 1024w, https:\/\/www.aarquiteta.com.br\/blog\/wp-content\/uploads\/2023\/04\/espacos-multifuncionais-e-integrados-3-696x390.png 696w, https:\/\/www.aarquiteta.com.br\/blog\/wp-content\/uploads\/2023\/04\/espacos-multifuncionais-e-integrados-3-150x84.png 150w\" sizes=\"(max-width: 1456px) 100vw, 1456px\" \/><figcaption id=\"caption-attachment-78038\" class=\"wp-caption-text\">espa\u00e7os multifuncionais e integrados. Conceito por AA.<\/figcaption><\/figure>\n<p>Os espa\u00e7os multifuncionais e integrados s\u00e3o uma tend\u00eancia cada vez mais presente na arquitetura e decora\u00e7\u00e3o.<\/p>\n<p>Eles permitem a utiliza\u00e7\u00e3o do espa\u00e7o de maneira mais eficiente, eliminando \u00e1reas ociosas ou subutilizadas, e permitem uma maior intera\u00e7\u00e3o entre as pessoas.<\/p>\n<p>Para criar um espa\u00e7o multifuncional e integrado, \u00e9 importante analisar suas necessidades, definir a disposi\u00e7\u00e3o dos m\u00f3veis, utilizar cores e ilumina\u00e7\u00e3o para delimitar os espa\u00e7os, escolher materiais e revestimentos que se complementem e utilizar a criatividade para adaptar o espa\u00e7o \u00e0s suas necessidades.<\/p>\n<h2><strong>Perguntas frequentes sobre espa\u00e7os multifuncionais e integrados:\u00a0<\/strong><\/h2>\n<h3><strong>1. \u00c9 poss\u00edvel criar espa\u00e7os multifuncionais e integrados em apartamentos pequenos?<\/strong><\/h3>\n<p>Sim, \u00e9 poss\u00edvel criar espa\u00e7os multifuncionais e integrados em apartamentos pequenos. Basta utilizar as dicas apresentadas neste artigo para otimizar o espa\u00e7o e criar ambientes vers\u00e1teis e funcionais.<\/p>\n<h3><strong>2. Quais s\u00e3o os principais benef\u00edcios de criar espa\u00e7os multifuncionais e integrados?<\/strong><\/h3>\n<p>Os principais benef\u00edcios de criar espa\u00e7os multifuncionais e integrados s\u00e3o a utiliza\u00e7\u00e3o do espa\u00e7o de maneira mais eficiente, a elimina\u00e7\u00e3o de \u00e1reas ociosas ou subutilizadas e a possibilidade de uma maior intera\u00e7\u00e3o entre as pessoas.<\/p>\n<h3><strong>3. Como delimitar os diferentes espa\u00e7os em um ambiente integrado?<\/strong><\/h3>\n<p>Os diferentes espa\u00e7os podem ser delimitados utilizando cores e ilumina\u00e7\u00e3o. Por exemplo, uma parede em cor diferente pode ajudar a separar a \u00e1rea de estar da \u00e1rea de jantar, e a ilumina\u00e7\u00e3o pode ser utilizada para criar diferentes atmosferas em cada ambiente.<\/p>\n<h3><strong>4. Quais m\u00f3veis s\u00e3o indicados para criar espa\u00e7os multifuncionais?<\/strong><\/h3>\n<p>M\u00f3veis vers\u00e1teis e adapt\u00e1veis s\u00e3o indicados para criar espa\u00e7os multifuncionais. Por exemplo, uma mesa dobr\u00e1vel pode servir como mesa de jantar ou de trabalho, dependendo da necessidade.<\/p>\n<div class=\"group w-full text-gray-800 dark:text-gray-100 border-b border-black\/10 dark:border-gray-900\/50 bg-gray-50 dark:bg-[#444654]\">\n<div class=\"text-base gap-4 md:gap-6 md:max-w-2xl lg:max-w-xl xl:max-w-3xl p-4 md:py-6 flex lg:px-0 m-auto\">\n<div class=\"relative flex w-[calc(100%-50px)] flex-col gap-1 md:gap-3 lg:w-[calc(100%-115px)]\">\n<div class=\"flex flex-grow flex-col gap-3\">\n<div class=\"min-h-[20px] flex flex-col items-start gap-4 whitespace-pre-wrap\">\n<div class=\"markdown prose w-full break-words dark:prose-invert dark\">\n<h3><strong>5. Como escolher os materiais e revestimentos para criar um ambiente integrado?<\/strong><\/h3>\n<p>Os materiais e revestimentos devem estar em sintonia entre si e criar uma sensa\u00e7\u00e3o de unidade no ambiente. \u00c9 importante escolher materiais que se complementem e que correspondam com o estilo decorativo do ambiente. Por exemplo, o uso do mesmo piso em todo o ambiente pode ajudar a criar uma sensa\u00e7\u00e3o de continuidade.<\/p>\n<p>Com essas dicas, voc\u00ea pode criar um ambiente multifuncional e integrado em sua casa, otimizando o espa\u00e7o e tornando-o mais funcional e aconchegante. Lembre-se de analisar suas necessidades, definir a disposi\u00e7\u00e3o dos m\u00f3veis, utilizar cores e ilumina\u00e7\u00e3o para delimitar os espa\u00e7os, escolher materiais e revestimentos que se complementem e utilizar a criatividade para adaptar o espa\u00e7o \u00e0s suas necessidades.<\/p>\n<\/div>\n<\/div>\n<\/div>\n<\/div>\n<\/div>\n<\/div>\n<\/div>\n<\/div>\n<\/div>\n<\/div>\n<\/div>\n<\/div>\n<\/div>\n<\/div>\n<\/div>\n<\/div>\n<\/div>\n<\/div>\n","protected":false},"excerpt":{"rendered":"<p>Com a crescente demanda por otimiza\u00e7\u00e3o de espa\u00e7os, os espa\u00e7os multifuncionais e integrados t\u00eam se tornado cada vez mais populares na arquitetura e decora\u00e7\u00e3o. Essa tend\u00eancia visa criar ambientes que possam ser utilizados para diversas atividades, como trabalhar, estudar e socializar. Al\u00e9m disso, a integra\u00e7\u00e3o de ambientes como sala de estar, cozinha e jantar tem [&hellip;]<\/p>\n","protected":false},"author":20,"featured_media":78036,"comment_status":"closed","ping_status":"closed","sticky":false,"template":"","format":"standard","meta":{"footnotes":""},"categories":[1507,35387],"tags":[28626,2168,1532,1028,28627,28625,6438,28624,2133,476,6720,1407,26702,4513,28436,8868],"class_list":["post-78034","post","type-post","status-publish","format-standard","has-post-thumbnail","category-arquitetura","category-moveis-multifuncionais","tag-ambientes-flexiveis","tag-cores","tag-criatividade","tag-design-de-interiores","tag-disposicao-de-moveis","tag-espacos-integrados","tag-espacos-multifuncionais","tag-espacos-multifuncionais-e-integrados","tag-funcionalidade","tag-iluminacao","tag-interacao","tag-materiais","tag-otimizacao-de-espaco","tag-praticidade","tag-revestimentos","tag-versatilidade"],"_wp_attached_file":null,"_wp_attachment_metadata":null,"_wp_attachment_context":null,"_wp_attachment_is_custom_header":null,"geo_longitude":null,"geo_public":null,"geo_latitude":null,"_publicize_done_external":null,"_wpas_done_3897181":null,"publicize_twitter_user":null,"_wpas_done_3897175":null,"_wpas_skip_3897181":null,"_wpas_skip_3897175":null,"_wpas_skip_3924723":null,"_wpas_mess":null,"_wpas_done_3924723":null,"wps_subtitle":"Descubra como espa\u00e7os multifuncionais e integrados podem transformar a forma como voc\u00ea utiliza seus ambientes. Leia nosso artigo e inspire-se para aproveitar ao m\u00e1ximo cada cantinho da sua casa ou escrit\u00f3rio.","_links":{"self":[{"href":"https:\/\/www.aarquiteta.com.br\/blog\/wp-json\/wp\/v2\/posts\/78034","targetHints":{"allow":["GET"]}}],"collection":[{"href":"https:\/\/www.aarquiteta.com.br\/blog\/wp-json\/wp\/v2\/posts"}],"about":[{"href":"https:\/\/www.aarquiteta.com.br\/blog\/wp-json\/wp\/v2\/types\/post"}],"author":[{"embeddable":true,"href":"https:\/\/www.aarquiteta.com.br\/blog\/wp-json\/wp\/v2\/users\/20"}],"replies":[{"embeddable":true,"href":"https:\/\/www.aarquiteta.com.br\/blog\/wp-json\/wp\/v2\/comments?post=78034"}],"version-history":[{"count":0,"href":"https:\/\/www.aarquiteta.com.br\/blog\/wp-json\/wp\/v2\/posts\/78034\/revisions"}],"wp:featuredmedia":[{"embeddable":true,"href":"https:\/\/www.aarquiteta.com.br\/blog\/wp-json\/wp\/v2\/media\/78036"}],"wp:attachment":[{"href":"https:\/\/www.aarquiteta.com.br\/blog\/wp-json\/wp\/v2\/media?parent=78034"}],"wp:term":[{"taxonomy":"category","embeddable":true,"href":"https:\/\/www.aarquiteta.com.br\/blog\/wp-json\/wp\/v2\/categories?post=78034"},{"taxonomy":"post_tag","embeddable":true,"href":"https:\/\/www.aarquiteta.com.br\/blog\/wp-json\/wp\/v2\/tags?post=78034"}],"curies":[{"name":"wp","href":"https:\/\/api.w.org\/{rel}","templated":true}]}}