{"id":77933,"date":"2023-04-14T17:00:40","date_gmt":"2023-04-14T20:00:40","guid":{"rendered":"http:\/\/aarquiteta.com.br\/?p=77933"},"modified":"2024-07-03T15:50:27","modified_gmt":"2024-07-03T18:50:27","slug":"decoracao-com-almofadas-como-escolher","status":"publish","type":"post","link":"https:\/\/www.aarquiteta.com.br\/blog\/decoracao-com-almofadas-como-escolher\/","title":{"rendered":"Decora\u00e7\u00e3o com almofadas: Como escolher e combinar estampas e cores."},"content":{"rendered":"<p>As almofadas s\u00e3o elementos decorativos muito utilizados em salas de estar, quartos e outros ambientes da casa.<\/p>\n<p>Elas podem trazer cor, textura e conforto para o ambiente, al\u00e9m de serem uma \u00f3tima op\u00e7\u00e3o para renovar a decora\u00e7\u00e3o sem gastar muito dinheiro.<\/p>\n<figure id=\"attachment_78213\" aria-describedby=\"caption-attachment-78213\" style=\"width: 533px\" class=\"wp-caption alignnone\"><img decoding=\"async\" class=\"wp-image-78213 size-full\" src=\"https:\/\/www.aarquiteta.com.br\/blog\/wp-content\/uploads\/2023\/04\/almofadas.jpg\" alt=\"\" width=\"533\" height=\"355\" title=\"\" srcset=\"https:\/\/www.aarquiteta.com.br\/blog\/wp-content\/uploads\/2023\/04\/almofadas.jpg 533w, https:\/\/www.aarquiteta.com.br\/blog\/wp-content\/uploads\/2023\/04\/almofadas-150x100.jpg 150w\" sizes=\"(max-width: 533px) 100vw, 533px\" \/><figcaption id=\"caption-attachment-78213\" class=\"wp-caption-text\">Por: Canva<\/figcaption><\/figure>\n<p>Neste artigo, falaremos sobre como escolher e combinar estampas e cores de almofadas para criar uma decora\u00e7\u00e3o harmoniosa e bonita.<\/p>\n<h2>O que \u00e9 decora\u00e7\u00e3o com almofadas?<\/h2>\n<p>A decora\u00e7\u00e3o com almofadas consiste em utilizar almofadas como elementos decorativos para complementar o estilo e o ambiente de um espa\u00e7o.<\/p>\n<figure id=\"attachment_78214\" aria-describedby=\"caption-attachment-78214\" style=\"width: 531px\" class=\"wp-caption alignnone\"><img decoding=\"async\" class=\"wp-image-78214 size-full\" title=\"O que \u00e9 decora\u00e7\u00e3o com almofadas?\" src=\"https:\/\/www.aarquiteta.com.br\/blog\/wp-content\/uploads\/2023\/04\/almofadas2.jpg\" alt=\"\" width=\"531\" height=\"363\" srcset=\"https:\/\/www.aarquiteta.com.br\/blog\/wp-content\/uploads\/2023\/04\/almofadas2.jpg 531w, https:\/\/www.aarquiteta.com.br\/blog\/wp-content\/uploads\/2023\/04\/almofadas2-150x103.jpg 150w\" sizes=\"(max-width: 531px) 100vw, 531px\" \/><figcaption id=\"caption-attachment-78214\" class=\"wp-caption-text\">Por: Canva<\/figcaption><\/figure>\n<p>As almofadas podem ser usadas em sof\u00e1s, poltronas, camas e outros m\u00f3veis, criando um visual aconchegante e confort\u00e1vel.<\/p>\n<p>As almofadas podem ter diferentes tamanhos, cores, texturas e estampas, e a combina\u00e7\u00e3o desses elementos pode resultar em diferentes estilos de decora\u00e7\u00e3o.<\/p>\n<h3>1 \u2014 Como escolher almofadas para a decora\u00e7\u00e3o?<\/h3>\n<p>Ao escolher almofadas para a decora\u00e7\u00e3o, \u00e9 importante considerar o estilo do ambiente e os m\u00f3veis em que elas ser\u00e3o utilizadas.<\/p>\n<figure id=\"attachment_78215\" aria-describedby=\"caption-attachment-78215\" style=\"width: 283px\" class=\"wp-caption alignnone\"><img decoding=\"async\" class=\"wp-image-78215 size-full\" title=\"Como escolher almofadas para a decora\u00e7\u00e3o?\" src=\"https:\/\/www.aarquiteta.com.br\/blog\/wp-content\/uploads\/2023\/04\/almofadas3.jpg\" alt=\"\" width=\"283\" height=\"407\" srcset=\"https:\/\/www.aarquiteta.com.br\/blog\/wp-content\/uploads\/2023\/04\/almofadas3.jpg 283w, https:\/\/www.aarquiteta.com.br\/blog\/wp-content\/uploads\/2023\/04\/almofadas3-150x216.jpg 150w\" sizes=\"(max-width: 283px) 100vw, 283px\" \/><figcaption id=\"caption-attachment-78215\" class=\"wp-caption-text\">Por: Canva<\/figcaption><\/figure>\n<p>Algumas dicas para escolher as almofadas ideais s\u00e3o:<\/p>\n<ul>\n<li>Considere a cor: as almofadas devem harmonizar com as cores predominantes no ambiente. Se a decora\u00e7\u00e3o \u00e9 mais neutra, as almofadas podem ter cores vibrantes para dar um toque de cor. J\u00e1 se a decora\u00e7\u00e3o j\u00e1 \u00e9 mais colorida, as almofadas podem ter cores mais neutras ou serem estampadas com cores presentes no ambiente.<\/li>\n<li>Escolha a textura: a textura das almofadas tamb\u00e9m deve ser considerada. Almofadas com texturas macias e aconchegantes s\u00e3o ideais para ambientes mais confort\u00e1veis, enquanto almofadas com texturas mais r\u00edgidas s\u00e3o ideais para ambientes mais formais.<\/li>\n<\/ul>\n<figure id=\"attachment_78223\" aria-describedby=\"caption-attachment-78223\" style=\"width: 532px\" class=\"wp-caption alignnone\"><img decoding=\"async\" class=\"wp-image-78223 size-full\" title=\"Como escolher almofadas para a decora\u00e7\u00e3o?\" src=\"https:\/\/www.aarquiteta.com.br\/blog\/wp-content\/uploads\/2023\/04\/almofadas10.jpg\" alt=\"\" width=\"532\" height=\"354\" srcset=\"https:\/\/www.aarquiteta.com.br\/blog\/wp-content\/uploads\/2023\/04\/almofadas10.jpg 532w, https:\/\/www.aarquiteta.com.br\/blog\/wp-content\/uploads\/2023\/04\/almofadas10-150x100.jpg 150w\" sizes=\"(max-width: 532px) 100vw, 532px\" \/><figcaption id=\"caption-attachment-78223\" class=\"wp-caption-text\">Por: Canva<\/figcaption><\/figure>\n<ul>\n<li>Combine estampas: a combina\u00e7\u00e3o de estampas pode ser uma \u00f3tima forma de trazer mais personalidade para a decora\u00e7\u00e3o. Para criar uma combina\u00e7\u00e3o harmoniosa, \u00e9 importante escolher estampas que tenham cores em comum ou que se complementem.<\/li>\n<\/ul>\n<h3>2 \u2014 Como combinar almofadas estampadas?<\/h3>\n<p>Combinar almofadas estampadas pode ser um desafio, mas seguindo algumas dicas \u00e9 poss\u00edvel criar uma decora\u00e7\u00e3o harmoniosa e bonita.<\/p>\n<figure id=\"attachment_78216\" aria-describedby=\"caption-attachment-78216\" style=\"width: 537px\" class=\"wp-caption alignnone\"><img decoding=\"async\" class=\"wp-image-78216 size-full\" title=\"Como combinar almofadas estampadas?\" src=\"https:\/\/www.aarquiteta.com.br\/blog\/wp-content\/uploads\/2023\/04\/almofadas4.jpg\" alt=\"\" width=\"537\" height=\"367\" srcset=\"https:\/\/www.aarquiteta.com.br\/blog\/wp-content\/uploads\/2023\/04\/almofadas4.jpg 537w, https:\/\/www.aarquiteta.com.br\/blog\/wp-content\/uploads\/2023\/04\/almofadas4-150x103.jpg 150w\" sizes=\"(max-width: 537px) 100vw, 537px\" \/><figcaption id=\"caption-attachment-78216\" class=\"wp-caption-text\">Por: Canva<\/figcaption><\/figure>\n<p>Algumas dicas s\u00e3o:<\/p>\n<p><em>Escolha um padr\u00e3o principal:<\/em> comece escolhendo uma almofada que tenha um padr\u00e3o principal, ou seja, uma estampa que se destaque das demais.<\/p>\n<p><em>Adicione almofadas neutras:<\/em> para equilibrar a decora\u00e7\u00e3o, adicione almofadas neutras que tenham cores presentes nas outras almofadas. Almofadas brancas, pretas, cinzas e bejes s\u00e3o \u00f3timas op\u00e7\u00f5es.<\/p>\n<figure id=\"attachment_78218\" aria-describedby=\"caption-attachment-78218\" style=\"width: 522px\" class=\"wp-caption alignnone\"><img decoding=\"async\" class=\"wp-image-78218 size-full\" title=\"Como combinar almofadas estampadas?\" src=\"https:\/\/www.aarquiteta.com.br\/blog\/wp-content\/uploads\/2023\/04\/almofadas5.jpg\" alt=\"\" width=\"522\" height=\"363\" srcset=\"https:\/\/www.aarquiteta.com.br\/blog\/wp-content\/uploads\/2023\/04\/almofadas5.jpg 522w, https:\/\/www.aarquiteta.com.br\/blog\/wp-content\/uploads\/2023\/04\/almofadas5-150x104.jpg 150w\" sizes=\"(max-width: 522px) 100vw, 522px\" \/><figcaption id=\"caption-attachment-78218\" class=\"wp-caption-text\">Por: Canva<\/figcaption><\/figure>\n<p><em>Misture diferentes escalas:<\/em> para criar uma decora\u00e7\u00e3o interessante, misture estampas de diferentes escalas. Por exemplo, uma almofada com uma estampa grande pode ser combinada com outra almofada com uma estampa menor.<\/p>\n<h3>3 \u2014 Como escolher o tamanho das almofadas?<\/h3>\n<p>O tamanho das almofadas tamb\u00e9m \u00e9 importante na decora\u00e7\u00e3o. Confira algumas dicas para escolher o tamanho das almofadas:<\/p>\n<p><em>Considere o tamanho do m\u00f3vel:<\/em> as almofadas devem estar em propor\u00e7\u00e3o com o tamanho do m\u00f3vel. Em um sof\u00e1 grande, almofadas maiores podem ser utilizadas, enquanto em um sof\u00e1 menor, almofadas menores s\u00e3o ideais.<\/p>\n<figure id=\"attachment_78219\" aria-describedby=\"caption-attachment-78219\" style=\"width: 521px\" class=\"wp-caption alignnone\"><img decoding=\"async\" class=\"wp-image-78219 size-full\" title=\"Como escolher o tamanho das almofadas?\" src=\"https:\/\/www.aarquiteta.com.br\/blog\/wp-content\/uploads\/2023\/04\/almofadas6.jpg\" alt=\"\" width=\"521\" height=\"357\" srcset=\"https:\/\/www.aarquiteta.com.br\/blog\/wp-content\/uploads\/2023\/04\/almofadas6.jpg 521w, https:\/\/www.aarquiteta.com.br\/blog\/wp-content\/uploads\/2023\/04\/almofadas6-150x103.jpg 150w\" sizes=\"(max-width: 521px) 100vw, 521px\" \/><figcaption id=\"caption-attachment-78219\" class=\"wp-caption-text\">Por: Canva<\/figcaption><\/figure>\n<p><em>Crie camadas<\/em>: para criar um visual interessante, \u00e9 poss\u00edvel utilizar almofadas de diferentes tamanhos, criando camadas. Almofadas menores na frente e maiores atr\u00e1s, por exemplo, podem criar um visual interessante.<\/p>\n<p><em>Considere a funcionalidade:<\/em> almofadas maiores podem ser mais confort\u00e1veis para apoiar as costas, enquanto almofadas menores podem ser ideais para decorar e apoiar a cabe\u00e7a.<\/p>\n<figure id=\"attachment_78220\" aria-describedby=\"caption-attachment-78220\" style=\"width: 525px\" class=\"wp-caption alignnone\"><img decoding=\"async\" class=\"wp-image-78220 size-full\" src=\"https:\/\/www.aarquiteta.com.br\/blog\/wp-content\/uploads\/2023\/04\/almofadas7.jpg\" alt=\"\" width=\"525\" height=\"358\" title=\"\" srcset=\"https:\/\/www.aarquiteta.com.br\/blog\/wp-content\/uploads\/2023\/04\/almofadas7.jpg 525w, https:\/\/www.aarquiteta.com.br\/blog\/wp-content\/uploads\/2023\/04\/almofadas7-150x102.jpg 150w\" sizes=\"(max-width: 525px) 100vw, 525px\" \/><figcaption id=\"caption-attachment-78220\" class=\"wp-caption-text\">Por: Canva<\/figcaption><\/figure>\n<p><em>Considere o estilo da decora\u00e7\u00e3o:<\/em> em uma decora\u00e7\u00e3o mais elegante, almofadas maiores e com tecidos mais nobres podem ser ideais, enquanto em uma decora\u00e7\u00e3o mais descontra\u00edda, almofadas menores e com tecidos mais simples podem ser utilizadas.<\/p>\n<h3>4 \u2014 Quantas almofadas devo usar na decora\u00e7\u00e3o?<\/h3>\n<p>\u00c9 importante evitar o excesso de almofadas, que pode acabar tornando o ambiente polu\u00eddo visualmente. Em geral, uma boa dica \u00e9 utilizar um n\u00famero \u00edmpar de almofadas, como tr\u00eas ou cinco, para criar uma composi\u00e7\u00e3o interessante.<\/p>\n<figure id=\"attachment_78221\" aria-describedby=\"caption-attachment-78221\" style=\"width: 613px\" class=\"wp-caption alignnone\"><img decoding=\"async\" class=\"wp-image-78221 size-full\" title=\"Quantas almofadas devo usar na decora\u00e7\u00e3o?\" src=\"https:\/\/www.aarquiteta.com.br\/blog\/wp-content\/uploads\/2023\/04\/almofadas8.jpg\" alt=\"\" width=\"613\" height=\"402\" srcset=\"https:\/\/www.aarquiteta.com.br\/blog\/wp-content\/uploads\/2023\/04\/almofadas8.jpg 613w, https:\/\/www.aarquiteta.com.br\/blog\/wp-content\/uploads\/2023\/04\/almofadas8-150x98.jpg 150w\" sizes=\"(max-width: 613px) 100vw, 613px\" \/><figcaption id=\"caption-attachment-78221\" class=\"wp-caption-text\">Por: Canva<\/figcaption><\/figure>\n<p>Al\u00e9m disso, \u00e9 importante considerar o tamanho do sof\u00e1 ou da cama para escolher o n\u00famero adequado de almofadas. Um sof\u00e1 grande, por exemplo, pode comportar mais almofadas do que um sof\u00e1 pequeno.<\/p>\n<p>Outra dica importante \u00e9 escolher almofadas de tamanhos e estampas diferentes para criar uma composi\u00e7\u00e3o harm\u00f4nica e interessante. Almofadas maiores podem ser utilizadas como base, enquanto almofadas menores e com estampas diferentes podem ser adicionadas para criar um visual mais din\u00e2mico.<\/p>\n<figure id=\"attachment_78222\" aria-describedby=\"caption-attachment-78222\" style=\"width: 520px\" class=\"wp-caption alignnone\"><img decoding=\"async\" class=\"wp-image-78222 size-full\" title=\"Quantas almofadas devo usar na decora\u00e7\u00e3o?\" src=\"https:\/\/www.aarquiteta.com.br\/blog\/wp-content\/uploads\/2023\/04\/almofadas9.jpg\" alt=\"\" width=\"520\" height=\"361\" srcset=\"https:\/\/www.aarquiteta.com.br\/blog\/wp-content\/uploads\/2023\/04\/almofadas9.jpg 520w, https:\/\/www.aarquiteta.com.br\/blog\/wp-content\/uploads\/2023\/04\/almofadas9-150x104.jpg 150w\" sizes=\"(max-width: 520px) 100vw, 520px\" \/><figcaption id=\"caption-attachment-78222\" class=\"wp-caption-text\">Por: Canva<\/figcaption><\/figure>\n<p>Em resumo, n\u00e3o existe um n\u00famero exato de almofadas que devem ser utilizadas na decora\u00e7\u00e3o, mas \u00e9 importante evitar o excesso e escolher almofadas de tamanhos e estampas diferentes para criar uma composi\u00e7\u00e3o harmoniosa e interessante.<\/p>\n<figure id=\"attachment_78224\" aria-describedby=\"caption-attachment-78224\" style=\"width: 542px\" class=\"wp-caption alignnone\"><img decoding=\"async\" class=\"wp-image-78224 size-full\" title=\"Quantas almofadas devo usar na decora\u00e7\u00e3o?\" src=\"https:\/\/www.aarquiteta.com.br\/blog\/wp-content\/uploads\/2023\/04\/almofadas11.jpg\" alt=\"\" width=\"542\" height=\"362\" srcset=\"https:\/\/www.aarquiteta.com.br\/blog\/wp-content\/uploads\/2023\/04\/almofadas11.jpg 542w, https:\/\/www.aarquiteta.com.br\/blog\/wp-content\/uploads\/2023\/04\/almofadas11-150x100.jpg 150w\" sizes=\"(max-width: 542px) 100vw, 542px\" \/><figcaption id=\"caption-attachment-78224\" class=\"wp-caption-text\">Por: Canva<\/figcaption><\/figure>\n<p>&nbsp;<\/p>\n<h2>E a\u00ed, gostou do artigo sobre Decora\u00e7\u00e3o com almofadas: Como escolher e combinar estampas e cores?<\/h2>\n<p>Ent\u00e3o deslize a tela para baixo e<a href=\"https:\/\/br.pinterest.com\/aarquitetapinterest\/_created\/\" target=\"_blank\" rel=\"noopener\"> confira mais dicas<\/a> como esta e n\u00e3o se esque\u00e7a de compartilhar com os amigos!<\/p>\n<p>Quer mais dicas sobre o mundo da Arquitetura e Decora\u00e7\u00e3o, ent\u00e3o confira alguns dos nossos artigos em:<\/p>\n<ul>\n<li><a href=\"https:\/\/www.aarquiteta.com.br\/blog\/paisagismo\/\" target=\"_blank\" rel=\"noopener\">Casa e Jardim<\/a><\/li>\n<li><a href=\"https:\/\/www.aarquiteta.com.br\/blog\/arquitetura\/mundo-arquitetura\/\" target=\"_blank\" rel=\"noopener\">Mundo Arquitetura<\/a><\/li>\n<li><a href=\"https:\/\/www.aarquiteta.com.br\/decoracao\/\" target=\"_blank\" rel=\"noopener\">Decora\u00e7\u00e3o<br \/>\n<\/a><\/li>\n<\/ul>\n<p>&nbsp;<\/p>\n","protected":false},"excerpt":{"rendered":"<p>As almofadas s\u00e3o elementos decorativos muito utilizados em salas de estar, quartos e outros ambientes da casa. Elas podem trazer cor, textura e conforto para o ambiente, al\u00e9m de serem uma \u00f3tima op\u00e7\u00e3o para renovar a decora\u00e7\u00e3o sem gastar muito dinheiro. Neste artigo, falaremos sobre como escolher e combinar estampas e cores de almofadas para [&hellip;]<\/p>\n","protected":false},"author":102,"featured_media":78225,"comment_status":"closed","ping_status":"closed","sticky":false,"template":"","format":"standard","meta":{"footnotes":""},"categories":[35402,1484,18756,18751,18758],"tags":[28547,28553,28555,28543,28554,28548,28536,28545,28542,28540,28550,28549,28552,28544,28546,28537,28541,28551,28538,28539],"class_list":["post-77933","post","type-post","status-publish","format-standard","has-post-thumbnail","category-almofadas-e-mantas","category-decoracao","category-decoracao-de-dormitorio","category-decoracao-sala-de-estar","category-decoracao-de-varanda-terraco","tag-almofadas-com-estampas-geometricas","tag-almofadas-com-mensagens-e-frases-motivacionais","tag-almofadas-de-animais-e-natureza","tag-almofadas-de-croche-e-trico","tag-almofadas-de-patchwork","tag-almofadas-de-pelucia-e-pele-sintetica","tag-almofadas-decorativas","tag-almofadas-em-diferentes-tamanhos","tag-almofadas-etnicas-na-decoracao","tag-almofadas-para-ambientes-pequenos","tag-almofadas-para-cadeiras-e-bancos","tag-almofadas-para-quarto-de-bebe","tag-almofadas-para-sofa-cinza","tag-almofadas-para-varanda-e-jardim","tag-almofadas-personalizadas","tag-como-escolher-almofadas-para-a-decoracao","tag-como-fazer-capas-para-almofadas","tag-como-higienizar-almofadas","tag-cores-para-combinar-com-almofadas","tag-dicas-para-arrumar-almofadas-no-sofa"],"_wp_attached_file":null,"_wp_attachment_metadata":null,"_wp_attachment_context":null,"_wp_attachment_is_custom_header":null,"geo_longitude":null,"geo_public":null,"geo_latitude":null,"_publicize_done_external":null,"_wpas_done_3897181":null,"publicize_twitter_user":null,"_wpas_done_3897175":null,"_wpas_skip_3897181":null,"_wpas_skip_3897175":null,"_wpas_skip_3924723":null,"_wpas_mess":null,"_wpas_done_3924723":null,"wps_subtitle":"Aprenda como combinar almofadas com diferentes estampas e cores e transforme sua decora\u00e7\u00e3o de forma simples e f\u00e1cil. Confira nossas dicas!","_links":{"self":[{"href":"https:\/\/www.aarquiteta.com.br\/blog\/wp-json\/wp\/v2\/posts\/77933","targetHints":{"allow":["GET"]}}],"collection":[{"href":"https:\/\/www.aarquiteta.com.br\/blog\/wp-json\/wp\/v2\/posts"}],"about":[{"href":"https:\/\/www.aarquiteta.com.br\/blog\/wp-json\/wp\/v2\/types\/post"}],"author":[{"embeddable":true,"href":"https:\/\/www.aarquiteta.com.br\/blog\/wp-json\/wp\/v2\/users\/102"}],"replies":[{"embeddable":true,"href":"https:\/\/www.aarquiteta.com.br\/blog\/wp-json\/wp\/v2\/comments?post=77933"}],"version-history":[{"count":0,"href":"https:\/\/www.aarquiteta.com.br\/blog\/wp-json\/wp\/v2\/posts\/77933\/revisions"}],"wp:featuredmedia":[{"embeddable":true,"href":"https:\/\/www.aarquiteta.com.br\/blog\/wp-json\/wp\/v2\/media\/78225"}],"wp:attachment":[{"href":"https:\/\/www.aarquiteta.com.br\/blog\/wp-json\/wp\/v2\/media?parent=77933"}],"wp:term":[{"taxonomy":"category","embeddable":true,"href":"https:\/\/www.aarquiteta.com.br\/blog\/wp-json\/wp\/v2\/categories?post=77933"},{"taxonomy":"post_tag","embeddable":true,"href":"https:\/\/www.aarquiteta.com.br\/blog\/wp-json\/wp\/v2\/tags?post=77933"}],"curies":[{"name":"wp","href":"https:\/\/api.w.org\/{rel}","templated":true}]}}