{"id":77604,"date":"2023-05-29T17:00:37","date_gmt":"2023-05-29T20:00:37","guid":{"rendered":"http:\/\/aarquiteta.com.br\/?p=77604"},"modified":"2024-09-15T09:20:51","modified_gmt":"2024-09-15T12:20:51","slug":"prateleiras-de-banheiro","status":"publish","type":"post","link":"https:\/\/www.aarquiteta.com.br\/blog\/prateleiras-de-banheiro\/","title":{"rendered":"Prateleiras de Banheiro: Organize com Estilo!"},"content":{"rendered":"<p>Prateleiras de <a href=\"https:\/\/www.aarquiteta.com.br\/blog\/?s=BANHEIRO\">Banheiro<\/a> \u2014 Aumente o espa\u00e7o de armazenamento no seu banheiro com prateleiras. Veja como esses elementos podem transformar seu espa\u00e7o. Mantenha tudo organizado e ainda d\u00ea um toque de estilo ao seu ambiente. Confira agora mesmo!<\/p><p>O banheiro \u00e9 um dos lugares mais importantes da casa, e a organiza\u00e7\u00e3o e a decora\u00e7\u00e3o desse espa\u00e7o devem ser tratadas com o mesmo cuidado que os demais c\u00f4modos.<\/p><p>No entanto, para que ele seja um ambiente agrad\u00e1vel, \u00e9 preciso ter uma boa organiza\u00e7\u00e3o. E as prateleiras de banheiro s\u00e3o uma excelente op\u00e7\u00e3o para isso. Neste artigo, voc\u00ea ir\u00e1 descobrir como transformar sua decora\u00e7\u00e3o usando prateleiras de banheiro.<\/p><h2>Prateleiras de Banheiro \u2014 Organize seu espa\u00e7o com estilo, descubra como transformar sua decora\u00e7\u00e3o!<\/h2><figure id=\"attachment_77619\" aria-describedby=\"caption-attachment-77619\" style=\"width: 1200px\" class=\"wp-caption alignnone\"><img decoding=\"async\" class=\"size-full wp-image-77619\" src=\"https:\/\/www.aarquiteta.com.br\/blog\/wp-content\/uploads\/2023\/03\/prateleiras-de-banheiro-1.jpg\" alt=\"Prateleiras de Banheiro \u2014 Organize seu espa\u00e7o com estilo, descubra como transformar sua decora\u00e7\u00e3o!\" width=\"1200\" height=\"800\" title=\"\" srcset=\"https:\/\/www.aarquiteta.com.br\/blog\/wp-content\/uploads\/2023\/03\/prateleiras-de-banheiro-1.jpg 1200w, https:\/\/www.aarquiteta.com.br\/blog\/wp-content\/uploads\/2023\/03\/prateleiras-de-banheiro-1-1024x683.jpg 1024w, https:\/\/www.aarquiteta.com.br\/blog\/wp-content\/uploads\/2023\/03\/prateleiras-de-banheiro-1-696x464.jpg 696w, https:\/\/www.aarquiteta.com.br\/blog\/wp-content\/uploads\/2023\/03\/prateleiras-de-banheiro-1-150x100.jpg 150w\" sizes=\"(max-width: 1200px) 100vw, 1200px\" \/><figcaption id=\"caption-attachment-77619\" class=\"wp-caption-text\">Foto: Canva.com<\/figcaption><\/figure><p>O banheiro \u00e9 um lugar de relaxamento e higiene pessoal. Nesse sentido, as prateleiras de banheiro se tornam uma op\u00e7\u00e3o muito interessante para quem quer organizar seus produtos de higiene pessoal e dar um toque de estilo \u00e0 decora\u00e7\u00e3o do ambiente.<\/p><p>Neste artigo, falaremos sobre as prateleiras de banheiro e como elas podem ser utilizadas para organizar o espa\u00e7o com estilo.<\/p><p>Veremos desde os tipos de prateleiras at\u00e9 as dicas de decora\u00e7\u00e3o para deixar o ambiente ainda mais aconchegante e funcional.<\/p><h3>Por que usar prateleiras de banheiro?<\/h3><figure id=\"attachment_77623\" aria-describedby=\"caption-attachment-77623\" style=\"width: 1200px\" class=\"wp-caption alignnone\"><img decoding=\"async\" class=\"size-full wp-image-77623\" src=\"https:\/\/www.aarquiteta.com.br\/blog\/wp-content\/uploads\/2023\/03\/prateleiras-de-banheiro-14.jpg\" alt=\"Prateleiras de Banheiro \u2014 Organize seu espa\u00e7o com estilo, descubra como transformar sua decora\u00e7\u00e3o!\" width=\"1200\" height=\"800\" title=\"\" srcset=\"https:\/\/www.aarquiteta.com.br\/blog\/wp-content\/uploads\/2023\/03\/prateleiras-de-banheiro-14.jpg 1200w, https:\/\/www.aarquiteta.com.br\/blog\/wp-content\/uploads\/2023\/03\/prateleiras-de-banheiro-14-1024x683.jpg 1024w, https:\/\/www.aarquiteta.com.br\/blog\/wp-content\/uploads\/2023\/03\/prateleiras-de-banheiro-14-696x464.jpg 696w, https:\/\/www.aarquiteta.com.br\/blog\/wp-content\/uploads\/2023\/03\/prateleiras-de-banheiro-14-150x100.jpg 150w\" sizes=\"(max-width: 1200px) 100vw, 1200px\" \/><figcaption id=\"caption-attachment-77623\" class=\"wp-caption-text\">Foto: Canva.com<\/figcaption><\/figure><ol><li>Aumentar o espa\u00e7o de armazenamento;<\/li><li>Facilitar a organiza\u00e7\u00e3o;<\/li><li>Decorar o ambiente.<\/li><\/ol><p>As prateleiras de banheiro s\u00e3o uma excelente maneira de aumentar o espa\u00e7o de armazenamento. Como o banheiro \u00e9 um c\u00f4modo pequeno, \u00e9 comum que ele tenha poucos arm\u00e1rios ou gavetas.<\/p><p>Por isso, as prateleiras podem ser uma solu\u00e7\u00e3o pr\u00e1tica e eficiente para guardar toalhas, produtos de higiene pessoal, objetos decorativos e outros itens.<\/p><figure id=\"attachment_77621\" aria-describedby=\"caption-attachment-77621\" style=\"width: 1200px\" class=\"wp-caption alignnone\"><img decoding=\"async\" class=\"size-full wp-image-77621\" src=\"https:\/\/www.aarquiteta.com.br\/blog\/wp-content\/uploads\/2023\/03\/prateleiras-de-banheiro-9.jpg\" alt=\"Prateleiras de Banheiro \u2014 Organize seu espa\u00e7o com estilo, descubra como transformar sua decora\u00e7\u00e3o!\" width=\"1200\" height=\"800\" title=\"\" srcset=\"https:\/\/www.aarquiteta.com.br\/blog\/wp-content\/uploads\/2023\/03\/prateleiras-de-banheiro-9.jpg 1200w, https:\/\/www.aarquiteta.com.br\/blog\/wp-content\/uploads\/2023\/03\/prateleiras-de-banheiro-9-1024x683.jpg 1024w, https:\/\/www.aarquiteta.com.br\/blog\/wp-content\/uploads\/2023\/03\/prateleiras-de-banheiro-9-696x464.jpg 696w, https:\/\/www.aarquiteta.com.br\/blog\/wp-content\/uploads\/2023\/03\/prateleiras-de-banheiro-9-150x100.jpg 150w\" sizes=\"(max-width: 1200px) 100vw, 1200px\" \/><figcaption id=\"caption-attachment-77621\" class=\"wp-caption-text\">Foto: Canva.com<\/figcaption><\/figure><p>Al\u00e9m disso, as prateleiras tamb\u00e9m facilitam a organiza\u00e7\u00e3o. Ao inv\u00e9s de deixar os itens espalhados pelo banheiro, \u00e9 poss\u00edvel coloc\u00e1-los em prateleiras espec\u00edficas, o que facilita encontrar o que se procura. Isso tamb\u00e9m ajuda a manter o banheiro limpo e arrumado.<\/p><p>E, por \u00faltimo, as prateleiras tamb\u00e9m podem ser usadas como um elemento decorativo. \u00c9 poss\u00edvel escolher prateleiras que combinem com a decora\u00e7\u00e3o do banheiro e colocar objetos que deixem o ambiente mais bonito e aconchegante.<\/p><h3>Como escolher as prateleiras de banheiro ideais?<\/h3><ol><li>Considere o tamanho do banheiro,<\/li><li>Escolha o material certo,<\/li><li>Considere o estilo da decora\u00e7\u00e3o.<\/li><\/ol><p>Ao escolher as prateleiras de banheiro, \u00e9 importante considerar o tamanho do banheiro.<\/p><p>Se o banheiro for pequeno, \u00e9 melhor optar por prateleiras menores e mais discretas. J\u00e1 se o banheiro for grande, \u00e9 poss\u00edvel escolher prateleiras maiores e mais vistosas.<\/p><figure id=\"attachment_77627\" aria-describedby=\"caption-attachment-77627\" style=\"width: 1200px\" class=\"wp-caption alignnone\"><img decoding=\"async\" class=\"size-full wp-image-77627\" src=\"https:\/\/www.aarquiteta.com.br\/blog\/wp-content\/uploads\/2023\/03\/prateleiras-de-banheiro-10.jpg\" alt=\"Prateleiras de Banheiro \u2014 Organize seu espa\u00e7o com estilo, descubra como transformar sua decora\u00e7\u00e3o!\" width=\"1200\" height=\"800\" title=\"\" srcset=\"https:\/\/www.aarquiteta.com.br\/blog\/wp-content\/uploads\/2023\/03\/prateleiras-de-banheiro-10.jpg 1200w, https:\/\/www.aarquiteta.com.br\/blog\/wp-content\/uploads\/2023\/03\/prateleiras-de-banheiro-10-1024x683.jpg 1024w, https:\/\/www.aarquiteta.com.br\/blog\/wp-content\/uploads\/2023\/03\/prateleiras-de-banheiro-10-696x464.jpg 696w, https:\/\/www.aarquiteta.com.br\/blog\/wp-content\/uploads\/2023\/03\/prateleiras-de-banheiro-10-150x100.jpg 150w\" sizes=\"(max-width: 1200px) 100vw, 1200px\" \/><figcaption id=\"caption-attachment-77627\" class=\"wp-caption-text\">Foto: Canva.com<\/figcaption><\/figure><p>Tamb\u00e9m \u00e9 importante escolher o material certo. As prateleiras podem ser de vidro, <a href=\"https:\/\/www.aarquiteta.com.br\/blog\/?s=MADEIRA\">madeira<\/a>, metal, pl\u00e1stico e outros materiais.\u00a0\u00c9 importante escolher um material que seja resistente \u00e0 umidade e que combine com a decora\u00e7\u00e3o do banheiro.<\/p><p>E, por \u00faltimo, \u00e9 preciso considerar o estilo da decora\u00e7\u00e3o. Se o banheiro tiver uma decora\u00e7\u00e3o moderna, \u00e9 melhor escolher prateleiras com design mais clean e minimalista.<\/p><p>J\u00e1 se o banheiro tiver uma decora\u00e7\u00e3o mais r\u00fastica, \u00e9 poss\u00edvel escolher prateleiras de madeira com acabamento mais r\u00fastico.<\/p><h3>Tipos de prateleiras de banheiro:<\/h3><figure id=\"attachment_77625\" aria-describedby=\"caption-attachment-77625\" style=\"width: 1200px\" class=\"wp-caption alignnone\"><img decoding=\"async\" class=\"size-full wp-image-77625\" src=\"https:\/\/www.aarquiteta.com.br\/blog\/wp-content\/uploads\/2023\/03\/prateleiras-de-banheiro-12.jpg\" alt=\"Prateleiras de Banheiro \u2014 Organize seu espa\u00e7o com estilo, descubra como transformar sua decora\u00e7\u00e3o!\" width=\"1200\" height=\"800\" title=\"\" srcset=\"https:\/\/www.aarquiteta.com.br\/blog\/wp-content\/uploads\/2023\/03\/prateleiras-de-banheiro-12.jpg 1200w, https:\/\/www.aarquiteta.com.br\/blog\/wp-content\/uploads\/2023\/03\/prateleiras-de-banheiro-12-1024x683.jpg 1024w, https:\/\/www.aarquiteta.com.br\/blog\/wp-content\/uploads\/2023\/03\/prateleiras-de-banheiro-12-696x464.jpg 696w, https:\/\/www.aarquiteta.com.br\/blog\/wp-content\/uploads\/2023\/03\/prateleiras-de-banheiro-12-150x100.jpg 150w\" sizes=\"(max-width: 1200px) 100vw, 1200px\" \/><figcaption id=\"caption-attachment-77625\" class=\"wp-caption-text\">Foto: Canva.com<\/figcaption><\/figure><p>As prateleiras de banheiro podem ser encontradas em diferentes modelos, tamanhos e materiais. Abaixo, conheceremos os principais tipos de prateleiras de banheiro.<\/p><h4>1 \u2014 Prateleiras para banheiro de vidro:<\/h4><figure id=\"attachment_77617\" aria-describedby=\"caption-attachment-77617\" style=\"width: 1200px\" class=\"wp-caption alignnone\"><img decoding=\"async\" class=\"size-full wp-image-77617\" src=\"https:\/\/www.aarquiteta.com.br\/blog\/wp-content\/uploads\/2023\/03\/prateleiras-de-banheiro-3.jpg\" alt=\"Prateleiras de Banheiro \u2014 Organize seu espa\u00e7o com estilo, descubra como transformar sua decora\u00e7\u00e3o!\" width=\"1200\" height=\"800\" title=\"\" srcset=\"https:\/\/www.aarquiteta.com.br\/blog\/wp-content\/uploads\/2023\/03\/prateleiras-de-banheiro-3.jpg 1200w, https:\/\/www.aarquiteta.com.br\/blog\/wp-content\/uploads\/2023\/03\/prateleiras-de-banheiro-3-1024x683.jpg 1024w, https:\/\/www.aarquiteta.com.br\/blog\/wp-content\/uploads\/2023\/03\/prateleiras-de-banheiro-3-696x464.jpg 696w, https:\/\/www.aarquiteta.com.br\/blog\/wp-content\/uploads\/2023\/03\/prateleiras-de-banheiro-3-150x100.jpg 150w\" sizes=\"(max-width: 1200px) 100vw, 1200px\" \/><figcaption id=\"caption-attachment-77617\" class=\"wp-caption-text\">Foto: Canva.com<\/figcaption><\/figure><p>As prateleiras de vidro s\u00e3o elegantes e sofisticadas, al\u00e9m de f\u00e1ceis de limpar. S\u00e3o \u00f3timas op\u00e7\u00f5es para quem quer dar um toque de requinte \u00e0 decora\u00e7\u00e3o do banheiro.<\/p><p>Podem ser encontradas em diversos tamanhos e formas, desde as retangulares at\u00e9 as arredondadas.<\/p><h4>2 \u2014 Prateleiras para banheiro de madeira:<\/h4><figure id=\"attachment_77616\" aria-describedby=\"caption-attachment-77616\" style=\"width: 1200px\" class=\"wp-caption alignnone\"><img decoding=\"async\" class=\"size-full wp-image-77616\" src=\"https:\/\/www.aarquiteta.com.br\/blog\/wp-content\/uploads\/2023\/03\/prateleiras-de-banheiro-4.jpg\" alt=\"Prateleiras de Banheiro \u2014 Organize seu espa\u00e7o com estilo, descubra como transformar sua decora\u00e7\u00e3o!\" width=\"1200\" height=\"800\" title=\"\" srcset=\"https:\/\/www.aarquiteta.com.br\/blog\/wp-content\/uploads\/2023\/03\/prateleiras-de-banheiro-4.jpg 1200w, https:\/\/www.aarquiteta.com.br\/blog\/wp-content\/uploads\/2023\/03\/prateleiras-de-banheiro-4-1024x683.jpg 1024w, https:\/\/www.aarquiteta.com.br\/blog\/wp-content\/uploads\/2023\/03\/prateleiras-de-banheiro-4-696x464.jpg 696w, https:\/\/www.aarquiteta.com.br\/blog\/wp-content\/uploads\/2023\/03\/prateleiras-de-banheiro-4-150x100.jpg 150w\" sizes=\"(max-width: 1200px) 100vw, 1200px\" \/><figcaption id=\"caption-attachment-77616\" class=\"wp-caption-text\">Foto: Canva.com<\/figcaption><\/figure><p>As prateleiras de madeira s\u00e3o cl\u00e1ssicas e podem ser encontradas em diferentes estilos, desde as mais r\u00fasticas at\u00e9 as mais modernas. S\u00e3o ideais para quem quer trazer um pouco de natureza para o banheiro e deixar o ambiente mais acolhedor.<\/p><h4>3 \u2014 Prateleiras de metal:<\/h4><figure id=\"attachment_77626\" aria-describedby=\"caption-attachment-77626\" style=\"width: 1200px\" class=\"wp-caption alignnone\"><img decoding=\"async\" class=\"size-full wp-image-77626\" src=\"https:\/\/www.aarquiteta.com.br\/blog\/wp-content\/uploads\/2023\/03\/prateleiras-de-banheiro-11.jpg\" alt=\"Prateleiras de Banheiro \u2014 Organize seu espa\u00e7o com estilo, descubra como transformar sua decora\u00e7\u00e3o!\" width=\"1200\" height=\"800\" title=\"\" srcset=\"https:\/\/www.aarquiteta.com.br\/blog\/wp-content\/uploads\/2023\/03\/prateleiras-de-banheiro-11.jpg 1200w, https:\/\/www.aarquiteta.com.br\/blog\/wp-content\/uploads\/2023\/03\/prateleiras-de-banheiro-11-1024x683.jpg 1024w, https:\/\/www.aarquiteta.com.br\/blog\/wp-content\/uploads\/2023\/03\/prateleiras-de-banheiro-11-696x464.jpg 696w, https:\/\/www.aarquiteta.com.br\/blog\/wp-content\/uploads\/2023\/03\/prateleiras-de-banheiro-11-150x100.jpg 150w\" sizes=\"(max-width: 1200px) 100vw, 1200px\" \/><figcaption id=\"caption-attachment-77626\" class=\"wp-caption-text\">Foto: Canva.com<\/figcaption><\/figure><p>As prateleiras de metal s\u00e3o pr\u00e1ticas e dur\u00e1veis, al\u00e9m de serem \u00f3timas op\u00e7\u00f5es para quem busca um visual mais moderno. Podem ser encontradas em diferentes <a href=\"https:\/\/www.aarquiteta.com.br\/blog\/?s=CORES\">cores<\/a> e acabamentos, desde as cromadas at\u00e9 as pretas ou douradas.<\/p><h4>4 \u2014 Prateleira para banheiro pl\u00e1stico:<\/h4><figure id=\"attachment_77612\" aria-describedby=\"caption-attachment-77612\" style=\"width: 1200px\" class=\"wp-caption alignnone\"><img decoding=\"async\" class=\"size-full wp-image-77612\" src=\"https:\/\/www.aarquiteta.com.br\/blog\/wp-content\/uploads\/2023\/03\/prateleiras-de-banheiro-8.jpg\" alt=\"Prateleiras de Banheiro \u2014 Organize seu espa\u00e7o com estilo, descubra como transformar sua decora\u00e7\u00e3o!\" width=\"1200\" height=\"800\" title=\"\" srcset=\"https:\/\/www.aarquiteta.com.br\/blog\/wp-content\/uploads\/2023\/03\/prateleiras-de-banheiro-8.jpg 1200w, https:\/\/www.aarquiteta.com.br\/blog\/wp-content\/uploads\/2023\/03\/prateleiras-de-banheiro-8-1024x683.jpg 1024w, https:\/\/www.aarquiteta.com.br\/blog\/wp-content\/uploads\/2023\/03\/prateleiras-de-banheiro-8-696x464.jpg 696w, https:\/\/www.aarquiteta.com.br\/blog\/wp-content\/uploads\/2023\/03\/prateleiras-de-banheiro-8-150x100.jpg 150w\" sizes=\"(max-width: 1200px) 100vw, 1200px\" \/><figcaption id=\"caption-attachment-77612\" class=\"wp-caption-text\">Foto: Canva.com<\/figcaption><\/figure><h3>Dicas de decora\u00e7\u00e3o com prateleiras de banheiro:<\/h3><p>As prateleiras de banheiro s\u00e3o \u00f3timas aliadas na hora de organizar o espa\u00e7o e deix\u00e1-lo mais aconchegante e funcional.<\/p><p>Abaixo, veremos algumas dicas de decora\u00e7\u00e3o para deixar seu banheiro ainda mais bonito e confort\u00e1vel.<\/p><h4>1 \u2014 Escolha um estilo de decora\u00e7\u00e3o:<\/h4><figure id=\"attachment_77614\" aria-describedby=\"caption-attachment-77614\" style=\"width: 1200px\" class=\"wp-caption alignnone\"><img decoding=\"async\" class=\"size-full wp-image-77614\" src=\"https:\/\/www.aarquiteta.com.br\/blog\/wp-content\/uploads\/2023\/03\/prateleiras-de-banheiro-6.jpg\" alt=\"Prateleiras de Banheiro \u2014 Organize seu espa\u00e7o com estilo, descubra como transformar sua decora\u00e7\u00e3o!\" width=\"1200\" height=\"800\" title=\"\" srcset=\"https:\/\/www.aarquiteta.com.br\/blog\/wp-content\/uploads\/2023\/03\/prateleiras-de-banheiro-6.jpg 1200w, https:\/\/www.aarquiteta.com.br\/blog\/wp-content\/uploads\/2023\/03\/prateleiras-de-banheiro-6-1024x683.jpg 1024w, https:\/\/www.aarquiteta.com.br\/blog\/wp-content\/uploads\/2023\/03\/prateleiras-de-banheiro-6-696x464.jpg 696w, https:\/\/www.aarquiteta.com.br\/blog\/wp-content\/uploads\/2023\/03\/prateleiras-de-banheiro-6-150x100.jpg 150w\" sizes=\"(max-width: 1200px) 100vw, 1200px\" \/><figcaption id=\"caption-attachment-77614\" class=\"wp-caption-text\">Foto: Canva.com<\/figcaption><\/figure><p>Antes de escolher as prateleiras de banheiro, \u00e9 importante definir o estilo de decora\u00e7\u00e3o que voc\u00ea quer para o ambiente.<\/p><p>Voc\u00ea pode optar por um estilo mais r\u00fastico, com prateleiras de madeira e elementos naturais, ou um estilo mais moderno, com prateleiras de metal e elementos mais minimalistas.<\/p><h4>2 \u2014 Escolha as prateleiras certas:<\/h4><figure id=\"attachment_77618\" aria-describedby=\"caption-attachment-77618\" style=\"width: 1200px\" class=\"wp-caption alignnone\"><img decoding=\"async\" class=\"size-full wp-image-77618\" src=\"https:\/\/www.aarquiteta.com.br\/blog\/wp-content\/uploads\/2023\/03\/prateleiras-de-banheiro-2.jpg\" alt=\"Prateleiras de Banheiro \u2014 Organize seu espa\u00e7o com estilo, descubra como transformar sua decora\u00e7\u00e3o!\" width=\"1200\" height=\"800\" title=\"\" srcset=\"https:\/\/www.aarquiteta.com.br\/blog\/wp-content\/uploads\/2023\/03\/prateleiras-de-banheiro-2.jpg 1200w, https:\/\/www.aarquiteta.com.br\/blog\/wp-content\/uploads\/2023\/03\/prateleiras-de-banheiro-2-1024x683.jpg 1024w, https:\/\/www.aarquiteta.com.br\/blog\/wp-content\/uploads\/2023\/03\/prateleiras-de-banheiro-2-696x464.jpg 696w, https:\/\/www.aarquiteta.com.br\/blog\/wp-content\/uploads\/2023\/03\/prateleiras-de-banheiro-2-150x100.jpg 150w\" sizes=\"(max-width: 1200px) 100vw, 1200px\" \/><figcaption id=\"caption-attachment-77618\" class=\"wp-caption-text\">Foto: Canva.com<\/figcaption><\/figure><p>Ap\u00f3s escolher o estilo de decora\u00e7\u00e3o, \u00e9 hora de escolher as prateleiras de banheiro certas. Considere o tamanho do espa\u00e7o e a quantidade de produtos que voc\u00ea precisa armazenar.<\/p><p>Al\u00e9m disso, escolha prateleiras que combinem com o restante da decora\u00e7\u00e3o do ambiente.<\/p><h3>Como instalar as prateleiras de banheiro?<\/h3><ol><li>Escolha o local correto,<\/li><li>Me\u00e7a o espa\u00e7o,<\/li><li>Instale as prateleiras.<\/li><\/ol><p>Para instalar as prateleiras de banheiro, \u00e9 importante escolher o local correto. \u00c9 preciso escolher uma <a href=\"https:\/\/www.aarquiteta.com.br\/blog\/?s=PAREDE\">parede<\/a> que suporte o peso das prateleiras e que seja f\u00e1cil de acessar.<\/p><h3>Prateleiras para banheiro simples:<\/h3><figure id=\"attachment_77624\" aria-describedby=\"caption-attachment-77624\" style=\"width: 1200px\" class=\"wp-caption alignnone\"><img decoding=\"async\" class=\"size-full wp-image-77624\" src=\"https:\/\/www.aarquiteta.com.br\/blog\/wp-content\/uploads\/2023\/03\/prateleiras-de-banheiro-13.jpg\" alt=\"Prateleiras de Banheiro \u2014 Organize seu espa\u00e7o com estilo, descubra como transformar sua decora\u00e7\u00e3o!\" width=\"1200\" height=\"800\" title=\"\" srcset=\"https:\/\/www.aarquiteta.com.br\/blog\/wp-content\/uploads\/2023\/03\/prateleiras-de-banheiro-13.jpg 1200w, https:\/\/www.aarquiteta.com.br\/blog\/wp-content\/uploads\/2023\/03\/prateleiras-de-banheiro-13-1024x683.jpg 1024w, https:\/\/www.aarquiteta.com.br\/blog\/wp-content\/uploads\/2023\/03\/prateleiras-de-banheiro-13-696x464.jpg 696w, https:\/\/www.aarquiteta.com.br\/blog\/wp-content\/uploads\/2023\/03\/prateleiras-de-banheiro-13-150x100.jpg 150w\" sizes=\"(max-width: 1200px) 100vw, 1200px\" \/><figcaption id=\"caption-attachment-77624\" class=\"wp-caption-text\">Foto: Canva.com<\/figcaption><\/figure><figure id=\"attachment_77630\" aria-describedby=\"caption-attachment-77630\" style=\"width: 1200px\" class=\"wp-caption alignnone\"><img decoding=\"async\" class=\"size-full wp-image-77630\" src=\"https:\/\/www.aarquiteta.com.br\/blog\/wp-content\/uploads\/2023\/03\/prateleira-de-banheiro-.jpg\" alt=\"Prateleiras de Banheiro \u2014 Organize seu espa\u00e7o com estilo, descubra como transformar sua decora\u00e7\u00e3o!\" width=\"1200\" height=\"800\" title=\"\" srcset=\"https:\/\/www.aarquiteta.com.br\/blog\/wp-content\/uploads\/2023\/03\/prateleira-de-banheiro-.jpg 1200w, https:\/\/www.aarquiteta.com.br\/blog\/wp-content\/uploads\/2023\/03\/prateleira-de-banheiro--1024x683.jpg 1024w, https:\/\/www.aarquiteta.com.br\/blog\/wp-content\/uploads\/2023\/03\/prateleira-de-banheiro--696x464.jpg 696w, https:\/\/www.aarquiteta.com.br\/blog\/wp-content\/uploads\/2023\/03\/prateleira-de-banheiro--150x100.jpg 150w\" sizes=\"(max-width: 1200px) 100vw, 1200px\" \/><figcaption id=\"caption-attachment-77630\" class=\"wp-caption-text\">Foto: Canva.com<\/figcaption><\/figure><h3>Prateleiras para banheiro box:<\/h3><figure id=\"attachment_77628\" aria-describedby=\"caption-attachment-77628\" style=\"width: 1200px\" class=\"wp-caption alignnone\"><img decoding=\"async\" class=\"wp-image-77628 size-full\" style=\"text-align: center;\" src=\"https:\/\/www.aarquiteta.com.br\/blog\/wp-content\/uploads\/2023\/03\/prateleira-de-banheiro-2.jpg\" alt=\"Prateleiras de Banheiro \u2014 Organize seu espa\u00e7o com estilo, descubra como transformar sua decora\u00e7\u00e3o!\" width=\"1200\" height=\"800\" title=\"\" srcset=\"https:\/\/www.aarquiteta.com.br\/blog\/wp-content\/uploads\/2023\/03\/prateleira-de-banheiro-2.jpg 1200w, https:\/\/www.aarquiteta.com.br\/blog\/wp-content\/uploads\/2023\/03\/prateleira-de-banheiro-2-1024x683.jpg 1024w, https:\/\/www.aarquiteta.com.br\/blog\/wp-content\/uploads\/2023\/03\/prateleira-de-banheiro-2-696x464.jpg 696w, https:\/\/www.aarquiteta.com.br\/blog\/wp-content\/uploads\/2023\/03\/prateleira-de-banheiro-2-150x100.jpg 150w\" sizes=\"(max-width: 1200px) 100vw, 1200px\" \/><figcaption id=\"caption-attachment-77628\" class=\"wp-caption-text\">Foto: Canva.com<\/figcaption><\/figure><figure id=\"attachment_77629\" aria-describedby=\"caption-attachment-77629\" style=\"width: 1200px\" class=\"wp-caption alignnone\"><img decoding=\"async\" class=\"size-full wp-image-77629\" src=\"https:\/\/www.aarquiteta.com.br\/blog\/wp-content\/uploads\/2023\/03\/prateleira-de-banheiro-1.jpg\" alt=\"Prateleiras de Banheiro \u2014 Organize seu espa\u00e7o com estilo, descubra como transformar sua decora\u00e7\u00e3o!\" width=\"1200\" height=\"800\" title=\"\" srcset=\"https:\/\/www.aarquiteta.com.br\/blog\/wp-content\/uploads\/2023\/03\/prateleira-de-banheiro-1.jpg 1200w, https:\/\/www.aarquiteta.com.br\/blog\/wp-content\/uploads\/2023\/03\/prateleira-de-banheiro-1-1024x683.jpg 1024w, https:\/\/www.aarquiteta.com.br\/blog\/wp-content\/uploads\/2023\/03\/prateleira-de-banheiro-1-696x464.jpg 696w, https:\/\/www.aarquiteta.com.br\/blog\/wp-content\/uploads\/2023\/03\/prateleira-de-banheiro-1-150x100.jpg 150w\" sizes=\"(max-width: 1200px) 100vw, 1200px\" \/><figcaption id=\"caption-attachment-77629\" class=\"wp-caption-text\">Foto: Canva.com<\/figcaption><\/figure><h2>Ideias de prateleiras para banheiro:<\/h2><p>Confira a nossa sele\u00e7\u00e3o <strong>prateleiras para banheiro <\/strong>que separamos para voc\u00ea, com certeza uma delas combinar\u00e1 perfeitamente com seu banheiro.<\/p><p><iframe style=\"width: 120px; height: 240px;\" src=\"\/\/ws-na.amazon-adsystem.com\/widgets\/q?ServiceVersion=20070822&amp;OneJS=1&amp;Operation=GetAdHtml&amp;MarketPlace=BR&amp;source=ss&amp;ref=as_ss_li_til&amp;ad_type=product_link&amp;tracking_id=aarquiteta-20&amp;language=pt_BR&amp;marketplace=amazon&amp;region=BR&amp;placement=B0BV3DY9XV&amp;asins=B0BV3DY9XV&amp;linkId=e35e2e6c4c73abac88d11b90313586a7&amp;show_border=true&amp;link_opens_in_new_window=true\" frameborder=\"0\" marginwidth=\"0\" marginheight=\"0\" scrolling=\"no\" sandbox=\"allow-popups allow-scripts allow-modals allow-forms allow-same-origin\"><\/iframe><\/p><h2>E a\u00ed, gostou do artigo sobre Prateleiras de Banheiro \u2014 Organize seu espa\u00e7o com estilo?<\/h2><p>Ent\u00e3o deslize a tela para baixo e<a href=\"https:\/\/br.pinterest.com\/aarquitetapinterest\/_created\/\" target=\"_blank\" rel=\"noopener\"> confira mais dicas<\/a> como esta e n\u00e3o se esque\u00e7a de compartilhar com os amigos!<\/p><p>Quer mais dicas sobre o mundo da <a href=\"https:\/\/www.aarquiteta.com.br\/blog\/?s=ARQUITETURA\">Arquitetura<\/a> e Decora\u00e7\u00e3o, ent\u00e3o confira alguns dos nossos artigos em:<\/p><ul><li><a href=\"https:\/\/www.aarquiteta.com.br\/blog\/paisagismo\/\" target=\"_blank\" rel=\"noopener\">Casa e Jardim<\/a><\/li><li><a href=\"https:\/\/www.aarquiteta.com.br\/blog\/arquitetura\/mundo-arquitetura\/\" target=\"_blank\" rel=\"noopener\">Mundo Arquitetura<\/a><\/li><li><a href=\"https:\/\/www.aarquiteta.com.br\/decoracao\/\" target=\"_blank\" rel=\"noopener\">Decora\u00e7\u00e3o<br \/>\n<\/a><\/li><\/ul>","protected":false},"excerpt":{"rendered":"<p>Prateleiras de Banheiro \u2014 Aumente o espa\u00e7o de armazenamento no seu banheiro com prateleiras. Veja como esses elementos podem transformar seu espa\u00e7o. Mantenha tudo organizado e ainda d\u00ea um toque de estilo ao seu ambiente. Confira agora mesmo!O banheiro \u00e9 um dos lugares mais importantes da casa, e a organiza\u00e7\u00e3o e a decora\u00e7\u00e3o desse espa\u00e7o [&hellip;]<\/p>\n","protected":false},"author":102,"featured_media":80685,"comment_status":"closed","ping_status":"closed","sticky":false,"template":"","format":"standard","meta":{"footnotes":""},"categories":[35414,18760,1484,35452],"tags":[28307,5317,28084,28316,28312,28305,28315,28311,28318,28308,28310,28317,28314,28306,28309,28313],"class_list":["post-77604","post","type-post","status-publish","format-standard","has-post-thumbnail","category-acessorios-para-decoracao","category-decoracao-de-banheiro","category-decoracao","category-prateleiras-e-nichos","tag-armarios-de-banheiro","tag-decoracao-de-banheiro","tag-organizacao-de-banheiro","tag-prateleiras-com-ganchos-para-banheiro","tag-prateleiras-de-aco-para-banheiro","tag-prateleiras-de-banheiro","tag-prateleiras-de-canto-para-banheiro","tag-prateleiras-de-madeira-para-banheiro","tag-prateleiras-de-metal-para-banheiro","tag-prateleiras-de-parede","tag-prateleiras-de-vidro-para-banheiro","tag-prateleiras-estreitas-para-banheiro","tag-prateleiras-modernas-para-banheiro","tag-prateleiras-para-banheiro","tag-prateleiras-para-banheiro-pequeno","tag-prateleiras-suspensas-para-banheiro"],"_wp_attached_file":null,"_wp_attachment_metadata":null,"_wp_attachment_context":null,"_wp_attachment_is_custom_header":null,"geo_longitude":null,"geo_public":null,"geo_latitude":null,"_publicize_done_external":null,"_wpas_done_3897181":null,"publicize_twitter_user":null,"_wpas_done_3897175":null,"_wpas_skip_3897181":null,"_wpas_skip_3897175":null,"_wpas_skip_3924723":null,"_wpas_mess":null,"_wpas_done_3924723":null,"wps_subtitle":"Mantenha tudo organizado utilizando prateleiras de banheiro e ainda d\u00ea um toque de estilo ao seu ambiente. Confira agora mesmo!","_links":{"self":[{"href":"https:\/\/www.aarquiteta.com.br\/blog\/wp-json\/wp\/v2\/posts\/77604","targetHints":{"allow":["GET"]}}],"collection":[{"href":"https:\/\/www.aarquiteta.com.br\/blog\/wp-json\/wp\/v2\/posts"}],"about":[{"href":"https:\/\/www.aarquiteta.com.br\/blog\/wp-json\/wp\/v2\/types\/post"}],"author":[{"embeddable":true,"href":"https:\/\/www.aarquiteta.com.br\/blog\/wp-json\/wp\/v2\/users\/102"}],"replies":[{"embeddable":true,"href":"https:\/\/www.aarquiteta.com.br\/blog\/wp-json\/wp\/v2\/comments?post=77604"}],"version-history":[{"count":0,"href":"https:\/\/www.aarquiteta.com.br\/blog\/wp-json\/wp\/v2\/posts\/77604\/revisions"}],"wp:featuredmedia":[{"embeddable":true,"href":"https:\/\/www.aarquiteta.com.br\/blog\/wp-json\/wp\/v2\/media\/80685"}],"wp:attachment":[{"href":"https:\/\/www.aarquiteta.com.br\/blog\/wp-json\/wp\/v2\/media?parent=77604"}],"wp:term":[{"taxonomy":"category","embeddable":true,"href":"https:\/\/www.aarquiteta.com.br\/blog\/wp-json\/wp\/v2\/categories?post=77604"},{"taxonomy":"post_tag","embeddable":true,"href":"https:\/\/www.aarquiteta.com.br\/blog\/wp-json\/wp\/v2\/tags?post=77604"}],"curies":[{"name":"wp","href":"https:\/\/api.w.org\/{rel}","templated":true}]}}