{"id":772,"date":"2013-10-04T13:22:15","date_gmt":"2013-10-04T16:22:15","guid":{"rendered":"http:\/\/aarquiteta.com.br\/?p=772"},"modified":"2024-06-28T10:14:18","modified_gmt":"2024-06-28T13:14:18","slug":"biblioteca-revit","status":"publish","type":"post","link":"https:\/\/www.aarquiteta.com.br\/blog\/biblioteca-revit\/","title":{"rendered":"Biblioteca: Componentes minha biblioteca de Fam\u00edlias Revit &#8211; Cole\u00e7\u00e3o Completa!"},"content":{"rendered":"<p>Ao longo to tempo fui compilando em categorias atrav\u00e9s de um arquivo de fam\u00edlias que uso em meus projetos!\u00a0Com isso acabei criando uma colet\u00e2nea exclusiva que se encontra organizada para f\u00e1cil localiza\u00e7\u00e3o dos arquivos em seu computador, durante o desenvolvimento do seu projeto, \u00e9 s\u00f3 escolher e usar!<\/p>\n<p>S\u00e3o mais de 4 GIGA com mais de 11 mil componentes param\u00e9tricos prontos para ser utilizados nos seus projetos em <a href=\"https:\/\/www.aarquiteta.com.br\/cursos\/revit\/\" target=\"_blank\" rel=\"noopener\">Revit Arquitetura<\/a>!\u00a0Sabemos que s\u00e3o muitos componentes e que muito provavelmente n\u00e3o usar\u00edamos todos eles pelo menos nessa encarna\u00e7\u00e3o! rrs<\/p>\n<p>Usufrua toda comodidade de ter a sua disposi\u00e7\u00e3o os componentes mais compartilhados entre os sites da internet, sem a necessidade de perder horas a fio buscando um a um.<\/p>\n<p>N\u00f3s j\u00e1 fizemos isso pra voc\u00ea!\u00a0Compilamos em categorias atrav\u00e9s de uma colet\u00e2nea exclusiva e organizada para f\u00e1cil localiza\u00e7\u00e3o dos arquivos em seu computador, durante o desenvolvimento do seu projeto.<\/p>\n<p>\u00c9 s\u00f3 escolher e usar!<\/p>\n<p>Veja agora as fam\u00edlias que v\u00e3o melhorar ainda mais os seus desenhos:<\/p>\n<h3><strong>&#8211; Pacote Arquitetura: \u00a0<\/strong><\/h3>\n<p>Estrutural: Blocos, Cortina de Vidro, Elevadores, Escadas, Forro, Funda\u00e7\u00f5es, Gradil, Hachuras, Instala\u00e7\u00f5es Prediais, Itens de detalhe, Janelas, Lajes, Massa, Muro de Arrimo, Pilares, Perfis, Piso, PNE, Portas, Telhados, Vergalh\u00e3o, Vigas, Sustentabilidade.<\/p>\n<h3><strong>&#8211; Pacote de Mobili\u00e1rio para Decora\u00e7\u00e3o de Interiores: <\/strong><\/h3>\n<p><strong>\u00a0<\/strong>Academia de Ginastica, \u00c1rea de Servi\u00e7os, Audit\u00f3rio, Banheiros, Churrasqueira, Cozinhas, Dormit\u00f3rio, Eletr\u00f4nicos, Escrit\u00f3rio, Instrumentos Musicais, Lareira, Medicina, Objetos de decora\u00e7\u00e3o, Objetos Pessoais, Sala de Estar, Sala de Jogos.<\/p>\n<h3><strong>-Pacote de Mobili\u00e1rio para Decora\u00e7\u00e3o de \u00c1rea Externa: \u00a0<\/strong><\/h3>\n<p>Animais, Esportivo, Estacionamento, Infantil, Log\u00edstica, Mobili\u00e1rio Urbano, Paisagismo, Pessoas, Piscina, Ve\u00edculos e meios de transportes em geral.<\/p>\n<span style=\"font-weight: bold; color: #f00;\">Error, group does not exist! Check your syntax! (ID: 31)<\/span>\n<p>Usufrua toda comodidade de ter a sua disposi\u00e7\u00e3o os componentes mais compartilhados entre os sites da internet, sem a necessidade de perder horas a fio buscando um a um! \u00a0<strong>N\u00f3s j\u00e1 fizemos isso pra voc\u00ea!\u00a0<\/strong><\/p>\n<p>As cole\u00e7\u00f5es da Biblioteca s\u00e3o arquivos aleat\u00f3rios, podendo ser encontrados nas vers\u00f5es 2009 ou 2010 ou 2011 ou 2012 ou 2013 do programa.<\/p>\n<h3>Veja algumas imagens dos componentes:<\/h3>\n<p>&nbsp;<\/p>\n<p style=\"text-align: center;\"><a href=\"https:\/\/www.aarquiteta.com.br\/blog\/wp-content\/uploads\/2013\/09\/sofa.jpg\"><img decoding=\"async\" class=\"aligncenter wp-image-776\" title=\"fam\u00edlias revit\" src=\"https:\/\/www.aarquiteta.com.br\/blog\/wp-content\/uploads\/2013\/09\/sofa.jpg\" alt=\"sofa\" width=\"744\" height=\"386\" srcset=\"https:\/\/www.aarquiteta.com.br\/blog\/wp-content\/uploads\/2013\/09\/sofa.jpg 1240w, https:\/\/www.aarquiteta.com.br\/blog\/wp-content\/uploads\/2013\/09\/sofa-1024x532.jpg 1024w, https:\/\/www.aarquiteta.com.br\/blog\/wp-content\/uploads\/2013\/09\/sofa-696x361.jpg 696w, https:\/\/www.aarquiteta.com.br\/blog\/wp-content\/uploads\/2013\/09\/sofa-150x78.jpg 150w\" sizes=\"(max-width: 744px) 100vw, 744px\" \/><\/a><\/p>\n<p style=\"text-align: center;\">Componentes de cole\u00e7\u00e3o interiores com pe\u00e7as de design: SOF\u00c1S<\/p>\n<p>&nbsp;<\/p>\n<p style=\"text-align: center;\"><a href=\"https:\/\/www.aarquiteta.com.br\/blog\/wp-content\/uploads\/2013\/09\/transportes.jpg\"><img decoding=\"async\" class=\"aligncenter wp-image-790\" title=\"fam\u00edlias revit\" src=\"https:\/\/www.aarquiteta.com.br\/blog\/wp-content\/uploads\/2013\/09\/transportes.jpg\" alt=\"transportes\" width=\"730\" height=\"519\" srcset=\"https:\/\/www.aarquiteta.com.br\/blog\/wp-content\/uploads\/2013\/09\/transportes.jpg 1216w, https:\/\/www.aarquiteta.com.br\/blog\/wp-content\/uploads\/2013\/09\/transportes-1024x728.jpg 1024w, https:\/\/www.aarquiteta.com.br\/blog\/wp-content\/uploads\/2013\/09\/transportes-696x495.jpg 696w, https:\/\/www.aarquiteta.com.br\/blog\/wp-content\/uploads\/2013\/09\/transportes-150x107.jpg 150w\" sizes=\"(max-width: 730px) 100vw, 730px\" \/><\/a><\/p>\n<p style=\"text-align: center;\">Componentes cole\u00e7\u00f5es exteriores: Ve\u00edculos<\/p>\n<p style=\"text-align: center;\"><a href=\"https:\/\/www.aarquiteta.com.br\/blog\/wp-content\/uploads\/2013\/09\/mesas.jpg\"><img decoding=\"async\" class=\"aligncenter wp-image-781\" title=\"fam\u00edlias revit\" src=\"https:\/\/www.aarquiteta.com.br\/blog\/wp-content\/uploads\/2013\/09\/mesas.jpg\" alt=\"mesas\" width=\"719\" height=\"587\" srcset=\"https:\/\/www.aarquiteta.com.br\/blog\/wp-content\/uploads\/2013\/09\/mesas.jpg 1198w, https:\/\/www.aarquiteta.com.br\/blog\/wp-content\/uploads\/2013\/09\/mesas-1024x837.jpg 1024w, https:\/\/www.aarquiteta.com.br\/blog\/wp-content\/uploads\/2013\/09\/mesas-696x569.jpg 696w, https:\/\/www.aarquiteta.com.br\/blog\/wp-content\/uploads\/2013\/09\/mesas-150x123.jpg 150w\" sizes=\"(max-width: 719px) 100vw, 719px\" \/><\/a><\/p>\n<p style=\"text-align: center;\">Componentes cole\u00e7\u00f5es interiores com pe\u00e7as de design: Mesas<\/p>\n<p style=\"text-align: center;\"><a href=\"https:\/\/www.aarquiteta.com.br\/blog\/wp-content\/uploads\/2013\/09\/lazer.jpg\"><img decoding=\"async\" class=\"aligncenter wp-image-780\" title=\"fam\u00edlias revit\" src=\"https:\/\/www.aarquiteta.com.br\/blog\/wp-content\/uploads\/2013\/09\/lazer.jpg\" alt=\"lazer\" width=\"737\" height=\"368\" srcset=\"https:\/\/www.aarquiteta.com.br\/blog\/wp-content\/uploads\/2013\/09\/lazer.jpg 1229w, https:\/\/www.aarquiteta.com.br\/blog\/wp-content\/uploads\/2013\/09\/lazer-1024x512.jpg 1024w, https:\/\/www.aarquiteta.com.br\/blog\/wp-content\/uploads\/2013\/09\/lazer-696x348.jpg 696w, https:\/\/www.aarquiteta.com.br\/blog\/wp-content\/uploads\/2013\/09\/lazer-150x75.jpg 150w\" sizes=\"(max-width: 737px) 100vw, 737px\" \/><\/a><\/p>\n<p style=\"text-align: center;\">Componentes cole\u00e7\u00f5es interiores: Lazer, Academia e Outros.<\/p>\n<h3 style=\"text-align: center;\">Gostou dessa cole\u00e7\u00e3o? Tem mais!\u00a0Veja:<\/h3>\n<p style=\"text-align: center;\"><a href=\"https:\/\/www.aarquiteta.com.br\/blog\/wp-content\/uploads\/2013\/09\/revit-2.jpg\"><img decoding=\"async\" class=\"aligncenter wp-image-788\" title=\"fam\u00edlias revit\" src=\"https:\/\/www.aarquiteta.com.br\/blog\/wp-content\/uploads\/2013\/09\/revit-2.jpg\" alt=\"revit 2\" width=\"749\" height=\"436\" srcset=\"https:\/\/www.aarquiteta.com.br\/blog\/wp-content\/uploads\/2013\/09\/revit-2.jpg 960w, https:\/\/www.aarquiteta.com.br\/blog\/wp-content\/uploads\/2013\/09\/revit-2-696x405.jpg 696w, https:\/\/www.aarquiteta.com.br\/blog\/wp-content\/uploads\/2013\/09\/revit-2-150x87.jpg 150w\" sizes=\"(max-width: 749px) 100vw, 749px\" \/><\/a><\/p>\n<p style=\"text-align: center;\"><a href=\"https:\/\/www.aarquiteta.com.br\/blog\/wp-content\/uploads\/2013\/09\/print5.jpg\"><img decoding=\"async\" class=\"aligncenter wp-image-786\" title=\"fam\u00edlias revit\" src=\"https:\/\/www.aarquiteta.com.br\/blog\/wp-content\/uploads\/2013\/09\/print5.jpg\" alt=\"print5\" width=\"860\" height=\"500\" srcset=\"https:\/\/www.aarquiteta.com.br\/blog\/wp-content\/uploads\/2013\/09\/print5.jpg 1434w, https:\/\/www.aarquiteta.com.br\/blog\/wp-content\/uploads\/2013\/09\/print5-1024x596.jpg 1024w, https:\/\/www.aarquiteta.com.br\/blog\/wp-content\/uploads\/2013\/09\/print5-696x405.jpg 696w, https:\/\/www.aarquiteta.com.br\/blog\/wp-content\/uploads\/2013\/09\/print5-150x87.jpg 150w\" sizes=\"(max-width: 860px) 100vw, 860px\" \/><\/a><\/p>\n<p style=\"text-align: center;\"><a href=\"https:\/\/www.aarquiteta.com.br\/blog\/wp-content\/uploads\/2013\/09\/print.jpg\"><img decoding=\"async\" class=\"aligncenter wp-image-782\" title=\"fam\u00edlias revit\" src=\"https:\/\/www.aarquiteta.com.br\/blog\/wp-content\/uploads\/2013\/09\/print.jpg\" alt=\"print\" width=\"865\" height=\"515\" srcset=\"https:\/\/www.aarquiteta.com.br\/blog\/wp-content\/uploads\/2013\/09\/print.jpg 1442w, https:\/\/www.aarquiteta.com.br\/blog\/wp-content\/uploads\/2013\/09\/print-1024x609.jpg 1024w, https:\/\/www.aarquiteta.com.br\/blog\/wp-content\/uploads\/2013\/09\/print-696x414.jpg 696w, https:\/\/www.aarquiteta.com.br\/blog\/wp-content\/uploads\/2013\/09\/print-150x89.jpg 150w\" sizes=\"(max-width: 865px) 100vw, 865px\" \/><\/a><\/p>\n<p style=\"text-align: center;\"><a href=\"https:\/\/www.aarquiteta.com.br\/blog\/wp-content\/uploads\/2013\/09\/print2.jpg\"><img decoding=\"async\" class=\"aligncenter wp-image-783\" title=\"fam\u00edlias revit\" src=\"https:\/\/www.aarquiteta.com.br\/blog\/wp-content\/uploads\/2013\/09\/print2.jpg\" alt=\"print2\" width=\"864\" height=\"517\" srcset=\"https:\/\/www.aarquiteta.com.br\/blog\/wp-content\/uploads\/2013\/09\/print2.jpg 1440w, https:\/\/www.aarquiteta.com.br\/blog\/wp-content\/uploads\/2013\/09\/print2-1024x613.jpg 1024w, https:\/\/www.aarquiteta.com.br\/blog\/wp-content\/uploads\/2013\/09\/print2-696x417.jpg 696w, https:\/\/www.aarquiteta.com.br\/blog\/wp-content\/uploads\/2013\/09\/print2-150x90.jpg 150w\" sizes=\"(max-width: 864px) 100vw, 864px\" \/><\/a><\/p>\n<p style=\"text-align: center;\"><a href=\"https:\/\/www.aarquiteta.com.br\/blog\/wp-content\/uploads\/2013\/09\/print3.jpg\"><img decoding=\"async\" class=\"aligncenter wp-image-784\" title=\"fam\u00edlias revit\" src=\"https:\/\/www.aarquiteta.com.br\/blog\/wp-content\/uploads\/2013\/09\/print3.jpg\" alt=\"print3\" width=\"864\" height=\"502\" srcset=\"https:\/\/www.aarquiteta.com.br\/blog\/wp-content\/uploads\/2013\/09\/print3.jpg 1440w, https:\/\/www.aarquiteta.com.br\/blog\/wp-content\/uploads\/2013\/09\/print3-1024x594.jpg 1024w, https:\/\/www.aarquiteta.com.br\/blog\/wp-content\/uploads\/2013\/09\/print3-696x404.jpg 696w, https:\/\/www.aarquiteta.com.br\/blog\/wp-content\/uploads\/2013\/09\/print3-150x87.jpg 150w\" sizes=\"(max-width: 864px) 100vw, 864px\" \/><\/a><\/p>\n<p style=\"text-align: center;\"><a href=\"https:\/\/www.aarquiteta.com.br\/blog\/wp-content\/uploads\/2013\/09\/print4.jpg\"><img decoding=\"async\" class=\"aligncenter wp-image-785\" title=\"fam\u00edlias revit\" src=\"https:\/\/www.aarquiteta.com.br\/blog\/wp-content\/uploads\/2013\/09\/print4.jpg\" alt=\"print4\" width=\"864\" height=\"502\" srcset=\"https:\/\/www.aarquiteta.com.br\/blog\/wp-content\/uploads\/2013\/09\/print4.jpg 1440w, https:\/\/www.aarquiteta.com.br\/blog\/wp-content\/uploads\/2013\/09\/print4-1024x594.jpg 1024w, https:\/\/www.aarquiteta.com.br\/blog\/wp-content\/uploads\/2013\/09\/print4-696x404.jpg 696w, https:\/\/www.aarquiteta.com.br\/blog\/wp-content\/uploads\/2013\/09\/print4-150x87.jpg 150w\" sizes=\"(max-width: 864px) 100vw, 864px\" \/><\/a><\/p>\n<p style=\"text-align: center;\"><a href=\"https:\/\/www.aarquiteta.com.br\/blog\/wp-content\/uploads\/2013\/09\/interiores.jpg\"><img decoding=\"async\" class=\"aligncenter wp-image-779\" src=\"https:\/\/www.aarquiteta.com.br\/blog\/wp-content\/uploads\/2013\/09\/interiores.jpg\" alt=\"interiores\" width=\"849\" height=\"464\" title=\"\" srcset=\"https:\/\/www.aarquiteta.com.br\/blog\/wp-content\/uploads\/2013\/09\/interiores.jpg 1209w, https:\/\/www.aarquiteta.com.br\/blog\/wp-content\/uploads\/2013\/09\/interiores-1024x561.jpg 1024w, https:\/\/www.aarquiteta.com.br\/blog\/wp-content\/uploads\/2013\/09\/interiores-696x381.jpg 696w, https:\/\/www.aarquiteta.com.br\/blog\/wp-content\/uploads\/2013\/09\/interiores-150x82.jpg 150w\" sizes=\"(max-width: 849px) 100vw, 849px\" \/><\/a><\/p>\n<p style=\"text-align: center;\"><a href=\"https:\/\/www.aarquiteta.com.br\/blog\/wp-content\/uploads\/2013\/09\/exteriores.jpg\"><img decoding=\"async\" class=\"aligncenter wp-image-778\" title=\"fam\u00edlias revit\" src=\"https:\/\/www.aarquiteta.com.br\/blog\/wp-content\/uploads\/2013\/09\/exteriores.jpg\" alt=\"exteriores\" width=\"876\" height=\"480\" srcset=\"https:\/\/www.aarquiteta.com.br\/blog\/wp-content\/uploads\/2013\/09\/exteriores.jpg 1216w, https:\/\/www.aarquiteta.com.br\/blog\/wp-content\/uploads\/2013\/09\/exteriores-1024x561.jpg 1024w, https:\/\/www.aarquiteta.com.br\/blog\/wp-content\/uploads\/2013\/09\/exteriores-696x381.jpg 696w, https:\/\/www.aarquiteta.com.br\/blog\/wp-content\/uploads\/2013\/09\/exteriores-150x82.jpg 150w\" sizes=\"(max-width: 876px) 100vw, 876px\" \/><\/a><\/p>\n<p style=\"text-align: center;\"><a href=\"https:\/\/www.aarquiteta.com.br\/blog\/wp-content\/uploads\/2013\/09\/arquitetura.jpg\"><img decoding=\"async\" class=\"aligncenter wp-image-777\" title=\"fam\u00edlias revit\" src=\"https:\/\/www.aarquiteta.com.br\/blog\/wp-content\/uploads\/2013\/09\/arquitetura.jpg\" alt=\"arquitetura\" width=\"877\" height=\"481\" srcset=\"https:\/\/www.aarquiteta.com.br\/blog\/wp-content\/uploads\/2013\/09\/arquitetura.jpg 1218w, https:\/\/www.aarquiteta.com.br\/blog\/wp-content\/uploads\/2013\/09\/arquitetura-1024x562.jpg 1024w, https:\/\/www.aarquiteta.com.br\/blog\/wp-content\/uploads\/2013\/09\/arquitetura-696x382.jpg 696w, https:\/\/www.aarquiteta.com.br\/blog\/wp-content\/uploads\/2013\/09\/arquitetura-150x82.jpg 150w\" sizes=\"(max-width: 877px) 100vw, 877px\" \/><\/a><\/p>\n<p style=\"text-align: center;\">Para adquirir esse material <a href=\"https:\/\/www.aarquiteta.com.br\/biblioteca-revit\/\" target=\"_blank\" rel=\"noopener\">\u00a0acesse aqui.<\/a><\/p>\n<p><iframe src=\"https:\/\/www.youtube.com\/embed\/LsAiLA7zvoc\" width=\"560\" height=\"315\" frameborder=\"0\" allowfullscreen=\"allowfullscreen\"><\/iframe><\/p>\n<h3><strong>Qual a vers\u00e3o do Revit que preciso ter para utilizar a biblioteca?<\/strong><\/h3>\n<p>Recomendamos sempre utilizar a vers\u00e3o 2019.<\/p>\n<h3><strong>Preciso deste pacote para trabalhar com Design de Interiores no Revit, a biblioteca me atender\u00e1?<\/strong><\/h3>\n<p>Sem d\u00favida alguma. Muitas das bibliotecas dispon\u00edveis, s\u00e3o de excelente qualidade, e apresentam aspectos incr\u00edveis quando renderizados. Voc\u00ea poder\u00e1 utiliz\u00e1-las tranquilamente para seus projetos de Design de Interiores.<\/p>\n<h3><strong>O pagamento desta biblioteca \u00e9 \u00fanico?<\/strong><\/h3>\n<p>Sim, voc\u00ea paga apenas uma \u00fanica vez e tem acesso a todo o material existente, e a novas atualiza\u00e7\u00f5es.<\/p>\n<h3><strong>Quais as vantagens da Biblioteca?<\/strong><\/h3>\n<p>De forma pr\u00e1tica e objetiva: melhorar a qualidade visual dos seus projetos, aumentar a rapidez na qual voc\u00ea projeta, sem abrir m\u00e3o da efici\u00eancia, economizar horas de busca de materiais gratuitos na internet e ter mais produtividade.<\/p>\n<h3><strong>Como \u00e9 feito o envio do material?<\/strong><\/h3>\n<p>Ap\u00f3s a confirma\u00e7\u00e3o de pagamento, enviaremos para voc\u00ea dois arquivos em PDF. Um deles ir\u00e1 constar todos os links das bibliotecas, e o outro \u00e9 o nosso Manual do Usu\u00e1rio, onde ser\u00e1 poss\u00edvel conhecer melhor a plataforma onde est\u00e3o hospedados os arquivos e principalmente como baix\u00e1-los.<\/p>\n<h3><strong>Ao clicar no link, ele pede para ser feita uma solicita\u00e7\u00e3o de acesso aos arquivos, est\u00e1 correto?<\/strong><\/h3>\n<p>Sim, est\u00e1. De forma a podermos controlar os usu\u00e1rios que vistam e baixam a nossa Biblioteca, antes de fazer o acesso, voc\u00ea precisa fazer a solicita\u00e7\u00e3o e nossa equipe rapidamente ir\u00e1 liberar o conte\u00fado para voc\u00ea.<\/p>\n<p>&nbsp;<\/p>\n<p>Em meu portal de treinamento on-line separei para voc\u00ea v\u00e1rios dos<strong> meus cursos gratuitos<\/strong> para quem quer aprender a decorar ou at\u00e9 usar programas para criar seus projetos, seja de interiores, de edifica\u00e7\u00f5es, e-books e muito mais.<\/p>\n<p><strong><a href=\"https:\/\/aarquiteta.com.br\/\" target=\"_blank\" rel=\"noopener\">Basta clicar aqui e come\u00e7ar a estudar.<\/a><\/strong><\/p>\n<p>&nbsp;<\/p>\n","protected":false},"excerpt":{"rendered":"<p>Ao longo to tempo fui compilando em categorias atrav\u00e9s de um arquivo de fam\u00edlias que uso em meus projetos!\u00a0Com isso acabei criando uma colet\u00e2nea exclusiva que se encontra organizada para f\u00e1cil localiza\u00e7\u00e3o dos arquivos em seu computador, durante o desenvolvimento do seu projeto, \u00e9 s\u00f3 escolher e usar! S\u00e3o mais de 4 GIGA com mais [&hellip;]<\/p>\n","protected":false},"author":102,"featured_media":783,"comment_status":"closed","ping_status":"closed","sticky":false,"template":"","format":"standard","meta":{"footnotes":""},"categories":[5],"tags":[152],"class_list":["post-772","post","type-post","status-publish","format-standard","has-post-thumbnail","category-biblioteca-arquitetura","tag-componentes-revit"],"_wp_attached_file":null,"_wp_attachment_metadata":null,"_wp_attachment_context":null,"_wp_attachment_is_custom_header":null,"geo_longitude":null,"geo_public":null,"geo_latitude":null,"_publicize_done_external":null,"_wpas_done_3897181":null,"publicize_twitter_user":null,"_wpas_done_3897175":null,"_wpas_skip_3897181":null,"_wpas_skip_3897175":null,"_wpas_skip_3924723":null,"_wpas_mess":null,"_wpas_done_3924723":null,"wps_subtitle":"","_links":{"self":[{"href":"https:\/\/www.aarquiteta.com.br\/blog\/wp-json\/wp\/v2\/posts\/772","targetHints":{"allow":["GET"]}}],"collection":[{"href":"https:\/\/www.aarquiteta.com.br\/blog\/wp-json\/wp\/v2\/posts"}],"about":[{"href":"https:\/\/www.aarquiteta.com.br\/blog\/wp-json\/wp\/v2\/types\/post"}],"author":[{"embeddable":true,"href":"https:\/\/www.aarquiteta.com.br\/blog\/wp-json\/wp\/v2\/users\/102"}],"replies":[{"embeddable":true,"href":"https:\/\/www.aarquiteta.com.br\/blog\/wp-json\/wp\/v2\/comments?post=772"}],"version-history":[{"count":0,"href":"https:\/\/www.aarquiteta.com.br\/blog\/wp-json\/wp\/v2\/posts\/772\/revisions"}],"wp:featuredmedia":[{"embeddable":true,"href":"https:\/\/www.aarquiteta.com.br\/blog\/wp-json\/wp\/v2\/media\/783"}],"wp:attachment":[{"href":"https:\/\/www.aarquiteta.com.br\/blog\/wp-json\/wp\/v2\/media?parent=772"}],"wp:term":[{"taxonomy":"category","embeddable":true,"href":"https:\/\/www.aarquiteta.com.br\/blog\/wp-json\/wp\/v2\/categories?post=772"},{"taxonomy":"post_tag","embeddable":true,"href":"https:\/\/www.aarquiteta.com.br\/blog\/wp-json\/wp\/v2\/tags?post=772"}],"curies":[{"name":"wp","href":"https:\/\/api.w.org\/{rel}","templated":true}]}}