{"id":76852,"date":"2023-03-21T06:00:35","date_gmt":"2023-03-21T09:00:35","guid":{"rendered":"http:\/\/aarquiteta.com.br\/?p=76852"},"modified":"2023-07-18T13:07:39","modified_gmt":"2023-07-18T16:07:39","slug":"como-decorar-varanda-pequena-com-flores-dicas-e-inspiracoes","status":"publish","type":"post","link":"https:\/\/www.aarquiteta.com.br\/blog\/como-decorar-varanda-pequena-com-flores-dicas-e-inspiracoes\/","title":{"rendered":"Como decorar varanda pequena com flores: dicas e inspira\u00e7\u00f5es."},"content":{"rendered":"<div class=\"group w-full text-gray-800 dark:text-gray-100 border-b border-black\/10 dark:border-gray-900\/50 bg-gray-50 dark:bg-[#444654]\">\n<div class=\"text-base gap-4 md:gap-6 md:max-w-2xl lg:max-w-2xl xl:max-w-3xl p-4 md:py-6 flex lg:px-0 m-auto\">\n<div class=\"relative flex w-[calc(100%-50px)] flex-col gap-1 md:gap-3 lg:w-[calc(100%-115px)]\">\n<div class=\"flex flex-grow flex-col gap-3\">\n<div class=\"min-h-[20px] flex flex-col items-start gap-4 whitespace-pre-wrap\">\n<div class=\"markdown prose w-full break-words dark:prose-invert dark\">\n<p>Descubra como transformar sua varanda pequena em um ref\u00fagio florido e agrad\u00e1vel, utilizando flores e elementos decorativos.<\/p>\n<p>Decorar uma varanda pequena com flores pode transformar um espa\u00e7o limitado em um verdadeiro jardim suspenso, cheio de vida e cor. Neste artigo, exploraremos dicas pr\u00e1ticas para aproveitar ao m\u00e1ximo seu espa\u00e7o, selecionar as plantas certas e criar uma atmosfera agrad\u00e1vel e convidativa. Vamos come\u00e7ar?<\/p>\n<h2><strong>A import\u00e2ncia das flores na decora\u00e7\u00e3o<\/strong><\/h2>\n<figure id=\"attachment_76893\" aria-describedby=\"caption-attachment-76893\" style=\"width: 1080px\" class=\"wp-caption alignnone\"><img decoding=\"async\" class=\"wp-image-76893 size-full\" title=\"varanda pequena com flores\" src=\"https:\/\/www.aarquiteta.com.br\/blog\/wp-content\/uploads\/2023\/03\/varanda-pequena-com-flores.jpg\" alt=\"varanda pequena com flores\" width=\"1080\" height=\"1259\" srcset=\"https:\/\/www.aarquiteta.com.br\/blog\/wp-content\/uploads\/2023\/03\/varanda-pequena-com-flores.jpg 1080w, https:\/\/www.aarquiteta.com.br\/blog\/wp-content\/uploads\/2023\/03\/varanda-pequena-com-flores-1024x1194.jpg 1024w, https:\/\/www.aarquiteta.com.br\/blog\/wp-content\/uploads\/2023\/03\/varanda-pequena-com-flores-696x811.jpg 696w, https:\/\/www.aarquiteta.com.br\/blog\/wp-content\/uploads\/2023\/03\/varanda-pequena-com-flores-150x175.jpg 150w\" sizes=\"(max-width: 1080px) 100vw, 1080px\" \/><figcaption id=\"caption-attachment-76893\" class=\"wp-caption-text\">Varanda pequena com flores. FOnte: Casa Claudia &#8211; Pinterest.<\/figcaption><\/figure>\n<h3><strong>Benef\u00edcios das flores na varanda<\/strong><\/h3>\n<p>As flores trazem diversos benef\u00edcios para a decora\u00e7\u00e3o da varanda. Al\u00e9m de acrescentar cor e beleza, elas melhoram a qualidade do ar e proporcionam um ambiente mais agrad\u00e1vel e relaxante. O contato com a natureza tamb\u00e9m pode melhorar o humor e diminuir o estresse.<\/p>\n<h3><strong>Cores e texturas<\/strong><\/h3>\n<p>A variedade de cores e texturas que as flores oferecem pode ser um elemento-chave na decora\u00e7\u00e3o da varanda. Utilize diferentes tipos de flores e folhagens para criar contraste e harmonia, tornando o espa\u00e7o mais interessante e atraente.<\/p>\n<h2><strong>Escolhendo as flores certas<\/strong><\/h2>\n<h3><strong>Esp\u00e9cies adequadas para varandas pequenas<\/strong><\/h3>\n<p>Ao escolher as flores para a varanda, \u00e9 importante selecionar esp\u00e9cies que se adaptem bem ao espa\u00e7o dispon\u00edvel. Algumas op\u00e7\u00f5es ideais s\u00e3o ger\u00e2nios, pet\u00fanias, beg\u00f4nias, lavandas e suculentas.<\/p>\n<h3><strong>Flores resistentes ao sol e ao vento<\/strong><\/h3>\n<p>Varandas podem ser expostas ao sol e ao vento; por isso, \u00e9 essencial escolher flores resistentes a essas condi\u00e7\u00f5es. Algumas op\u00e7\u00f5es s\u00e3o as margaridas, os cravos e os l\u00edrios.<\/p>\n<h2><strong>Plantas que n\u00e3o exigem muitos cuidados<\/strong><\/h2>\n<p>Opte por plantas de f\u00e1cil cultivo e que n\u00e3o necessitem de cuidados constantes. Cactos e suculentas, por exemplo, s\u00e3o \u00f3timas op\u00e7\u00f5es para quem tem pouco tempo para cuidar das plantas.<\/p>\n<\/div>\n<\/div>\n<\/div>\n<\/div>\n<\/div>\n<\/div>\n<div class=\"group w-full text-gray-800 dark:text-gray-100 border-b border-black\/10 dark:border-gray-900\/50 bg-gray-50 dark:bg-[#444654]\">\n<div class=\"text-base gap-4 md:gap-6 md:max-w-2xl lg:max-w-2xl xl:max-w-3xl p-4 md:py-6 flex lg:px-0 m-auto\">\n<div class=\"relative flex w-[calc(100%-50px)] flex-col gap-1 md:gap-3 lg:w-[calc(100%-115px)]\">\n<div class=\"flex flex-grow flex-col gap-3\">\n<div class=\"min-h-[20px] flex flex-col items-start gap-4 whitespace-pre-wrap\">\n<div class=\"markdown prose w-full break-words dark:prose-invert dark\">\n<h2><strong>Organizando o espa\u00e7o<\/strong><\/h2>\n<figure id=\"attachment_76895\" aria-describedby=\"caption-attachment-76895\" style=\"width: 720px\" class=\"wp-caption alignnone\"><img decoding=\"async\" class=\"wp-image-76895 size-full\" title=\"varanda pequena com flores\" src=\"https:\/\/www.aarquiteta.com.br\/blog\/wp-content\/uploads\/2023\/03\/varanda-pequena-com-flores-1.jpg\" alt=\"varanda pequena com flores\" width=\"720\" height=\"1279\" srcset=\"https:\/\/www.aarquiteta.com.br\/blog\/wp-content\/uploads\/2023\/03\/varanda-pequena-com-flores-1.jpg 720w, https:\/\/www.aarquiteta.com.br\/blog\/wp-content\/uploads\/2023\/03\/varanda-pequena-com-flores-1-576x1024.jpg 576w, https:\/\/www.aarquiteta.com.br\/blog\/wp-content\/uploads\/2023\/03\/varanda-pequena-com-flores-1-696x1236.jpg 696w, https:\/\/www.aarquiteta.com.br\/blog\/wp-content\/uploads\/2023\/03\/varanda-pequena-com-flores-1-150x266.jpg 150w\" sizes=\"(max-width: 720px) 100vw, 720px\" \/><figcaption id=\"caption-attachment-76895\" class=\"wp-caption-text\">varanda pequena com flores.Fonte: Pinterest<\/figcaption><\/figure>\n<h3><strong>Criando pontos focais<\/strong><\/h3>\n<p>Para criar um ambiente visualmente interessante, estabele\u00e7a pontos focais na decora\u00e7\u00e3o da varanda.<\/p>\n<p>Isso pode ser feito utilizando vasos grandes com plantas mais altas ou vistosas, ou agrupando plantas de diferentes alturas.<\/p>\n<h3><strong>Aproveitando as paredes e o teto<\/strong><\/h3>\n<p>Se o espa\u00e7o for limitado, utilize as paredes e o teto para pendurar vasos e prateleiras. Isso permite acomodar mais plantas sem comprometer a \u00e1rea de circula\u00e7\u00e3o.<\/p>\n<p>Al\u00e9m disso, trepadeiras e plantas pendentes tamb\u00e9m podem ser utilizadas para adicionar interesse visual \u00e0 decora\u00e7\u00e3o.<\/p>\n<h3><strong>Misturando plantas em diferentes n\u00edveis<\/strong><\/h3>\n<p>Para criar um jardim din\u00e2mico e atraente, combine plantas em diferentes n\u00edveis. Posicione vasos de tamanhos variados no ch\u00e3o, em mesas e prateleiras, e suspenda plantas pendentes no teto.<\/p>\n<h2><strong>Acess\u00f3rios e detalhes na decora\u00e7\u00e3o.<\/strong><\/h2>\n<figure id=\"attachment_76898\" aria-describedby=\"caption-attachment-76898\" style=\"width: 2048px\" class=\"wp-caption alignnone\"><img decoding=\"async\" class=\"size-full wp-image-76898\" src=\"https:\/\/www.aarquiteta.com.br\/blog\/wp-content\/uploads\/2023\/03\/varanda-pequena-com-flores-3.png\" alt=\"varanda pequena com flores \" width=\"2048\" height=\"1148\" title=\"\" srcset=\"https:\/\/www.aarquiteta.com.br\/blog\/wp-content\/uploads\/2023\/03\/varanda-pequena-com-flores-3.png 2048w, https:\/\/www.aarquiteta.com.br\/blog\/wp-content\/uploads\/2023\/03\/varanda-pequena-com-flores-3-1024x574.png 1024w, https:\/\/www.aarquiteta.com.br\/blog\/wp-content\/uploads\/2023\/03\/varanda-pequena-com-flores-3-696x390.png 696w, https:\/\/www.aarquiteta.com.br\/blog\/wp-content\/uploads\/2023\/03\/varanda-pequena-com-flores-3-150x84.png 150w\" sizes=\"(max-width: 2048px) 100vw, 2048px\" \/><figcaption id=\"caption-attachment-76898\" class=\"wp-caption-text\">varanda pequena com flores. Ideia por AA<\/figcaption><\/figure>\n<h3><strong>Vasos e cachep\u00f4s<\/strong><\/h3>\n<p>Os vasos e cachep\u00f4s s\u00e3o elementos fundamentais na decora\u00e7\u00e3o com flores. Escolha modelos que combinem com o estilo da sua varanda e que complementem as cores e texturas das plantas.<\/p>\n<p>Materiais como cer\u00e2mica, madeira e metal s\u00e3o op\u00e7\u00f5es vers\u00e1teis e dur\u00e1veis.<\/p>\n<h3><strong>Mobili\u00e1rio e ilumina\u00e7\u00e3o<\/strong><\/h3>\n<p>Inclua m\u00f3veis confort\u00e1veis e funcionais, como cadeiras, mesas e bancos, para aproveitar ao m\u00e1ximo o espa\u00e7o da varanda.<\/p>\n<p>A ilumina\u00e7\u00e3o tamb\u00e9m \u00e9 importante para destacar as flores e criar um ambiente aconchegante. Utilize luzes indiretas e pontos de luz estrategicamente posicionados.<\/p>\n<h3><strong>Decora\u00e7\u00e3o tem\u00e1tica<\/strong><\/h3>\n<p>Para personalizar ainda mais sua varanda, considere adotar um tema na decora\u00e7\u00e3o. Jardins tropicais, mediterr\u00e2neos ou r\u00fasticos s\u00e3o algumas ideias que podem servir de inspira\u00e7\u00e3o.<\/p>\n<h3><strong>Manuten\u00e7\u00e3o e cuidados<\/strong><\/h3>\n<p>Mantenha as plantas sempre saud\u00e1veis, regando-as adequadamente e adubando conforme necess\u00e1rio. Verifique tamb\u00e9m a presen\u00e7a de pragas e doen\u00e7as e, se necess\u00e1rio, aplique tratamentos espec\u00edficos.<\/p>\n<p>Lembre-se de que plantas bem cuidadas s\u00e3o essenciais para uma decora\u00e7\u00e3o de varanda atraente e aconchegante.<\/p>\n<h2><strong>Dicas exclusivas para decorar varandas pequenas com flores:<\/strong><\/h2>\n<figure id=\"attachment_76896\" aria-describedby=\"caption-attachment-76896\" style=\"width: 2048px\" class=\"wp-caption alignnone\"><img decoding=\"async\" class=\"size-full wp-image-76896\" src=\"https:\/\/www.aarquiteta.com.br\/blog\/wp-content\/uploads\/2023\/03\/varanda-pequena-com-flores-2.png\" alt=\"varanda pequena com flores\" width=\"2048\" height=\"1148\" title=\"\" srcset=\"https:\/\/www.aarquiteta.com.br\/blog\/wp-content\/uploads\/2023\/03\/varanda-pequena-com-flores-2.png 2048w, https:\/\/www.aarquiteta.com.br\/blog\/wp-content\/uploads\/2023\/03\/varanda-pequena-com-flores-2-1024x574.png 1024w, https:\/\/www.aarquiteta.com.br\/blog\/wp-content\/uploads\/2023\/03\/varanda-pequena-com-flores-2-696x390.png 696w, https:\/\/www.aarquiteta.com.br\/blog\/wp-content\/uploads\/2023\/03\/varanda-pequena-com-flores-2-150x84.png 150w\" sizes=\"(max-width: 2048px) 100vw, 2048px\" \/><figcaption id=\"caption-attachment-76896\" class=\"wp-caption-text\">varanda pequena com flores<\/figcaption><\/figure>\n<ol>\n<li><strong>Aromas e perfumes:<\/strong> Escolha flores e plantas arom\u00e1ticas, como jasmim, gard\u00eania e alecrim, para adicionar um toque de perfume \u00e0 sua varanda e criar uma atmosfera ainda mais agrad\u00e1vel.<\/li>\n<li><strong>Paleta de cores:<\/strong> Ao selecionar as flores, considere a paleta de cores da sua decora\u00e7\u00e3o. Cores complementares e contrastantes podem criar um visual harmonioso e equilibrado.<\/li>\n<li><strong>Uso de espelhos:<\/strong> Para dar a sensa\u00e7\u00e3o de amplitude \u00e0 varanda pequena, utilize espelhos na decora\u00e7\u00e3o. Eles refletem a luz e as cores das flores, criando um efeito visual interessante.<\/li>\n<li><strong>Caminhos e bordas:<\/strong> Se houver espa\u00e7o dispon\u00edvel, crie caminhos e bordas utilizando pedras, cascalho ou madeira. Esses elementos ajudam a delimitar \u00e1reas e a organizar o espa\u00e7o.<\/li>\n<li><strong>Acess\u00f3rios decorativos:<\/strong> Inclua objetos e enfeites que reflitam seu estilo e personalidade, como esculturas, fontes ou objetos de arte. Esses itens podem adicionar charme e personalidade \u00e0 sua varanda.<\/li>\n<li><strong>Flores sazonais:<\/strong> Considere a utiliza\u00e7\u00e3o de flores sazonais para manter a varanda sempre renovada e atraente. Isso tamb\u00e9m permite que voc\u00ea experimente diferentes combina\u00e7\u00f5es de cores e texturas ao longo do ano.<\/li>\n<li><strong>Reciclagem e reutiliza\u00e7\u00e3o:<\/strong> Transforme objetos reciclados ou reutilizados em vasos e suportes para plantas. Latas, garrafas de vidro e caixotes de madeira s\u00e3o exemplos de itens que podem ser repaginados e incorporados \u00e0 decora\u00e7\u00e3o da varanda.<\/li>\n<li><strong>Agrupamento de vasos:<\/strong> Agrupar vasos de tamanhos e formatos diferentes pode criar um efeito visual interessante e din\u00e2mico, al\u00e9m de permitir a exposi\u00e7\u00e3o de v\u00e1rias plantas em um espa\u00e7o reduzido.<\/li>\n<li><strong>Rega autom\u00e1tica:<\/strong> Instale um sistema de rega autom\u00e1tica para garantir que suas flores e plantas recebam \u00e1gua regularmente e adequada, mesmo quando voc\u00ea estiver fora de casa.<\/li>\n<li><strong>Consulte um profissional:<\/strong> Se voc\u00ea n\u00e3o tem certeza sobre quais flores escolher ou como organizar sua varanda, considere a possibilidade de contratar um paisagista ou designer de interiores para obter orienta\u00e7\u00f5es e garantir um resultado profissional.<\/li>\n<\/ol>\n<p>Lembre-se de que a criatividade \u00e9 fundamental para decorar varandas pequenas com flores.<\/p>\n<p>Com as dicas exclusivas mencionadas acima, voc\u00ea estar\u00e1 pronto para criar um ambiente encantador e convidativo na sua varanda, aproveitando ao m\u00e1ximo o espa\u00e7o dispon\u00edvel.<\/p>\n<div class=\"group w-full text-gray-800 dark:text-gray-100 border-b border-black\/10 dark:border-gray-900\/50 bg-gray-50 dark:bg-[#444654]\">\n<div class=\"text-base gap-4 md:gap-6 md:max-w-2xl lg:max-w-2xl xl:max-w-3xl p-4 md:py-6 flex lg:px-0 m-auto\">\n<div class=\"relative flex w-[calc(100%-50px)] flex-col gap-1 md:gap-3 lg:w-[calc(100%-115px)]\">\n<div class=\"flex flex-grow flex-col gap-3\">\n<div class=\"min-h-[20px] flex flex-col items-start gap-4 whitespace-pre-wrap\">\n<div class=\"markdown prose w-full break-words dark:prose-invert dark\">\n<h2><strong>Perguntas frequentes sobre como decorar varanda pequena com flores:<\/strong><\/h2>\n<h3><strong>Que tipos de flores s\u00e3o mais adequadas para varandas pequenas?<\/strong><\/h3>\n<p>Ger\u00e2nios, pet\u00fanias, beg\u00f4nias, lavandas e suculentas s\u00e3o algumas op\u00e7\u00f5es ideais para varandas pequenas.<\/p>\n<h3><strong>Como posso aproveitar melhor o espa\u00e7o da minha varanda?<\/strong><\/h3>\n<p>Utilize as paredes e o teto para pendurar vasos e prateleiras, crie pontos focais com plantas mais altas ou vistosas e combine plantas em diferentes n\u00edveis.<\/p>\n<\/div>\n<\/div>\n<\/div>\n<\/div>\n<\/div>\n<\/div>\n<div class=\"group w-full text-gray-800 dark:text-gray-100 border-b border-black\/10 dark:border-gray-900\/50 bg-gray-50 dark:bg-[#444654]\">\n<div class=\"text-base gap-4 md:gap-6 md:max-w-2xl lg:max-w-2xl xl:max-w-3xl p-4 md:py-6 flex lg:px-0 m-auto\">\n<div class=\"relative flex w-[calc(100%-50px)] flex-col gap-1 md:gap-3 lg:w-[calc(100%-115px)]\">\n<div class=\"flex flex-grow flex-col gap-3\">\n<div class=\"min-h-[20px] flex flex-col items-start gap-4 whitespace-pre-wrap\">\n<div class=\"markdown prose w-full break-words dark:prose-invert dark\">\n<h3><strong>Quais s\u00e3o os materiais mais indicados para vasos e cachep\u00f4s?<\/strong><\/h3>\n<p>Cer\u00e2mica, madeira e metal s\u00e3o materiais vers\u00e1teis e dur\u00e1veis, ideais para vasos e cachep\u00f4s na decora\u00e7\u00e3o da varanda.<\/p>\n<h3><strong>Como garantir que minhas flores fiquem saud\u00e1veis na varanda?<\/strong><\/h3>\n<p>Regue adequadamente, adube conforme necess\u00e1rio e verifique a presen\u00e7a de pragas e doen\u00e7as. Se necess\u00e1rio, aplique tratamentos espec\u00edficos.<\/p>\n<h3><strong>Como posso criar um ambiente aconchegante na minha varanda decorada com flores?<\/strong><\/h3>\n<p>Inclua m\u00f3veis confort\u00e1veis e funcionais, como cadeiras, mesas e bancos, e invista em uma ilumina\u00e7\u00e3o agrad\u00e1vel, utilizando luzes indiretas e pontos de luz estrategicamente posicionados.<\/p>\n<\/div>\n<h2><strong>Conclus\u00e3o<\/strong><\/h2>\n<p>Decorar uma varanda pequena com flores \u00e9 uma \u00f3tima maneira de transformar o espa\u00e7o em um ref\u00fagio verde e relaxante.<\/p>\n<p>Com as dicas apresentadas neste artigo, voc\u00ea pode criar um ambiente agrad\u00e1vel e convidativo, cheio de vida e cor.<\/p>\n<p>Agora \u00e9 hora de colocar a m\u00e3o na terra e come\u00e7ar a criar seu pr\u00f3prio jardim suspenso!<\/p>\n<p>Espero que este artigo tenha ajudado voc\u00ea!<\/p>\n<p>Ent\u00e3o deslize a tela para baixo e<a href=\"https:\/\/br.pinterest.com\/aarquitetapinterest\/_created\/\" target=\"_blank\" rel=\"noopener\">\u00a0confira mais dicas<\/a>\u00a0como esta e n\u00e3o se esque\u00e7a de compartilhar com os amigos!<\/p>\n<p>Quer mais dicas sobre o mundo da\u00a0<a href=\"https:\/\/www.aarquiteta.com.br\/blog\/o-que-e-arquitetura\/\">arquitetura<\/a>\u00a0e\u00a0<a href=\"https:\/\/www.aarquiteta.com.br\/blog\/decoracao\/\">Decora\u00e7\u00e3o<\/a>, ent\u00e3o confira alguns dos nossos artigos em:<\/p>\n<ul>\n<li><a href=\"https:\/\/www.aarquiteta.com.br\/blog\/paisagismo\/\" target=\"_blank\" rel=\"noopener\">Casa e Jardim<\/a><\/li>\n<li><a href=\"https:\/\/www.aarquiteta.com.br\/blog\/arquitetura\/mundo-arquitetura\/\" target=\"_blank\" rel=\"noopener\">Mundo Arquitetura<\/a><\/li>\n<li><a href=\"https:\/\/www.aarquiteta.com.br\/decoracao\/\" target=\"_blank\" rel=\"noopener\">Decora\u00e7\u00e3o\u00a0<\/a><\/li>\n<\/ul>\n<\/div>\n<\/div>\n<\/div>\n<\/div>\n<\/div>\n<\/div>\n<\/div>\n<\/div>\n<\/div>\n<\/div>\n<\/div>\n","protected":false},"excerpt":{"rendered":"<p>Descubra como transformar sua varanda pequena em um ref\u00fagio florido e agrad\u00e1vel, utilizando flores e elementos decorativos. Decorar uma varanda pequena com flores pode transformar um espa\u00e7o limitado em um verdadeiro jardim suspenso, cheio de vida e cor. Neste artigo, exploraremos dicas pr\u00e1ticas para aproveitar ao m\u00e1ximo seu espa\u00e7o, selecionar as plantas certas e criar [&hellip;]<\/p>\n","protected":false},"author":102,"featured_media":76899,"comment_status":"closed","ping_status":"closed","sticky":false,"template":"","format":"standard","meta":{"footnotes":""},"categories":[1484,18758],"tags":[26380,27603,2168,336,2022,1901,27604,476,3550,1412,415,8247,1445,27133,27602,4603],"class_list":["post-76852","post","type-post","status-publish","format-standard","has-post-thumbnail","category-decoracao","category-decoracao-de-varanda-terraco","tag-acessorios","tag-aromas","tag-cores","tag-decoracao","tag-espaco","tag-flores","tag-harmonia","tag-iluminacao","tag-jardim-suspenso","tag-mobiliario","tag-plantas","tag-pontos-focais","tag-texturas","tag-varanda-pequena","tag-varanda-pequena-com-flores","tag-vasos"],"_wp_attached_file":null,"_wp_attachment_metadata":null,"_wp_attachment_context":null,"_wp_attachment_is_custom_header":null,"geo_longitude":null,"geo_public":null,"geo_latitude":null,"_publicize_done_external":null,"_wpas_done_3897181":null,"publicize_twitter_user":null,"_wpas_done_3897175":null,"_wpas_skip_3897181":null,"_wpas_skip_3897175":null,"_wpas_skip_3924723":null,"_wpas_mess":null,"_wpas_done_3924723":null,"wps_subtitle":"Descubra como transformar sua varanda pequena em um ref\u00fagio florido e agrad\u00e1vel, utilizando flores e elementos decorativos.","_links":{"self":[{"href":"https:\/\/www.aarquiteta.com.br\/blog\/wp-json\/wp\/v2\/posts\/76852","targetHints":{"allow":["GET"]}}],"collection":[{"href":"https:\/\/www.aarquiteta.com.br\/blog\/wp-json\/wp\/v2\/posts"}],"about":[{"href":"https:\/\/www.aarquiteta.com.br\/blog\/wp-json\/wp\/v2\/types\/post"}],"author":[{"embeddable":true,"href":"https:\/\/www.aarquiteta.com.br\/blog\/wp-json\/wp\/v2\/users\/102"}],"replies":[{"embeddable":true,"href":"https:\/\/www.aarquiteta.com.br\/blog\/wp-json\/wp\/v2\/comments?post=76852"}],"version-history":[{"count":0,"href":"https:\/\/www.aarquiteta.com.br\/blog\/wp-json\/wp\/v2\/posts\/76852\/revisions"}],"wp:featuredmedia":[{"embeddable":true,"href":"https:\/\/www.aarquiteta.com.br\/blog\/wp-json\/wp\/v2\/media\/76899"}],"wp:attachment":[{"href":"https:\/\/www.aarquiteta.com.br\/blog\/wp-json\/wp\/v2\/media?parent=76852"}],"wp:term":[{"taxonomy":"category","embeddable":true,"href":"https:\/\/www.aarquiteta.com.br\/blog\/wp-json\/wp\/v2\/categories?post=76852"},{"taxonomy":"post_tag","embeddable":true,"href":"https:\/\/www.aarquiteta.com.br\/blog\/wp-json\/wp\/v2\/tags?post=76852"}],"curies":[{"name":"wp","href":"https:\/\/api.w.org\/{rel}","templated":true}]}}