{"id":76764,"date":"2023-03-20T17:00:58","date_gmt":"2023-03-20T20:00:58","guid":{"rendered":"http:\/\/aarquiteta.com.br\/?p=76764"},"modified":"2023-03-20T14:23:00","modified_gmt":"2023-03-20T17:23:00","slug":"dicas-sala-de-jantar-e-estar-integradas","status":"publish","type":"post","link":"https:\/\/www.aarquiteta.com.br\/blog\/dicas-sala-de-jantar-e-estar-integradas\/","title":{"rendered":"Dicas de decora\u00e7\u00e3o da sala de jantar e estar integradas pequenas"},"content":{"rendered":"<p>Se voc\u00ea tem uma casa ou apartamento com pouco espa\u00e7o, provavelmente j\u00e1 considerou a possibilidade de integrar a sala de jantar e estar em um \u00fanico ambiente. Essa \u00e9 uma solu\u00e7\u00e3o pr\u00e1tica e funcional para quem quer aproveitar melhor o espa\u00e7o dispon\u00edvel, mas n\u00e3o sabe como.<\/p>\n<p><img decoding=\"async\" class=\"alignnone wp-image-76947 size-full\" src=\"https:\/\/www.aarquiteta.com.br\/blog\/wp-content\/uploads\/2023\/03\/estarjantar2.jpg\" alt=\"\" width=\"695\" height=\"465\" title=\"\" srcset=\"https:\/\/www.aarquiteta.com.br\/blog\/wp-content\/uploads\/2023\/03\/estarjantar2.jpg 695w, https:\/\/www.aarquiteta.com.br\/blog\/wp-content\/uploads\/2023\/03\/estarjantar2-150x100.jpg 150w\" sizes=\"(max-width: 695px) 100vw, 695px\" \/><\/p>\n<p>A sala de jantar e estar integradas pequenas s\u00e3o um ambiente \u00fanico que mescla as fun\u00e7\u00f5es de sala de estar e sala de jantar. Geralmente, esses ambientes s\u00e3o utilizados para receber visitas, assistir TV, realizar refei\u00e7\u00f5es ou at\u00e9 mesmo trabalhar.<\/p>\n<h2>Sala de jantar e estar integradas pequenas: como decorar e otimizar o espa\u00e7o<\/h2>\n<p>Se voc\u00ea est\u00e1 considerando integrar a sala de jantar e estar em um \u00fanico ambiente, \u00e9 importante ter em mente que a decora\u00e7\u00e3o e organiza\u00e7\u00e3o do espa\u00e7o podem fazer toda a diferen\u00e7a.<\/p>\n<p><img decoding=\"async\" class=\"alignnone wp-image-76946 size-full\" title=\"Sala de jantar e estar integradas pequenas: como decorar e otimizar o espa\u00e7o\" src=\"https:\/\/www.aarquiteta.com.br\/blog\/wp-content\/uploads\/2023\/03\/estarjantar.jpg\" alt=\"\" width=\"692\" height=\"464\" srcset=\"https:\/\/www.aarquiteta.com.br\/blog\/wp-content\/uploads\/2023\/03\/estarjantar.jpg 692w, https:\/\/www.aarquiteta.com.br\/blog\/wp-content\/uploads\/2023\/03\/estarjantar-150x101.jpg 150w\" sizes=\"(max-width: 692px) 100vw, 692px\" \/><\/p>\n<p>Para ajudar, listamos algumas dicas e ideias para otimizar o espa\u00e7o e deixar o ambiente funcional e agrad\u00e1vel:<\/p>\n<h3>\u00a01 \u2014 Escolha m\u00f3veis vers\u00e1teis e funcionais:<\/h3>\n<p>Ao decorar uma sala de jantar e estar integradas pequenas, \u00e9 importante escolher m\u00f3veis que sejam vers\u00e1teis e funcionais, para aproveitar ao m\u00e1ximo o espa\u00e7o dispon\u00edvel e criar um ambiente confort\u00e1vel e acolhedor.<\/p>\n<p><img decoding=\"async\" class=\"alignnone wp-image-76948 size-full\" title=\"Escolha m\u00f3veis vers\u00e1teis e funcionais\" src=\"https:\/\/www.aarquiteta.com.br\/blog\/wp-content\/uploads\/2023\/03\/estarjantar3.jpg\" alt=\"\" width=\"695\" height=\"458\" srcset=\"https:\/\/www.aarquiteta.com.br\/blog\/wp-content\/uploads\/2023\/03\/estarjantar3.jpg 695w, https:\/\/www.aarquiteta.com.br\/blog\/wp-content\/uploads\/2023\/03\/estarjantar3-150x99.jpg 150w\" sizes=\"(max-width: 695px) 100vw, 695px\" \/><\/p>\n<p>Uma boa op\u00e7\u00e3o s\u00e3o os sof\u00e1s-cama, que podem ser utilizados tanto como um sof\u00e1 para a \u00e1rea da sala de estar, quanto como uma cama para acomodar visitas. As mesas retr\u00e1teis tamb\u00e9m s\u00e3o \u00f3timas op\u00e7\u00f5es para ambientes pequenos, pois podem ser expandidas quando necess\u00e1rio, para receber mais pessoas, e recolhidas quando n\u00e3o estiverem em uso.<\/p>\n<p>As cadeiras dobr\u00e1veis s\u00e3o outra op\u00e7\u00e3o interessante, pois podem ser facilmente guardadas em um arm\u00e1rio ou embaixo da mesa quando n\u00e3o estiverem sendo utilizadas. Al\u00e9m disso, \u00e9 poss\u00edvel encontrar modelos modernos e estilosos, que combinem com a decora\u00e7\u00e3o da sala de jantar e estar integradas.<\/p>\n<p><img decoding=\"async\" class=\"alignnone wp-image-76957 size-full\" title=\"Escolha m\u00f3veis vers\u00e1teis e funcionais\" src=\"https:\/\/www.aarquiteta.com.br\/blog\/wp-content\/uploads\/2023\/03\/estarjantar10.jpg\" alt=\"\" width=\"317\" height=\"472\" srcset=\"https:\/\/www.aarquiteta.com.br\/blog\/wp-content\/uploads\/2023\/03\/estarjantar10.jpg 317w, https:\/\/www.aarquiteta.com.br\/blog\/wp-content\/uploads\/2023\/03\/estarjantar10-150x223.jpg 150w\" sizes=\"(max-width: 317px) 100vw, 317px\" \/><\/p>\n<p>Outra op\u00e7\u00e3o \u00e9 utilizar bancos ou pufes que possam ser guardados embaixo da mesa de jantar quando n\u00e3o estiverem em uso. Esses m\u00f3veis ocupam pouco espa\u00e7o e ainda servem como assentos extras quando necess\u00e1rio.<\/p>\n<h3>2 \u2014 Utilize cores claras e ilumina\u00e7\u00e3o adequada:<\/h3>\n<p>Al\u00e9m de escolher m\u00f3veis vers\u00e1teis e funcionais, ao decorar uma sala de jantar e estar integradas pequenas \u00e9 importante considerar as cores e a ilumina\u00e7\u00e3o do ambiente.<\/p>\n<p><img decoding=\"async\" class=\"alignnone wp-image-76951 size-full\" title=\"Utilize cores claras e ilumina\u00e7\u00e3o adequada\" src=\"https:\/\/www.aarquiteta.com.br\/blog\/wp-content\/uploads\/2023\/03\/estarjantar6.jpg\" alt=\"\" width=\"695\" height=\"459\" srcset=\"https:\/\/www.aarquiteta.com.br\/blog\/wp-content\/uploads\/2023\/03\/estarjantar6.jpg 695w, https:\/\/www.aarquiteta.com.br\/blog\/wp-content\/uploads\/2023\/03\/estarjantar6-150x99.jpg 150w\" sizes=\"(max-width: 695px) 100vw, 695px\" \/><\/p>\n<p>Uma das dicas mais importantes \u00e9 utilizar cores claras nas paredes, nos m\u00f3veis e nos objetos decorativos. Isso ajuda a ampliar a sensa\u00e7\u00e3o de espa\u00e7o e deixa o ambiente mais agrad\u00e1vel e convidativo. Cores como branco, bege e cinza-claro s\u00e3o \u00f3timas op\u00e7\u00f5es para ambientes pequenos.<\/p>\n<p>Al\u00e9m disso, \u00e9 importante investir em uma ilumina\u00e7\u00e3o artificial adequada, utilizando lumin\u00e1rias e spots de luz que ajudem a criar um ambiente aconchegante e confort\u00e1vel. Uma op\u00e7\u00e3o interessante \u00e9 utilizar lumin\u00e1rias de ch\u00e3o ou de mesa, que ajudam a criar pontos de luz focados e aconchegantes.<\/p>\n<p><img decoding=\"async\" class=\"alignnone wp-image-76950 size-full\" src=\"https:\/\/www.aarquiteta.com.br\/blog\/wp-content\/uploads\/2023\/03\/estarjantar5.jpg\" alt=\"\" width=\"696\" height=\"233\" title=\"\" srcset=\"https:\/\/www.aarquiteta.com.br\/blog\/wp-content\/uploads\/2023\/03\/estarjantar5.jpg 696w, https:\/\/www.aarquiteta.com.br\/blog\/wp-content\/uploads\/2023\/03\/estarjantar5-150x50.jpg 150w\" sizes=\"(max-width: 696px) 100vw, 696px\" \/><\/p>\n<p>Ao decorar uma sala de jantar e estar integradas pequenas, \u00e9 importante lembrar que a ilumina\u00e7\u00e3o e as cores podem fazer toda a diferen\u00e7a na sensa\u00e7\u00e3o de espa\u00e7o e conforto do ambiente. Com cores claras e uma ilumina\u00e7\u00e3o adequada, \u00e9 poss\u00edvel criar um ambiente agrad\u00e1vel e convidativo, mesmo em um espa\u00e7o reduzido.<\/p>\n<h3>3 \u2014 Aposte em elementos decorativos que otimizem o espa\u00e7o:<\/h3>\n<p>Al\u00e9m dos m\u00f3veis vers\u00e1teis e das cores claras, os elementos decorativos tamb\u00e9m podem ajudar a otimizar o espa\u00e7o em uma sala de jantar e estar integradas pequenas.<\/p>\n<p><img decoding=\"async\" class=\"alignnone wp-image-76955 size-full\" title=\"Aposte em elementos decorativos que otimizem o espa\u00e7o\" src=\"https:\/\/www.aarquiteta.com.br\/blog\/wp-content\/uploads\/2023\/03\/estarjantar9.jpg\" alt=\"\" width=\"697\" height=\"466\" srcset=\"https:\/\/www.aarquiteta.com.br\/blog\/wp-content\/uploads\/2023\/03\/estarjantar9.jpg 697w, https:\/\/www.aarquiteta.com.br\/blog\/wp-content\/uploads\/2023\/03\/estarjantar9-150x100.jpg 150w\" sizes=\"(max-width: 697px) 100vw, 697px\" \/><\/p>\n<p>Confira algumas dicas:<\/p>\n<p><strong>Espelhos:<\/strong> Os espelhos s\u00e3o \u00f3timos aliados na decora\u00e7\u00e3o de ambientes pequenos, pois ajudam a criar a sensa\u00e7\u00e3o de amplitude e profundidade. Colocar um espelho na parede da sala pode ajudar a ampliar o espa\u00e7o visualmente e deixar o ambiente mais agrad\u00e1vel.<\/p>\n<p><strong>Quadros e objetos de parede:<\/strong> Para otimizar o espa\u00e7o na sala de jantar e estar integradas pequenas, uma op\u00e7\u00e3o \u00e9 utilizar quadros e objetos de parede. Al\u00e9m de serem uma op\u00e7\u00e3o decorativa interessante, eles n\u00e3o ocupam espa\u00e7o no ch\u00e3o ou em m\u00f3veis, deixando mais espa\u00e7o livre.<\/p>\n<p><img decoding=\"async\" class=\"alignnone wp-image-76952 size-full\" title=\"Aposte em elementos decorativos que otimizem o espa\u00e7o\" src=\"https:\/\/www.aarquiteta.com.br\/blog\/wp-content\/uploads\/2023\/03\/estarjantar7.jpg\" alt=\"\" width=\"310\" height=\"470\" srcset=\"https:\/\/www.aarquiteta.com.br\/blog\/wp-content\/uploads\/2023\/03\/estarjantar7.jpg 310w, https:\/\/www.aarquiteta.com.br\/blog\/wp-content\/uploads\/2023\/03\/estarjantar7-150x227.jpg 150w\" sizes=\"(max-width: 310px) 100vw, 310px\" \/><\/p>\n<p><strong>Plantas:<\/strong> As plantas s\u00e3o uma op\u00e7\u00e3o decorativa que ajuda a deixar o ambiente mais agrad\u00e1vel e acolhedor. Em uma sala de jantar e estar integradas pequenas, as plantas podem ser colocadas em prateleiras ou em vasos de ch\u00e3o, otimizando o espa\u00e7o.<\/p>\n<p><strong>Tapetes:<\/strong> Os tapetes podem ser uma \u00f3tima op\u00e7\u00e3o para delimitar a \u00e1rea da sala de jantar ou de estar, criando uma divis\u00e3o visual entre os espa\u00e7os. Al\u00e9m disso, um tapete bem escolhido pode ser uma op\u00e7\u00e3o decorativa interessante e ajudar a criar uma sensa\u00e7\u00e3o de conforto e aconchego.<\/p>\n<p><strong>Prateleiras:<\/strong> As prateleiras s\u00e3o uma op\u00e7\u00e3o interessante para aproveitar o espa\u00e7o vertical da sala de jantar e estar integradas pequenas. Elas podem ser utilizadas para guardar objetos decorativos, livros, plantas e outros itens, deixando mais espa\u00e7o livre no ch\u00e3o.<\/p>\n<p><img decoding=\"async\" class=\"alignnone wp-image-76954 size-full\" title=\"Aposte em elementos decorativos que otimizem o espa\u00e7o\" src=\"https:\/\/www.aarquiteta.com.br\/blog\/wp-content\/uploads\/2023\/03\/estarjantar8.jpg\" alt=\"\" width=\"710\" height=\"460\" srcset=\"https:\/\/www.aarquiteta.com.br\/blog\/wp-content\/uploads\/2023\/03\/estarjantar8.jpg 710w, https:\/\/www.aarquiteta.com.br\/blog\/wp-content\/uploads\/2023\/03\/estarjantar8-696x451.jpg 696w, https:\/\/www.aarquiteta.com.br\/blog\/wp-content\/uploads\/2023\/03\/estarjantar8-150x97.jpg 150w\" sizes=\"(max-width: 710px) 100vw, 710px\" \/><\/p>\n<h3>4 \u2014 Use tapetes para delimitar espa\u00e7os:<\/h3>\n<p>Uma dica interessante para decorar e delimitar os espa\u00e7os em uma sala de jantar e estar integradas pequenas \u00e9 o uso de tapetes. Os tapetes ajudam a criar uma divis\u00e3o visual entre os espa\u00e7os, al\u00e9m de trazerem conforto e aconchego ao ambiente.<\/p>\n<p>Na hora de escolher o tapete, \u00e9 importante considerar o tamanho da sala e a disposi\u00e7\u00e3o dos m\u00f3veis. Um tapete muito grande pode sobrecarregar o ambiente, enquanto um tapete muito pequeno pode n\u00e3o ter o efeito desejado na delimita\u00e7\u00e3o dos espa\u00e7os.<\/p>\n<p><img decoding=\"async\" class=\"alignnone wp-image-76958 size-full\" title=\"Use tapetes para delimitar espa\u00e7os\" src=\"https:\/\/www.aarquiteta.com.br\/blog\/wp-content\/uploads\/2023\/03\/estarjantar11.jpg\" alt=\"\" width=\"705\" height=\"460\" srcset=\"https:\/\/www.aarquiteta.com.br\/blog\/wp-content\/uploads\/2023\/03\/estarjantar11.jpg 705w, https:\/\/www.aarquiteta.com.br\/blog\/wp-content\/uploads\/2023\/03\/estarjantar11-696x454.jpg 696w, https:\/\/www.aarquiteta.com.br\/blog\/wp-content\/uploads\/2023\/03\/estarjantar11-150x98.jpg 150w\" sizes=\"(max-width: 705px) 100vw, 705px\" \/><\/p>\n<p>Uma op\u00e7\u00e3o interessante \u00e9 utilizar tapetes de cores neutras e padr\u00f5es simples, que combinem com a decora\u00e7\u00e3o da sala. Se a sala j\u00e1 tem muitos elementos decorativos, como almofadas coloridas ou quadros, \u00e9 melhor optar por um tapete mais discreto. Por outro lado, se a sala tem uma decora\u00e7\u00e3o mais minimalista, um tapete estampado pode ser uma op\u00e7\u00e3o interessante para dar destaque ao ambiente.<\/p>\n<p>Outra dica \u00e9 considerar a textura do tapete. Em uma sala de jantar e estar integradas pequenas, onde as pessoas podem circular pelo espa\u00e7o, \u00e9 importante escolher um tapete que seja f\u00e1cil de limpar e que n\u00e3o escorregue. Tapetes com textura baixa e antiderrapante s\u00e3o uma boa op\u00e7\u00e3o para evitar acidentes.<\/p>\n<p><img decoding=\"async\" class=\"alignnone wp-image-76959 size-full\" title=\"Use tapetes para delimitar espa\u00e7os\" src=\"https:\/\/www.aarquiteta.com.br\/blog\/wp-content\/uploads\/2023\/03\/estarjantar12.jpg\" alt=\"\" width=\"697\" height=\"458\" srcset=\"https:\/\/www.aarquiteta.com.br\/blog\/wp-content\/uploads\/2023\/03\/estarjantar12.jpg 697w, https:\/\/www.aarquiteta.com.br\/blog\/wp-content\/uploads\/2023\/03\/estarjantar12-150x99.jpg 150w\" sizes=\"(max-width: 697px) 100vw, 697px\" \/><\/p>\n<p>Em resumo, os tapetes s\u00e3o uma op\u00e7\u00e3o interessante para delimitar e decorar os espa\u00e7os em uma sala de jantar e estar integradas pequenas. Com algumas dicas simples, \u00e9 poss\u00edvel escolher o tapete ideal e criar um ambiente aconchegante e confort\u00e1vel.<\/p>\n<h3>5 \u2014 Invista em espelhos para ampliar o ambiente:<\/h3>\n<p>Os espelhos s\u00e3o excelentes recursos para ampliar a sensa\u00e7\u00e3o de espa\u00e7o em ambientes pequenos, como as salas de jantar e estar integradas pequenas. Al\u00e9m de serem objetos decorativos, eles ajudam a criar uma ilus\u00e3o de profundidade, tornando o ambiente mais agrad\u00e1vel e convidativo.<\/p>\n<p><img decoding=\"async\" class=\"alignnone wp-image-76949 size-full\" title=\"Invista em espelhos para ampliar o ambiente\" src=\"https:\/\/www.aarquiteta.com.br\/blog\/wp-content\/uploads\/2023\/03\/estarjantar4.jpg\" alt=\"\" width=\"695\" height=\"471\" srcset=\"https:\/\/www.aarquiteta.com.br\/blog\/wp-content\/uploads\/2023\/03\/estarjantar4.jpg 695w, https:\/\/www.aarquiteta.com.br\/blog\/wp-content\/uploads\/2023\/03\/estarjantar4-150x102.jpg 150w\" sizes=\"(max-width: 695px) 100vw, 695px\" \/><\/p>\n<p>Uma dica importante \u00e9 posicionar os espelhos em locais estrat\u00e9gicos, para refletir a luz natural e os pontos focais da sala, como as janelas, a \u00e1rea da TV ou a mesa de jantar. Isso ajuda a ampliar o espa\u00e7o visualmente e a criar um ambiente mais harmonioso.<\/p>\n<p>Os espelhos podem ser usados de diversas formas na decora\u00e7\u00e3o da sala de jantar e estar integradas pequenas. Uma op\u00e7\u00e3o \u00e9 instalar um espelho grande na parede oposta \u00e0 janela, para refletir a luz natural e criar a sensa\u00e7\u00e3o de amplitude. Outra op\u00e7\u00e3o \u00e9 usar pequenos espelhos em molduras decorativas, colocando-os em pontos estrat\u00e9gicos da sala.<\/p>\n<p><img decoding=\"async\" class=\"alignnone wp-image-76971 size-full\" title=\"Invista em espelhos para ampliar o ambiente\" src=\"https:\/\/www.aarquiteta.com.br\/blog\/wp-content\/uploads\/2023\/03\/estarjantar13.jpg\" alt=\"\" width=\"308\" height=\"466\" srcset=\"https:\/\/www.aarquiteta.com.br\/blog\/wp-content\/uploads\/2023\/03\/estarjantar13.jpg 308w, https:\/\/www.aarquiteta.com.br\/blog\/wp-content\/uploads\/2023\/03\/estarjantar13-150x227.jpg 150w\" sizes=\"(max-width: 308px) 100vw, 308px\" \/><\/p>\n<p>Em resumo, os espelhos s\u00e3o uma op\u00e7\u00e3o interessante para ampliar a sensa\u00e7\u00e3o de espa\u00e7o em salas de jantar e estar integradas pequenas. Com algumas dicas simples, \u00e9 poss\u00edvel escolher o espelho ideal e criar um ambiente mais agrad\u00e1vel e convidativo.<\/p>\n<h2>E a\u00ed, gostou do artigo sobre Dicas de decora\u00e7\u00e3o da sala de jantar e estar integradas pequenas?<\/h2>\n<p>Ent\u00e3o deslize a tela para baixo e<a href=\"https:\/\/br.pinterest.com\/aarquitetapinterest\/_created\/\" target=\"_blank\" rel=\"noopener\"> confira mais dicas<\/a> como esta e n\u00e3o se esque\u00e7a de compartilhar com os amigos!<\/p>\n<p>Quer mais dicas sobre o mundo da Arquitetura e Decora\u00e7\u00e3o, ent\u00e3o confira alguns dos nossos artigos em:<\/p>\n<ul>\n<li><a href=\"https:\/\/www.aarquiteta.com.br\/blog\/paisagismo\/\" target=\"_blank\" rel=\"noopener\">Casa e Jardim<\/a><\/li>\n<li><a href=\"https:\/\/www.aarquiteta.com.br\/blog\/arquitetura\/mundo-arquitetura\/\" target=\"_blank\" rel=\"noopener\">Mundo Arquitetura<\/a><\/li>\n<li><a href=\"https:\/\/www.aarquiteta.com.br\/decoracao\/\" target=\"_blank\" rel=\"noopener\">Decora\u00e7\u00e3o<br \/>\n<\/a><\/li>\n<\/ul>\n<p>&nbsp;<\/p>\n","protected":false},"excerpt":{"rendered":"<p>Se voc\u00ea tem uma casa ou apartamento com pouco espa\u00e7o, provavelmente j\u00e1 considerou a possibilidade de integrar a sala de jantar e estar em um \u00fanico ambiente. Essa \u00e9 uma solu\u00e7\u00e3o pr\u00e1tica e funcional para quem quer aproveitar melhor o espa\u00e7o dispon\u00edvel, mas n\u00e3o sabe como. A sala de jantar e estar integradas pequenas s\u00e3o [&hellip;]<\/p>\n","protected":false},"author":102,"featured_media":76974,"comment_status":"closed","ping_status":"closed","sticky":false,"template":"","format":"standard","meta":{"footnotes":""},"categories":[1484,18751,18752],"tags":[27660,27659,27654,27656,27655,27657,27658],"class_list":["post-76764","post","type-post","status-publish","format-standard","has-post-thumbnail","category-decoracao","category-decoracao-sala-de-estar","category-decoracao-sala-de-jantar","tag-decoracao-de-sala-de-jantar-e-estar-pequenas","tag-jantar-e-estar-integradas-pequenas","tag-sala-de-estar-e-jantar-integradas","tag-sala-de-estar-e-jantar-integradas-com-iluminacao","tag-sala-de-jantar-e-estar-com-moveis-funcionais","tag-sala-de-jantar-e-estar-juntas","tag-salas-integradas-pequenas"],"_wp_attached_file":null,"_wp_attachment_metadata":null,"_wp_attachment_context":null,"_wp_attachment_is_custom_header":null,"geo_longitude":null,"geo_public":null,"geo_latitude":null,"_publicize_done_external":null,"_wpas_done_3897181":null,"publicize_twitter_user":null,"_wpas_done_3897175":null,"_wpas_skip_3897181":null,"_wpas_skip_3897175":null,"_wpas_skip_3924723":null,"_wpas_mess":null,"_wpas_done_3924723":null,"wps_subtitle":"Como decorar uma sala de jantar e estar integradas pequenas: dicas pr\u00e1ticas e criativas","_links":{"self":[{"href":"https:\/\/www.aarquiteta.com.br\/blog\/wp-json\/wp\/v2\/posts\/76764","targetHints":{"allow":["GET"]}}],"collection":[{"href":"https:\/\/www.aarquiteta.com.br\/blog\/wp-json\/wp\/v2\/posts"}],"about":[{"href":"https:\/\/www.aarquiteta.com.br\/blog\/wp-json\/wp\/v2\/types\/post"}],"author":[{"embeddable":true,"href":"https:\/\/www.aarquiteta.com.br\/blog\/wp-json\/wp\/v2\/users\/102"}],"replies":[{"embeddable":true,"href":"https:\/\/www.aarquiteta.com.br\/blog\/wp-json\/wp\/v2\/comments?post=76764"}],"version-history":[{"count":0,"href":"https:\/\/www.aarquiteta.com.br\/blog\/wp-json\/wp\/v2\/posts\/76764\/revisions"}],"wp:featuredmedia":[{"embeddable":true,"href":"https:\/\/www.aarquiteta.com.br\/blog\/wp-json\/wp\/v2\/media\/76974"}],"wp:attachment":[{"href":"https:\/\/www.aarquiteta.com.br\/blog\/wp-json\/wp\/v2\/media?parent=76764"}],"wp:term":[{"taxonomy":"category","embeddable":true,"href":"https:\/\/www.aarquiteta.com.br\/blog\/wp-json\/wp\/v2\/categories?post=76764"},{"taxonomy":"post_tag","embeddable":true,"href":"https:\/\/www.aarquiteta.com.br\/blog\/wp-json\/wp\/v2\/tags?post=76764"}],"curies":[{"name":"wp","href":"https:\/\/api.w.org\/{rel}","templated":true}]}}