{"id":76629,"date":"2023-03-15T06:00:31","date_gmt":"2023-03-15T09:00:31","guid":{"rendered":"http:\/\/aarquiteta.com.br\/?p=76629"},"modified":"2023-07-18T13:10:08","modified_gmt":"2023-07-18T16:10:08","slug":"decoracao-com-baloes","status":"publish","type":"post","link":"https:\/\/www.aarquiteta.com.br\/blog\/decoracao-com-baloes\/","title":{"rendered":"Decora\u00e7\u00e3o com Bal\u00f5es: como usa-lo para transformar seus eventos."},"content":{"rendered":"<div class=\"group w-full text-gray-800 dark:text-gray-100 border-b border-black\/10 dark:border-gray-900\/50 bg-gray-50 dark:bg-[#444654]\">\n<div class=\"text-base gap-4 md:gap-6 md:max-w-2xl lg:max-w-2xl xl:max-w-3xl p-4 md:py-6 flex lg:px-0 m-auto\">\n<div class=\"relative flex w-[calc(100%-50px)] flex-col gap-1 md:gap-3 lg:w-[calc(100%-115px)]\">\n<div class=\"flex flex-grow flex-col gap-3\">\n<div class=\"min-h-[20px] flex flex-col items-start gap-4 whitespace-pre-wrap\">\n<div class=\"markdown prose w-full break-words dark:prose-invert dark\">\n<p>A decora\u00e7\u00e3o com bal\u00f5es \u00e9 uma forma vers\u00e1til e econ\u00f4mica de transformar qualquer evento em algo especial e \u00fanico.<\/p>\n<p>Os bal\u00f5es podem ser usados em uma variedade de formas, desde simples arranjos at\u00e9 estruturas complexas, para criar uma atmosfera divertida e memor\u00e1vel. Neste artigo, exploraremos as diferentes maneiras de usar a decora\u00e7\u00e3o com bal\u00f5es para transformar seus eventos.<\/p>\n<h2>O que \u00e9 a Decora\u00e7\u00e3o Com Bal\u00f5es?<\/h2>\n<p>A decora\u00e7\u00e3o com bal\u00f5es \u00e9 uma t\u00e9cnica decorativa que envolve a cria\u00e7\u00e3o de arranjos e estruturas usando bal\u00f5es. Essa t\u00e9cnica pode ser usada em diferentes tipos de eventos, como festas de anivers\u00e1rio, casamentos, eventos corporativos, inaugura\u00e7\u00f5es de lojas, entre outros.<\/p>\n<p>A decora\u00e7\u00e3o com bal\u00f5es pode ser usada de diferentes maneiras, desde a cria\u00e7\u00e3o de arcos de bal\u00f5es at\u00e9 a cria\u00e7\u00e3o de esculturas complexas. Os bal\u00f5es podem ser personalizados para se adequar \u00e0 tem\u00e1tica do evento, com cores, formas e tamanhos variados.<\/p>\n<h2>Benef\u00edcios da Decora\u00e7\u00e3o Com Bal\u00f5es<\/h2>\n<figure id=\"attachment_76673\" aria-describedby=\"caption-attachment-76673\" style=\"width: 1792px\" class=\"wp-caption alignnone\"><img decoding=\"async\" class=\"wp-image-76673 size-full\" title=\"decora\u00e7\u00e3o com baloes\" src=\"https:\/\/www.aarquiteta.com.br\/blog\/wp-content\/uploads\/2023\/03\/decoracao-com-baloes-1.png\" alt=\"decora\u00e7\u00e3o com baloes\" width=\"1792\" height=\"1024\" srcset=\"https:\/\/www.aarquiteta.com.br\/blog\/wp-content\/uploads\/2023\/03\/decoracao-com-baloes-1.png 1792w, https:\/\/www.aarquiteta.com.br\/blog\/wp-content\/uploads\/2023\/03\/decoracao-com-baloes-1-1024x585.png 1024w, https:\/\/www.aarquiteta.com.br\/blog\/wp-content\/uploads\/2023\/03\/decoracao-com-baloes-1-696x398.png 696w, https:\/\/www.aarquiteta.com.br\/blog\/wp-content\/uploads\/2023\/03\/decoracao-com-baloes-1-150x86.png 150w\" sizes=\"(max-width: 1792px) 100vw, 1792px\" \/><figcaption id=\"caption-attachment-76673\" class=\"wp-caption-text\">decora\u00e7\u00e3o com baloes. Ideia por AA<\/figcaption><\/figure>\n<p>A decora\u00e7\u00e3o com bal\u00f5es \u00e9 uma op\u00e7\u00e3o vers\u00e1til e econ\u00f4mica para a decora\u00e7\u00e3o de eventos. Aqui est\u00e3o alguns dos principais benef\u00edcios dessa t\u00e9cnica:<\/p>\n<h3>Versatilidade:<\/h3>\n<p>Os bal\u00f5es podem ser usados de diferentes maneiras para criar diferentes atmosferas e efeitos decorativos. Desde arcos simples at\u00e9 esculturas complexas, h\u00e1 uma grande variedade de op\u00e7\u00f5es dispon\u00edveis.<\/p>\n<h3>Economia:<\/h3>\n<p>A decora\u00e7\u00e3o com bal\u00f5es \u00e9 uma op\u00e7\u00e3o econ\u00f4mica em compara\u00e7\u00e3o com outras op\u00e7\u00f5es de decora\u00e7\u00e3o. Os bal\u00f5es s\u00e3o relativamente baratos e podem ser usados para criar uma grande variedade de efeitos decorativos.<\/p>\n<h3>Personaliza\u00e7\u00e3o:<\/h3>\n<p>Os bal\u00f5es podem ser personalizados para se adequar \u00e0 tem\u00e1tica do evento. Eles est\u00e3o dispon\u00edveis em uma grande variedade de cores, formas e tamanhos, o que permite criar uma decora\u00e7\u00e3o personalizada para o evento.<\/p>\n<h3>Impacto visual:<\/h3>\n<p>A decora\u00e7\u00e3o com bal\u00f5es \u00e9 uma t\u00e9cnica que pode ter um grande impacto visual. Os bal\u00f5es podem ser usados para criar uma atmosfera divertida e alegre, que pode ser muito impactante em eventos.<\/p>\n<h2>Como Usar a Decora\u00e7\u00e3o Com Bal\u00f5es Para Transformar Seus Eventos<\/h2>\n<figure id=\"attachment_76675\" aria-describedby=\"caption-attachment-76675\" style=\"width: 1792px\" class=\"wp-caption alignnone\"><img decoding=\"async\" class=\"wp-image-76675 size-full\" title=\"decora\u00e7\u00e3o com baloes\" src=\"https:\/\/www.aarquiteta.com.br\/blog\/wp-content\/uploads\/2023\/03\/decoracao-com-baloes-3.png\" alt=\"decora\u00e7\u00e3o com baloes\" width=\"1792\" height=\"1024\" srcset=\"https:\/\/www.aarquiteta.com.br\/blog\/wp-content\/uploads\/2023\/03\/decoracao-com-baloes-3.png 1792w, https:\/\/www.aarquiteta.com.br\/blog\/wp-content\/uploads\/2023\/03\/decoracao-com-baloes-3-1024x585.png 1024w, https:\/\/www.aarquiteta.com.br\/blog\/wp-content\/uploads\/2023\/03\/decoracao-com-baloes-3-696x398.png 696w, https:\/\/www.aarquiteta.com.br\/blog\/wp-content\/uploads\/2023\/03\/decoracao-com-baloes-3-150x86.png 150w\" sizes=\"(max-width: 1792px) 100vw, 1792px\" \/><figcaption id=\"caption-attachment-76675\" class=\"wp-caption-text\">decora\u00e7\u00e3o com baloes. Ideia por AA<\/figcaption><\/figure>\n<p>Aqui est\u00e3o algumas das principais maneiras de usar a decora\u00e7\u00e3o com bal\u00f5es para transformar seus eventos:<\/p>\n<ol>\n<li>\n<h3>Arcos de Bal\u00f5es<\/h3>\n<\/li>\n<\/ol>\n<p>Os arcos de bal\u00f5es s\u00e3o uma das maneiras mais populares de usar a decora\u00e7\u00e3o com bal\u00f5es. Eles podem ser usados para marcar a entrada do evento, criar um fundo para fotos ou destacar uma \u00e1rea espec\u00edfica.<\/p>\n<p>Os arcos podem ser feitos com diferentes formas e cores de bal\u00f5es para se adequar \u00e0 tem\u00e1tica do evento.<\/p>\n<ol start=\"2\">\n<li>\n<h3>Colunas de Bal\u00f5es<\/h3>\n<\/li>\n<\/ol>\n<p>As colunas de bal\u00f5es s\u00e3o outra op\u00e7\u00e3o popular para a decora\u00e7\u00e3o com bal\u00f5es. Elas podem ser usadas para criar uma atmosfera elegante e sofisticada ou uma atmosfera divertida e alegre. As colunas podem ser criadas com diferentes formas e cores de bal\u00f5es, dependendo da tem\u00e1tica do evento.<\/p>\n<\/div>\n<\/div>\n<\/div>\n<\/div>\n<\/div>\n<\/div>\n<div class=\"group w-full text-gray-800 dark:text-gray-100 border-b border-black\/10 dark:border-gray-900\/50 bg-gray-50 dark:bg-[#444654]\">\n<div class=\"text-base gap-4 md:gap-6 md:max-w-2xl lg:max-w-2xl xl:max-w-3xl p-4 md:py-6 flex lg:px-0 m-auto\">\n<div class=\"relative flex w-[calc(100%-50px)] flex-col gap-1 md:gap-3 lg:w-[calc(100%-115px)]\">\n<div class=\"flex flex-grow flex-col gap-3\">\n<div class=\"min-h-[20px] flex flex-col items-start gap-4 whitespace-pre-wrap\">\n<div class=\"markdown prose w-full break-words dark:prose-invert dark\">\n<ol start=\"3\">\n<li>\n<h3>Esculturas de Bal\u00f5es<\/h3>\n<\/li>\n<\/ol>\n<p>As esculturas de bal\u00f5es s\u00e3o uma op\u00e7\u00e3o mais complexa de decora\u00e7\u00e3o com bal\u00f5es, mas podem ser usadas para criar um impacto visual incr\u00edvel em eventos. Elas podem ser usadas para criar personagens, animais, cen\u00e1rios e muito mais.<\/p>\n<p>As esculturas podem ser personalizadas para se adequar \u00e0 tem\u00e1tica do evento e s\u00e3o uma op\u00e7\u00e3o ideal para eventos infantis.<\/p>\n<ol start=\"4\">\n<li>\n<h3>Bal\u00f5es com Mensagem<\/h3>\n<\/li>\n<\/ol>\n<p>Os bal\u00f5es com mensagem s\u00e3o uma op\u00e7\u00e3o criativa e personalizada para a decora\u00e7\u00e3o com bal\u00f5es. Eles podem ser usados para transmitir uma mensagem especial, como um nome, uma frase ou uma data importante.<\/p>\n<p>Os bal\u00f5es com mensagem podem ser usados como decora\u00e7\u00e3o central ou como complemento de outras op\u00e7\u00f5es de decora\u00e7\u00e3o com bal\u00f5es.<\/p>\n<ol start=\"5\">\n<li>\n<h3>Bal\u00f5es Metalizados<\/h3>\n<\/li>\n<\/ol>\n<p>Os bal\u00f5es metalizados s\u00e3o uma op\u00e7\u00e3o elegante e sofisticada para a decora\u00e7\u00e3o com bal\u00f5es. Eles est\u00e3o dispon\u00edveis em uma grande variedade de cores e formas e s\u00e3o ideais para eventos corporativos, casamentos e festas de anivers\u00e1rio mais elegantes.<\/p>\n<p>Os bal\u00f5es metalizados podem ser usados como decora\u00e7\u00e3o central ou como complemento de outras op\u00e7\u00f5es de decora\u00e7\u00e3o com bal\u00f5es.<\/p>\n<h2>Dicas Para Usar a Decora\u00e7\u00e3o Com Bal\u00f5es.<\/h2>\n<figure id=\"attachment_76674\" aria-describedby=\"caption-attachment-76674\" style=\"width: 1792px\" class=\"wp-caption alignnone\"><img decoding=\"async\" class=\"wp-image-76674 size-full\" title=\"decora\u00e7\u00e3o com baloes\" src=\"https:\/\/www.aarquiteta.com.br\/blog\/wp-content\/uploads\/2023\/03\/decoracao-com-baloes-2.png\" alt=\"decora\u00e7\u00e3o com baloes\" width=\"1792\" height=\"1024\" srcset=\"https:\/\/www.aarquiteta.com.br\/blog\/wp-content\/uploads\/2023\/03\/decoracao-com-baloes-2.png 1792w, https:\/\/www.aarquiteta.com.br\/blog\/wp-content\/uploads\/2023\/03\/decoracao-com-baloes-2-1024x585.png 1024w, https:\/\/www.aarquiteta.com.br\/blog\/wp-content\/uploads\/2023\/03\/decoracao-com-baloes-2-696x398.png 696w, https:\/\/www.aarquiteta.com.br\/blog\/wp-content\/uploads\/2023\/03\/decoracao-com-baloes-2-150x86.png 150w\" sizes=\"(max-width: 1792px) 100vw, 1792px\" \/><figcaption id=\"caption-attachment-76674\" class=\"wp-caption-text\">decora\u00e7\u00e3o com baloes. Ideia por AA<\/figcaption><\/figure>\n<p>Aqui est\u00e3o algumas dicas para usar a decora\u00e7\u00e3o com bal\u00f5es eficazmente em seus eventos:<\/p>\n<ol>\n<li>\n<h3>Escolha a Tem\u00e1tica do Evento.<\/h3>\n<\/li>\n<\/ol>\n<p>Antes de come\u00e7ar a trabalhar na decora\u00e7\u00e3o com bal\u00f5es, \u00e9 importante escolher a tem\u00e1tica do evento. A escolha da tem\u00e1tica determinar\u00e1 as cores, formas e estilos dos bal\u00f5es que ser\u00e3o usados na decora\u00e7\u00e3o.<\/p>\n<ol start=\"2\">\n<li>\n<h3>Escolha as Cores com Cuidado.<\/h3>\n<\/li>\n<\/ol>\n<p>A escolha das cores dos bal\u00f5es \u00e9 fundamental para o sucesso da decora\u00e7\u00e3o com bal\u00f5es. As cores devem ser escolhidas para complementar a tem\u00e1tica do evento e criar um efeito visual impactante.<\/p>\n<ol start=\"3\">\n<li>\n<h3>Use os Bal\u00f5es de Forma Estrat\u00e9gica.<\/h3>\n<\/li>\n<\/ol>\n<p>A decora\u00e7\u00e3o com bal\u00f5es pode ser usada de diferentes formas para criar diferentes efeitos. \u00c9 importante usar os bal\u00f5es de forma estrat\u00e9gica para criar o efeito desejado. Por exemplo, os arcos de bal\u00f5es podem ser usados para marcar a entrada do evento, enquanto as esculturas de bal\u00f5es podem ser usadas para criar um cen\u00e1rio espec\u00edfico.<\/p>\n<ol start=\"4\">\n<li>\n<h3>Combine a Decora\u00e7\u00e3o Com Bal\u00f5es Com Outros Elementos.<\/h3>\n<\/li>\n<\/ol>\n<p>A decora\u00e7\u00e3o com bal\u00f5es pode ser combinada com outros elementos de decora\u00e7\u00e3o, como flores, tecidos e luzes. Essa combina\u00e7\u00e3o pode criar um efeito visual ainda mais impactante e personalizado.<\/p>\n<h2>Conclus\u00e3o<\/h2>\n<figure id=\"attachment_76672\" aria-describedby=\"caption-attachment-76672\" style=\"width: 1792px\" class=\"wp-caption alignnone\"><img decoding=\"async\" class=\"wp-image-76672 size-full\" title=\"decora\u00e7\u00e3o com baloes\" src=\"https:\/\/www.aarquiteta.com.br\/blog\/wp-content\/uploads\/2023\/03\/decoracao-com-baloes.png\" alt=\"decora\u00e7\u00e3o com baloes\" width=\"1792\" height=\"1024\" srcset=\"https:\/\/www.aarquiteta.com.br\/blog\/wp-content\/uploads\/2023\/03\/decoracao-com-baloes.png 1792w, https:\/\/www.aarquiteta.com.br\/blog\/wp-content\/uploads\/2023\/03\/decoracao-com-baloes-1024x585.png 1024w, https:\/\/www.aarquiteta.com.br\/blog\/wp-content\/uploads\/2023\/03\/decoracao-com-baloes-696x398.png 696w, https:\/\/www.aarquiteta.com.br\/blog\/wp-content\/uploads\/2023\/03\/decoracao-com-baloes-150x86.png 150w\" sizes=\"(max-width: 1792px) 100vw, 1792px\" \/><figcaption id=\"caption-attachment-76672\" class=\"wp-caption-text\">decora\u00e7\u00e3o com baloes.Ideia por AA<\/figcaption><\/figure>\n<p>A decora\u00e7\u00e3o com bal\u00f5es \u00e9 uma t\u00e9cnica vers\u00e1til e econ\u00f4mica que pode ser usada para transformar qualquer evento em algo especial e \u00fanico.<\/p>\n<p>Os bal\u00f5es podem ser usados de diferentes maneiras para criar diferentes efeitos decorativos e personalizados.<\/p>\n<p>\u00c9 importante escolher a tem\u00e1tica do evento, as cores dos bal\u00f5es e usar os bal\u00f5es de forma estrat\u00e9gica para criar o efeito desejado.<\/p>\n<p>A decora\u00e7\u00e3o com bal\u00f5es tamb\u00e9m pode ser combinada com outros elementos de decora\u00e7\u00e3o para criar um efeito ainda mais impactante e personalizado.<\/p>\n<p><strong>Espero que este artigo tenha ajudado voc\u00ea!<\/strong><\/p>\n<p>Ent\u00e3o deslize a tela para baixo e<a href=\"https:\/\/br.pinterest.com\/aarquitetapinterest\/_created\/\" target=\"_blank\" rel=\"noopener\">\u00a0confira mais dicas<\/a>\u00a0como esta e n\u00e3o se esque\u00e7a de compartilhar com os amigos!<\/p>\n<p>Quer mais dicas sobre o mundo da\u00a0<a href=\"https:\/\/www.aarquiteta.com.br\/blog\/o-que-e-arquitetura\/\">arquitetura<\/a>\u00a0e\u00a0<a href=\"https:\/\/www.aarquiteta.com.br\/blog\/decoracao\/\">Decora\u00e7\u00e3o<\/a>, ent\u00e3o confira alguns dos nossos artigos em:<\/p>\n<ul>\n<li><a href=\"https:\/\/www.aarquiteta.com.br\/blog\/paisagismo\/\" target=\"_blank\" rel=\"noopener\">Casa e Jardim<\/a><\/li>\n<li><a href=\"https:\/\/www.aarquiteta.com.br\/blog\/arquitetura\/mundo-arquitetura\/\" target=\"_blank\" rel=\"noopener\">Mundo Arquitetura<\/a><\/li>\n<li><a href=\"https:\/\/www.aarquiteta.com.br\/decoracao\/\" target=\"_blank\" rel=\"noopener\">Decora\u00e7\u00e3o\u00a0<\/a><\/li>\n<\/ul>\n<\/div>\n<\/div>\n<\/div>\n<\/div>\n<\/div>\n<\/div>\n","protected":false},"excerpt":{"rendered":"<p>A decora\u00e7\u00e3o com bal\u00f5es \u00e9 uma forma vers\u00e1til e econ\u00f4mica de transformar qualquer evento em algo especial e \u00fanico. Os bal\u00f5es podem ser usados em uma variedade de formas, desde simples arranjos at\u00e9 estruturas complexas, para criar uma atmosfera divertida e memor\u00e1vel. Neste artigo, exploraremos as diferentes maneiras de usar a decora\u00e7\u00e3o com bal\u00f5es para [&hellip;]<\/p>\n","protected":false},"author":102,"featured_media":76677,"comment_status":"closed","ping_status":"closed","sticky":false,"template":"","format":"standard","meta":{"footnotes":""},"categories":[1484],"tags":[27466,27475,27465,27478,27472,27474,27477,27468,27469,27471,27464,27473,27479,27476,27467,27470],"class_list":["post-76629","post","type-post","status-publish","format-standard","has-post-thumbnail","category-decoracao","tag-arco-de-baloes","tag-baloes-com-mensagem","tag-baloes-decorativos","tag-baloes-em-forma-de-letras","tag-baloes-metalizados","tag-baloes-para-eventos-corporativos","tag-baloes-para-festa-de-aniversario","tag-baloes-para-festas","tag-baloes-personalizados","tag-baloes-tematicos","tag-decoracao-com-baloes","tag-decoracao-com-baloes-para-casamento","tag-decoracao-com-baloes-para-eventos","tag-decoracao-com-baloes-para-festa-infantil","tag-decoracao-de-festa-com-baloes","tag-esculturas-de-baloes"],"_wp_attached_file":null,"_wp_attachment_metadata":null,"_wp_attachment_context":null,"_wp_attachment_is_custom_header":null,"geo_longitude":null,"geo_public":null,"geo_latitude":null,"_publicize_done_external":null,"_wpas_done_3897181":null,"publicize_twitter_user":null,"_wpas_done_3897175":null,"_wpas_skip_3897181":null,"_wpas_skip_3897175":null,"_wpas_skip_3924723":null,"_wpas_mess":null,"_wpas_done_3924723":null,"wps_subtitle":"","_links":{"self":[{"href":"https:\/\/www.aarquiteta.com.br\/blog\/wp-json\/wp\/v2\/posts\/76629","targetHints":{"allow":["GET"]}}],"collection":[{"href":"https:\/\/www.aarquiteta.com.br\/blog\/wp-json\/wp\/v2\/posts"}],"about":[{"href":"https:\/\/www.aarquiteta.com.br\/blog\/wp-json\/wp\/v2\/types\/post"}],"author":[{"embeddable":true,"href":"https:\/\/www.aarquiteta.com.br\/blog\/wp-json\/wp\/v2\/users\/102"}],"replies":[{"embeddable":true,"href":"https:\/\/www.aarquiteta.com.br\/blog\/wp-json\/wp\/v2\/comments?post=76629"}],"version-history":[{"count":0,"href":"https:\/\/www.aarquiteta.com.br\/blog\/wp-json\/wp\/v2\/posts\/76629\/revisions"}],"wp:featuredmedia":[{"embeddable":true,"href":"https:\/\/www.aarquiteta.com.br\/blog\/wp-json\/wp\/v2\/media\/76677"}],"wp:attachment":[{"href":"https:\/\/www.aarquiteta.com.br\/blog\/wp-json\/wp\/v2\/media?parent=76629"}],"wp:term":[{"taxonomy":"category","embeddable":true,"href":"https:\/\/www.aarquiteta.com.br\/blog\/wp-json\/wp\/v2\/categories?post=76629"},{"taxonomy":"post_tag","embeddable":true,"href":"https:\/\/www.aarquiteta.com.br\/blog\/wp-json\/wp\/v2\/tags?post=76629"}],"curies":[{"name":"wp","href":"https:\/\/api.w.org\/{rel}","templated":true}]}}