{"id":76612,"date":"2023-03-13T21:00:49","date_gmt":"2023-03-14T00:00:49","guid":{"rendered":"http:\/\/aarquiteta.com.br\/?p=76612"},"modified":"2023-07-18T13:10:13","modified_gmt":"2023-07-18T16:10:13","slug":"varanda-pequena","status":"publish","type":"post","link":"https:\/\/www.aarquiteta.com.br\/blog\/varanda-pequena\/","title":{"rendered":"Como transformar uma varanda pequena em um ambiente aconchegante."},"content":{"rendered":"<div class=\"group w-full text-gray-800 dark:text-gray-100 border-b border-black\/10 dark:border-gray-900\/50 bg-gray-50 dark:bg-[#444654]\">\n<div class=\"text-base gap-4 md:gap-6 md:max-w-2xl lg:max-w-2xl xl:max-w-3xl p-4 md:py-6 flex lg:px-0 m-auto\">\n<div class=\"relative flex w-[calc(100%-50px)] flex-col gap-1 md:gap-3 lg:w-[calc(100%-115px)]\">\n<div class=\"flex flex-grow flex-col gap-3\">\n<div class=\"min-h-[20px] flex flex-col items-start gap-4 whitespace-pre-wrap\">\n<div class=\"markdown prose w-full break-words dark:prose-invert dark\">\n<p>Voc\u00ea tem uma varanda pequena e n\u00e3o sabe como aproveit\u00e1-la ao m\u00e1ximo? N\u00e3o se preocupe, existem muitas maneiras de transformar esse espa\u00e7o em um ambiente acolhedor e convidativo. Neste artigo, vamos compartilhar algumas dicas valiosas para ajud\u00e1-lo a criar a varanda dos seus sonhos.<\/p>\n<h2>Defina o prop\u00f3sito da sua varanda.<\/h2>\n<p>Antes de come\u00e7ar a decorar sua varanda, \u00e9 importante definir o prop\u00f3sito dela. Voc\u00ea deseja um espa\u00e7o para relaxar, receber amigos e familiares ou apenas um espa\u00e7o para ler um livro?<\/p>\n<p>Essa defini\u00e7\u00e3o ajudar\u00e1 voc\u00ea a escolher o mobili\u00e1rio e os elementos decorativos adequados para o espa\u00e7o.<\/p>\n<h2>Escolha o mobili\u00e1rio certo<\/h2>\n<figure id=\"attachment_76618\" aria-describedby=\"caption-attachment-76618\" style=\"width: 640px\" class=\"wp-caption alignnone\"><img decoding=\"async\" class=\"size-full wp-image-76618\" src=\"https:\/\/www.aarquiteta.com.br\/blog\/wp-content\/uploads\/2023\/03\/Ideias-Diferentes-on-Instagram_-Ideia-para-varanda-pequena-do-escritorio-9-arquitetura-de-Belo-Horizonte_-\ud83d\udcf8-Rhyana-ideiasdiferentes-\u2022-Confiram-tambem-o-perfil\u2026.jpg\" alt=\"decora\u00e7\u00e3o varanda pequena\" width=\"640\" height=\"800\" title=\"\" srcset=\"https:\/\/www.aarquiteta.com.br\/blog\/wp-content\/uploads\/2023\/03\/Ideias-Diferentes-on-Instagram_-Ideia-para-varanda-pequena-do-escritorio-9-arquitetura-de-Belo-Horizonte_-\ud83d\udcf8-Rhyana-ideiasdiferentes-\u2022-Confiram-tambem-o-perfil\u2026.jpg 640w, https:\/\/www.aarquiteta.com.br\/blog\/wp-content\/uploads\/2023\/03\/Ideias-Diferentes-on-Instagram_-Ideia-para-varanda-pequena-do-escritorio-9-arquitetura-de-Belo-Horizonte_-\ud83d\udcf8-Rhyana-ideiasdiferentes-\u2022-Confiram-tambem-o-perfil\u2026-150x188.jpg 150w\" sizes=\"(max-width: 640px) 100vw, 640px\" \/><figcaption id=\"caption-attachment-76618\" class=\"wp-caption-text\">Decora\u00e7\u00e3o varanda pequena. Fonte: Escritorio 9 Arquitetura BH<\/figcaption><\/figure>\n<p>Com uma varanda pequena, \u00e9 importante escolher mobili\u00e1rio que seja proporcional ao espa\u00e7o dispon\u00edvel.<\/p>\n<p>Considere pe\u00e7as multifuncionais, como um banco que tamb\u00e9m pode ser usado como espa\u00e7o de armazenamento, ou uma mesa que possa ser dobrada quando n\u00e3o estiver em uso. Opte por mobili\u00e1rio de cores claras para dar uma sensa\u00e7\u00e3o de espa\u00e7o.<\/p>\n<h2>Adicione plantas<\/h2>\n<p>As plantas s\u00e3o uma excelente maneira de adicionar cor e vida a uma varanda pequena. Voc\u00ea pode usar plantas suspensas para economizar espa\u00e7o ou optar por plantas de m\u00e9dio porte em vasos.<\/p>\n<p>Certifique-se de escolher plantas que se adaptem bem \u00e0 luz e \u00e0s condi\u00e7\u00f5es clim\u00e1ticas da sua varanda.<\/p>\n<h2>Crie um ambiente acolhedor com ilumina\u00e7\u00e3o.<\/h2>\n<p>A ilumina\u00e7\u00e3o adequada pode transformar uma varanda pequena em um espa\u00e7o aconchegante e convidativo. Considere adicionar luzes de corda para criar uma atmosfera suave \u00e0 noite ou adicionar lumin\u00e1rias de ch\u00e3o para iluminar as \u00e1reas escuras.<\/p>\n<h2>Use cores claras e estampas.<\/h2>\n<figure id=\"attachment_76619\" aria-describedby=\"caption-attachment-76619\" style=\"width: 1080px\" class=\"wp-caption alignnone\"><img decoding=\"async\" class=\"size-full wp-image-76619\" src=\"https:\/\/www.aarquiteta.com.br\/blog\/wp-content\/uploads\/2023\/03\/65-ideias-de-varandas-pequenas-que-sao-muito-aconchegantes.jpg\" alt=\"decora\u00e7\u00e3o varanda pequena\" width=\"1080\" height=\"1350\" title=\"\" srcset=\"https:\/\/www.aarquiteta.com.br\/blog\/wp-content\/uploads\/2023\/03\/65-ideias-de-varandas-pequenas-que-sao-muito-aconchegantes.jpg 1080w, https:\/\/www.aarquiteta.com.br\/blog\/wp-content\/uploads\/2023\/03\/65-ideias-de-varandas-pequenas-que-sao-muito-aconchegantes-1024x1280.jpg 1024w, https:\/\/www.aarquiteta.com.br\/blog\/wp-content\/uploads\/2023\/03\/65-ideias-de-varandas-pequenas-que-sao-muito-aconchegantes-696x870.jpg 696w, https:\/\/www.aarquiteta.com.br\/blog\/wp-content\/uploads\/2023\/03\/65-ideias-de-varandas-pequenas-que-sao-muito-aconchegantes-150x188.jpg 150w\" sizes=\"(max-width: 1080px) 100vw, 1080px\" \/><figcaption id=\"caption-attachment-76619\" class=\"wp-caption-text\">Decora\u00e7\u00e3o varanda pequena. Fonte: tuacasa.com<\/figcaption><\/figure>\n<p>As cores claras ajudam a expandir o espa\u00e7o, tornando-o visualmente maior. Considere usar branco, bege ou tons past\u00e9is para as paredes e m\u00f3veis. Al\u00e9m disso, as estampas podem adicionar um toque de personalidade e interesse visual.<\/p>\n<p>Opte por estampas suaves e padr\u00f5es geom\u00e9tricos simples para evitar sobrecarregar o espa\u00e7o.<\/p>\n<h2>Adicione almofadas e mantas<\/h2>\n<p>As almofadas e mantas s\u00e3o uma excelente maneira de adicionar conforto e estilo \u00e0 sua varanda. Opte por almofadas e mantas de tecidos dur\u00e1veis e f\u00e1ceis de limpar.<\/p>\n<p>Considere cores e padr\u00f5es que combinem com a sua decora\u00e7\u00e3o geral.<\/p>\n<h2>Crie um espa\u00e7o para armazenamento.<\/h2>\n<p>Com uma varanda pequena, \u00e9 importante maximizar o espa\u00e7o dispon\u00edvel. Considere adicionar prateleiras de parede ou arm\u00e1rios de ch\u00e3o para armazenar itens como plantas, livros e decora\u00e7\u00f5es.<\/p>\n<h2>Adicione um tapete<\/h2>\n<p>Um tapete pode unir todos os elementos da sua varanda e adicionar um toque de conforto. Certifique-se de escolher um tapete resistente \u00e0s intemp\u00e9ries, f\u00e1cil de limpar, que complemente o estilo geral da sua varanda.<\/p>\n<\/div>\n<\/div>\n<\/div>\n<\/div>\n<\/div>\n<\/div>\n<div class=\"group w-full text-gray-800 dark:text-gray-100 border-b border-black\/10 dark:border-gray-900\/50 bg-gray-50 dark:bg-[#444654]\">\n<div class=\"text-base gap-4 md:gap-6 md:max-w-2xl lg:max-w-2xl xl:max-w-3xl p-4 md:py-6 flex lg:px-0 m-auto\">\n<div class=\"relative flex w-[calc(100%-50px)] flex-col gap-1 md:gap-3 lg:w-[calc(100%-115px)]\">\n<div class=\"flex flex-grow flex-col gap-3\">\n<div class=\"min-h-[20px] flex flex-col items-start gap-4 whitespace-pre-wrap\">\n<div class=\"markdown prose w-full break-words dark:prose-invert dark\">\n<h2>Personalize com decora\u00e7\u00e3o<\/h2>\n<figure id=\"attachment_76620\" aria-describedby=\"caption-attachment-76620\" style=\"width: 730px\" class=\"wp-caption alignnone\"><img decoding=\"async\" class=\"wp-image-76620 size-full\" title=\"Decora\u00e7\u00e3o varanda pequena. Fonte: tuacasa.com\" src=\"https:\/\/www.aarquiteta.com.br\/blog\/wp-content\/uploads\/2023\/03\/decoracao-varanda-pequena-2.webp\" alt=\"Decora\u00e7\u00e3o varanda pequena. Fonte: tuacasa.com\" width=\"730\" height=\"913\" srcset=\"https:\/\/www.aarquiteta.com.br\/blog\/wp-content\/uploads\/2023\/03\/decoracao-varanda-pequena-2.webp 730w, https:\/\/www.aarquiteta.com.br\/blog\/wp-content\/uploads\/2023\/03\/decoracao-varanda-pequena-2-696x870.webp 696w, https:\/\/www.aarquiteta.com.br\/blog\/wp-content\/uploads\/2023\/03\/decoracao-varanda-pequena-2-150x188.webp 150w\" sizes=\"(max-width: 730px) 100vw, 730px\" \/><figcaption id=\"caption-attachment-76620\" class=\"wp-caption-text\">Decora\u00e7\u00e3o varanda pequena. Fonte: tuacasa.com<\/figcaption><\/figure>\n<p>A decora\u00e7\u00e3o \u00e9 uma das partes mais divertidas e importantes transformar uma varanda pequena em um ambiente aconchegante. Adicione detalhes que reflitam sua personalidade e estilo.<\/p>\n<p>Por exemplo, pendure fotos ou obras de arte nas paredes, adicione um espelho para refletir a luz e dar a sensa\u00e7\u00e3o de espa\u00e7o, ou coloque velas perfumadas para criar uma atmosfera relaxante.<\/p>\n<h2>Crie uma zona de jantar.<\/h2>\n<p>Se sua varanda for grande o suficiente, crie uma zona de jantar. Adicione uma mesa e cadeiras confort\u00e1veis para desfrutar de refei\u00e7\u00f5es ao ar livre. Opte por uma mesa dobr\u00e1vel se a varanda for pequena, assim voc\u00ea pode economizar espa\u00e7o quando n\u00e3o estiver em uso.<\/p>\n<h2>Mantenha a varanda organizada<\/h2>\n<p>Uma varanda pequena pode ficar rapidamente desorganizada. Certifique-se de manter o espa\u00e7o organizado e arrumado. Use cestas e caixas para armazenar itens pequenos e opte por m\u00f3veis com espa\u00e7o de armazenamento adicional.<\/p>\n<h2>Adicione privacidade<\/h2>\n<p>Se sua varanda estiver exposta \u00e0 vista dos vizinhos ou da rua, adicione alguma privacidade. Use cortinas, persianas ou telas para criar um espa\u00e7o mais \u00edntimo e acolhedor.<\/p>\n<h2>Conclus\u00e3o<\/h2>\n<figure id=\"attachment_76621\" aria-describedby=\"caption-attachment-76621\" style=\"width: 730px\" class=\"wp-caption alignnone\"><img decoding=\"async\" class=\"wp-image-76621 size-full\" title=\"Decora\u00e7\u00e3o varanda pequena. Fonte: tuacasa.com\" src=\"https:\/\/www.aarquiteta.com.br\/blog\/wp-content\/uploads\/2023\/03\/decoracao-varanda-pequena.webp\" alt=\"decora\u00e7\u00e3o varanda pequena\" width=\"730\" height=\"913\" srcset=\"https:\/\/www.aarquiteta.com.br\/blog\/wp-content\/uploads\/2023\/03\/decoracao-varanda-pequena.webp 730w, https:\/\/www.aarquiteta.com.br\/blog\/wp-content\/uploads\/2023\/03\/decoracao-varanda-pequena-696x870.webp 696w, https:\/\/www.aarquiteta.com.br\/blog\/wp-content\/uploads\/2023\/03\/decoracao-varanda-pequena-150x188.webp 150w\" sizes=\"(max-width: 730px) 100vw, 730px\" \/><figcaption id=\"caption-attachment-76621\" class=\"wp-caption-text\">Decora\u00e7\u00e3o varanda pequena. Fonte: tuacasa.com<\/figcaption><\/figure>\n<p>Transformar uma varanda pequena em um ambiente aconchegante n\u00e3o precisa ser dif\u00edcil. Com as dicas certas, voc\u00ea pode criar um espa\u00e7o que seja confort\u00e1vel, acolhedor e convidativo.<\/p>\n<p>Lembre-se de escolher o mobili\u00e1rio certo, adicionar plantas, ilumina\u00e7\u00e3o adequada e manter o espa\u00e7o organizado.<\/p>\n<p>Personalize com decora\u00e7\u00e3o e crie uma zona de jantar, se poss\u00edvel. Com um pouco de criatividade, voc\u00ea pode transformar sua varanda pequena em um espa\u00e7o incr\u00edvel para relaxar e desfrutar da vida ao ar livre.<\/p>\n<h2>Perguntas frequentes<\/h2>\n<h3>Como escolher o mobili\u00e1rio certo para minha varanda pequena?<\/h3>\n<p>Opte por m\u00f3veis proporcionais ao espa\u00e7o, como um banco com espa\u00e7o de armazenamento ou uma mesa dobr\u00e1vel. Escolha cores claras para dar uma sensa\u00e7\u00e3o de espa\u00e7o.<\/p>\n<h3>Como adicionar privacidade \u00e0 minha varanda?<\/h3>\n<p>Use cortinas, persianas ou telas para criar um espa\u00e7o mais \u00edntimo e acolhedor.<\/p>\n<h3>O que devo considerar ao escolher plantas para minha varanda?<\/h3>\n<p>Escolha plantas que se adaptem bem \u00e0 luz e \u00e0s condi\u00e7\u00f5es clim\u00e1ticas da sua varanda.<\/p>\n<h3>Como manter minha varanda organizada?<\/h3>\n<p>Use cestas e caixas para armazenar itens pequenos e opte por m\u00f3veis com espa\u00e7o de armazenamento adicional.<\/p>\n<h3>Como adicionar conforto \u00e0 minha varanda?<\/h3>\n<p>Adicione almofadas e mantas de tecidos dur\u00e1veis e f\u00e1ceis de limpar. Considere cores e padr\u00f5es que combinem com a sua decora\u00e7\u00e3o geral.<\/p>\n<p><strong>Espero que este artigo tenha ajudado voc\u00ea!<\/strong><\/p>\n<p>Ent\u00e3o deslize a tela para baixo e<a href=\"https:\/\/br.pinterest.com\/aarquitetapinterest\/_created\/\" target=\"_blank\" rel=\"noopener\">\u00a0confira mais dicas<\/a>\u00a0como esta e n\u00e3o se esque\u00e7a de compartilhar com os amigos!<\/p>\n<p>Quer mais dicas sobre o mundo da\u00a0<a href=\"https:\/\/www.aarquiteta.com.br\/blog\/o-que-e-arquitetura\/\">arquitetura<\/a>\u00a0e\u00a0<a href=\"https:\/\/www.aarquiteta.com.br\/blog\/decoracao\/\">Decora\u00e7\u00e3o<\/a>, ent\u00e3o confira alguns dos nossos artigos em:<\/p>\n<ul>\n<li><a href=\"https:\/\/www.aarquiteta.com.br\/blog\/paisagismo\/\" target=\"_blank\" rel=\"noopener\">Casa e Jardim<\/a><\/li>\n<li><a href=\"https:\/\/www.aarquiteta.com.br\/blog\/arquitetura\/mundo-arquitetura\/\" target=\"_blank\" rel=\"noopener\">Mundo Arquitetura<\/a><\/li>\n<li><a href=\"https:\/\/www.aarquiteta.com.br\/decoracao\/\" target=\"_blank\" rel=\"noopener\">Decora\u00e7\u00e3o\u00a0<\/a><\/li>\n<\/ul>\n<\/div>\n<\/div>\n<\/div>\n<\/div>\n<\/div>\n<\/div>\n","protected":false},"excerpt":{"rendered":"<p>Voc\u00ea tem uma varanda pequena e n\u00e3o sabe como aproveit\u00e1-la ao m\u00e1ximo? N\u00e3o se preocupe, existem muitas maneiras de transformar esse espa\u00e7o em um ambiente acolhedor e convidativo. Neste artigo, vamos compartilhar algumas dicas valiosas para ajud\u00e1-lo a criar a varanda dos seus sonhos. Defina o prop\u00f3sito da sua varanda. Antes de come\u00e7ar a decorar [&hellip;]<\/p>\n","protected":false},"author":102,"featured_media":76617,"comment_status":"closed","ping_status":"closed","sticky":false,"template":"","format":"standard","meta":{"footnotes":""},"categories":[1484,18758],"tags":[27441,6398,336,2023,1973,27438,27436,2579,13435,6402,27437,27226,27439,27133,27440],"class_list":["post-76612","post","type-post","status-publish","format-standard","has-post-thumbnail","category-decoracao","category-decoracao-de-varanda-terraco","tag-atmosfera-relaxante","tag-cortinas","tag-decoracao","tag-espelho","tag-fotos","tag-iluminacao-adequada","tag-mobiliario-proporcional","tag-organizacao","tag-persianas","tag-personalizacao","tag-plantas-adaptadas","tag-privacidade","tag-telas","tag-varanda-pequena","tag-zona-de-jantar"],"_wp_attached_file":null,"_wp_attachment_metadata":null,"_wp_attachment_context":null,"_wp_attachment_is_custom_header":null,"geo_longitude":null,"geo_public":null,"geo_latitude":null,"_publicize_done_external":null,"_wpas_done_3897181":null,"publicize_twitter_user":null,"_wpas_done_3897175":null,"_wpas_skip_3897181":null,"_wpas_skip_3897175":null,"_wpas_skip_3924723":null,"_wpas_mess":null,"_wpas_done_3924723":null,"wps_subtitle":"","_links":{"self":[{"href":"https:\/\/www.aarquiteta.com.br\/blog\/wp-json\/wp\/v2\/posts\/76612","targetHints":{"allow":["GET"]}}],"collection":[{"href":"https:\/\/www.aarquiteta.com.br\/blog\/wp-json\/wp\/v2\/posts"}],"about":[{"href":"https:\/\/www.aarquiteta.com.br\/blog\/wp-json\/wp\/v2\/types\/post"}],"author":[{"embeddable":true,"href":"https:\/\/www.aarquiteta.com.br\/blog\/wp-json\/wp\/v2\/users\/102"}],"replies":[{"embeddable":true,"href":"https:\/\/www.aarquiteta.com.br\/blog\/wp-json\/wp\/v2\/comments?post=76612"}],"version-history":[{"count":0,"href":"https:\/\/www.aarquiteta.com.br\/blog\/wp-json\/wp\/v2\/posts\/76612\/revisions"}],"wp:featuredmedia":[{"embeddable":true,"href":"https:\/\/www.aarquiteta.com.br\/blog\/wp-json\/wp\/v2\/media\/76617"}],"wp:attachment":[{"href":"https:\/\/www.aarquiteta.com.br\/blog\/wp-json\/wp\/v2\/media?parent=76612"}],"wp:term":[{"taxonomy":"category","embeddable":true,"href":"https:\/\/www.aarquiteta.com.br\/blog\/wp-json\/wp\/v2\/categories?post=76612"},{"taxonomy":"post_tag","embeddable":true,"href":"https:\/\/www.aarquiteta.com.br\/blog\/wp-json\/wp\/v2\/tags?post=76612"}],"curies":[{"name":"wp","href":"https:\/\/api.w.org\/{rel}","templated":true}]}}