{"id":76388,"date":"2023-03-10T06:05:11","date_gmt":"2023-03-10T09:05:11","guid":{"rendered":"http:\/\/aarquiteta.com.br\/?p=76388"},"modified":"2023-03-09T09:53:15","modified_gmt":"2023-03-09T12:53:15","slug":"beneficios-do-portico-para-a-arquitetura","status":"publish","type":"post","link":"https:\/\/www.aarquiteta.com.br\/blog\/beneficios-do-portico-para-a-arquitetura\/","title":{"rendered":"Descubra a Hist\u00f3ria e os Benef\u00edcios do P\u00f3rtico para a Arquitetura"},"content":{"rendered":"<p>O p\u00f3rtico \u00e9 uma estrutura arquitet\u00f4nica que remonta aos tempos antigos, mas ainda \u00e9 utilizado at\u00e9 hoje em projetos modernos.<\/p>\n<p>Seu nome vem do latim &#8220;porticus&#8221;, que significa passagem coberta ou galeria. Essa estrutura \u00e9 caracterizada por duas ou mais colunas que sustentam uma cobertura horizontal e pode ser encontrada em edif\u00edcios religiosos, governamentais e residenciais.<\/p>\n<p>Neste artigo, exploremos a hist\u00f3ria do p\u00f3rtico, seus benef\u00edcios para a arquitetura e como ele pode ser aplicado em projetos contempor\u00e2neos.<\/p>\n<h2>Hist\u00f3ria do P\u00f3rtico:<\/h2>\n<figure id=\"attachment_76398\" aria-describedby=\"caption-attachment-76398\" style=\"width: 1792px\" class=\"wp-caption alignnone\"><img decoding=\"async\" class=\"size-full wp-image-76398\" src=\"https:\/\/www.aarquiteta.com.br\/blog\/wp-content\/uploads\/2023\/03\/portico-classico.png\" alt=\"portico moderno\" width=\"1792\" height=\"1024\" title=\"\" srcset=\"https:\/\/www.aarquiteta.com.br\/blog\/wp-content\/uploads\/2023\/03\/portico-classico.png 1792w, https:\/\/www.aarquiteta.com.br\/blog\/wp-content\/uploads\/2023\/03\/portico-classico-1024x585.png 1024w, https:\/\/www.aarquiteta.com.br\/blog\/wp-content\/uploads\/2023\/03\/portico-classico-696x398.png 696w, https:\/\/www.aarquiteta.com.br\/blog\/wp-content\/uploads\/2023\/03\/portico-classico-150x86.png 150w\" sizes=\"(max-width: 1792px) 100vw, 1792px\" \/><figcaption id=\"caption-attachment-76398\" class=\"wp-caption-text\">portico cl\u00e1ssico<\/figcaption><\/figure>\n<p>O p\u00f3rtico remonta aos tempos antigos, utilizado em diversas culturas ao redor do mundo. Na Gr\u00e9cia Antiga, os p\u00f3rticos eram comuns em templos e eram utilizados como \u00e1reas de descanso e prote\u00e7\u00e3o contra o sol.<\/p>\n<p>J\u00e1 na Roma Antiga, os p\u00f3rticos eram utilizados em f\u00f3runs, mercados e em resid\u00eancias de fam\u00edlias nobres.<\/p>\n<p>Na arquitetura bizantina, os p\u00f3rticos eram utilizados em igrejas e mosteiros e tinham como fun\u00e7\u00e3o proteger os fi\u00e9is do sol e da chuva.<\/p>\n<p>J\u00e1 na arquitetura isl\u00e2mica, os p\u00f3rticos eram comuns em mesquitas e eram utilizados para separar a \u00e1rea externa da \u00e1rea sagrada.<\/p>\n<h2>Benef\u00edcios do P\u00f3rtico para a Arquitetura:<\/h2>\n<figure id=\"attachment_76392\" aria-describedby=\"caption-attachment-76392\" style=\"width: 1024px\" class=\"wp-caption alignnone\"><img decoding=\"async\" class=\"size-full wp-image-76392\" src=\"https:\/\/www.aarquiteta.com.br\/blog\/wp-content\/uploads\/2023\/03\/portico-minimalista.png\" alt=\"portico minimalista\" width=\"1024\" height=\"1792\" title=\"\" srcset=\"https:\/\/www.aarquiteta.com.br\/blog\/wp-content\/uploads\/2023\/03\/portico-minimalista.png 1024w, https:\/\/www.aarquiteta.com.br\/blog\/wp-content\/uploads\/2023\/03\/portico-minimalista-585x1024.png 585w, https:\/\/www.aarquiteta.com.br\/blog\/wp-content\/uploads\/2023\/03\/portico-minimalista-696x1218.png 696w, https:\/\/www.aarquiteta.com.br\/blog\/wp-content\/uploads\/2023\/03\/portico-minimalista-150x263.png 150w\" sizes=\"(max-width: 1024px) 100vw, 1024px\" \/><figcaption id=\"caption-attachment-76392\" class=\"wp-caption-text\">p\u00f3rtico minimalista<\/figcaption><\/figure>\n<p>O p\u00f3rtico \u00e9 uma estrutura que traz diversos benef\u00edcios para a arquitetura, entre eles:<\/p>\n<p>Prote\u00e7\u00e3o contra as intemp\u00e9ries: o p\u00f3rtico protege contra o sol, a chuva e outras intemp\u00e9ries, tornando-se uma estrutura fundamental em regi\u00f5es de clima inst\u00e1vel.<\/p>\n<p><strong>Valor est\u00e9tico:<\/strong> o p\u00f3rtico \u00e9 uma estrutura que adiciona valor est\u00e9tico ao projeto arquitet\u00f4nico, tornando-se um elemento diferenciador e de destaque.<\/p>\n<p><strong>Espa\u00e7o de conviv\u00eancia:<\/strong> o p\u00f3rtico pode ser utilizado como espa\u00e7o de conviv\u00eancia, seja em uma resid\u00eancia ou em um espa\u00e7o p\u00fablico, permitindo que as pessoas desfrutem do ambiente externo sem se expor \u00e0s intemp\u00e9ries.<\/p>\n<h2>Aplica\u00e7\u00f5es do P\u00f3rtico em Projetos Contempor\u00e2neos:<\/h2>\n<figure id=\"attachment_76397\" aria-describedby=\"caption-attachment-76397\" style=\"width: 1792px\" class=\"wp-caption alignnone\"><img decoding=\"async\" class=\"size-full wp-image-76397\" src=\"https:\/\/www.aarquiteta.com.br\/blog\/wp-content\/uploads\/2023\/03\/portico-oriental.png\" alt=\"portico oriental\" width=\"1792\" height=\"1024\" title=\"\" srcset=\"https:\/\/www.aarquiteta.com.br\/blog\/wp-content\/uploads\/2023\/03\/portico-oriental.png 1792w, https:\/\/www.aarquiteta.com.br\/blog\/wp-content\/uploads\/2023\/03\/portico-oriental-1024x585.png 1024w, https:\/\/www.aarquiteta.com.br\/blog\/wp-content\/uploads\/2023\/03\/portico-oriental-696x398.png 696w, https:\/\/www.aarquiteta.com.br\/blog\/wp-content\/uploads\/2023\/03\/portico-oriental-150x86.png 150w\" sizes=\"(max-width: 1792px) 100vw, 1792px\" \/><figcaption id=\"caption-attachment-76397\" class=\"wp-caption-text\">p\u00f3rtico oriental<\/figcaption><\/figure>\n<p>O p\u00f3rtico ainda \u00e9 utilizado em projetos contempor\u00e2neos e pode ser aplicado de diversas formas. Confira algumas aplica\u00e7\u00f5es:<\/p>\n<p>Na entrada de resid\u00eancias: o p\u00f3rtico pode ser utilizado como entrada de uma resid\u00eancia, oferecendo prote\u00e7\u00e3o contra as intemp\u00e9ries e valorizando o projeto arquitet\u00f4nico.<\/p>\n<p>Em espa\u00e7os p\u00fablicos: o p\u00f3rtico pode ser utilizado em pra\u00e7as e parques, oferecendo um espa\u00e7o de conviv\u00eancia protegido e valorizando o ambiente.<\/p>\n<p>Em edif\u00edcios corporativos: o p\u00f3rtico pode ser utilizado em edif\u00edcios corporativos como um espa\u00e7o de espera e de acesso protegido aos visitantes e funcion\u00e1rios.<\/p>\n<p>Em edif\u00edcios religiosos: o p\u00f3rtico ainda \u00e9 utilizado em edif\u00edcios religiosos, como igrejas e catedrais, oferecendo um espa\u00e7o de transi\u00e7\u00e3o entre o mundo exterior e o sagrado.<br \/>\nFAQs sobre o P\u00f3rtico:<\/p>\n<h3>O p\u00f3rtico \u00e9 uma estrutura segura?<\/h3>\n<p>Sim, o p\u00f3rtico \u00e9 uma estrutura segura quando projetada e constru\u00edda conforme as normas t\u00e9cnicas e de seguran\u00e7a.<\/p>\n<h3>O p\u00f3rtico pode ser feito de diferentes materiais?<\/h3>\n<p>Sim, o p\u00f3rtico pode ser feito de diferentes materiais, como concreto, pedra, madeira, entre outros.<\/p>\n<h3>O p\u00f3rtico \u00e9 uma estrutura cara?<\/h3>\n<p>O custo do p\u00f3rtico pode variar conforme o tamanho, material e complexidade do projeto. Por\u00e9m, \u00e9 poss\u00edvel encontrar op\u00e7\u00f5es com valores acess\u00edveis.<\/p>\n<h2>Dicas de uso do p\u00f3rtico:<\/h2>\n<figure id=\"attachment_76393\" aria-describedby=\"caption-attachment-76393\" style=\"width: 1792px\" class=\"wp-caption alignnone\"><img decoding=\"async\" class=\"size-full wp-image-76393\" src=\"https:\/\/www.aarquiteta.com.br\/blog\/wp-content\/uploads\/2023\/03\/portico-moderno-2.png\" alt=\"portico moderno\" width=\"1792\" height=\"1024\" title=\"\" srcset=\"https:\/\/www.aarquiteta.com.br\/blog\/wp-content\/uploads\/2023\/03\/portico-moderno-2.png 1792w, https:\/\/www.aarquiteta.com.br\/blog\/wp-content\/uploads\/2023\/03\/portico-moderno-2-1024x585.png 1024w, https:\/\/www.aarquiteta.com.br\/blog\/wp-content\/uploads\/2023\/03\/portico-moderno-2-696x398.png 696w, https:\/\/www.aarquiteta.com.br\/blog\/wp-content\/uploads\/2023\/03\/portico-moderno-2-150x86.png 150w\" sizes=\"(max-width: 1792px) 100vw, 1792px\" \/><figcaption id=\"caption-attachment-76393\" class=\"wp-caption-text\">portico moderno<\/figcaption><\/figure>\n<ol start=\"5\">\n<li><strong>Em escolas e universidades:<\/strong> o p\u00f3rtico pode ser utilizado em escolas e universidades como uma \u00e1rea de transi\u00e7\u00e3o entre a rua e o campus, proporcionando um espa\u00e7o de conviv\u00eancia para estudantes, professores e visitantes.<\/li>\n<li><strong>Em centros culturais<\/strong>: o p\u00f3rtico pode ser usado em centros culturais como uma \u00e1rea de exposi\u00e7\u00e3o ou apresenta\u00e7\u00e3o de obras de arte, ou eventos culturais.<\/li>\n<li><strong>Em parques e jardins:<\/strong> o p\u00f3rtico pode ser utilizado em parques e jardins como uma estrutura para abrigar bancos, mesas e outros elementos que promovam o lazer e o conv\u00edvio social.<\/li>\n<li><strong>Em shoppings e centros comerciais:<\/strong> o p\u00f3rtico pode ser usado em shoppings e centros comerciais como uma estrutura para abrigar lojas, restaurantes e outros estabelecimentos, oferecendo prote\u00e7\u00e3o e conforto para os visitantes.<\/li>\n<li><strong>Em projetos de paisagismo:<\/strong> o p\u00f3rtico pode ser utilizado em projetos de paisagismo como uma estrutura para integrar a arquitetura e a natureza, criando um espa\u00e7o harmonioso e agrad\u00e1vel.<\/li>\n<\/ol>\n<h3>Conclus\u00e3o:<\/h3>\n<figure id=\"attachment_76396\" aria-describedby=\"caption-attachment-76396\" style=\"width: 1792px\" class=\"wp-caption alignnone\"><img decoding=\"async\" class=\"size-full wp-image-76396\" src=\"https:\/\/www.aarquiteta.com.br\/blog\/wp-content\/uploads\/2023\/03\/portico-concepcao-artistica.png\" alt=\"portico concep\u00e7\u00e3o artistica\" width=\"1792\" height=\"1024\" title=\"\" srcset=\"https:\/\/www.aarquiteta.com.br\/blog\/wp-content\/uploads\/2023\/03\/portico-concepcao-artistica.png 1792w, https:\/\/www.aarquiteta.com.br\/blog\/wp-content\/uploads\/2023\/03\/portico-concepcao-artistica-1024x585.png 1024w, https:\/\/www.aarquiteta.com.br\/blog\/wp-content\/uploads\/2023\/03\/portico-concepcao-artistica-696x398.png 696w, https:\/\/www.aarquiteta.com.br\/blog\/wp-content\/uploads\/2023\/03\/portico-concepcao-artistica-150x86.png 150w\" sizes=\"(max-width: 1792px) 100vw, 1792px\" \/><figcaption id=\"caption-attachment-76396\" class=\"wp-caption-text\">p\u00f3rtico concep\u00e7\u00e3o art\u00edstica<\/figcaption><\/figure>\n<p>O p\u00f3rtico \u00e9 uma estrutura arquitet\u00f4nica que possui uma hist\u00f3ria rica e traz diversos benef\u00edcios para a arquitetura contempor\u00e2nea.<\/p>\n<p>Sua utiliza\u00e7\u00e3o pode oferecer prote\u00e7\u00e3o contra as intemp\u00e9ries, valor est\u00e9tico, espa\u00e7o de conviv\u00eancia e muitas outras possibilidades.<\/p>\n<p>Al\u00e9m disso, o p\u00f3rtico pode ser utilizado em diferentes tipos de projetos, como resid\u00eancias, espa\u00e7os p\u00fablicos, edif\u00edcios corporativos e religiosos.<\/p>\n<p>Com isso, podemos concluir que o p\u00f3rtico \u00e9 uma estrutura vers\u00e1til e importante na arquitetura moderna.<\/p>\n<p><strong>Espero que este artigo tenha ajudado voc\u00ea!<\/strong><\/p>\n<p>Ent\u00e3o deslize a tela para baixo e<a href=\"https:\/\/br.pinterest.com\/aarquitetapinterest\/_created\/\" target=\"_blank\" rel=\"noopener\">\u00a0confira mais dicas<\/a>\u00a0como esta e n\u00e3o se esque\u00e7a de compartilhar com os amigos!<\/p>\n<p>Quer mais dicas sobre o mundo da\u00a0<a href=\"https:\/\/www.aarquiteta.com.br\/blog\/o-que-e-arquitetura\/\">arquitetura<\/a>\u00a0e\u00a0<a href=\"https:\/\/www.aarquiteta.com.br\/blog\/decoracao\/\">Decora\u00e7\u00e3o<\/a>, ent\u00e3o confira alguns dos nossos artigos em:<\/p>\n<ul>\n<li><a href=\"https:\/\/www.aarquiteta.com.br\/blog\/paisagismo\/\" target=\"_blank\" rel=\"noopener\">Casa e Jardim<\/a><\/li>\n<li><a href=\"https:\/\/www.aarquiteta.com.br\/blog\/arquitetura\/mundo-arquitetura\/\" target=\"_blank\" rel=\"noopener\">Mundo Arquitetura<\/a><\/li>\n<li><a href=\"https:\/\/www.aarquiteta.com.br\/decoracao\/\" target=\"_blank\" rel=\"noopener\">Decora\u00e7\u00e3o\u00a0<\/a><\/li>\n<\/ul>\n","protected":false},"excerpt":{"rendered":"<p>O p\u00f3rtico \u00e9 uma estrutura arquitet\u00f4nica que remonta aos tempos antigos, mas ainda \u00e9 utilizado at\u00e9 hoje em projetos modernos. Seu nome vem do latim &#8220;porticus&#8221;, que significa passagem coberta ou galeria. Essa estrutura \u00e9 caracterizada por duas ou mais colunas que sustentam uma cobertura horizontal e pode ser encontrada em edif\u00edcios religiosos, governamentais e [&hellip;]<\/p>\n","protected":false},"author":20,"featured_media":76394,"comment_status":"open","ping_status":"closed","sticky":false,"template":"","format":"standard","meta":{"footnotes":""},"categories":[1507],"tags":[137,1249,1102,27294,3071,5425,2133,3214,4638,509,6758,8018,7474,27293,8868],"class_list":["post-76388","post","type-post","status-publish","format-standard","has-post-thumbnail","category-arquitetura","tag-arquitetura","tag-conforto","tag-design","tag-espaco-de-convivencia","tag-estetica","tag-estilo","tag-funcionalidade","tag-historia","tag-integracao","tag-paisagismo","tag-portico","tag-protecao","tag-seguranca","tag-transicao","tag-versatilidade"],"_wp_attached_file":null,"_wp_attachment_metadata":null,"_wp_attachment_context":null,"_wp_attachment_is_custom_header":null,"geo_longitude":null,"geo_public":null,"geo_latitude":null,"_publicize_done_external":null,"_wpas_done_3897181":null,"publicize_twitter_user":null,"_wpas_done_3897175":null,"_wpas_skip_3897181":null,"_wpas_skip_3897175":null,"_wpas_skip_3924723":null,"_wpas_mess":null,"_wpas_done_3924723":null,"wps_subtitle":"","_links":{"self":[{"href":"https:\/\/www.aarquiteta.com.br\/blog\/wp-json\/wp\/v2\/posts\/76388","targetHints":{"allow":["GET"]}}],"collection":[{"href":"https:\/\/www.aarquiteta.com.br\/blog\/wp-json\/wp\/v2\/posts"}],"about":[{"href":"https:\/\/www.aarquiteta.com.br\/blog\/wp-json\/wp\/v2\/types\/post"}],"author":[{"embeddable":true,"href":"https:\/\/www.aarquiteta.com.br\/blog\/wp-json\/wp\/v2\/users\/20"}],"replies":[{"embeddable":true,"href":"https:\/\/www.aarquiteta.com.br\/blog\/wp-json\/wp\/v2\/comments?post=76388"}],"version-history":[{"count":0,"href":"https:\/\/www.aarquiteta.com.br\/blog\/wp-json\/wp\/v2\/posts\/76388\/revisions"}],"wp:featuredmedia":[{"embeddable":true,"href":"https:\/\/www.aarquiteta.com.br\/blog\/wp-json\/wp\/v2\/media\/76394"}],"wp:attachment":[{"href":"https:\/\/www.aarquiteta.com.br\/blog\/wp-json\/wp\/v2\/media?parent=76388"}],"wp:term":[{"taxonomy":"category","embeddable":true,"href":"https:\/\/www.aarquiteta.com.br\/blog\/wp-json\/wp\/v2\/categories?post=76388"},{"taxonomy":"post_tag","embeddable":true,"href":"https:\/\/www.aarquiteta.com.br\/blog\/wp-json\/wp\/v2\/tags?post=76388"}],"curies":[{"name":"wp","href":"https:\/\/api.w.org\/{rel}","templated":true}]}}