{"id":7593,"date":"2021-10-29T06:00:18","date_gmt":"2021-10-29T09:00:18","guid":{"rendered":"http:\/\/aarquiteta.com.br\/?p=7593"},"modified":"2024-09-04T18:03:33","modified_gmt":"2024-09-04T21:03:33","slug":"arquitetura-de-interiores","status":"publish","type":"post","link":"https:\/\/www.aarquiteta.com.br\/blog\/arquitetura-de-interiores\/","title":{"rendered":"Arquitetura de Interiores &#8211; Descubra mais sobre a carreira e a profiss\u00e3o!"},"content":{"rendered":"<p><img decoding=\"async\" class=\"aligncenter wp-image-7597 size-full\" title=\"Arquitetura de Interiores - Descubra mais sobre a carreira e a profiss\u00e3o!\" src=\"https:\/\/www.aarquiteta.com.br\/blog\/wp-content\/uploads\/2016\/03\/designer-de-interiores.png\" alt=\"Arquitetura de Interiores - Descubra mais sobre a carreira e a profiss\u00e3o!\" width=\"730\" height=\"515\" \/><\/p><p><a href=\"https:\/\/www.aarquiteta.com.br\/blog\/?s=ARQUITETURA\">Arquitetura<\/a> de Interiores \u2014 Descubra mais sobre a carreira e a profiss\u00e3o!<\/p><h2><strong>O que o Arquiteto precisa saber para trabalhar com Arquitetura de Interiores?<\/strong><\/h2><p>Geralmente a profiss\u00e3o de Arquitetura \u00e9 muito abrangente e \u00e9 poss\u00edvel escolher entre v\u00e1rias vertentes dentro de uma mesma profiss\u00e3o como o <a href=\"https:\/\/www.aarquiteta.com.br\/blog\/cursos-de-arquitetura-e-decoracao\/curso-de-design-de-interiores\/\">Design de Interiores<\/a>.<\/p><p>Al\u00e9m da habilita\u00e7\u00e3o em projeto de arquitetura de edifica\u00e7\u00f5es, ou seja: construir, reformar e gerenciar <a href=\"https:\/\/www.aarquiteta.com.br\/blog\/cursos-de-arquitetura-e-decoracao\/curso-de-gerenciamento-de-obras\">obras<\/a>, entre outras, \u00e9 atualmente tamb\u00e9m atribui\u00e7\u00e3o do Arquiteto produzir projetos na \u00e1rea da Arquitetura de Interiores da mesma forma que fazem os Designers de Interiores.<\/p><p>Por\u00e9m, um profissional de interiores n\u00e3o tem habilita\u00e7\u00e3o para reformar uma edifica\u00e7\u00e3o caso haja necessidade de criar intervers\u00f5es estruturais na <a href=\"https:\/\/www.aarquiteta.com.br\/blog\/cursos-de-arquitetura-e-decoracao\/curso-de-gerenciamento-de-obras\">obra<\/a> f\u00edsica durante uma reforma, por exemplo.<\/p><p><strong>O Designer de Interiores\u00a0<\/strong>est\u00e1 limitado quanto a quest\u00e3o da arquitetura, n\u00e3o podendo utilizar a express\u00e3o <em>Arquitetura de Interiores <\/em>em seus meios de divulga\u00e7\u00e3o, somente Design de Interiores.<\/p><p>Os concelhos das duas \u00e1reas ainda est\u00e3o em processo de defini\u00e7\u00e3o das atribui\u00e7\u00f5es de cada um, o assunto \u00e9 envolto em muita pol\u00eamica, mas isso \u00e9 discuss\u00e3o para outro momento.<\/p><p>Existe ainda<strong> o<\/strong> <strong>Decorador<\/strong> que \u00e9 o profissional que assim como o Designer de Interiores tamb\u00e9m est\u00e1 limitado quanto algumas atribui\u00e7\u00f5es.<\/p><p>Geralmente s\u00e3o ainda mais restritivas que o Designer de Interiores, pois devido a sua forma\u00e7\u00e3o poder ser facultativa.<\/p><p>Uu seja, n\u00e3o \u00e9 necess\u00e1rio ter cursado t\u00e9cnico ou superior para trabalhar como Decorador, seu trabalho.<\/p><p>Segundo o site do CAU, restringe-se a escolha de m\u00f3veis, acess\u00f3rios como cortinas, <a href=\"https:\/\/www.aarquiteta.com.br\/blog\/?s=TAPETE\">tapetes<\/a>, mobili\u00e1rios, lumin\u00e1rias e outros elementos e estilos de decora\u00e7\u00e3o que complementam o interior de um apartamento como escolha de cores, por exemplo.<\/p><p>Ocorrendo dessa forma na pr\u00e1tica ou n\u00e3o, conforme o que determinada a lei, os Decoradores n\u00e3o podem trabalhar com detalhamento de mobili\u00e1rio, pois isso \u00e9 atribui\u00e7\u00e3o do Designer de Interiores (mais pol\u00eamicas).<\/p><p>Por agora falaremos da habilita\u00e7\u00e3o em espec\u00edfico do Arquiteto em produzir projetos de Arquitetura de Interiores.<\/p><h2><a href=\"https:\/\/www.aarquiteta.com.br\/curso-de-arquitetura\/\" target=\"_blank\" rel=\"noopener\">Diferen\u00e7as<\/a> entre a Arquitetura e Design de Interiores.<\/h2><figure id=\"attachment_10582\" aria-describedby=\"caption-attachment-10582\" style=\"width: 2000px\" class=\"wp-caption aligncenter\"><img decoding=\"async\" class=\"wp-image-10582 size-full\" title=\"Arquitetura de Interiores - Descubra mais sobre a carreira e a profiss\u00e3o!\" src=\"https:\/\/www.aarquiteta.com.br\/blog\/wp-content\/uploads\/2017\/06\/curso-autocad-interiores-bruna-zilio3-vistas.jpg\" alt=\"Arquitetura de Interiores - Descubra mais sobre a carreira e a profiss\u00e3o!\" width=\"2000\" height=\"1391\" srcset=\"https:\/\/www.aarquiteta.com.br\/blog\/wp-content\/uploads\/2017\/06\/curso-autocad-interiores-bruna-zilio3-vistas.jpg 2000w, https:\/\/www.aarquiteta.com.br\/blog\/wp-content\/uploads\/2017\/06\/curso-autocad-interiores-bruna-zilio3-vistas-1024x712.jpg 1024w, https:\/\/www.aarquiteta.com.br\/blog\/wp-content\/uploads\/2017\/06\/curso-autocad-interiores-bruna-zilio3-vistas-696x484.jpg 696w, https:\/\/www.aarquiteta.com.br\/blog\/wp-content\/uploads\/2017\/06\/curso-autocad-interiores-bruna-zilio3-vistas-150x104.jpg 150w\" sizes=\"(max-width: 2000px) 100vw, 2000px\" \/><figcaption id=\"caption-attachment-10582\" class=\"wp-caption-text\">Arquitetura de Interiores &#8211; Descubra mais sobre a carreira e a profiss\u00e3o!<\/figcaption><\/figure><p>Assim como o Designer de Interiores, o Arquiteto ao desenvolver um trabalho de interiores deve seguir normas t\u00e9cnicas de ergonomia, ac\u00fastica, t\u00e9rmico e luminot\u00e9cnica al\u00e9m de ser um profissional capaz de captar as reais necessidades dos clientes e concretiza-las atrav\u00e9s de projetos espec\u00edficos.<\/p><p><strong>Ao contr\u00e1rio do Design de Interiores, o Arquiteto est\u00e1 habilitado tamb\u00e9m a trabalhos externos ao projeto de interiores, como altera\u00e7\u00e3o ou revitaliza\u00e7\u00e3o de fachadas.<\/strong><\/p><p><strong>O Arquiteto<\/strong> tem atualmente sua regulamenta\u00e7\u00e3o pelo conselho de classe, chamado CAU: conselho de Arquitetura, Urbanismo e seus trabalhos s\u00e3o acompanhados pelo Registro de Responsabilidade T\u00e9cnica, a RRT onde s\u00e3o registrados os trabalhos a serem desenvolvidos de acordo com a atribui\u00e7\u00e3o do profissional.<\/p><p>A RRT \u00e9 a seguran\u00e7a que o contratante tem para contratar um profissional habilitado para aquele trabalho, principalmente no que se refere a reforma de Arquitetura de edifica\u00e7\u00f5es.<\/p><p>Para informa\u00e7\u00f5es mais precisas sobre as atribui\u00e7\u00f5es do arquiteto consulte sempre o site do CAU\u00a0 <a href=\"https:\/\/caubr.gov.br\/\" target=\"_blank\" rel=\"noopener\">https:\/\/www.caubr.gov.br<\/a>\u00a0, pois \u00e9 nela que estar\u00e3o descritos quais os servi\u00e7os exatos que os arquitetos podem desenvolver.<\/p><span style=\"font-weight: bold; color: #f00;\">Error, group does not exist! Check your syntax! (ID: 3)<\/span><h2>O profissional da Arquitetura pode trabalhar em 3 vertentes principais.<\/h2><h3>A Arquitetura de Interiores<\/h3><p>Tem como p\u00fablico alvo um nicho emergente ou uma classe social mais abastada mais exigente quanto as quest\u00f5es de ambienta\u00e7\u00e3o e est\u00e9tica.<\/p><p>Esse nicho muitas vezes \u00e9 o que proporciona ao profissional aquele glamour que confere a profiss\u00e3o de arquitetura.<\/p><p>Prova disso \u00e9 o encantamento que o assunto causa nas revistas, eventos e mostras de arquitetura, gerando uma maior atra\u00e7\u00e3o no leigo e simpatia pela profiss\u00e3o.<\/p><p>\u00c9 a \u00e1rea que mais traz promo\u00e7\u00e3o e reconhecimento profissional no meio e fora dele.<\/p><figure id=\"attachment_9070\" aria-describedby=\"caption-attachment-9070\" style=\"width: 730px\" class=\"wp-caption aligncenter\"><img decoding=\"async\" class=\"wp-image-9070 size-full\" title=\"Arquitetura de Interiores - Descubra mais sobre a carreira e a profiss\u00e3o!\" src=\"https:\/\/www.aarquiteta.com.br\/blog\/wp-content\/uploads\/2016\/08\/arquitetura-de-interiores-1.jpg\" alt=\"Arquitetura de Interiores - Descubra mais sobre a carreira e a profiss\u00e3o!\" width=\"730\" height=\"515\" \/><figcaption id=\"caption-attachment-9070\" class=\"wp-caption-text\">Arquitetura de Interiores &#8211; Descubra mais sobre a carreira e a profiss\u00e3o!<\/figcaption><\/figure><h3>A Arquitetura de Edifica\u00e7\u00f5es<\/h3><p>Tem como p\u00fablico alvo um nicho um pouco mais abrangente que o de interiores, por\u00e9m atualmente o segmento sofre algumas dificuldades em mais de uma forma, principalmente quando comparado ao arquiteto de interiores, que devido ao menor interesse despertado pelo seu trabalho enfrentam um menor reconhecimento tanto autoral como financeiro.<\/p><p>Geralmente os arquitetos de edifica\u00e7\u00f5es recebem por seu trabalho porcentagens menores sobre o custo da obra do que os designers de interiores, o que atrai o interesse dos arquitetos pela \u00e1rea.<\/p><h3>O Arquiteto Urbanista<\/h3><p>Algumas faculdades al\u00e9m da forma\u00e7\u00e3o de Arquitetura tamb\u00e9m graduam em Urbanismo.<\/p><p>O nicho de trabalho do arquiteto urbanista encontra-se na grande maioria dentro dos \u00f3rg\u00e3os p\u00fablicos e universidades, atuando no estudo e desenvolvimento de projetos de bairros e cidades.<\/p><p>Devido \u00e0 redu\u00e7\u00e3o de carga horaria de algumas faculdades, a disciplina que aborda o tema Design de Interiores pode ser abordada de forma muito superficial, assim como a de Urbanismo e at\u00e9 mesmo o Paisagismo.<\/p><p>Cursos livres complementares nessas \u00e1reas ou ainda de especialidade s\u00e3o uma excelente\u00a0alternativa para quem deseja focar em uma dessas \u00e1reas.<\/p><p>Os cursos livres ou ainda os t\u00e9cnicos s\u00e3o um meio de orienta\u00e7\u00e3o para aqueles que n\u00e3o sabem por onde come\u00e7ar antes de ingressar em uma p\u00f3s-gradua\u00e7\u00e3o com esse foco.<\/p><p>Geralmente o profissional de Arquitetura de Interiores ou Design de Interiores deve contar com um perfil mais do que criativo, possuindo tamb\u00e9m um perfil pr\u00e1tico, proativo e de trabalho em equipe, pois o resultado do seu trabalho conta com a participa\u00e7\u00e3o de muitos outros profissionais como pedreiros, marceneiros, eletricistas e pintores.<\/p><figure id=\"attachment_33995\" aria-describedby=\"caption-attachment-33995\" style=\"width: 1765px\" class=\"wp-caption aligncenter\"><img decoding=\"async\" class=\"wp-image-33995 size-full\" src=\"https:\/\/www.aarquiteta.com.br\/blog\/wp-content\/uploads\/2020\/11\/Desenho_arquitet\u00f4nico.jpg\" alt=\"\" width=\"1765\" height=\"1713\" title=\"\" srcset=\"https:\/\/www.aarquiteta.com.br\/blog\/wp-content\/uploads\/2020\/11\/Desenho_arquitet\u00f4nico.jpg 1765w, https:\/\/www.aarquiteta.com.br\/blog\/wp-content\/uploads\/2020\/11\/Desenho_arquitet\u00f4nico-1024x994.jpg 1024w, https:\/\/www.aarquiteta.com.br\/blog\/wp-content\/uploads\/2020\/11\/Desenho_arquitet\u00f4nico-696x675.jpg 696w, https:\/\/www.aarquiteta.com.br\/blog\/wp-content\/uploads\/2020\/11\/Desenho_arquitet\u00f4nico-150x146.jpg 150w\" sizes=\"(max-width: 1765px) 100vw, 1765px\" \/><figcaption id=\"caption-attachment-33995\" class=\"wp-caption-text\">Arquitetura de Interiores &#8211; Descubra mais sobre a carreira e a profiss\u00e3o!<\/figcaption><\/figure><p>Quem deseja trabalhar com Arquitetura de Interiores deve procurar desenvolver um senso cr\u00edtico est\u00e9tico e estar sempre por dentro das tend\u00eancias e novidades de mercado, pois nessa \u00e1rea as mudan\u00e7as s\u00e3o muito r\u00e1pidas e o profissional pode ficar por fora das tend\u00eancias ou moda em pouqu\u00edssimo tempo. Portanto o estudo deve ser\u00a0constante.<\/p><p>Al\u00e9m dos desenhos de arquitetura de edifica\u00e7\u00f5es aprendidos em sala de aula \u00e9 preciso que o Arquiteto aspirante a profissional de interiores aprenda as ferramentas necess\u00e1rias para elaborar desenhos de arquitetura dessa natureza, vindo\u00a0assim a desenvolver seus trabalhos de forma mais profissional.<\/p><p>Humaniza\u00e7\u00e3o de Desenhos em 2D, programas de visualiza\u00e7\u00e3o em 3D, ou Passeios Virtuais s\u00e3o grandes op\u00e7\u00f5es de representa\u00e7\u00e3o para a \u00e1rea, pois por se tratarem da express\u00e3o do resultado real do projeto, criam diferenciais atrativos que facilitam o entendimento do projeto na mesma propor\u00e7\u00e3o que encantam os clientes, enquanto a forma da apresenta\u00e7\u00e3o tem grande peso e aux\u00edlio na venda de seu trabalho de forma mais eficiente do que apenas \u201crabiscos&#8221;.<\/p><p>&nbsp;<\/p><span style=\"font-weight: bold; color: #f00;\">Error, group does not exist! Check your syntax! (ID: 7)<\/span><p>&nbsp;<\/p><p>O perfil dos novos clientes tamb\u00e9m vem mudando e eles est\u00e3o cada vez mais exigentes quanto como os projetos v\u00eam sendo apresentados.<\/p><p>Trabalhar essas formas de representa\u00e7\u00e3o com foco em Arquitetura ou Design de Interiores, geralmente n\u00e3o s\u00e3o efetivamente ensinados em sala de aula, devido a N fatores j\u00e1 mencionados nesse blog em artigos anteriores.<\/p><p>Diferente muitas vezes do que acontece no curso de design de interiores, onde o aluno de design de interiores, mesmo no curso t\u00e9cnico, encontra uma grade curricular mais espec\u00edfica do que a grade curricular do arquiteto.<\/p><p>Na faculdade de arquitetura o foco \u00e9 outro: a Arquitetura das Edifica\u00e7\u00f5es, e cabe ao Arquiteto com interesse em trabalhar nessa \u00e1rea buscar por especializa\u00e7\u00e3o no assunto, al\u00e9m do que \u00e9 abordado na grade curricular da faculdade de arquitetura.<\/p><h2>Arquitetura ou Design de Interiores?<\/h2><p>Quem tem interesse em ingressar em uma dessas \u00e1reas deve sempre acompanhar as atualiza\u00e7\u00f5es sobre as duas carreiras para n\u00e3o ser acometido por surpresas desagrad\u00e1veis durante o curso, situa\u00e7\u00e3o comum que ocorre com aqueles que entram na faculdade sem fazer uma pesquisa sobre a carreira antes.<\/p><p>E o que o aluno de arquitetura jamais deve esquecer \u00e9 que, na faculdade de arquitetura, a grade curricular \u00e9 muito abrangente e que nem tudo ser\u00e1 poss\u00edvel se aprender em profundidade.<\/p><p>Disciplinas mais complexas que precisam de mais tempo de abordagem n\u00e3o ser\u00e3o aprendidas com efici\u00eancia nas salas de aula.<\/p><figure id=\"attachment_31052\" aria-describedby=\"caption-attachment-31052\" style=\"width: 730px\" class=\"wp-caption aligncenter\"><img decoding=\"async\" class=\"wp-image-31052 size-full\" src=\"https:\/\/www.aarquiteta.com.br\/blog\/wp-content\/uploads\/2019\/04\/10-sites-obrigatorios-para-arquitetos.jpg\" alt=\"\" width=\"730\" height=\"515\" title=\"\" srcset=\"https:\/\/www.aarquiteta.com.br\/blog\/wp-content\/uploads\/2019\/04\/10-sites-obrigatorios-para-arquitetos.jpg 730w, https:\/\/www.aarquiteta.com.br\/blog\/wp-content\/uploads\/2019\/04\/10-sites-obrigatorios-para-arquitetos-696x491.jpg 696w, https:\/\/www.aarquiteta.com.br\/blog\/wp-content\/uploads\/2019\/04\/10-sites-obrigatorios-para-arquitetos-150x106.jpg 150w\" sizes=\"(max-width: 730px) 100vw, 730px\" \/><figcaption id=\"caption-attachment-31052\" class=\"wp-caption-text\">Arquitetura de Interiores &#8211; Descubra mais sobre a carreira e a profiss\u00e3o!<\/figcaption><\/figure><p>Como disse anteriormente no in\u00edcio do artigo, o assunto \u00e9 pol\u00eamico e n\u00e3o entrarei em m\u00e9ritos ou atribui\u00e7\u00f5es pontuais entre os decoradores, designers e at\u00e9 mesmo os arquitetos.<\/p><p>Apesar de fazer parte da classe, entendo o ponto de vista de ambos at\u00e9 que os conselhos e profissionais das duas \u00e1reas se entendam, pois, ainda n\u00e3o entraram em entendimento sobre quem pode ou n\u00e3o fazer.<\/p><h2>Especializa\u00e7\u00e3o em Design de Interiores:<\/h2><p>Eu sugiro que quem est\u00e1 fazendo o curso superior em Arquitetura ou j\u00e1 \u00e9 Arquiteto formado e deseja trabalhar com Design de Interiores se especialize no assunto.<\/p><p>Dessa forma sua forma\u00e7\u00e3o ser\u00e1 mais ampla, pois englobar\u00e1 conhecimentos de ambas \u00e1reas, o que p\u00f5e de certa forma um fim pr\u00e1tico quanto a esse imbr\u00f3glio.<\/p><p>Aprenda a criar espa\u00e7os no design de interiores:<\/p><p><iframe src=\"https:\/\/www.youtube.com\/embed\/DFS0vU7ZSq8\" width=\"560\" height=\"315\" frameborder=\"0\" allowfullscreen=\"allowfullscreen\"><\/iframe><\/p><p>Sem d\u00favidas o profissional estar\u00e1 al\u00e9m de habilitado, muito mais capacitado para desenvolver seu trabalho no dia a dia profissional.<\/p><p>No pr\u00f3ximo artigo falarei mais sobre os tipos de desenhos e as ferramentas necess\u00e1rias que o Arquiteto ou Designer de Interiores precisam conhecer para desenvolver um bom trabalho na \u00e1rea de Design de Interiores.<\/p><h2>E a\u00ed, gostou do artigo sobre Arquitetura de Interiores &#8211; <a href=\"https:\/\/www.aarquiteta.com.br\/curso-de-arquitetura\/\" target=\"_blank\" rel=\"noopener\">Descubra mais sobre a carreira e a profiss\u00e3o?<\/a><\/h2><p>Ent\u00e3o deslize a tela para baixo e<a href=\"https:\/\/br.pinterest.com\/aarquitetapinterest\/_created\/\" target=\"_blank\" rel=\"noopener\"> confira mais dicas<\/a> como esta e n\u00e3o se esque\u00e7a de compartilhar com os amigos!<\/p><p>Quer mais dicas sobre o mundo da Arquitetura e Decora\u00e7\u00e3o? Ent\u00e3o decore f\u00e1cil sem mist\u00e9rios, confira alguns dos nossos artigos em:<\/p><ul><li style=\"list-style-type: none;\"><ul><li><a href=\"https:\/\/www.aarquiteta.com.br\/blog\/paisagismo\/\" target=\"_blank\" rel=\"noopener\">Casa e Jardim<\/a><\/li><li><a href=\"https:\/\/www.aarquiteta.com.br\/blog\/arquitetura\/mundo-arquitetura\/\" target=\"_blank\" rel=\"noopener\">Mundo Arquitetura<\/a><\/li><li><a href=\"https:\/\/www.aarquiteta.com.br\/decoracao\/\" target=\"_blank\" rel=\"noopener\">Decora\u00e7\u00e3o<br \/>\n<\/a><\/li><\/ul><\/li><\/ul><p>&nbsp;<\/p>","protected":false},"excerpt":{"rendered":"<p>Arquitetura de Interiores \u2014 Descubra mais sobre a carreira e a profiss\u00e3o!O que o Arquiteto precisa saber para trabalhar com Arquitetura de Interiores?Geralmente a profiss\u00e3o de Arquitetura \u00e9 muito abrangente e \u00e9 poss\u00edvel escolher entre v\u00e1rias vertentes dentro de uma mesma profiss\u00e3o como o Design de Interiores.Al\u00e9m da habilita\u00e7\u00e3o em projeto de arquitetura de edifica\u00e7\u00f5es, [&hellip;]<\/p>\n","protected":false},"author":102,"featured_media":7597,"comment_status":"open","ping_status":"closed","sticky":false,"template":"","format":"standard","meta":{"footnotes":""},"categories":[6],"tags":[13011,13013,13014,13012],"class_list":["post-7593","post","type-post","status-publish","format-standard","has-post-thumbnail","category-carreira-de-arquitetura","tag-atividades-do-arquiteto","tag-atribuicao-do-arquiteto","tag-carreira-do-arquiteto","tag-trabalho-do-arquiteto"],"_wp_attached_file":null,"_wp_attachment_metadata":null,"_wp_attachment_context":null,"_wp_attachment_is_custom_header":null,"geo_longitude":null,"geo_public":null,"geo_latitude":null,"_publicize_done_external":null,"_wpas_done_3897181":null,"publicize_twitter_user":null,"_wpas_done_3897175":null,"_wpas_skip_3897181":null,"_wpas_skip_3897175":null,"_wpas_skip_3924723":null,"_wpas_mess":null,"_wpas_done_3924723":null,"wps_subtitle":"Confira as diferen\u00e7as entre um profissional de Arquitetura e o Designer de interiores. Conhe\u00e7a as 3 vertentes de trabalho da arquitetura!","_links":{"self":[{"href":"https:\/\/www.aarquiteta.com.br\/blog\/wp-json\/wp\/v2\/posts\/7593","targetHints":{"allow":["GET"]}}],"collection":[{"href":"https:\/\/www.aarquiteta.com.br\/blog\/wp-json\/wp\/v2\/posts"}],"about":[{"href":"https:\/\/www.aarquiteta.com.br\/blog\/wp-json\/wp\/v2\/types\/post"}],"author":[{"embeddable":true,"href":"https:\/\/www.aarquiteta.com.br\/blog\/wp-json\/wp\/v2\/users\/102"}],"replies":[{"embeddable":true,"href":"https:\/\/www.aarquiteta.com.br\/blog\/wp-json\/wp\/v2\/comments?post=7593"}],"version-history":[{"count":0,"href":"https:\/\/www.aarquiteta.com.br\/blog\/wp-json\/wp\/v2\/posts\/7593\/revisions"}],"wp:featuredmedia":[{"embeddable":true,"href":"https:\/\/www.aarquiteta.com.br\/blog\/wp-json\/wp\/v2\/media\/7597"}],"wp:attachment":[{"href":"https:\/\/www.aarquiteta.com.br\/blog\/wp-json\/wp\/v2\/media?parent=7593"}],"wp:term":[{"taxonomy":"category","embeddable":true,"href":"https:\/\/www.aarquiteta.com.br\/blog\/wp-json\/wp\/v2\/categories?post=7593"},{"taxonomy":"post_tag","embeddable":true,"href":"https:\/\/www.aarquiteta.com.br\/blog\/wp-json\/wp\/v2\/tags?post=7593"}],"curies":[{"name":"wp","href":"https:\/\/api.w.org\/{rel}","templated":true}]}}