{"id":75617,"date":"2023-02-19T12:00:47","date_gmt":"2023-02-19T15:00:47","guid":{"rendered":"http:\/\/aarquiteta.com.br\/?p=75617"},"modified":"2024-07-03T14:39:50","modified_gmt":"2024-07-03T17:39:50","slug":"ambientes-multifuncionais","status":"publish","type":"post","link":"https:\/\/www.aarquiteta.com.br\/blog\/ambientes-multifuncionais\/","title":{"rendered":"Design Flex\u00edvel: Ambientes Multifuncionais."},"content":{"rendered":"<p>Ambientes multifuncionais s\u00e3o aqueles que podem ser utilizados para mais de uma finalidade. Por exemplo, uma sala de estar que tamb\u00e9m pode ser utilizada como sala de jantar, ou um quarto que tamb\u00e9m pode funcionar como escrit\u00f3rio.<\/p>\n<p>Isso permite que o espa\u00e7o seja melhor aproveitado e as pessoas possam realizar mais atividades em um mesmo ambiente.<\/p>\n<p>J\u00e1 o design flex\u00edvel se refere \u00e0 capacidade de adaptar o espa\u00e7o para diferentes necessidades e usos.<\/p>\n<p>Isso pode incluir m\u00f3veis que podem ser facilmente movidos e rearranjados, divis\u00f3rias retr\u00e1teis que permitem que o espa\u00e7o seja dividido ou aberto conforme necess\u00e1rio, e outras solu\u00e7\u00f5es que permitam a personaliza\u00e7\u00e3o do espa\u00e7o.<\/p>\n<h2>Ambientes multifuncionais e design flex\u00edvel.<\/h2>\n<figure id=\"attachment_75626\" aria-describedby=\"caption-attachment-75626\" style=\"width: 1792px\" class=\"wp-caption alignnone\"><img decoding=\"async\" class=\"size-full wp-image-75626\" src=\"https:\/\/www.aarquiteta.com.br\/blog\/wp-content\/uploads\/2023\/02\/ambientes-funcionais-e-design-flexivel-3.png\" alt=\"ambientes funcionais e design flexivel\" width=\"1792\" height=\"1024\" title=\"\" srcset=\"https:\/\/www.aarquiteta.com.br\/blog\/wp-content\/uploads\/2023\/02\/ambientes-funcionais-e-design-flexivel-3.png 1792w, https:\/\/www.aarquiteta.com.br\/blog\/wp-content\/uploads\/2023\/02\/ambientes-funcionais-e-design-flexivel-3-1024x585.png 1024w, https:\/\/www.aarquiteta.com.br\/blog\/wp-content\/uploads\/2023\/02\/ambientes-funcionais-e-design-flexivel-3-696x398.png 696w, https:\/\/www.aarquiteta.com.br\/blog\/wp-content\/uploads\/2023\/02\/ambientes-funcionais-e-design-flexivel-3-150x86.png 150w\" sizes=\"(max-width: 1792px) 100vw, 1792px\" \/><figcaption id=\"caption-attachment-75626\" class=\"wp-caption-text\">ambientes funcionais e design flexivel<\/figcaption><\/figure>\n<p>Se voc\u00ea mora em uma casa pequena, ou se seu apartamento \u00e9 compacto, sabe o quanto pode ser dif\u00edcil acomodar tudo o que voc\u00ea precisa em um espa\u00e7o limitado. Mas isso n\u00e3o significa que voc\u00ea precise sacrificar a funcionalidade e o conforto.<\/p>\n<p>Na verdade, h\u00e1 muitas maneiras de criar ambientes multifuncionais e utilizar um design flex\u00edvel para maximizar seu espa\u00e7o.<\/p>\n<p>Neste artigo, exploraremos algumas estrat\u00e9gias para criar ambientes multifuncionais e usar o design flex\u00edvel para aproveitar ao m\u00e1ximo o espa\u00e7o limitado.<\/p>\n<p>Falaremos sobre como escolher m\u00f3veis vers\u00e1teis, criar zonas de atividade e aproveitar cada cent\u00edmetro do espa\u00e7o dispon\u00edvel.<\/p>\n<h3>M\u00f3veis vers\u00e1teis<\/h3>\n<figure id=\"attachment_75625\" aria-describedby=\"caption-attachment-75625\" style=\"width: 1792px\" class=\"wp-caption alignnone\"><img decoding=\"async\" class=\"size-full wp-image-75625\" src=\"https:\/\/www.aarquiteta.com.br\/blog\/wp-content\/uploads\/2023\/02\/ambientes-funcionais-e-design-flexivel-2.png\" alt=\"ambientes funcionais e design flexivel\" width=\"1792\" height=\"1024\" title=\"\" srcset=\"https:\/\/www.aarquiteta.com.br\/blog\/wp-content\/uploads\/2023\/02\/ambientes-funcionais-e-design-flexivel-2.png 1792w, https:\/\/www.aarquiteta.com.br\/blog\/wp-content\/uploads\/2023\/02\/ambientes-funcionais-e-design-flexivel-2-1024x585.png 1024w, https:\/\/www.aarquiteta.com.br\/blog\/wp-content\/uploads\/2023\/02\/ambientes-funcionais-e-design-flexivel-2-696x398.png 696w, https:\/\/www.aarquiteta.com.br\/blog\/wp-content\/uploads\/2023\/02\/ambientes-funcionais-e-design-flexivel-2-150x86.png 150w\" sizes=\"(max-width: 1792px) 100vw, 1792px\" \/><figcaption id=\"caption-attachment-75625\" class=\"wp-caption-text\">ambientes funcionais e design flexivel<\/figcaption><\/figure>\n<p>Uma das chaves para criar ambientes multifuncionais \u00e9 escolher m\u00f3veis vers\u00e1teis que possam ser facilmente transformados para atender \u00e0s suas necessidades em constante mudan\u00e7a.<\/p>\n<p>Por exemplo, um sof\u00e1-cama pode ser uma \u00f3tima op\u00e7\u00e3o para acomodar visitantes durante a noite, mas tamb\u00e9m pode ser usado como um espa\u00e7o confort\u00e1vel para relaxar durante o dia.<\/p>\n<p>Uma mesa extens\u00edvel tamb\u00e9m pode ser uma solu\u00e7\u00e3o inteligente, permitindo que voc\u00ea a ajuste para acomodar mais convidados ou para fornecer mais espa\u00e7o de trabalho quando necess\u00e1rio.<\/p>\n<h3>Zonas de atividade<\/h3>\n<p>Ao projetar um espa\u00e7o pequeno, pode ser \u00fatil criar zonas de atividade separadas para diferentes fun\u00e7\u00f5es. Isso ajudar\u00e1 a tornar o espa\u00e7o mais organizado e funcional.<\/p>\n<p>Por exemplo, voc\u00ea pode criar uma zona de estar para relaxar e assistir TV, uma zona de trabalho para estudar ou trabalhar em casa, e uma zona de jantar para as refei\u00e7\u00f5es.<\/p>\n<p>Certifique-se de que cada zona tenha m\u00f3veis e ilumina\u00e7\u00e3o adequados para a sua finalidade.<\/p>\n<h3>Aproveite cada cent\u00edmetro do espa\u00e7o.<\/h3>\n<figure id=\"attachment_75623\" aria-describedby=\"caption-attachment-75623\" style=\"width: 1024px\" class=\"wp-caption alignnone\"><img decoding=\"async\" class=\"size-full wp-image-75623\" src=\"https:\/\/www.aarquiteta.com.br\/blog\/wp-content\/uploads\/2023\/02\/ambientes-funcionais-e-design-flexivel.png\" alt=\"ambientes funcionais e design flexivel\" width=\"1024\" height=\"1024\" title=\"\" srcset=\"https:\/\/www.aarquiteta.com.br\/blog\/wp-content\/uploads\/2023\/02\/ambientes-funcionais-e-design-flexivel.png 1024w, https:\/\/www.aarquiteta.com.br\/blog\/wp-content\/uploads\/2023\/02\/ambientes-funcionais-e-design-flexivel-696x696.png 696w, https:\/\/www.aarquiteta.com.br\/blog\/wp-content\/uploads\/2023\/02\/ambientes-funcionais-e-design-flexivel-96x96.png 96w, https:\/\/www.aarquiteta.com.br\/blog\/wp-content\/uploads\/2023\/02\/ambientes-funcionais-e-design-flexivel-150x150.png 150w\" sizes=\"(max-width: 1024px) 100vw, 1024px\" \/><figcaption id=\"caption-attachment-75623\" class=\"wp-caption-text\">ambientes funcionais e design flexivel<\/figcaption><\/figure>\n<p>Ao projetar um espa\u00e7o pequeno, \u00e9 importante aproveitar cada cent\u00edmetro do espa\u00e7o dispon\u00edvel. Isso pode significar escolher m\u00f3veis que ofere\u00e7am armazenamento adicional, como uma cama com gavetas embutidas ou uma mesa com prateleiras.<\/p>\n<p>Tamb\u00e9m pode significar ser criativo com o espa\u00e7o vertical, adicionando prateleiras ou arm\u00e1rios nas paredes para maximizar o armazenamento.<\/p>\n<p>Al\u00e9m disso, \u00e9 importante manter o espa\u00e7o organizado e livre de desordem. Isso ajudar\u00e1 a tornar o espa\u00e7o mais funcional e agrad\u00e1vel de se estar.<\/p>\n<p>Ao lidar com espa\u00e7os pequenos, \u00e9 comum que as pessoas se sintam limitadas em termos de design e funcionalidade.<\/p>\n<p>Por\u00e9m, isso n\u00e3o precisa ser assim.<\/p>\n<p>Com a utiliza\u00e7\u00e3o de ambientes multifuncionais e design flex\u00edvel, \u00e9 poss\u00edvel criar espa\u00e7os confort\u00e1veis e pr\u00e1ticos, mesmo em locais pequenos.<\/p>\n<h2>Espa\u00e7os vers\u00e1teis e adapt\u00e1veis.<\/h2>\n<p>Ao combinar ambientes multifuncionais com design flex\u00edvel, \u00e9 poss\u00edvel criar espa\u00e7os vers\u00e1teis e adapt\u00e1veis que atendam a diferentes necessidades e situa\u00e7\u00f5es.\u00a0 Essa abordagem tamb\u00e9m pode ajudar a maximizar o uso do espa\u00e7o, especialmente em \u00e1reas pequenas, tornando o ambiente mais confort\u00e1vel e funcional.<\/p>\n<p>Para criar ambientes multifuncionais e com design flex\u00edvel, \u00e9 importante pensar na funcionalidade e praticidade do espa\u00e7o, considerando as necessidades e atividades que ser\u00e3o realizadas nele.<\/p>\n<p>Al\u00e9m disso, \u00e9 essencial escolher m\u00f3veis e objetos que sejam vers\u00e1teis e possam ser facilmente movidos e rearranjados, permitindo que o espa\u00e7o seja adaptado conforme necess\u00e1rio.<\/p>\n<p>Com um pouco de criatividade e planejamento, \u00e9 poss\u00edvel criar espa\u00e7os pequenos que sejam bonitos, confort\u00e1veis e funcionais.<\/p>\n<p>E ao utilizar ambientes multifuncionais e design flex\u00edvel, \u00e9 poss\u00edvel aproveitar ao m\u00e1ximo o espa\u00e7o dispon\u00edvel e garantir que ele atenda a todas as necessidades dos seus usu\u00e1rios.<\/p>\n<h2>Conclus\u00e3o<\/h2>\n<figure id=\"attachment_75624\" aria-describedby=\"caption-attachment-75624\" style=\"width: 1024px\" class=\"wp-caption alignnone\"><img decoding=\"async\" class=\"size-full wp-image-75624\" src=\"https:\/\/www.aarquiteta.com.br\/blog\/wp-content\/uploads\/2023\/02\/ambientes-funcionais-e-design-flexivel-1.png\" alt=\"ambientes funcionais e design flexivel\" width=\"1024\" height=\"1024\" title=\"\" srcset=\"https:\/\/www.aarquiteta.com.br\/blog\/wp-content\/uploads\/2023\/02\/ambientes-funcionais-e-design-flexivel-1.png 1024w, https:\/\/www.aarquiteta.com.br\/blog\/wp-content\/uploads\/2023\/02\/ambientes-funcionais-e-design-flexivel-1-696x696.png 696w, https:\/\/www.aarquiteta.com.br\/blog\/wp-content\/uploads\/2023\/02\/ambientes-funcionais-e-design-flexivel-1-96x96.png 96w, https:\/\/www.aarquiteta.com.br\/blog\/wp-content\/uploads\/2023\/02\/ambientes-funcionais-e-design-flexivel-1-150x150.png 150w\" sizes=\"(max-width: 1024px) 100vw, 1024px\" \/><figcaption id=\"caption-attachment-75624\" class=\"wp-caption-text\">ambientes funcionais e design flexivel<\/figcaption><\/figure>\n<p>Criar ambientes multifuncionais e usar o design flex\u00edvel \u00e9 uma \u00f3tima maneira de aproveitar ao m\u00e1ximo o espa\u00e7o limitado em uma casa ou apartamento pequeno.<\/p>\n<p>Ao escolher m\u00f3veis vers\u00e1teis, criar zonas de atividade e aproveitar cada cent\u00edmetro do espa\u00e7o, voc\u00ea pode transformar seu espa\u00e7o em um lugar funcional e confort\u00e1vel para viver.<\/p>\n<p>Esperamos que essas informa\u00e7\u00f5es tenham sido \u00fateis e que voc\u00ea possa utilizar essas dicas para criar espa\u00e7os incr\u00edveis e eficientes em sua casa ou escrit\u00f3rio.<\/p>\n<p><strong>\u00a0Espero que este artigo tenha ajudado voc\u00ea!<\/strong><\/p>\n<p>Ent\u00e3o deslize a tela para baixo e<a href=\"https:\/\/br.pinterest.com\/aarquitetapinterest\/_created\/\" target=\"_blank\" rel=\"noopener\">\u00a0confira mais dicas<\/a>\u00a0como esta e n\u00e3o se esque\u00e7a de compartilhar com os amigos!<\/p>\n<p>Quer mais dicas sobre o mundo da\u00a0<a href=\"https:\/\/www.aarquiteta.com.br\/blog\/o-que-e-arquitetura\/\">arquitetura<\/a>\u00a0e\u00a0<a href=\"https:\/\/www.aarquiteta.com.br\/blog\/decoracao\/\">Decora\u00e7\u00e3o<\/a>, ent\u00e3o confira alguns dos nossos artigos em:<\/p>\n<ul>\n<li><a href=\"https:\/\/www.aarquiteta.com.br\/blog\/paisagismo\/\" target=\"_blank\" rel=\"noopener\">Casa e Jardim<\/a><\/li>\n<li><a href=\"https:\/\/www.aarquiteta.com.br\/blog\/arquitetura\/mundo-arquitetura\/\" target=\"_blank\" rel=\"noopener\">Mundo Arquitetura<\/a><\/li>\n<li><a href=\"https:\/\/www.aarquiteta.com.br\/decoracao\/\" target=\"_blank\" rel=\"noopener\">Decora\u00e7\u00e3o\u00a0<\/a><\/li>\n<\/ul>\n","protected":false},"excerpt":{"rendered":"<p>Ambientes multifuncionais s\u00e3o aqueles que podem ser utilizados para mais de uma finalidade. Por exemplo, uma sala de estar que tamb\u00e9m pode ser utilizada como sala de jantar, ou um quarto que tamb\u00e9m pode funcionar como escrit\u00f3rio. Isso permite que o espa\u00e7o seja melhor aproveitado e as pessoas possam realizar mais atividades em um mesmo [&hellip;]<\/p>\n","protected":false},"author":102,"featured_media":75627,"comment_status":"open","ping_status":"closed","sticky":false,"template":"","format":"standard","meta":{"footnotes":""},"categories":[1507,971,35387],"tags":[26709,26707,26704,26700,26711,3325,26701,1333,26708,26705,26710,8431,26703,26702,7453,26706],"class_list":["post-75617","post","type-post","status-publish","format-standard","has-post-thumbnail","category-arquitetura","category-design-de-interiores","category-moveis-multifuncionais","tag-ambiente-adaptavel","tag-ambiente-dinamico","tag-ambiente-integrado","tag-ambientes-multifuncionais","tag-aproveitamento-de-espaco","tag-decoracao-inteligente","tag-design-flexivel","tag-espacos-pequenos","tag-funcionalidade-do-espaco","tag-layout-eficiente","tag-maximizacao-de-espaco","tag-moveis-multifuncionais","tag-organizacao-de-ambientes","tag-otimizacao-de-espaco","tag-solucoes-criativas","tag-versatilidade-do-espaco"],"_wp_attached_file":null,"_wp_attachment_metadata":null,"_wp_attachment_context":null,"_wp_attachment_is_custom_header":null,"geo_longitude":null,"geo_public":null,"geo_latitude":null,"_publicize_done_external":null,"_wpas_done_3897181":null,"publicize_twitter_user":null,"_wpas_done_3897175":null,"_wpas_skip_3897181":null,"_wpas_skip_3897175":null,"_wpas_skip_3924723":null,"_wpas_mess":null,"_wpas_done_3924723":null,"wps_subtitle":"Neste post, vamos explorar como ambientes multifuncionais e design flex\u00edvel podem ajudar a otimizar espa\u00e7os pequenos. Aprenda como maximizar cada metro quadrado e criar um ambiente confort\u00e1vel e funcional.","_links":{"self":[{"href":"https:\/\/www.aarquiteta.com.br\/blog\/wp-json\/wp\/v2\/posts\/75617","targetHints":{"allow":["GET"]}}],"collection":[{"href":"https:\/\/www.aarquiteta.com.br\/blog\/wp-json\/wp\/v2\/posts"}],"about":[{"href":"https:\/\/www.aarquiteta.com.br\/blog\/wp-json\/wp\/v2\/types\/post"}],"author":[{"embeddable":true,"href":"https:\/\/www.aarquiteta.com.br\/blog\/wp-json\/wp\/v2\/users\/102"}],"replies":[{"embeddable":true,"href":"https:\/\/www.aarquiteta.com.br\/blog\/wp-json\/wp\/v2\/comments?post=75617"}],"version-history":[{"count":0,"href":"https:\/\/www.aarquiteta.com.br\/blog\/wp-json\/wp\/v2\/posts\/75617\/revisions"}],"wp:featuredmedia":[{"embeddable":true,"href":"https:\/\/www.aarquiteta.com.br\/blog\/wp-json\/wp\/v2\/media\/75627"}],"wp:attachment":[{"href":"https:\/\/www.aarquiteta.com.br\/blog\/wp-json\/wp\/v2\/media?parent=75617"}],"wp:term":[{"taxonomy":"category","embeddable":true,"href":"https:\/\/www.aarquiteta.com.br\/blog\/wp-json\/wp\/v2\/categories?post=75617"},{"taxonomy":"post_tag","embeddable":true,"href":"https:\/\/www.aarquiteta.com.br\/blog\/wp-json\/wp\/v2\/tags?post=75617"}],"curies":[{"name":"wp","href":"https:\/\/api.w.org\/{rel}","templated":true}]}}