{"id":75311,"date":"2023-10-15T07:00:31","date_gmt":"2023-10-15T10:00:31","guid":{"rendered":"http:\/\/aarquiteta.com.br\/?p=75311"},"modified":"2024-09-15T09:01:54","modified_gmt":"2024-09-15T12:01:54","slug":"porta-de-correr-para-banheiro-4-modelos","status":"publish","type":"post","link":"https:\/\/www.aarquiteta.com.br\/blog\/porta-de-correr-para-banheiro-4-modelos\/","title":{"rendered":"Porta de Correr para Banheiro: Solu\u00e7\u00f5es para aproveitar melhor o espa\u00e7o."},"content":{"rendered":"<div class=\"group w-full text-gray-800 dark:text-gray-100 border-b border-black\/10 dark:border-gray-900\/50 bg-gray-50 dark:bg-[#444654] sm:AIPRM__conversation__response\"><div class=\"flex p-4 gap-4 text-base md:gap-6 md:max-w-3xl md:py-6 lg:px-0 m-auto\"><div class=\"relative flex w-[calc(100%-50px)] flex-col gap-1 md:gap-3 lg:w-[calc(100%-115px)]\"><div class=\"flex flex-grow flex-col gap-3\"><div class=\"min-h-[20px] flex items-start overflow-x-auto whitespace-pre-wrap break-words flex-col gap-4\"><div class=\"markdown prose w-full break-words dark:prose-invert dark AIPRM__conversation__response\"><p>Considerando reformar seu <a href=\"https:\/\/www.aarquiteta.com.br\/blog\/decoracao\/ambientes-na-decoracao\/decoracao-de-banheiro\/\" class=\"ilj-generated-link\">banheiro<\/a> ou construindo um novo? Sem d\u00favida, voc\u00ea j\u00e1 se deparou com o dilema de escolher a porta perfeita. Sabia que a porta de correr para banheiro pode ser a solu\u00e7\u00e3o que voc\u00ea procura? Esta op\u00e7\u00e3o moderna e elegante pode trazer diversos benef\u00edcios para seu ambiente, melhorando tanto a funcionalidade quanto a est\u00e9tica.<\/p><p>Mas o que \u00e9 exatamente uma porta de correr? Como pode beneficiar seu banheiro? Quais s\u00e3o os tipos dispon\u00edveis no mercado e como escolher a ideal? Abordaremos estas quest\u00f5es neste artigo e muito mais. Assim, voc\u00ea poder\u00e1 tomar a decis\u00e3o certa para o seu banheiro.<\/p><figure id=\"attachment_75334\" aria-describedby=\"caption-attachment-75334\" style=\"width: 667px\" class=\"wp-caption alignnone\"><img decoding=\"async\" class=\"wp-image-75334 size-full\" src=\"https:\/\/www.aarquiteta.com.br\/blog\/wp-content\/uploads\/2023\/02\/correr12.jpg\" alt=\"correr12\" width=\"667\" height=\"1000\" title=\"\" srcset=\"https:\/\/www.aarquiteta.com.br\/blog\/wp-content\/uploads\/2023\/02\/correr12.jpg 667w, https:\/\/www.aarquiteta.com.br\/blog\/wp-content\/uploads\/2023\/02\/correr12-150x225.jpg 150w\" sizes=\"(max-width: 667px) 100vw, 667px\" \/><figcaption id=\"caption-attachment-75334\" class=\"wp-caption-text\">Por: Decor F\u00e1cil<\/figcaption><\/figure><p>Por isso, se est\u00e1 procurando informa\u00e7\u00f5es sobre portas de correr para banheiro, continue lendo. Temos certeza que encontrar\u00e1 muitas informa\u00e7\u00f5es \u00fateis e dicas pr\u00e1ticas para auxiliar no seu projeto.<\/p><h2>O que \u00e9 uma Porta de Correr<\/h2><h3>Conceitos b\u00e1sicos<\/h3><p>Uma porta de correr \u00e9 um tipo de porta que abre ou fecha deslizando sobre um trilho, ao inv\u00e9s de usar dobradi\u00e7as para abrir para fora ou para dentro. Em um banheiro, isso pode ser particularmente \u00fatil, j\u00e1 que os espa\u00e7os costumam ser limitados e cada cent\u00edmetro economizado \u00e9 valioso.<\/p><figure id=\"attachment_75333\" aria-describedby=\"caption-attachment-75333\" style=\"width: 819px\" class=\"wp-caption alignnone\"><img decoding=\"async\" class=\"wp-image-75333 size-full\" src=\"https:\/\/www.aarquiteta.com.br\/blog\/wp-content\/uploads\/2023\/02\/correr11.jpg\" alt=\"correr11\" width=\"819\" height=\"1024\" title=\"\" srcset=\"https:\/\/www.aarquiteta.com.br\/blog\/wp-content\/uploads\/2023\/02\/correr11.jpg 819w, https:\/\/www.aarquiteta.com.br\/blog\/wp-content\/uploads\/2023\/02\/correr11-696x870.jpg 696w, https:\/\/www.aarquiteta.com.br\/blog\/wp-content\/uploads\/2023\/02\/correr11-150x188.jpg 150w\" sizes=\"(max-width: 819px) 100vw, 819px\" \/><figcaption id=\"caption-attachment-75333\" class=\"wp-caption-text\">Por: Dicas Decor<\/figcaption><\/figure><h2>Vantagens da Porta de Correr<\/h2><h3>Economia de espa\u00e7o<\/h3><p>A principal vantagem da porta de correr \u00e9, sem d\u00favida, a economia de espa\u00e7o. Como a porta desliza lateralmente, e n\u00e3o precisa de espa\u00e7o para abrir para dentro ou para fora, voc\u00ea acaba ganhando mais \u00e1rea \u00fatil no seu banheiro. Isso \u00e9 especialmente \u00fatil em banheiros pequenos, onde cada cent\u00edmetro faz a diferen\u00e7a.<\/p><h3>Privacidade e estilo<\/h3><p>Al\u00e9m da economia de espa\u00e7o, a porta de correr tamb\u00e9m oferece privacidade e estilo. Existem modelos de portas de correr dispon\u00edveis em uma variedade de materiais e designs, permitindo que voc\u00ea escolha a op\u00e7\u00e3o que mais se adequa ao seu gosto e ao estilo do seu banheiro.<\/p><figure id=\"attachment_75331\" aria-describedby=\"caption-attachment-75331\" style=\"width: 669px\" class=\"wp-caption alignnone\"><img decoding=\"async\" class=\"wp-image-75331 size-full\" title=\"Tipos de portas de correr para banheiro\" src=\"https:\/\/www.aarquiteta.com.br\/blog\/wp-content\/uploads\/2023\/02\/correr9.jpg\" alt=\"correr9\" width=\"669\" height=\"1000\" srcset=\"https:\/\/www.aarquiteta.com.br\/blog\/wp-content\/uploads\/2023\/02\/correr9.jpg 669w, https:\/\/www.aarquiteta.com.br\/blog\/wp-content\/uploads\/2023\/02\/correr9-150x224.jpg 150w\" sizes=\"(max-width: 669px) 100vw, 669px\" \/><figcaption id=\"caption-attachment-75331\" class=\"wp-caption-text\">Por: Decor F\u00e1cil<\/figcaption><\/figure><\/div><\/div><\/div><\/div><\/div><\/div><div class=\"group w-full text-gray-800 dark:text-gray-100 border-b border-black\/10 dark:border-gray-900\/50 bg-gray-50 dark:bg-[#444654] sm:AIPRM__conversation__response\"><div class=\"flex p-4 gap-4 text-base md:gap-6 md:max-w-3xl md:py-6 lg:px-0 m-auto\"><div class=\"relative flex w-[calc(100%-50px)] flex-col gap-1 md:gap-3 lg:w-[calc(100%-115px)]\"><div class=\"flex flex-grow flex-col gap-3\"><div class=\"min-h-[20px] flex items-start overflow-x-auto whitespace-pre-wrap break-words flex-col gap-4\"><div class=\"markdown prose w-full break-words dark:prose-invert dark AIPRM__conversation__response\"><h2>Tipos de Portas de Correr para Banheiro<\/h2><h3>Porta de correr de vidro para banheiro<\/h3><p>Uma das op\u00e7\u00f5es mais populares para banheiros \u00e9 a porta de correr de vidro. Este modelo traz uma sensa\u00e7\u00e3o de amplitude ao ambiente, al\u00e9m de ser f\u00e1cil de limpar e resistente \u00e0 umidade. Existem diversos tipos de vidro dispon\u00edveis, como o jateado ou fosco, que proporcionam privacidade sem comprometer a entrada de luz.<\/p><p><strong>Porta de correr de madeira para banheiro<\/strong><\/p><p>Outra op\u00e7\u00e3o \u00e9 a porta de correr de madeira. A madeira traz um toque de aconchego e eleg\u00e2ncia para o banheiro. No entanto, \u00e9 importante garantir que a madeira seja devidamente tratada para resistir \u00e0 umidade e ao uso cont\u00ednuo.<\/p><figure id=\"attachment_75323\" aria-describedby=\"caption-attachment-75323\" style=\"width: 667px\" class=\"wp-caption alignnone\"><img decoding=\"async\" class=\"wp-image-75323 size-full\" title=\"Porta de correr para banheiro embutida\" src=\"https:\/\/www.aarquiteta.com.br\/blog\/wp-content\/uploads\/2023\/02\/correr.jpg\" alt=\"correr\" width=\"667\" height=\"1000\" srcset=\"https:\/\/www.aarquiteta.com.br\/blog\/wp-content\/uploads\/2023\/02\/correr.jpg 667w, https:\/\/www.aarquiteta.com.br\/blog\/wp-content\/uploads\/2023\/02\/correr-150x225.jpg 150w\" sizes=\"(max-width: 667px) 100vw, 667px\" \/><figcaption id=\"caption-attachment-75323\" class=\"wp-caption-text\">Por: Decor F\u00e1cil<\/figcaption><\/figure><h3>Como escolher a Porta de Correr para banheiro ideal<\/h3><p><strong>Material<\/strong><\/p><p>A escolha do material \u00e9 fundamental na hora de selecionar a sua porta de correr. Considere a resist\u00eancia \u00e0 umidade, a facilidade de limpeza e a durabilidade. Al\u00e9m disso, pense no estilo do seu banheiro. Uma porta de vidro combina mais com um estilo moderno, enquanto a madeira pode complementar banheiros com uma decora\u00e7\u00e3o mais r\u00fastica ou cl\u00e1ssica.<\/p><p><strong>Durabilidade<\/strong><\/p><p>Pense tamb\u00e9m na durabilidade. Uma porta de correr \u00e9 um investimento que deve durar muitos anos. Por isso, \u00e9 importante escolher um modelo que seja resistente e de boa qualidade.<\/p><p><strong>Estilo e design<\/strong><\/p><p>Finalmente, considere o estilo e o design da porta. Existe uma ampla variedade de modelos, cores e <a href=\"https:\/\/www.aarquiteta.com.br\/blog\/engenharia-e-construcao-civil\/acabamentos\/\" class=\"ilj-generated-link\">acabamentos<\/a> dispon\u00edveis. Escolha uma porta que combine com a est\u00e9tica do seu banheiro e que voc\u00ea goste.<\/p><figure id=\"attachment_75324\" aria-describedby=\"caption-attachment-75324\" style=\"width: 1024px\" class=\"wp-caption alignnone\"><img decoding=\"async\" class=\"wp-image-75324 size-large\" title=\"Porta de correr para banheiro embutida\" src=\"https:\/\/www.aarquiteta.com.br\/blog\/wp-content\/uploads\/2023\/02\/correr2-1024x576.jpg\" alt=\"correr2\" width=\"1024\" height=\"576\" srcset=\"https:\/\/www.aarquiteta.com.br\/blog\/wp-content\/uploads\/2023\/02\/correr2-1024x576.jpg 1024w, https:\/\/www.aarquiteta.com.br\/blog\/wp-content\/uploads\/2023\/02\/correr2-696x392.jpg 696w, https:\/\/www.aarquiteta.com.br\/blog\/wp-content\/uploads\/2023\/02\/correr2-150x84.jpg 150w, https:\/\/www.aarquiteta.com.br\/blog\/wp-content\/uploads\/2023\/02\/correr2.jpg 1280w\" sizes=\"(max-width: 1024px) 100vw, 1024px\" \/><figcaption id=\"caption-attachment-75324\" class=\"wp-caption-text\">Por: Dicas de Arquitetura<\/figcaption><\/figure><p><strong>Instala\u00e7\u00e3o de porta de correr para banheiro<\/strong><\/p><p><strong>Como proceder<\/strong><\/p><p>A instala\u00e7\u00e3o de uma porta de correr pode ser mais complexa do que a de uma porta convencional. \u00c9 importante considerar a estrutura da parede onde a porta ser\u00e1 instalada e, em muitos casos, pode ser necess\u00e1rio contratar um <a href=\"https:\/\/www.aarquiteta.com.br\/blog\/carreira-de-arquitetura\/\" class=\"ilj-generated-link\">profissional<\/a> para realizar o trabalho.<\/p><p><strong>Profissional ou fa\u00e7a voc\u00ea mesmo<\/strong><\/p><p>Alguns modelos de portas de correr podem ser instalados pelo pr\u00f3prio dono da casa, mas isso depende da habilidade e experi\u00eancia com esse tipo de trabalho. Se voc\u00ea n\u00e3o se sente confort\u00e1vel em realizar a instala\u00e7\u00e3o, o melhor \u00e9 contratar um profissional para garantir que tudo seja feito corretamente.<\/p><figure id=\"attachment_75327\" aria-describedby=\"caption-attachment-75327\" style=\"width: 600px\" class=\"wp-caption alignnone\"><img decoding=\"async\" class=\"wp-image-75327 size-full\" title=\"Porta de correr para banheiro com roldana aparente\" src=\"https:\/\/www.aarquiteta.com.br\/blog\/wp-content\/uploads\/2023\/02\/correr5.jpg\" alt=\"correr5\" width=\"600\" height=\"600\" srcset=\"https:\/\/www.aarquiteta.com.br\/blog\/wp-content\/uploads\/2023\/02\/correr5.jpg 600w, https:\/\/www.aarquiteta.com.br\/blog\/wp-content\/uploads\/2023\/02\/correr5-96x96.jpg 96w, https:\/\/www.aarquiteta.com.br\/blog\/wp-content\/uploads\/2023\/02\/correr5-150x150.jpg 150w\" sizes=\"(max-width: 600px) 100vw, 600px\" \/><figcaption id=\"caption-attachment-75327\" class=\"wp-caption-text\">Por: ArkPad<\/figcaption><\/figure><\/div><\/div><\/div><\/div><\/div><\/div><div class=\"group w-full text-gray-800 dark:text-gray-100 border-b border-black\/10 dark:border-gray-900\/50 bg-gray-50 dark:bg-[#444654] sm:AIPRM__conversation__response\"><div class=\"flex p-4 gap-4 text-base md:gap-6 md:max-w-3xl md:py-6 lg:px-0 m-auto\"><div class=\"relative flex w-[calc(100%-50px)] flex-col gap-1 md:gap-3 lg:w-[calc(100%-115px)]\"><div class=\"flex flex-grow flex-col gap-3\"><div class=\"min-h-[20px] flex items-start overflow-x-auto whitespace-pre-wrap break-words flex-col gap-4\"><div class=\"markdown prose w-full break-words dark:prose-invert dark AIPRM__conversation__response\"><p><strong>Manuten\u00e7\u00e3o da Porta de Correr<\/strong><\/p><p><strong>Cuidados e dicas<\/strong><\/p><p>A manuten\u00e7\u00e3o da porta de correr \u00e9 relativamente simples, mas existem algumas dicas que podem ajud\u00e1-lo a manter a sua porta funcionando suavemente e por mais tempo. Certifique-se de limpar regularmente o trilho da porta e de lubrificar as partes <a href=\"https:\/\/www.aarquiteta.com.br\/blog\/home-decor\/moveis\/\" class=\"ilj-generated-link\">m\u00f3veis<\/a>. Al\u00e9m disso, \u00e9 importante verificar regularmente se todos os parafusos e fixa\u00e7\u00f5es est\u00e3o seguros e se a porta est\u00e1 se movendo livremente.<\/p><figure id=\"attachment_75329\" aria-describedby=\"caption-attachment-75329\" style=\"width: 887px\" class=\"wp-caption alignnone\"><img decoding=\"async\" class=\"wp-image-75329 size-full\" title=\"Porta de vidro de correr\" src=\"https:\/\/www.aarquiteta.com.br\/blog\/wp-content\/uploads\/2023\/02\/correr7.jpg\" alt=\"correr7\" width=\"887\" height=\"726\" srcset=\"https:\/\/www.aarquiteta.com.br\/blog\/wp-content\/uploads\/2023\/02\/correr7.jpg 887w, https:\/\/www.aarquiteta.com.br\/blog\/wp-content\/uploads\/2023\/02\/correr7-696x570.jpg 696w, https:\/\/www.aarquiteta.com.br\/blog\/wp-content\/uploads\/2023\/02\/correr7-150x123.jpg 150w\" sizes=\"(max-width: 887px) 100vw, 887px\" \/><figcaption id=\"caption-attachment-75329\" class=\"wp-caption-text\">Por: PS do Vidro<\/figcaption><\/figure><p><strong>Erros comuns ao instalar Portas de Correr<\/strong><\/p><p><strong>Erros a evitar<\/strong><\/p><p>Existem alguns erros comuns que podem ocorrer durante a instala\u00e7\u00e3o de portas de correr. Um deles \u00e9 n\u00e3o medir corretamente o espa\u00e7o dispon\u00edvel, o que pode resultar em uma porta que n\u00e3o se encaixa corretamente. Outro erro comum \u00e9 n\u00e3o considerar o peso da porta. As portas de correr podem ser pesadas, e a estrutura onde ser\u00e3o instaladas precisa conseguir suportar esse peso.<\/p><figure id=\"attachment_75330\" aria-describedby=\"caption-attachment-75330\" style=\"width: 564px\" class=\"wp-caption alignnone\"><img decoding=\"async\" class=\"wp-image-75330 size-full\" title=\"Porta de vidro de correr\" src=\"https:\/\/www.aarquiteta.com.br\/blog\/wp-content\/uploads\/2023\/02\/correr8.jpg\" alt=\"correr8\" width=\"564\" height=\"752\" srcset=\"https:\/\/www.aarquiteta.com.br\/blog\/wp-content\/uploads\/2023\/02\/correr8.jpg 564w, https:\/\/www.aarquiteta.com.br\/blog\/wp-content\/uploads\/2023\/02\/correr8-150x200.jpg 150w\" sizes=\"(max-width: 564px) 100vw, 564px\" \/><figcaption id=\"caption-attachment-75330\" class=\"wp-caption-text\">Por: Dcore Voc\u00ea<\/figcaption><\/figure><p><strong>D\u00favidas Frequentes<\/strong><\/p><p><strong>As portas de correr oferecem privacidade suficiente para um banheiro?<\/strong><\/p><p>Sim, as portas de correr podem oferecer tanta privacidade quanto as portas convencionais, dependendo do material e do design escolhido.<\/p><p><strong>Posso instalar uma\u00a0 porta de correr para banheiro de vidro pequena?<\/strong><\/p><p>Sim, as portas de correr s\u00e3o ideais para banheiros pequenos, por economizarem espa\u00e7o.<\/p><p><strong>A instala\u00e7\u00e3o de uma porta de correr \u00e9 dif\u00edcil?<\/strong><\/p><p>A instala\u00e7\u00e3o de uma porta de correr pode ser mais complexa do que a de uma porta convencional e, em muitos casos, pode ser melhor contratar um profissional.<\/p><p><strong>Como posso manter minha porta de correr funcionando suavemente?<\/strong><\/p><p>Limpe regularmente o trilho da porta e lubrifique as partes m\u00f3veis. Al\u00e9m disso, verifique regularmente se todos os parafusos e fixa\u00e7\u00f5es est\u00e3o seguros.<\/p><p><strong>Posso usar qualquer tipo de material para uma porta de correr de banheiro?<\/strong><\/p><p>O material escolhido para a porta de correr deve ser resistente \u00e0 umidade e f\u00e1cil de limpar. Vidro e madeira tratada s\u00e3o op\u00e7\u00f5es populares.<\/p><ol><li><figure id=\"attachment_75328\" aria-describedby=\"caption-attachment-75328\" style=\"width: 427px\" class=\"wp-caption alignnone\"><img decoding=\"async\" class=\"wp-image-75328 size-full\" src=\"https:\/\/www.aarquiteta.com.br\/blog\/wp-content\/uploads\/2023\/02\/correr6.jpg\" alt=\"\" width=\"427\" height=\"640\" title=\"\" srcset=\"https:\/\/www.aarquiteta.com.br\/blog\/wp-content\/uploads\/2023\/02\/correr6.jpg 427w, https:\/\/www.aarquiteta.com.br\/blog\/wp-content\/uploads\/2023\/02\/correr6-150x225.jpg 150w\" sizes=\"(max-width: 427px) 100vw, 427px\" \/><figcaption id=\"caption-attachment-75328\" class=\"wp-caption-text\">Por: Doce Obra<\/figcaption><\/figure><\/li><\/ol><p><strong>Conclus\u00e3o<\/strong><\/p><p>As portas de correr s\u00e3o uma solu\u00e7\u00e3o moderna e elegante para qualquer banheiro. Elas economizam espa\u00e7o, oferecem privacidade e est\u00e3o dispon\u00edveis em uma variedade de estilos e materiais. No entanto, \u00e9 importante escolher o modelo correto e garantir uma instala\u00e7\u00e3o correta para aproveitar todos os benef\u00edcios que este tipo de porta pode oferecer.<\/p><p><strong>Curiosidade<\/strong><\/p><p>Voc\u00ea sabia que as portas de correr t\u00eam origem asi\u00e1tica? Elas eram muito usadas em casas tradicionais japonesas, conhecidas como &#8220;washitsu&#8221;. Naquela \u00e9poca, eram feitas de madeira e papel de arroz!<\/p><\/div><\/div><\/div><\/div><\/div><\/div><figure id=\"attachment_75325\" aria-describedby=\"caption-attachment-75325\" style=\"width: 768px\" class=\"wp-caption alignnone\"><img decoding=\"async\" class=\"wp-image-75325 size-full\" title=\"Porta de correr para banheiro com band\u00f4\" src=\"https:\/\/www.aarquiteta.com.br\/blog\/wp-content\/uploads\/2023\/02\/correr3.jpg\" alt=\"correr3\" width=\"768\" height=\"768\" srcset=\"https:\/\/www.aarquiteta.com.br\/blog\/wp-content\/uploads\/2023\/02\/correr3.jpg 768w, https:\/\/www.aarquiteta.com.br\/blog\/wp-content\/uploads\/2023\/02\/correr3-696x696.jpg 696w, https:\/\/www.aarquiteta.com.br\/blog\/wp-content\/uploads\/2023\/02\/correr3-96x96.jpg 96w, https:\/\/www.aarquiteta.com.br\/blog\/wp-content\/uploads\/2023\/02\/correr3-150x150.jpg 150w\" sizes=\"(max-width: 768px) 100vw, 768px\" \/><figcaption id=\"caption-attachment-75325\" class=\"wp-caption-text\">Por: ArkPad<\/figcaption><\/figure><figure id=\"attachment_75326\" aria-describedby=\"caption-attachment-75326\" style=\"width: 683px\" class=\"wp-caption alignnone\"><img decoding=\"async\" class=\"wp-image-75326 size-large\" title=\"Porta de correr para banheiro com band\u00f4\" src=\"https:\/\/www.aarquiteta.com.br\/blog\/wp-content\/uploads\/2023\/02\/correr4-683x1024.jpg\" alt=\"correr4\" width=\"683\" height=\"1024\" srcset=\"https:\/\/www.aarquiteta.com.br\/blog\/wp-content\/uploads\/2023\/02\/correr4-683x1024.jpg 683w, https:\/\/www.aarquiteta.com.br\/blog\/wp-content\/uploads\/2023\/02\/correr4-696x1044.jpg 696w, https:\/\/www.aarquiteta.com.br\/blog\/wp-content\/uploads\/2023\/02\/correr4-150x225.jpg 150w, https:\/\/www.aarquiteta.com.br\/blog\/wp-content\/uploads\/2023\/02\/correr4.jpg 864w\" sizes=\"(max-width: 683px) 100vw, 683px\" \/><figcaption id=\"caption-attachment-75326\" class=\"wp-caption-text\">Pinterest<\/figcaption><\/figure><figure id=\"attachment_70835\" aria-describedby=\"caption-attachment-70835\" style=\"width: 450px\" class=\"wp-caption alignnone\"><img decoding=\"async\" class=\"size-full wp-image-70835\" src=\"https:\/\/www.aarquiteta.com.br\/blog\/wp-content\/uploads\/2022\/10\/portacorrer9.jpg\" alt=\"Porta de correr para banheiro. PINTEREST\" width=\"450\" height=\"421\" title=\"\" srcset=\"https:\/\/www.aarquiteta.com.br\/blog\/wp-content\/uploads\/2022\/10\/portacorrer9.jpg 450w, https:\/\/www.aarquiteta.com.br\/blog\/wp-content\/uploads\/2022\/10\/portacorrer9-150x140.jpg 150w\" sizes=\"(max-width: 450px) 100vw, 450px\" \/><figcaption id=\"caption-attachment-70835\" class=\"wp-caption-text\">Porta de correr para banheiro. PINTEREST<\/figcaption><\/figure><figure id=\"attachment_77718\" aria-describedby=\"caption-attachment-77718\" style=\"width: 1200px\" class=\"wp-caption alignnone\"><img decoding=\"async\" class=\"size-full wp-image-77718\" src=\"https:\/\/www.aarquiteta.com.br\/blog\/wp-content\/uploads\/2023\/03\/porta-de-correr-2.jpg\" alt=\"Porta de Correr para Banheiro\" width=\"1200\" height=\"800\" title=\"\" srcset=\"https:\/\/www.aarquiteta.com.br\/blog\/wp-content\/uploads\/2023\/03\/porta-de-correr-2.jpg 1200w, https:\/\/www.aarquiteta.com.br\/blog\/wp-content\/uploads\/2023\/03\/porta-de-correr-2-1024x683.jpg 1024w, https:\/\/www.aarquiteta.com.br\/blog\/wp-content\/uploads\/2023\/03\/porta-de-correr-2-696x464.jpg 696w, https:\/\/www.aarquiteta.com.br\/blog\/wp-content\/uploads\/2023\/03\/porta-de-correr-2-150x100.jpg 150w\" sizes=\"(max-width: 1200px) 100vw, 1200px\" \/><figcaption id=\"caption-attachment-77718\" class=\"wp-caption-text\">Foto: Canva.com<\/figcaption><\/figure><p><strong>E a\u00ed, gostou do artigo sobre Porta de correr para banheiro 4 modelos para sua casa?<\/strong><\/p><p>Ent\u00e3o deslize a tela para baixo e<a href=\"https:\/\/br.pinterest.com\/aarquitetapinterest\/_created\/\" target=\"_blank\" rel=\"noopener\"> confira mais dicas<\/a> como esta e n\u00e3o se esque\u00e7a de compartilhar com os amigos!<\/p><p>Quer mais dicas sobre o mundo da Arquitetura e Decora\u00e7\u00e3o, ent\u00e3o confira alguns dos nossos artigos em:<\/p><ul><li><a href=\"https:\/\/www.aarquiteta.com.br\/blog\/paisagismo\/\" target=\"_blank\" rel=\"noopener\">Casa e Jardim<\/a><\/li><li><a href=\"https:\/\/www.aarquiteta.com.br\/blog\/arquitetura\/mundo-arquitetura\/\" target=\"_blank\" rel=\"noopener\">Mundo Arquitetura<\/a><\/li><li><a href=\"https:\/\/www.aarquiteta.com.br\/decoracao\/\" target=\"_blank\" rel=\"noopener\">Decora\u00e7\u00e3o<br \/>\n<\/a><\/li><\/ul><p>&nbsp;<\/p>","protected":false},"excerpt":{"rendered":"<p>Considerando reformar seu banheiro ou construindo um novo? Sem d\u00favida, voc\u00ea j\u00e1 se deparou com o dilema de escolher a porta perfeita. Sabia que a porta de correr para banheiro pode ser a solu\u00e7\u00e3o que voc\u00ea procura? Esta op\u00e7\u00e3o moderna e elegante pode trazer diversos benef\u00edcios para seu ambiente, melhorando tanto a funcionalidade quanto a [&hellip;]<\/p>\n","protected":false},"author":102,"featured_media":75332,"comment_status":"closed","ping_status":"closed","sticky":false,"template":"","format":"standard","meta":{"footnotes":""},"categories":[18760,1484],"tags":[2164,336,26843,31291,22600,26531,26525,26533,26524,26529,26528,26530,26526,26532,26527],"class_list":["post-75311","post","type-post","status-publish","format-standard","has-post-thumbnail","category-decoracao-de-banheiro","category-decoracao","tag-banheiro","tag-decoracao","tag-economia-de-espaco","tag-estilos-de-porta","tag-porta-de-correr","tag-porta-de-correr-com-trilho-para-banheiro","tag-porta-de-correr-no-banheiro","tag-porta-de-correr-ou-de-abrir","tag-porta-de-correr-para-banheiro","tag-porta-de-correr-para-banheiro-branca","tag-porta-de-correr-para-banheiro-completa","tag-porta-de-correr-para-banheiro-embutida","tag-porta-de-correr-para-banheiro-pequeno","tag-porta-de-correr-para-banheiro-suite","tag-porta-de-correr-para-banheiro-vidro"],"_wp_attached_file":null,"_wp_attachment_metadata":null,"_wp_attachment_context":null,"_wp_attachment_is_custom_header":null,"geo_longitude":null,"geo_public":null,"geo_latitude":null,"_publicize_done_external":null,"_wpas_done_3897181":null,"publicize_twitter_user":null,"_wpas_done_3897175":null,"_wpas_skip_3897181":null,"_wpas_skip_3897175":null,"_wpas_skip_3924723":null,"_wpas_mess":null,"_wpas_done_3924723":null,"wps_subtitle":"Conhe\u00e7a diferentes modelos de porta de correr para banheiro e como escolher a op\u00e7\u00e3o ideal para otimizar espa\u00e7o e estilo. ","_links":{"self":[{"href":"https:\/\/www.aarquiteta.com.br\/blog\/wp-json\/wp\/v2\/posts\/75311","targetHints":{"allow":["GET"]}}],"collection":[{"href":"https:\/\/www.aarquiteta.com.br\/blog\/wp-json\/wp\/v2\/posts"}],"about":[{"href":"https:\/\/www.aarquiteta.com.br\/blog\/wp-json\/wp\/v2\/types\/post"}],"author":[{"embeddable":true,"href":"https:\/\/www.aarquiteta.com.br\/blog\/wp-json\/wp\/v2\/users\/102"}],"replies":[{"embeddable":true,"href":"https:\/\/www.aarquiteta.com.br\/blog\/wp-json\/wp\/v2\/comments?post=75311"}],"version-history":[{"count":0,"href":"https:\/\/www.aarquiteta.com.br\/blog\/wp-json\/wp\/v2\/posts\/75311\/revisions"}],"wp:featuredmedia":[{"embeddable":true,"href":"https:\/\/www.aarquiteta.com.br\/blog\/wp-json\/wp\/v2\/media\/75332"}],"wp:attachment":[{"href":"https:\/\/www.aarquiteta.com.br\/blog\/wp-json\/wp\/v2\/media?parent=75311"}],"wp:term":[{"taxonomy":"category","embeddable":true,"href":"https:\/\/www.aarquiteta.com.br\/blog\/wp-json\/wp\/v2\/categories?post=75311"},{"taxonomy":"post_tag","embeddable":true,"href":"https:\/\/www.aarquiteta.com.br\/blog\/wp-json\/wp\/v2\/tags?post=75311"}],"curies":[{"name":"wp","href":"https:\/\/api.w.org\/{rel}","templated":true}]}}