{"id":75178,"date":"2023-02-10T17:00:00","date_gmt":"2023-02-10T20:00:00","guid":{"rendered":"http:\/\/aarquiteta.com.br\/?p=75178"},"modified":"2023-02-10T16:28:00","modified_gmt":"2023-02-10T19:28:00","slug":"adromischus-conheca-essa-planta","status":"publish","type":"post","link":"https:\/\/www.aarquiteta.com.br\/blog\/adromischus-conheca-essa-planta\/","title":{"rendered":"Adromischus &#8211; conhe\u00e7a essa planta em 3 dicas!"},"content":{"rendered":"<p>Adromischus \u00e9 um g\u00eanero de pequenas plantas suculentas que pertence \u00e0 fam\u00edlia Crassulaceae.<\/p>\n<p>Essas plantas s\u00e3o nativas do sul e leste da \u00c1frica, conhecidas por suas folhas \u00fanicas, muitas vezes assim\u00e9tricas, que v\u00eam em v\u00e1rias formas e cores, variando do verde ao roxo ou at\u00e9 quase preto.<\/p>\n<figure id=\"attachment_75219\" aria-describedby=\"caption-attachment-75219\" style=\"width: 1024px\" class=\"wp-caption alignnone\"><img decoding=\"async\" class=\"wp-image-75219 size-full\" src=\"https:\/\/www.aarquiteta.com.br\/blog\/wp-content\/uploads\/2023\/02\/adromischus12.webp\" alt=\"\" width=\"1024\" height=\"640\" title=\"\" srcset=\"https:\/\/www.aarquiteta.com.br\/blog\/wp-content\/uploads\/2023\/02\/adromischus12.webp 1024w, https:\/\/www.aarquiteta.com.br\/blog\/wp-content\/uploads\/2023\/02\/adromischus12-696x435.webp 696w, https:\/\/www.aarquiteta.com.br\/blog\/wp-content\/uploads\/2023\/02\/adromischus12-150x94.webp 150w\" sizes=\"(max-width: 1024px) 100vw, 1024px\" \/><figcaption id=\"caption-attachment-75219\" class=\"wp-caption-text\">Por: Club Suculentas<\/figcaption><\/figure>\n<h2>Curiosidades sobre a Adromischus<\/h2>\n<p>Adromischus s\u00e3o populares como plantas de interior ou de estufa devido \u00e0 sua baixa manuten\u00e7\u00e3o e toler\u00e2ncia a uma variedade de condi\u00e7\u00f5es.<\/p>\n<figure id=\"attachment_75218\" aria-describedby=\"caption-attachment-75218\" style=\"width: 1024px\" class=\"wp-caption alignnone\"><img decoding=\"async\" class=\"wp-image-75218 size-full\" title=\"Curiosidades sobre a Adromischus\" src=\"https:\/\/www.aarquiteta.com.br\/blog\/wp-content\/uploads\/2023\/02\/adromischus11.webp\" alt=\"Curiosidades sobre a Adromischus\" width=\"1024\" height=\"640\" srcset=\"https:\/\/www.aarquiteta.com.br\/blog\/wp-content\/uploads\/2023\/02\/adromischus11.webp 1024w, https:\/\/www.aarquiteta.com.br\/blog\/wp-content\/uploads\/2023\/02\/adromischus11-696x435.webp 696w, https:\/\/www.aarquiteta.com.br\/blog\/wp-content\/uploads\/2023\/02\/adromischus11-150x94.webp 150w\" sizes=\"(max-width: 1024px) 100vw, 1024px\" \/><figcaption id=\"caption-attachment-75218\" class=\"wp-caption-text\">Por: Club Suculentas<\/figcaption><\/figure>\n<p>Eles normalmente requerem solo bem drenado, luz brilhante, mas indireta, e rega regular durante a esta\u00e7\u00e3o de crescimento, com menos \u00e1gua necess\u00e1ria durante o per\u00edodo de dorm\u00eancia.<\/p>\n<h3>1 \u2014 Algumas esp\u00e9cies populares de Adromischus:<\/h3>\n<p>Existem v\u00e1rias esp\u00e9cies de Adromischus que s\u00e3o populares entre os cultivadores de plantas. Aqui est\u00e3o algumas das mais comuns:<\/p>\n<p><strong>Adromischus cristatus:<\/strong> Esta esp\u00e9cie tem folhas achatadas e onduladas com uma textura rugosa. Elas s\u00e3o cor verdes escuro com manchas marrons e brancas.<\/p>\n<figure id=\"attachment_75208\" aria-describedby=\"caption-attachment-75208\" style=\"width: 700px\" class=\"wp-caption alignnone\"><img decoding=\"async\" class=\"wp-image-75208 size-full\" title=\"Adromischus cristatus\" src=\"https:\/\/www.aarquiteta.com.br\/blog\/wp-content\/uploads\/2023\/02\/adromischus.jpg\" alt=\"adromischus\" width=\"700\" height=\"400\" srcset=\"https:\/\/www.aarquiteta.com.br\/blog\/wp-content\/uploads\/2023\/02\/adromischus.jpg 700w, https:\/\/www.aarquiteta.com.br\/blog\/wp-content\/uploads\/2023\/02\/adromischus-696x398.jpg 696w, https:\/\/www.aarquiteta.com.br\/blog\/wp-content\/uploads\/2023\/02\/adromischus-150x86.jpg 150w\" sizes=\"(max-width: 700px) 100vw, 700px\" \/><figcaption id=\"caption-attachment-75208\" class=\"wp-caption-text\">Por: Terragam<\/figcaption><\/figure>\n<p><strong>Adromischus marianiae:<\/strong> Esta esp\u00e9cie tem folhas ovaladas e suculentas que variam em cor de verde-claro a verde-escuro. \u00c9 conhecida por sua apar\u00eancia distinta, com manchas marrons ou vermelhas nas folhas.<\/p>\n<figure id=\"attachment_75209\" aria-describedby=\"caption-attachment-75209\" style=\"width: 1024px\" class=\"wp-caption alignnone\"><img decoding=\"async\" class=\"wp-image-75209 size-large\" title=\"adromischus2\" src=\"https:\/\/www.aarquiteta.com.br\/blog\/wp-content\/uploads\/2023\/02\/adromischus2-1024x1024.jpg\" alt=\"adromischus2\" width=\"1024\" height=\"1024\" srcset=\"https:\/\/www.aarquiteta.com.br\/blog\/wp-content\/uploads\/2023\/02\/adromischus2-1024x1024.jpg 1024w, https:\/\/www.aarquiteta.com.br\/blog\/wp-content\/uploads\/2023\/02\/adromischus2-696x696.jpg 696w, https:\/\/www.aarquiteta.com.br\/blog\/wp-content\/uploads\/2023\/02\/adromischus2-96x96.jpg 96w, https:\/\/www.aarquiteta.com.br\/blog\/wp-content\/uploads\/2023\/02\/adromischus2-150x150.jpg 150w, https:\/\/www.aarquiteta.com.br\/blog\/wp-content\/uploads\/2023\/02\/adromischus2.jpg 1200w\" sizes=\"(max-width: 1024px) 100vw, 1024px\" \/><figcaption id=\"caption-attachment-75209\" class=\"wp-caption-text\">Por: Giromagi Cactis<\/figcaption><\/figure>\n<p><strong>Adromischus cooperi:<\/strong> Esta esp\u00e9cie tem folhas suculentas achatadas com uma textura rugosa. S\u00e3o cores verdes\u00a0escuro com manchas marrons e brancas.<\/p>\n<figure id=\"attachment_75210\" aria-describedby=\"caption-attachment-75210\" style=\"width: 700px\" class=\"wp-caption alignnone\"><img decoding=\"async\" class=\"wp-image-75210 size-full\" title=\"Adromischus cooperi\" src=\"https:\/\/www.aarquiteta.com.br\/blog\/wp-content\/uploads\/2023\/02\/adromischus3.jpg\" alt=\"\" width=\"700\" height=\"525\" srcset=\"https:\/\/www.aarquiteta.com.br\/blog\/wp-content\/uploads\/2023\/02\/adromischus3.jpg 700w, https:\/\/www.aarquiteta.com.br\/blog\/wp-content\/uploads\/2023\/02\/adromischus3-696x522.jpg 696w, https:\/\/www.aarquiteta.com.br\/blog\/wp-content\/uploads\/2023\/02\/adromischus3-150x113.jpg 150w\" sizes=\"(max-width: 700px) 100vw, 700px\" \/><figcaption id=\"caption-attachment-75210\" class=\"wp-caption-text\">Por: S\u00edtio da Mata<\/figcaption><\/figure>\n<p><strong>Adromischus trigynus:<\/strong> Esta esp\u00e9cie tem folhas suculentas em forma de estrela com uma textura rugosa. S\u00e3o cores verdes escuro com manchas marrons e brancas.<\/p>\n<figure id=\"attachment_75211\" aria-describedby=\"caption-attachment-75211\" style=\"width: 900px\" class=\"wp-caption alignnone\"><img decoding=\"async\" class=\"wp-image-75211 size-full\" title=\"Adromischus trigynus\" src=\"https:\/\/www.aarquiteta.com.br\/blog\/wp-content\/uploads\/2023\/02\/adromischus4.jpg\" alt=\"\" width=\"900\" height=\"900\" srcset=\"https:\/\/www.aarquiteta.com.br\/blog\/wp-content\/uploads\/2023\/02\/adromischus4.jpg 900w, https:\/\/www.aarquiteta.com.br\/blog\/wp-content\/uploads\/2023\/02\/adromischus4-696x696.jpg 696w, https:\/\/www.aarquiteta.com.br\/blog\/wp-content\/uploads\/2023\/02\/adromischus4-96x96.jpg 96w, https:\/\/www.aarquiteta.com.br\/blog\/wp-content\/uploads\/2023\/02\/adromischus4-150x150.jpg 150w\" sizes=\"(max-width: 900px) 100vw, 900px\" \/><figcaption id=\"caption-attachment-75211\" class=\"wp-caption-text\">Por: Sucupop<\/figcaption><\/figure>\n<p><strong>Adromischus maculatus:<\/strong> Esta esp\u00e9cie tem folhas suculentas achatadas com uma textura rugosa. S\u00e3o cores verdes escuro com manchas marrons e brancas.<\/p>\n<figure id=\"attachment_75212\" aria-describedby=\"caption-attachment-75212\" style=\"width: 702px\" class=\"wp-caption alignnone\"><img decoding=\"async\" class=\"wp-image-75212 size-full\" title=\"Adromischus maculatus\" src=\"https:\/\/www.aarquiteta.com.br\/blog\/wp-content\/uploads\/2023\/02\/adromischus5.jpg\" alt=\"\" width=\"702\" height=\"527\" srcset=\"https:\/\/www.aarquiteta.com.br\/blog\/wp-content\/uploads\/2023\/02\/adromischus5.jpg 702w, https:\/\/www.aarquiteta.com.br\/blog\/wp-content\/uploads\/2023\/02\/adromischus5-696x522.jpg 696w, https:\/\/www.aarquiteta.com.br\/blog\/wp-content\/uploads\/2023\/02\/adromischus5-150x113.jpg 150w\" sizes=\"(max-width: 702px) 100vw, 702px\" \/><figcaption id=\"caption-attachment-75212\" class=\"wp-caption-text\">Pinterest<\/figcaption><\/figure>\n<p>Estas s\u00e3o apenas algumas das esp\u00e9cies populares de Adromischus. Cada uma pode ser cultivada com cuidado e aten\u00e7\u00e3o adequada para fornecer uma bela e saud\u00e1vel planta de interior.<\/p>\n<h3>2 \u2014 Como cultivar Adromischus?<\/h3>\n<p>Adromischus \u00e9 uma planta de interior que \u00e9 f\u00e1cil de cultivar se voc\u00ea fornecer as condi\u00e7\u00f5es ideais.<\/p>\n<p>Aqui est\u00e3o alguns requisitos importantes para o cultivo bem-sucedido de Adromischus:<\/p>\n<p>Ela prefere um solo bem drenado com uma boa quantidade de mat\u00e9ria org\u00e2nica, voc\u00ea pode misturar areia grossa e turfa para garantir que o solo dreno fique bem.<\/p>\n<figure id=\"attachment_75216\" aria-describedby=\"caption-attachment-75216\" style=\"width: 450px\" class=\"wp-caption alignnone\"><img decoding=\"async\" class=\"wp-image-75216 size-full\" title=\"Como cultivar Adromischus?\" src=\"https:\/\/www.aarquiteta.com.br\/blog\/wp-content\/uploads\/2023\/02\/adromischus9.webp\" alt=\"Como cultivar Adromischus?\" width=\"450\" height=\"450\" srcset=\"https:\/\/www.aarquiteta.com.br\/blog\/wp-content\/uploads\/2023\/02\/adromischus9.webp 450w, https:\/\/www.aarquiteta.com.br\/blog\/wp-content\/uploads\/2023\/02\/adromischus9-96x96.webp 96w, https:\/\/www.aarquiteta.com.br\/blog\/wp-content\/uploads\/2023\/02\/adromischus9-150x150.webp 150w\" sizes=\"(max-width: 450px) 100vw, 450px\" \/><figcaption id=\"caption-attachment-75216\" class=\"wp-caption-text\">Por: Retalhos Verdes<\/figcaption><\/figure>\n<p>Adromischus prefere luz brilhante, mas indireta, mantenha uma planta longa de fontes de luz solar direta, pois isso pode queimar como folhas.<\/p>\n<p>\u00c9 uma planta suculenta e, requer moderadamente uma quantidade de \u00e1gua, deixe o solo secar completamente antes de se regar novamente.<\/p>\n<p>Elas preferem temperaturas c\u00e1lidas, entre 15 e 25 graus Celsius.<\/p>\n<figure id=\"attachment_75217\" aria-describedby=\"caption-attachment-75217\" style=\"width: 375px\" class=\"wp-caption alignnone\"><img decoding=\"async\" class=\"wp-image-75217 size-full\" title=\"Como cultivar Adromischus?\" src=\"https:\/\/www.aarquiteta.com.br\/blog\/wp-content\/uploads\/2023\/02\/adromischus10.webp\" alt=\"Como cultivar Adromischus?\" width=\"375\" height=\"500\" srcset=\"https:\/\/www.aarquiteta.com.br\/blog\/wp-content\/uploads\/2023\/02\/adromischus10.webp 375w, https:\/\/www.aarquiteta.com.br\/blog\/wp-content\/uploads\/2023\/02\/adromischus10-150x200.webp 150w\" sizes=\"(max-width: 375px) 100vw, 375px\" \/><figcaption id=\"caption-attachment-75217\" class=\"wp-caption-text\">Por: Cacto en La Monta\u00f1a<\/figcaption><\/figure>\n<p>Seguindo estas diretrizes, voc\u00ea pode ter sucesso no cultivo de Adromischus, no entanto, \u00e9 importante estar atento a quaisquer sinais de problemas, como folhas amarelas ou poda excessivamente, e corrigi-los o mais r\u00e1pido poss\u00edvel.<\/p>\n<h3>3 \u2014 Dicas para decora\u00e7\u00e3o com Adromischus:<\/h3>\n<p>Adromischus \u00e9 uma planta suculenta que pode ser usada de v\u00e1rias maneiras para decorar o seu ambiente.<\/p>\n<p><em>Em vasos:<\/em> Adromischus pode ser cultivado em vasos de cer\u00e2mica ou pl\u00e1stico e pode ser usado como uma planta de destaque na decora\u00e7\u00e3o de sua casa.<\/p>\n<figure id=\"attachment_75213\" aria-describedby=\"caption-attachment-75213\" style=\"width: 1024px\" class=\"wp-caption alignnone\"><img decoding=\"async\" class=\"wp-image-75213 size-large\" title=\"Em vasos\" src=\"https:\/\/www.aarquiteta.com.br\/blog\/wp-content\/uploads\/2023\/02\/adromischus6-1024x1024.jpg\" alt=\"\" width=\"1024\" height=\"1024\" srcset=\"https:\/\/www.aarquiteta.com.br\/blog\/wp-content\/uploads\/2023\/02\/adromischus6-1024x1024.jpg 1024w, https:\/\/www.aarquiteta.com.br\/blog\/wp-content\/uploads\/2023\/02\/adromischus6-696x696.jpg 696w, https:\/\/www.aarquiteta.com.br\/blog\/wp-content\/uploads\/2023\/02\/adromischus6-96x96.jpg 96w, https:\/\/www.aarquiteta.com.br\/blog\/wp-content\/uploads\/2023\/02\/adromischus6-150x150.jpg 150w, https:\/\/www.aarquiteta.com.br\/blog\/wp-content\/uploads\/2023\/02\/adromischus6.jpg 2000w\" sizes=\"(max-width: 1024px) 100vw, 1024px\" \/><figcaption id=\"caption-attachment-75213\" class=\"wp-caption-text\">Por: Etsy<\/figcaption><\/figure>\n<p><em>Em combina\u00e7\u00e3o com outras plantas:<\/em> Adromischus pode ser cultivado com outras plantas suculentas para criar uma exibi\u00e7\u00e3o colorida e interessante.<\/p>\n<p><em>Em jardins verticais:<\/em> Adromischus pode ser usado para criar um jardim vertical interessante e colorido em sua parede ou cerca.<\/p>\n<figure id=\"attachment_75214\" aria-describedby=\"caption-attachment-75214\" style=\"width: 522px\" class=\"wp-caption alignnone\"><img decoding=\"async\" class=\"wp-image-75214 size-full\" title=\"Em jardins verticais\" src=\"https:\/\/www.aarquiteta.com.br\/blog\/wp-content\/uploads\/2023\/02\/adromischus7.jpg\" alt=\"Em jardins verticais\" width=\"522\" height=\"696\" srcset=\"https:\/\/www.aarquiteta.com.br\/blog\/wp-content\/uploads\/2023\/02\/adromischus7.jpg 522w, https:\/\/www.aarquiteta.com.br\/blog\/wp-content\/uploads\/2023\/02\/adromischus7-150x200.jpg 150w\" sizes=\"(max-width: 522px) 100vw, 522px\" \/><figcaption id=\"caption-attachment-75214\" class=\"wp-caption-text\">Por: Ideia Brasil<\/figcaption><\/figure>\n<p><em>Como planta de borda:<\/em> Adromischus pode ser usado como uma planta de borda para delimitar uma \u00e1rea de jardim ou para adicionar cor ao seu jardim.<\/p>\n<p><em>Em arranjos:<\/em> Adromischus pode ser usado em arranjos de flores para adicionar cor e textura ao seu ambiente.<\/p>\n<figure id=\"attachment_75215\" aria-describedby=\"caption-attachment-75215\" style=\"width: 800px\" class=\"wp-caption alignnone\"><img decoding=\"async\" class=\"wp-image-75215 size-full\" title=\"Em arranjos\" src=\"https:\/\/www.aarquiteta.com.br\/blog\/wp-content\/uploads\/2023\/02\/adromischus8.jpg\" alt=\"Em arranjos\" width=\"800\" height=\"754\" srcset=\"https:\/\/www.aarquiteta.com.br\/blog\/wp-content\/uploads\/2023\/02\/adromischus8.jpg 800w, https:\/\/www.aarquiteta.com.br\/blog\/wp-content\/uploads\/2023\/02\/adromischus8-696x656.jpg 696w, https:\/\/www.aarquiteta.com.br\/blog\/wp-content\/uploads\/2023\/02\/adromischus8-150x141.jpg 150w\" sizes=\"(max-width: 800px) 100vw, 800px\" \/><figcaption id=\"caption-attachment-75215\" class=\"wp-caption-text\">Pinterest<\/figcaption><\/figure>\n<p>&nbsp;<\/p>\n<p>&nbsp;<\/p>\n<h2>E a\u00ed, gostou do artigo sobre Adromischus &#8211; conhe\u00e7a essa planta em 3 dicas?<\/h2>\n<p>Ent\u00e3o deslize a tela para baixo e<a href=\"https:\/\/br.pinterest.com\/aarquitetapinterest\/_created\/\" target=\"_blank\" rel=\"noopener\"> confira mais dicas<\/a> como esta e n\u00e3o se esque\u00e7a de compartilhar com os amigos!<\/p>\n<p>Quer mais dicas sobre o mundo da Arquitetura e Decora\u00e7\u00e3o, ent\u00e3o confira alguns dos nossos artigos em:<\/p>\n<ul>\n<li><a href=\"https:\/\/www.aarquiteta.com.br\/blog\/paisagismo\/\" target=\"_blank\" rel=\"noopener\">Casa e Jardim<\/a><\/li>\n<li><a href=\"https:\/\/www.aarquiteta.com.br\/blog\/arquitetura\/mundo-arquitetura\/\" target=\"_blank\" rel=\"noopener\">Mundo Arquitetura<\/a><\/li>\n<li><a href=\"https:\/\/www.aarquiteta.com.br\/decoracao\/\" target=\"_blank\" rel=\"noopener\">Decora\u00e7\u00e3o<br \/>\n<\/a><\/li>\n<\/ul>\n<p>&nbsp;<\/p>\n","protected":false},"excerpt":{"rendered":"<p>Adromischus \u00e9 um g\u00eanero de pequenas plantas suculentas que pertence \u00e0 fam\u00edlia Crassulaceae. Essas plantas s\u00e3o nativas do sul e leste da \u00c1frica, conhecidas por suas folhas \u00fanicas, muitas vezes assim\u00e9tricas, que v\u00eam em v\u00e1rias formas e cores, variando do verde ao roxo ou at\u00e9 quase preto. Curiosidades sobre a Adromischus Adromischus s\u00e3o populares como [&hellip;]<\/p>\n","protected":false},"author":102,"featured_media":75220,"comment_status":"open","ping_status":"closed","sticky":false,"template":"","format":"standard","meta":{"footnotes":""},"categories":[10005,1484,18751,18758],"tags":[26410,26413,26411,26415,26412,26416,26414,26417,26418],"class_list":["post-75178","post","type-post","status-publish","format-standard","has-post-thumbnail","category-casa-e-jardim","category-decoracao","category-decoracao-sala-de-estar","category-decoracao-de-varanda-terraco","tag-adromischus","tag-adromischus-cooperi","tag-adromischus-cristatus","tag-adromischus-maculatus","tag-adromischus-marianiae","tag-adromischus-tipos","tag-adromischus-trigynus","tag-como-cultivar-adromischus","tag-o-que-e-adromischus"],"_wp_attached_file":null,"_wp_attachment_metadata":null,"_wp_attachment_context":null,"_wp_attachment_is_custom_header":null,"geo_longitude":null,"geo_public":null,"geo_latitude":null,"_publicize_done_external":null,"_wpas_done_3897181":null,"publicize_twitter_user":null,"_wpas_done_3897175":null,"_wpas_skip_3897181":null,"_wpas_skip_3897175":null,"_wpas_skip_3924723":null,"_wpas_mess":null,"_wpas_done_3924723":null,"wps_subtitle":"Veja essa plantinha que voc\u00ea pode ter em sua casa!","_links":{"self":[{"href":"https:\/\/www.aarquiteta.com.br\/blog\/wp-json\/wp\/v2\/posts\/75178","targetHints":{"allow":["GET"]}}],"collection":[{"href":"https:\/\/www.aarquiteta.com.br\/blog\/wp-json\/wp\/v2\/posts"}],"about":[{"href":"https:\/\/www.aarquiteta.com.br\/blog\/wp-json\/wp\/v2\/types\/post"}],"author":[{"embeddable":true,"href":"https:\/\/www.aarquiteta.com.br\/blog\/wp-json\/wp\/v2\/users\/102"}],"replies":[{"embeddable":true,"href":"https:\/\/www.aarquiteta.com.br\/blog\/wp-json\/wp\/v2\/comments?post=75178"}],"version-history":[{"count":0,"href":"https:\/\/www.aarquiteta.com.br\/blog\/wp-json\/wp\/v2\/posts\/75178\/revisions"}],"wp:featuredmedia":[{"embeddable":true,"href":"https:\/\/www.aarquiteta.com.br\/blog\/wp-json\/wp\/v2\/media\/75220"}],"wp:attachment":[{"href":"https:\/\/www.aarquiteta.com.br\/blog\/wp-json\/wp\/v2\/media?parent=75178"}],"wp:term":[{"taxonomy":"category","embeddable":true,"href":"https:\/\/www.aarquiteta.com.br\/blog\/wp-json\/wp\/v2\/categories?post=75178"},{"taxonomy":"post_tag","embeddable":true,"href":"https:\/\/www.aarquiteta.com.br\/blog\/wp-json\/wp\/v2\/tags?post=75178"}],"curies":[{"name":"wp","href":"https:\/\/api.w.org\/{rel}","templated":true}]}}