{"id":75173,"date":"2023-02-09T17:00:58","date_gmt":"2023-02-09T20:00:58","guid":{"rendered":"http:\/\/aarquiteta.com.br\/?p=75173"},"modified":"2023-02-09T15:52:40","modified_gmt":"2023-02-09T18:52:40","slug":"senecio-4-dicas-importantes","status":"publish","type":"post","link":"https:\/\/www.aarquiteta.com.br\/blog\/senecio-4-dicas-importantes\/","title":{"rendered":"Sen\u00e9cio &#8211; 4 dicas importantes para seu cultivo!"},"content":{"rendered":"<p>Sen\u00e9cio \u00e9 um g\u00eanero de plantas da fam\u00edlia do girassol (Asteraceae), com ampla distribui\u00e7\u00e3o nas Am\u00e9ricas, \u00c1frica e Europa.<\/p>\n<p>Inclui muitas esp\u00e9cies de ervas, arbustos e \u00e1rvores anuais e perenes, bem como v\u00e1rias plantas suculentas.<\/p>\n<figure id=\"attachment_75190\" aria-describedby=\"caption-attachment-75190\" style=\"width: 1280px\" class=\"wp-caption alignnone\"><img decoding=\"async\" class=\"wp-image-75190 size-full\" src=\"https:\/\/www.aarquiteta.com.br\/blog\/wp-content\/uploads\/2023\/02\/senecio9.jpg\" alt=\"senecio9\" width=\"1280\" height=\"720\" title=\"\" srcset=\"https:\/\/www.aarquiteta.com.br\/blog\/wp-content\/uploads\/2023\/02\/senecio9.jpg 1280w, https:\/\/www.aarquiteta.com.br\/blog\/wp-content\/uploads\/2023\/02\/senecio9-1024x576.jpg 1024w, https:\/\/www.aarquiteta.com.br\/blog\/wp-content\/uploads\/2023\/02\/senecio9-696x392.jpg 696w, https:\/\/www.aarquiteta.com.br\/blog\/wp-content\/uploads\/2023\/02\/senecio9-150x84.jpg 150w\" sizes=\"(max-width: 1280px) 100vw, 1280px\" \/><figcaption id=\"caption-attachment-75190\" class=\"wp-caption-text\">Por: YouTube<\/figcaption><\/figure>\n<p>Muitas esp\u00e9cies de Sen\u00e9cio s\u00e3o cultivadas por sua atraente folhagem e flores, que variam em cores de amarelo e branco a vermelho e laranja.<\/p>\n<p>Algumas esp\u00e9cies, no entanto, podem ser altamente t\u00f3xicas, especialmente para o gado, e devem ser manuseadas com cuidado.<\/p>\n<h2>Caracter\u00edsticas gerais das plantas Sen\u00e9cio<\/h2>\n<p>As plantas do g\u00eanero Sen\u00e9cio apresentam uma grande variedade de formas e tamanhos, desde pequenas ervas at\u00e9 arbustos e \u00e1rvores perenes.<\/p>\n<figure id=\"attachment_75201\" aria-describedby=\"caption-attachment-75201\" style=\"width: 612px\" class=\"wp-caption alignnone\"><img decoding=\"async\" class=\"wp-image-75201 size-full\" title=\"Caracter\u00edsticas gerais das plantas Sen\u00e9cio\" src=\"https:\/\/www.aarquiteta.com.br\/blog\/wp-content\/uploads\/2023\/02\/senecio17.jpg\" alt=\"senecio17\" width=\"612\" height=\"408\" srcset=\"https:\/\/www.aarquiteta.com.br\/blog\/wp-content\/uploads\/2023\/02\/senecio17.jpg 612w, https:\/\/www.aarquiteta.com.br\/blog\/wp-content\/uploads\/2023\/02\/senecio17-150x100.jpg 150w\" sizes=\"(max-width: 612px) 100vw, 612px\" \/><figcaption id=\"caption-attachment-75201\" class=\"wp-caption-text\">Por: iStock<\/figcaption><\/figure>\n<p>A maioria das esp\u00e9cies possui folhas verdes e largas, mas algumas tamb\u00e9m apresentam folhas suculentas ou pubesc\u00eancia na superf\u00edcie.<\/p>\n<p>As flores do g\u00eanero Sen\u00e9cio s\u00e3o geralmente discoides, amarelas ou brancas, mas algumas esp\u00e9cies apresentam flores vermelhas, laranjas ou rosadas.<\/p>\n<p>As sementes s\u00e3o produzidas em c\u00e1psulas e dispersas pelo vento ou animais.<\/p>\n<p>Em termos de cultivo, as plantas do g\u00eanero Sen\u00e9cio pouca manuten\u00e7\u00e3o e s\u00e3o geralmente f\u00e1ceis de cultivar em condi\u00e7\u00f5es adequadas.<\/p>\n<figure id=\"attachment_75197\" aria-describedby=\"caption-attachment-75197\" style=\"width: 800px\" class=\"wp-caption alignnone\"><img decoding=\"async\" class=\"wp-image-75197 size-full\" title=\"Caracter\u00edsticas gerais das plantas Sen\u00e9cio\" src=\"https:\/\/www.aarquiteta.com.br\/blog\/wp-content\/uploads\/2023\/02\/senecio15.jpg\" alt=\"senecio15\" width=\"800\" height=\"800\" srcset=\"https:\/\/www.aarquiteta.com.br\/blog\/wp-content\/uploads\/2023\/02\/senecio15.jpg 800w, https:\/\/www.aarquiteta.com.br\/blog\/wp-content\/uploads\/2023\/02\/senecio15-696x696.jpg 696w, https:\/\/www.aarquiteta.com.br\/blog\/wp-content\/uploads\/2023\/02\/senecio15-96x96.jpg 96w, https:\/\/www.aarquiteta.com.br\/blog\/wp-content\/uploads\/2023\/02\/senecio15-150x150.jpg 150w\" sizes=\"(max-width: 800px) 100vw, 800px\" \/><figcaption id=\"caption-attachment-75197\" class=\"wp-caption-text\">Por: Johnny\u00b4s Selects<\/figcaption><\/figure>\n<p>Muitas esp\u00e9cies s\u00e3o resistentes \u00e0 seca e toleram a sombra parcial ou total. No entanto, algumas esp\u00e9cies s\u00e3o sens\u00edveis \u00e0 umidade excessiva ou a geadas v\u00e1rias, portanto \u00e9 importante selecionar as esp\u00e9cies conforme as condi\u00e7\u00f5es do seu jardim.<\/p>\n<h3>1 \u2014 Algumas esp\u00e9cies de Sen\u00e9cio:<\/h3>\n<p>Algumas das principais esp\u00e9cies de Sen\u00e9cio incluem:<\/p>\n<ul>\n<li><strong>Sen\u00e9cio rowleyanus (string of pearls):<\/strong> uma planta suculenta pendente com pequenas bolas azuis ou esverdeadas alongadas, como perolas. \u00c9 uma planta popular para cultivo em vasos e jardineiras.<\/li>\n<\/ul>\n<figure id=\"attachment_75182\" aria-describedby=\"caption-attachment-75182\" style=\"width: 1024px\" class=\"wp-caption alignnone\"><img decoding=\"async\" class=\"wp-image-75182 size-large\" title=\"Sen\u00e9cio rowleyanus\" src=\"https:\/\/www.aarquiteta.com.br\/blog\/wp-content\/uploads\/2023\/02\/senecio-1024x682.webp\" alt=\"senecio\" width=\"1024\" height=\"682\" srcset=\"https:\/\/www.aarquiteta.com.br\/blog\/wp-content\/uploads\/2023\/02\/senecio-1024x682.webp 1024w, https:\/\/www.aarquiteta.com.br\/blog\/wp-content\/uploads\/2023\/02\/senecio-696x464.webp 696w, https:\/\/www.aarquiteta.com.br\/blog\/wp-content\/uploads\/2023\/02\/senecio-150x100.webp 150w, https:\/\/www.aarquiteta.com.br\/blog\/wp-content\/uploads\/2023\/02\/senecio.webp 1280w\" sizes=\"(max-width: 1024px) 100vw, 1024px\" \/><figcaption id=\"caption-attachment-75182\" class=\"wp-caption-text\">Por: Guia das Suculentas<\/figcaption><\/figure>\n<ul>\n<li><strong>Sen\u00e9cio cineraria (dusty mil ler):<\/strong> uma planta herb\u00e1cea anual com folhas grandes, espessas e pubescentes, geralmente de cor cinza-azulada. \u00c9 cultivada como planta ornamental para sua interessante folhagem.<\/li>\n<\/ul>\n<figure id=\"attachment_75183\" aria-describedby=\"caption-attachment-75183\" style=\"width: 600px\" class=\"wp-caption alignnone\"><img decoding=\"async\" class=\"wp-image-75183 size-full\" title=\"Sen\u00e9cio cineraria\" src=\"https:\/\/www.aarquiteta.com.br\/blog\/wp-content\/uploads\/2023\/02\/senecio2.jpg\" alt=\"senecio2\" width=\"600\" height=\"400\" srcset=\"https:\/\/www.aarquiteta.com.br\/blog\/wp-content\/uploads\/2023\/02\/senecio2.jpg 600w, https:\/\/www.aarquiteta.com.br\/blog\/wp-content\/uploads\/2023\/02\/senecio2-150x100.jpg 150w\" sizes=\"(max-width: 600px) 100vw, 600px\" \/><figcaption id=\"caption-attachment-75183\" class=\"wp-caption-text\">Por: Mundo Ecologia<\/figcaption><\/figure>\n<ul>\n<li><strong>Sen\u00e9cio vulgaris (groundsel):<\/strong> uma planta anual ou bienal com flores amarelas pequenas e numerosas. \u00c9 uma planta invasora em algumas \u00e1reas, mas tamb\u00e9m \u00e9 cultivada como planta ornamental.<\/li>\n<\/ul>\n<figure id=\"attachment_75184\" aria-describedby=\"caption-attachment-75184\" style=\"width: 480px\" class=\"wp-caption alignnone\"><img decoding=\"async\" class=\"wp-image-75184 size-full\" title=\"Sen\u00e9cio vulgaris\" src=\"https:\/\/www.aarquiteta.com.br\/blog\/wp-content\/uploads\/2023\/02\/senecio3.jpg\" alt=\"senecio3\" width=\"480\" height=\"544\" srcset=\"https:\/\/www.aarquiteta.com.br\/blog\/wp-content\/uploads\/2023\/02\/senecio3.jpg 480w, https:\/\/www.aarquiteta.com.br\/blog\/wp-content\/uploads\/2023\/02\/senecio3-150x170.jpg 150w\" sizes=\"(max-width: 480px) 100vw, 480px\" \/><figcaption id=\"caption-attachment-75184\" class=\"wp-caption-text\">Por: North Carolina Extension Garden<\/figcaption><\/figure>\n<ul>\n<li><strong>Sen\u00e9cio mandraliscae (paus de giz azul):<\/strong> uma planta suculenta com hastes compridas e delgadas, com folhas azuis alongadas. \u00c9 cultivada como planta ornamental para sua interessante folhagem.<\/li>\n<\/ul>\n<figure id=\"attachment_75185\" aria-describedby=\"caption-attachment-75185\" style=\"width: 500px\" class=\"wp-caption alignnone\"><img decoding=\"async\" class=\"wp-image-75185 size-full\" title=\"Sen\u00e9cio mandraliscae\" src=\"https:\/\/www.aarquiteta.com.br\/blog\/wp-content\/uploads\/2023\/02\/senecio4.jpg\" alt=\"senecio4\" width=\"500\" height=\"342\" srcset=\"https:\/\/www.aarquiteta.com.br\/blog\/wp-content\/uploads\/2023\/02\/senecio4.jpg 500w, https:\/\/www.aarquiteta.com.br\/blog\/wp-content\/uploads\/2023\/02\/senecio4-150x103.jpg 150w\" sizes=\"(max-width: 500px) 100vw, 500px\" \/><figcaption id=\"caption-attachment-75185\" class=\"wp-caption-text\">Por: Mercado Livre<\/figcaption><\/figure>\n<h3>2 \u2014 Esp\u00e9cies de sen\u00e9cio t\u00f3xicas para animais e seres humanos:<\/h3>\n<p>Existem v\u00e1rias esp\u00e9cies de plantas da fam\u00edlia Sen\u00e9cio t\u00f3xicas para animais e seres humanos.<\/p>\n<p>Algumas das esp\u00e9cies mais comuns incluem:<\/p>\n<ul>\n<li><strong>Sen\u00e9cio jacobaea:<\/strong> tamb\u00e9m conhecido como &#8220;toucinho-de-c\u00e3o&#8221; ou &#8220;senec\u00e3o-do-campo&#8221;, \u00e9 uma planta altamente t\u00f3xica que pode causar problemas graves em animais de tr\u00e2nsito, como c\u00e3es e gatos. A ingest\u00e3o da planta pode causar sintomas como v\u00f4mito, diarreia, aumento da frequ\u00eancia card\u00edaca e problemas hep\u00e1ticos.<\/li>\n<\/ul>\n<figure id=\"attachment_75186\" aria-describedby=\"caption-attachment-75186\" style=\"width: 636px\" class=\"wp-caption alignnone\"><img decoding=\"async\" class=\"wp-image-75186 size-full\" title=\"Sen\u00e9cio jacobaea\" src=\"https:\/\/www.aarquiteta.com.br\/blog\/wp-content\/uploads\/2023\/02\/senecio5.jpg\" alt=\"senecio5\" width=\"636\" height=\"900\" srcset=\"https:\/\/www.aarquiteta.com.br\/blog\/wp-content\/uploads\/2023\/02\/senecio5.jpg 636w, https:\/\/www.aarquiteta.com.br\/blog\/wp-content\/uploads\/2023\/02\/senecio5-150x212.jpg 150w\" sizes=\"(max-width: 636px) 100vw, 636px\" \/><figcaption id=\"caption-attachment-75186\" class=\"wp-caption-text\">Por: Fine Art Am\u00e9rica<\/figcaption><\/figure>\n<ul>\n<li><strong>Sen\u00e9cio angulatus:<\/strong> \u00e9 uma planta t\u00f3xica que pode causar problemas digestivos, como v\u00f4mito e diarreia, bem como danos no f\u00edgado e rins.<\/li>\n<\/ul>\n<figure id=\"attachment_75187\" aria-describedby=\"caption-attachment-75187\" style=\"width: 755px\" class=\"wp-caption alignnone\"><img decoding=\"async\" class=\"wp-image-75187 size-full\" title=\"Sen\u00e9cio angulatus\" src=\"https:\/\/www.aarquiteta.com.br\/blog\/wp-content\/uploads\/2023\/02\/senecio6.png\" alt=\"senecio6\" width=\"755\" height=\"566\" srcset=\"https:\/\/www.aarquiteta.com.br\/blog\/wp-content\/uploads\/2023\/02\/senecio6.png 755w, https:\/\/www.aarquiteta.com.br\/blog\/wp-content\/uploads\/2023\/02\/senecio6-696x522.png 696w, https:\/\/www.aarquiteta.com.br\/blog\/wp-content\/uploads\/2023\/02\/senecio6-150x112.png 150w\" sizes=\"(max-width: 755px) 100vw, 755px\" \/><figcaption id=\"caption-attachment-75187\" class=\"wp-caption-text\">Por: Research Gate<\/figcaption><\/figure>\n<ul>\n<li><strong>Sen\u00e9cio rowleyanus:<\/strong> tamb\u00e9m conhecido como &#8220;senec\u00e3o-de-colar&#8221;, \u00e9 uma planta comum em ambientes dom\u00e9sticos que pode ser t\u00f3xica para animais de inverno. A ingest\u00e3o da planta pode causar sintomas como v\u00f4mito, diarreia e problemas hep\u00e1ticos.<\/li>\n<\/ul>\n<figure id=\"attachment_75188\" aria-describedby=\"caption-attachment-75188\" style=\"width: 550px\" class=\"wp-caption alignnone\"><img decoding=\"async\" class=\"wp-image-75188 size-full\" title=\"Sen\u00e9cio rowleyanus\" src=\"https:\/\/www.aarquiteta.com.br\/blog\/wp-content\/uploads\/2023\/02\/senecio7.jpg\" alt=\"senecio7\" width=\"550\" height=\"688\" srcset=\"https:\/\/www.aarquiteta.com.br\/blog\/wp-content\/uploads\/2023\/02\/senecio7.jpg 550w, https:\/\/www.aarquiteta.com.br\/blog\/wp-content\/uploads\/2023\/02\/senecio7-150x188.jpg 150w\" sizes=\"(max-width: 550px) 100vw, 550px\" \/><figcaption id=\"caption-attachment-75188\" class=\"wp-caption-text\">Por: Como Cuidar e Plantar<\/figcaption><\/figure>\n<ul>\n<li><strong>Sen\u00e9cio vulgaris:<\/strong> tamb\u00e9m conhecido como &#8220;p\u00f3len-de-abelha&#8221;, \u00e9 uma planta t\u00f3xica que pode causar problemas controlados em seres humanos, especialmente em pessoas com hist\u00f3rico de alergias.<\/li>\n<\/ul>\n<figure id=\"attachment_75189\" aria-describedby=\"caption-attachment-75189\" style=\"width: 800px\" class=\"wp-caption alignnone\"><img decoding=\"async\" class=\"wp-image-75189 size-full\" src=\"https:\/\/www.aarquiteta.com.br\/blog\/wp-content\/uploads\/2023\/02\/senecio8.jpg\" alt=\"senecio8\" width=\"800\" height=\"533\" title=\"\" srcset=\"https:\/\/www.aarquiteta.com.br\/blog\/wp-content\/uploads\/2023\/02\/senecio8.jpg 800w, https:\/\/www.aarquiteta.com.br\/blog\/wp-content\/uploads\/2023\/02\/senecio8-696x464.jpg 696w, https:\/\/www.aarquiteta.com.br\/blog\/wp-content\/uploads\/2023\/02\/senecio8-150x100.jpg 150w\" sizes=\"(max-width: 800px) 100vw, 800px\" \/><figcaption id=\"caption-attachment-75189\" class=\"wp-caption-text\">Por: Dreamstime<\/figcaption><\/figure>\n<p>Em geral, \u00e9 importante cuidar ao cultivar plantas da fam\u00edlia Sen\u00e9cio e estar atento aos sintomas de intoxica\u00e7\u00e3o em animais de preserva\u00e7\u00e3o e seres humanos.<\/p>\n<p>Se voc\u00ea suspeitar de intoxica\u00e7\u00e3o por ingest\u00e3o de plantas t\u00f3xicas, \u00e9 importante procurar um m\u00e9dico ou veterin\u00e1rio imediatamente.<\/p>\n<h3>3 \u2014 Distribui\u00e7\u00e3o geogr\u00e1fica e n\u00fameros de esp\u00e9cies:<\/h3>\n<p>A fam\u00edlia Sen\u00e9cio \u00e9 uma das maiores e mais diversificadas fam\u00edlias de plantas com mais de 1.000 g\u00eaneros e mais de 20.000 esp\u00e9cies conhecidas.<\/p>\n<p>Estas plantas est\u00e3o amplamente distribu\u00eddas em todo o mundo, incluindo regi\u00f5es temperadas e tropicais, com a maioria das esp\u00e9cies encontradas nas regi\u00f5es temperadas do hemisf\u00e9rio norte.<\/p>\n<figure id=\"attachment_75191\" aria-describedby=\"caption-attachment-75191\" style=\"width: 640px\" class=\"wp-caption alignnone\"><img decoding=\"async\" class=\"wp-image-75191 size-full\" title=\"Distribui\u00e7\u00e3o geogr\u00e1fica e n\u00fameros de esp\u00e9cies\" src=\"https:\/\/www.aarquiteta.com.br\/blog\/wp-content\/uploads\/2023\/02\/senecio10.jpg\" alt=\"senecio10\" width=\"640\" height=\"480\" srcset=\"https:\/\/www.aarquiteta.com.br\/blog\/wp-content\/uploads\/2023\/02\/senecio10.jpg 640w, https:\/\/www.aarquiteta.com.br\/blog\/wp-content\/uploads\/2023\/02\/senecio10-150x113.jpg 150w\" sizes=\"(max-width: 640px) 100vw, 640px\" \/><figcaption id=\"caption-attachment-75191\" class=\"wp-caption-text\">Por: Succulent Avenue<\/figcaption><\/figure>\n<p>Algumas das regi\u00f5es com a maior diversidade de esp\u00e9cies incluem a \u00c1frica, Am\u00e9rica do Sul, Nova Zel\u00e2ndia e o sul da Austr\u00e1lia.<\/p>\n<p>Muitas esp\u00e9cies de Sen\u00e9cio s\u00e3o cultivadas como plantas ornamentais, incluindo v\u00e1rias esp\u00e9cies de suculentas, como Sen\u00e9cio rowleyanus, popular como planta de interior.<\/p>\n<p>As esp\u00e9cies de Sen\u00e9cio s\u00e3o comuns em muitos tipos de habitats, incluindo florestas, montanhas, campos abertos, zonas costeiras e regi\u00f5es semi-\u00e1ridas.<\/p>\n<figure id=\"attachment_75192\" aria-describedby=\"caption-attachment-75192\" style=\"width: 332px\" class=\"wp-caption alignnone\"><img decoding=\"async\" class=\"wp-image-75192 size-full\" title=\"Distribui\u00e7\u00e3o geogr\u00e1fica e n\u00fameros de esp\u00e9cies\" src=\"https:\/\/www.aarquiteta.com.br\/blog\/wp-content\/uploads\/2023\/02\/senecio11.jpg\" alt=\"senecio11\" width=\"332\" height=\"500\" srcset=\"https:\/\/www.aarquiteta.com.br\/blog\/wp-content\/uploads\/2023\/02\/senecio11.jpg 332w, https:\/\/www.aarquiteta.com.br\/blog\/wp-content\/uploads\/2023\/02\/senecio11-150x226.jpg 150w\" sizes=\"(max-width: 332px) 100vw, 332px\" \/><figcaption id=\"caption-attachment-75192\" class=\"wp-caption-text\">Por: Agrolink<\/figcaption><\/figure>\n<p>Algumas esp\u00e9cies s\u00e3o perenes, enquanto outras s\u00e3o anuais ou bianuais, e muitas s\u00e3o esp\u00e9cies invasoras em v\u00e1rias partes do mundo.<\/p>\n<h3>4 \u2014 Cuidados com o cultivo e manuten\u00e7\u00e3o do sen\u00e9cio:<\/h3>\n<p>O cultivo e manuten\u00e7\u00e3o do Sen\u00e9cio requer alguns cuidados espec\u00edficos para garantir o seu desenvolvimento saud\u00e1vel e uma boa floresc\u00eancia. Aqui est\u00e3o algumas dicas:<\/p>\n<p>Algumas esp\u00e9cies preferem sol pleno, enquanto outras preferem sombra parcial, \u00e9\u00a0importante escolher uma esp\u00e9cie certa para o seu local e garantir que a planta receba a quantidade adequada de luz.<\/p>\n<figure id=\"attachment_75194\" aria-describedby=\"caption-attachment-75194\" style=\"width: 1440px\" class=\"wp-caption alignnone\"><img decoding=\"async\" class=\"wp-image-75194 size-full\" title=\"Cuidados com o cultivo e manuten\u00e7\u00e3o do sen\u00e9cio\" src=\"https:\/\/www.aarquiteta.com.br\/blog\/wp-content\/uploads\/2023\/02\/senecio12.jpg\" alt=\"senecio12\" width=\"1440\" height=\"1080\" srcset=\"https:\/\/www.aarquiteta.com.br\/blog\/wp-content\/uploads\/2023\/02\/senecio12.jpg 1440w, https:\/\/www.aarquiteta.com.br\/blog\/wp-content\/uploads\/2023\/02\/senecio12-1024x768.jpg 1024w, https:\/\/www.aarquiteta.com.br\/blog\/wp-content\/uploads\/2023\/02\/senecio12-696x522.jpg 696w, https:\/\/www.aarquiteta.com.br\/blog\/wp-content\/uploads\/2023\/02\/senecio12-150x113.jpg 150w\" sizes=\"(max-width: 1440px) 100vw, 1440px\" \/><figcaption id=\"caption-attachment-75194\" class=\"wp-caption-text\">Por: Amo Plantar<\/figcaption><\/figure>\n<p>O Sen\u00e9cio prefere solo rico, bem drenado e \u00famido, \u00e9 importante garantir que o solo n\u00e3o fique encharcado, pois isso pode causar ra\u00edzes apodrecidas.<\/p>\n<p>A rega regular \u00e9 importante para manter o solo \u00famido e evitar o ressecamento excessivo das ra\u00edzes, no entanto, n\u00e3o considerar em excesso, pois isso pode causar o apodrecimento das ra\u00edzes.<\/p>\n<figure id=\"attachment_75195\" aria-describedby=\"caption-attachment-75195\" style=\"width: 723px\" class=\"wp-caption alignnone\"><img decoding=\"async\" class=\"wp-image-75195 size-full\" title=\"Cuidados com o cultivo e manuten\u00e7\u00e3o do sen\u00e9cio\" src=\"https:\/\/www.aarquiteta.com.br\/blog\/wp-content\/uploads\/2023\/02\/senecio13.jpg\" alt=\"senecio13\" width=\"723\" height=\"964\" srcset=\"https:\/\/www.aarquiteta.com.br\/blog\/wp-content\/uploads\/2023\/02\/senecio13.jpg 723w, https:\/\/www.aarquiteta.com.br\/blog\/wp-content\/uploads\/2023\/02\/senecio13-696x928.jpg 696w, https:\/\/www.aarquiteta.com.br\/blog\/wp-content\/uploads\/2023\/02\/senecio13-640x853.jpg 640w, https:\/\/www.aarquiteta.com.br\/blog\/wp-content\/uploads\/2023\/02\/senecio13-150x200.jpg 150w\" sizes=\"(max-width: 723px) 100vw, 723px\" \/><figcaption id=\"caption-attachment-75195\" class=\"wp-caption-text\">Por: Homify<\/figcaption><\/figure>\n<p>Essa planta responde bem \u00e0 aduba\u00e7\u00e3o regular com fertilizantes org\u00e2nicos ou qu\u00edmicos.<\/p>\n<p>A poda regular pode ser necess\u00e1ria para manter a forma da planta e estimular a floresc\u00eancia, cortar os ramos secos e danificados e remover as flores murchas para estimular a produ\u00e7\u00e3o de novas flores.<\/p>\n<p>Ela pode ser atacado por v\u00e1rias pragas e doen\u00e7as, como pulg\u00f5es, cochonilhas, o\u00eddio, m\u00edldio e podrid\u00e3o das ra\u00edzes,\u00a0monitorar a planta regularmente e tomar medidas preventivas ou de controle de pragas e doen\u00e7as, se necess\u00e1rio.<\/p>\n<figure id=\"attachment_75196\" aria-describedby=\"caption-attachment-75196\" style=\"width: 592px\" class=\"wp-caption alignnone\"><img decoding=\"async\" class=\"wp-image-75196 size-large\" src=\"https:\/\/www.aarquiteta.com.br\/blog\/wp-content\/uploads\/2023\/02\/senecio14-592x1024.jpg\" alt=\"senecio14\" width=\"592\" height=\"1024\" title=\"\"><figcaption id=\"caption-attachment-75196\" class=\"wp-caption-text\">Pinterest<\/figcaption><\/figure>\n<p>&nbsp;<\/p>\n<h2>E a\u00ed, gostou do artigo sobre Sen\u00e9cio &#8211; 4 dicas importantes para seu cultivo?<\/h2>\n<p>Ent\u00e3o deslize a tela para baixo e<a href=\"https:\/\/br.pinterest.com\/aarquitetapinterest\/_created\/\" target=\"_blank\" rel=\"noopener\"> confira mais dicas<\/a> como esta e n\u00e3o se esque\u00e7a de compartilhar com os amigos!<\/p>\n<p>Quer mais dicas sobre o mundo da Arquitetura e Decora\u00e7\u00e3o, ent\u00e3o confira alguns dos nossos artigos em:<\/p>\n<ul>\n<li><a href=\"https:\/\/www.aarquiteta.com.br\/blog\/paisagismo\/\" target=\"_blank\" rel=\"noopener\">Casa e Jardim<\/a><\/li>\n<li><a href=\"https:\/\/www.aarquiteta.com.br\/blog\/arquitetura\/mundo-arquitetura\/\" target=\"_blank\" rel=\"noopener\">Mundo Arquitetura<\/a><\/li>\n<li><a href=\"https:\/\/www.aarquiteta.com.br\/decoracao\/\" target=\"_blank\" rel=\"noopener\">Decora\u00e7\u00e3o<br \/>\n<\/a><\/li>\n<\/ul>\n<p>&nbsp;<\/p>\n","protected":false},"excerpt":{"rendered":"<p>Sen\u00e9cio \u00e9 um g\u00eanero de plantas da fam\u00edlia do girassol (Asteraceae), com ampla distribui\u00e7\u00e3o nas Am\u00e9ricas, \u00c1frica e Europa. Inclui muitas esp\u00e9cies de ervas, arbustos e \u00e1rvores anuais e perenes, bem como v\u00e1rias plantas suculentas. Muitas esp\u00e9cies de Sen\u00e9cio s\u00e3o cultivadas por sua atraente folhagem e flores, que variam em cores de amarelo e branco [&hellip;]<\/p>\n","protected":false},"author":102,"featured_media":75202,"comment_status":"open","ping_status":"closed","sticky":false,"template":"","format":"standard","meta":{"footnotes":""},"categories":[10005,1484,18758],"tags":[26409,26404,26408,26399,26407,26401,26406,26403,26400,26405,26402],"class_list":["post-75173","post","type-post","status-publish","format-standard","has-post-thumbnail","category-casa-e-jardim","category-decoracao","category-decoracao-de-varanda-terraco","tag-cultivo-do-senecio","tag-especies-de-senecio-toxicas","tag-manutencao-do-senecio","tag-senecio","tag-senecio-angulatus","tag-senecio-cineraria","tag-senecio-jacobaea","tag-senecio-rowleyanus","tag-senecio-toxicas","tag-senecio-vulgaris"],"_wp_attached_file":null,"_wp_attachment_metadata":null,"_wp_attachment_context":null,"_wp_attachment_is_custom_header":null,"geo_longitude":null,"geo_public":null,"geo_latitude":null,"_publicize_done_external":null,"_wpas_done_3897181":null,"publicize_twitter_user":null,"_wpas_done_3897175":null,"_wpas_skip_3897181":null,"_wpas_skip_3897175":null,"_wpas_skip_3924723":null,"_wpas_mess":null,"_wpas_done_3924723":null,"wps_subtitle":"Conhecendo essa planta sen\u00e9cio que pode ser t\u00f3xica aos animais e seres humanos!","_links":{"self":[{"href":"https:\/\/www.aarquiteta.com.br\/blog\/wp-json\/wp\/v2\/posts\/75173","targetHints":{"allow":["GET"]}}],"collection":[{"href":"https:\/\/www.aarquiteta.com.br\/blog\/wp-json\/wp\/v2\/posts"}],"about":[{"href":"https:\/\/www.aarquiteta.com.br\/blog\/wp-json\/wp\/v2\/types\/post"}],"author":[{"embeddable":true,"href":"https:\/\/www.aarquiteta.com.br\/blog\/wp-json\/wp\/v2\/users\/102"}],"replies":[{"embeddable":true,"href":"https:\/\/www.aarquiteta.com.br\/blog\/wp-json\/wp\/v2\/comments?post=75173"}],"version-history":[{"count":0,"href":"https:\/\/www.aarquiteta.com.br\/blog\/wp-json\/wp\/v2\/posts\/75173\/revisions"}],"wp:featuredmedia":[{"embeddable":true,"href":"https:\/\/www.aarquiteta.com.br\/blog\/wp-json\/wp\/v2\/media\/75202"}],"wp:attachment":[{"href":"https:\/\/www.aarquiteta.com.br\/blog\/wp-json\/wp\/v2\/media?parent=75173"}],"wp:term":[{"taxonomy":"category","embeddable":true,"href":"https:\/\/www.aarquiteta.com.br\/blog\/wp-json\/wp\/v2\/categories?post=75173"},{"taxonomy":"post_tag","embeddable":true,"href":"https:\/\/www.aarquiteta.com.br\/blog\/wp-json\/wp\/v2\/tags?post=75173"}],"curies":[{"name":"wp","href":"https:\/\/api.w.org\/{rel}","templated":true}]}}