{"id":74906,"date":"2023-02-05T19:40:03","date_gmt":"2023-02-05T22:40:03","guid":{"rendered":"http:\/\/aarquiteta.com.br\/?p=74906"},"modified":"2024-06-27T14:58:48","modified_gmt":"2024-06-27T17:58:48","slug":"sedum-5-especies-dessa-suculenta-do-sol","status":"publish","type":"post","link":"https:\/\/www.aarquiteta.com.br\/blog\/sedum-5-especies-dessa-suculenta-do-sol\/","title":{"rendered":"Sedum &#8211; 5 esp\u00e9cies dessa suculenta do sol!"},"content":{"rendered":"<div>\n<div class=\"styles_resultArea__Y7sp9 styles_outputBackground__TJhLY\">Uma suculenta sedum pertence \u00e0 lista de esp\u00e9cies suculentas do sol.<\/div>\n<div><\/div>\n<div class=\"styles_resultArea__Y7sp9 styles_outputBackground__TJhLY\">Apresenta folhas delicadas e carnudas que crescem pequenas e gordas.<\/div>\n<\/div>\n<div><\/div>\n<div>\n<div>A exposi\u00e7\u00e3o \u00e0 luz da planta determina a cor das folhas da planta.<\/div>\n<div><\/div>\n<div>\n<figure id=\"attachment_74964\" aria-describedby=\"caption-attachment-74964\" style=\"width: 1000px\" class=\"wp-caption alignnone\"><img decoding=\"async\" class=\"wp-image-74964 size-full\" src=\"https:\/\/www.aarquiteta.com.br\/blog\/wp-content\/uploads\/2023\/02\/sedum10.webp\" alt=\"sedum10\" width=\"1000\" height=\"1000\" title=\"\" srcset=\"https:\/\/www.aarquiteta.com.br\/blog\/wp-content\/uploads\/2023\/02\/sedum10.webp 1000w, https:\/\/www.aarquiteta.com.br\/blog\/wp-content\/uploads\/2023\/02\/sedum10-696x696.webp 696w, https:\/\/www.aarquiteta.com.br\/blog\/wp-content\/uploads\/2023\/02\/sedum10-96x96.webp 96w, https:\/\/www.aarquiteta.com.br\/blog\/wp-content\/uploads\/2023\/02\/sedum10-150x150.webp 150w\" sizes=\"(max-width: 1000px) 100vw, 1000px\" \/><figcaption id=\"caption-attachment-74964\" class=\"wp-caption-text\">Por: Plantin<\/figcaption><\/figure>\n<\/div>\n<div><\/div>\n<div>As plantas cultivadas a pleno sol apresentam uma tonalidade amarelada, no entanto, as plantas cultivadas em ambientes sombreados parecem mais verdes.<\/div>\n<\/div>\n<div><\/div>\n<div>\n<figure id=\"attachment_74967\" aria-describedby=\"caption-attachment-74967\" style=\"width: 1024px\" class=\"wp-caption alignnone\"><img decoding=\"async\" class=\"wp-image-74967 size-large\" title=\"Sedum\" src=\"https:\/\/www.aarquiteta.com.br\/blog\/wp-content\/uploads\/2023\/02\/sedum13-1024x768.webp\" alt=\"sedum13\" width=\"1024\" height=\"768\" srcset=\"https:\/\/www.aarquiteta.com.br\/blog\/wp-content\/uploads\/2023\/02\/sedum13-1024x768.webp 1024w, https:\/\/www.aarquiteta.com.br\/blog\/wp-content\/uploads\/2023\/02\/sedum13-696x522.webp 696w, https:\/\/www.aarquiteta.com.br\/blog\/wp-content\/uploads\/2023\/02\/sedum13-150x113.webp 150w, https:\/\/www.aarquiteta.com.br\/blog\/wp-content\/uploads\/2023\/02\/sedum13.webp 1280w\" sizes=\"(max-width: 1024px) 100vw, 1024px\" \/><figcaption id=\"caption-attachment-74967\" class=\"wp-caption-text\">Por: Guia das Suculentas<\/figcaption><\/figure>\n<\/div>\n<div><\/div>\n<h2>Plantas suculentas Sedum e suas caracter\u00edsticas<\/h2>\n<p>Adicionar suculentas sedum ao seu jardim pode aumentar a quantidade de cor verde em suas plantas.<\/p>\n<p>Uma ampla variedade dessas plantas suculentas pode lidar com condi\u00e7\u00f5es secas sem muita manuten\u00e7\u00e3o.<\/p>\n<figure id=\"attachment_74960\" aria-describedby=\"caption-attachment-74960\" style=\"width: 800px\" class=\"wp-caption alignnone\"><img decoding=\"async\" class=\"wp-image-74960 size-full\" title=\"Plantas suculentas Sedum e suas caracter\u00edsticas\" src=\"https:\/\/www.aarquiteta.com.br\/blog\/wp-content\/uploads\/2023\/02\/sedum6.jpg\" alt=\"sedum6\" width=\"800\" height=\"564\" srcset=\"https:\/\/www.aarquiteta.com.br\/blog\/wp-content\/uploads\/2023\/02\/sedum6.jpg 800w, https:\/\/www.aarquiteta.com.br\/blog\/wp-content\/uploads\/2023\/02\/sedum6-696x491.jpg 696w, https:\/\/www.aarquiteta.com.br\/blog\/wp-content\/uploads\/2023\/02\/sedum6-150x106.jpg 150w\" sizes=\"(max-width: 800px) 100vw, 800px\" \/><figcaption id=\"caption-attachment-74960\" class=\"wp-caption-text\">Por: Como Fazer em Casa<\/figcaption><\/figure>\n<p>Alguns at\u00e9 ficam bem quando plantados em um jardim de pedras, borda ou em canteiros elevados, isso as torna \u00f3timas op\u00e7\u00f5es para iniciantes ou pessoas com tempo limitado que precisam manter seu jardim.<\/p>\n<figure id=\"attachment_74962\" aria-describedby=\"caption-attachment-74962\" style=\"width: 480px\" class=\"wp-caption alignnone\"><img decoding=\"async\" class=\"wp-image-74962 size-full\" title=\"Plantas suculentas Sedum e suas caracter\u00edsticas\" src=\"https:\/\/www.aarquiteta.com.br\/blog\/wp-content\/uploads\/2023\/02\/sedum8.jpg\" alt=\"sedum8\" width=\"480\" height=\"360\" srcset=\"https:\/\/www.aarquiteta.com.br\/blog\/wp-content\/uploads\/2023\/02\/sedum8.jpg 480w, https:\/\/www.aarquiteta.com.br\/blog\/wp-content\/uploads\/2023\/02\/sedum8-150x113.jpg 150w\" sizes=\"(max-width: 480px) 100vw, 480px\" \/><figcaption id=\"caption-attachment-74962\" class=\"wp-caption-text\">Por: Blog do Lago<\/figcaption><\/figure>\n<p>Stonecrop, ou sedum, suculentas precisam de luz solar, pouca rega e drenagem no solo. Existem vers\u00f5es maiores desta planta que crescem mais de 2 metros de altura e largura.<\/p>\n<h2>Como cultivar?<\/h2>\n<p>Ao plantar vasos, adicione materiais porosos como areia ou casca \u00e0 mistura.<\/p>\n<p>Como alternativa, adicione cobertura morta aos vasos ao cultivar em vasos.<\/p>\n<figure id=\"attachment_74961\" aria-describedby=\"caption-attachment-74961\" style=\"width: 1024px\" class=\"wp-caption alignnone\"><img decoding=\"async\" class=\"wp-image-74961 size-large\" title=\"Como cultivar?\" src=\"https:\/\/www.aarquiteta.com.br\/blog\/wp-content\/uploads\/2023\/02\/sedum7-1024x576.jpg\" alt=\"sedum7\" width=\"1024\" height=\"576\" srcset=\"https:\/\/www.aarquiteta.com.br\/blog\/wp-content\/uploads\/2023\/02\/sedum7-1024x576.jpg 1024w, https:\/\/www.aarquiteta.com.br\/blog\/wp-content\/uploads\/2023\/02\/sedum7-696x392.jpg 696w, https:\/\/www.aarquiteta.com.br\/blog\/wp-content\/uploads\/2023\/02\/sedum7-150x84.jpg 150w, https:\/\/www.aarquiteta.com.br\/blog\/wp-content\/uploads\/2023\/02\/sedum7.jpg 1280w\" sizes=\"(max-width: 1024px) 100vw, 1024px\" \/><figcaption id=\"caption-attachment-74961\" class=\"wp-caption-text\">Por: YouTube<\/figcaption><\/figure>\n<p>Se o solo para vasos for muito denso, voc\u00ea deve cultivar em vasos e canteiros maiores.<\/p>\n<p>Independentemente do estilo pretendido, renove seu jardim com suculentas.<\/p>\n<p>Considere potes de vidro, concreto ou pedra como op\u00e7\u00e3o; essas escolhas transmitem sensibilidades modernas.<\/p>\n<p>Como alternativa, considere o uso de recipientes circulares ou em forma de tigela em qualquer estilo de jardim.<\/p>\n<p>Eles podem durar muito tempo sem \u00e1gua se forem mantidos em um solo bem drenado.<\/p>\n<p>Eles tamb\u00e9m devem ser regados a cada dois ou tr\u00eas dias quando crescem em solo bem drenado.<\/p>\n<figure id=\"attachment_74963\" aria-describedby=\"caption-attachment-74963\" style=\"width: 1024px\" class=\"wp-caption alignnone\"><img decoding=\"async\" class=\"wp-image-74963 size-large\" title=\"Como cultivar?\" src=\"https:\/\/www.aarquiteta.com.br\/blog\/wp-content\/uploads\/2023\/02\/sedum9-1024x576.webp\" alt=\"sedum9\" width=\"1024\" height=\"576\" srcset=\"https:\/\/www.aarquiteta.com.br\/blog\/wp-content\/uploads\/2023\/02\/sedum9-1024x576.webp 1024w, https:\/\/www.aarquiteta.com.br\/blog\/wp-content\/uploads\/2023\/02\/sedum9-696x391.webp 696w, https:\/\/www.aarquiteta.com.br\/blog\/wp-content\/uploads\/2023\/02\/sedum9-150x84.webp 150w, https:\/\/www.aarquiteta.com.br\/blog\/wp-content\/uploads\/2023\/02\/sedum9.webp 1387w\" sizes=\"(max-width: 1024px) 100vw, 1024px\" \/><figcaption id=\"caption-attachment-74963\" class=\"wp-caption-text\">Por: Homify<\/figcaption><\/figure>\n<p>Fazer isso ajuda a secar um pouco antes que o tempo comece a esfriar.<\/p>\n<p>Fertilizantes s\u00e3o desnecess\u00e1rios; as plantas crescem bem em solo escasso ou mesmo em um ambiente livre de nutrientes.<\/p>\n<p>Confira abaixo algumas das esp\u00e9cies de Sedum:<\/p>\n<h3><strong>1 \u2014 Suculenta Sedum (rupestre) Angelina:<\/strong><\/h3>\n<p>Folhas verde-lim\u00e3o com bordas em forma de agulha aparecem na primavera. Durante o ver\u00e3o, sua cor muda para um amarelo dourado.<\/p>\n<figure id=\"attachment_74954\" aria-describedby=\"caption-attachment-74954\" style=\"width: 750px\" class=\"wp-caption alignnone\"><img decoding=\"async\" class=\"wp-image-74954 size-full\" title=\"Suculenta Sedum (rupestre) Angelina\" src=\"https:\/\/www.aarquiteta.com.br\/blog\/wp-content\/uploads\/2023\/02\/sedum.jpg\" alt=\"sedum\" width=\"750\" height=\"562\" srcset=\"https:\/\/www.aarquiteta.com.br\/blog\/wp-content\/uploads\/2023\/02\/sedum.jpg 750w, https:\/\/www.aarquiteta.com.br\/blog\/wp-content\/uploads\/2023\/02\/sedum-696x522.jpg 696w, https:\/\/www.aarquiteta.com.br\/blog\/wp-content\/uploads\/2023\/02\/sedum-150x112.jpg 150w\" sizes=\"(max-width: 750px) 100vw, 750px\" \/><figcaption id=\"caption-attachment-74954\" class=\"wp-caption-text\">Por: Horta em Casa<\/figcaption><\/figure>\n<p>Em regi\u00f5es com invernos rigorosos, alguns esp\u00e9cimes podem exibir folhas de outono alaranjadas.<\/p>\n<p>No ver\u00e3o, essas plantas florescem com flores amarelas em forma de estrela de at\u00e9 20 cent\u00edmetros de comprimento.<\/p>\n<h3><strong>2 \u2014 Suculenta Sedum Acre:<\/strong><\/h3>\n<p>Seus cachos de plantas suculentas e ca\u00eddas crescem rapidamente.<\/p>\n<figure id=\"attachment_74955\" aria-describedby=\"caption-attachment-74955\" style=\"width: 756px\" class=\"wp-caption alignnone\"><img decoding=\"async\" class=\"wp-image-74955 size-full\" title=\"Suculenta Sedum Acre\" src=\"https:\/\/www.aarquiteta.com.br\/blog\/wp-content\/uploads\/2023\/02\/sedum2.jpg\" alt=\"sedum2\" width=\"756\" height=\"1008\" srcset=\"https:\/\/www.aarquiteta.com.br\/blog\/wp-content\/uploads\/2023\/02\/sedum2.jpg 756w, https:\/\/www.aarquiteta.com.br\/blog\/wp-content\/uploads\/2023\/02\/sedum2-696x928.jpg 696w, https:\/\/www.aarquiteta.com.br\/blog\/wp-content\/uploads\/2023\/02\/sedum2-640x853.jpg 640w, https:\/\/www.aarquiteta.com.br\/blog\/wp-content\/uploads\/2023\/02\/sedum2-150x200.jpg 150w\" sizes=\"(max-width: 756px) 100vw, 756px\" \/><figcaption id=\"caption-attachment-74955\" class=\"wp-caption-text\">Pinterest<\/figcaption><\/figure>\n<p>Suas folhas se afunilam em uma ponta. As plantas de tapete dourado fornecem uma est\u00e9tica atraente para grandes \u00e1reas.<\/p>\n<p>Eles funcionam melhor se o solo tiver boa drenagem.<\/p>\n<p>Sedum acre apresenta pinheiros floridos que voam.<\/p>\n<p>Os extratos cont\u00eam a\u00e7\u00facares e taninos de cadeia longa.<\/p>\n<p>Os a\u00e7\u00facares de cadeia longa nas partes aquosas da planta se expandem, cria uma apar\u00eancia aveludada.<\/p>\n<h3><strong>3 \u2014 Suculenta Sedum Sangue de Drag\u00e3o (Dragon\u2019s Blood):<\/strong><\/h3>\n<p>Durante o inverno, as plantas que cont\u00eam sangue de drag\u00e3o perdem a vitalidade e morrem em locais mais frios.<\/p>\n<figure id=\"attachment_74956\" aria-describedby=\"caption-attachment-74956\" style=\"width: 1024px\" class=\"wp-caption alignnone\"><img decoding=\"async\" class=\"wp-image-74956 size-large\" title=\"Suculenta Sedum Sangue de Drag\u00e3o (Dragon\u2019s Blood)\" src=\"https:\/\/www.aarquiteta.com.br\/blog\/wp-content\/uploads\/2023\/02\/sedum3-1024x1014.jpg\" alt=\"sedum3\" width=\"1024\" height=\"1014\" srcset=\"https:\/\/www.aarquiteta.com.br\/blog\/wp-content\/uploads\/2023\/02\/sedum3-1024x1014.jpg 1024w, https:\/\/www.aarquiteta.com.br\/blog\/wp-content\/uploads\/2023\/02\/sedum3-696x690.jpg 696w, https:\/\/www.aarquiteta.com.br\/blog\/wp-content\/uploads\/2023\/02\/sedum3-96x96.jpg 96w, https:\/\/www.aarquiteta.com.br\/blog\/wp-content\/uploads\/2023\/02\/sedum3-150x149.jpg 150w, https:\/\/www.aarquiteta.com.br\/blog\/wp-content\/uploads\/2023\/02\/sedum3.jpg 1507w\" sizes=\"(max-width: 1024px) 100vw, 1024px\" \/><figcaption id=\"caption-attachment-74956\" class=\"wp-caption-text\">Por: Rare Roots<\/figcaption><\/figure>\n<p>No entanto, eles voltam \u00e0 vida a cada primavera com vigor renovado quando expostos \u00e0 luz solar e nutrientes adequados.<\/p>\n<p>Isso ocorre em solo pobre ou sombreado, al\u00e9m disso, novos brotos continuam a se espalhar pelo solo no ver\u00e3o \u00e0 medida que o processo continua.<\/p>\n<p>O sedum de sangue combina com outros sedums para cobrir jardins de pedra e bordas.<\/p>\n<p>Ele tamb\u00e9m cresce em caminhos, paredes e at\u00e9 mesmo em cal\u00e7adas, se n\u00e3o estiver sendo pisado.<\/p>\n<p>Dragon&#8217;s Blood Stonecrop n\u00e3o gosta de tr\u00e1fego de pedestres; espalha-se alegremente pelas pedras do cal\u00e7amento.<\/p>\n<p>&nbsp;<\/p>\n<h3><strong>4 \u2014 Suculenta Sedum Fogo do outono (Autumn Fire):<\/strong><\/h3>\n<p>Uma nova suculenta sedum que recentemente chamou sua aten\u00e7\u00e3o \u00e9 o Autumn Fire.<\/p>\n<figure id=\"attachment_74957\" aria-describedby=\"caption-attachment-74957\" style=\"width: 650px\" class=\"wp-caption alignnone\"><img decoding=\"async\" class=\"wp-image-74957 size-full\" title=\"Suculenta Sedum Fogo do outono (Autumn Fire)\" src=\"https:\/\/www.aarquiteta.com.br\/blog\/wp-content\/uploads\/2023\/02\/sedum4.jpg\" alt=\"sedum4\" width=\"650\" height=\"867\" srcset=\"https:\/\/www.aarquiteta.com.br\/blog\/wp-content\/uploads\/2023\/02\/sedum4.jpg 650w, https:\/\/www.aarquiteta.com.br\/blog\/wp-content\/uploads\/2023\/02\/sedum4-640x853.jpg 640w, https:\/\/www.aarquiteta.com.br\/blog\/wp-content\/uploads\/2023\/02\/sedum4-150x200.jpg 150w\" sizes=\"(max-width: 650px) 100vw, 650px\" \/><figcaption id=\"caption-attachment-74957\" class=\"wp-caption-text\">Por: Bluestone<\/figcaption><\/figure>\n<p>Exibe flores rosa-avermelhadas no ver\u00e3o antes de desbotar para uma cor acobreada no outono.<\/p>\n<p>Esta espetacular planta de outono tem ramos de at\u00e9 45 cent\u00edmetros de altura e 60 cent\u00edmetros de largura.<\/p>\n<p>E \u00e9 um sucesso em qualquer jardim.<\/p>\n<h3><strong>5 \u2014 Suculenta Sedum Alegria do outono (Autumn Joy):<\/strong><\/h3>\n<p>Popular para jardins externos h\u00e1 muito tempo, esta suculenta sedum \u00e9 ic\u00f4nica por seu tamanho.<\/p>\n<figure id=\"attachment_74958\" aria-describedby=\"caption-attachment-74958\" style=\"width: 800px\" class=\"wp-caption alignnone\"><img decoding=\"async\" class=\"wp-image-74958 size-full\" title=\"Suculenta Sedum Alegria do outono (Autumn Joy)\" src=\"https:\/\/www.aarquiteta.com.br\/blog\/wp-content\/uploads\/2023\/02\/sedum5.jpg\" alt=\"sedum5\" width=\"800\" height=\"533\" srcset=\"https:\/\/www.aarquiteta.com.br\/blog\/wp-content\/uploads\/2023\/02\/sedum5.jpg 800w, https:\/\/www.aarquiteta.com.br\/blog\/wp-content\/uploads\/2023\/02\/sedum5-696x464.jpg 696w, https:\/\/www.aarquiteta.com.br\/blog\/wp-content\/uploads\/2023\/02\/sedum5-150x100.jpg 150w\" sizes=\"(max-width: 800px) 100vw, 800px\" \/><figcaption id=\"caption-attachment-74958\" class=\"wp-caption-text\">Por: Dreamstime<\/figcaption><\/figure>\n<p>O Sedum Joy of Autumn cresce rapidamente e \u00e9 muito resistente a danos.<\/p>\n<p>Suas flores come\u00e7am como rosa e gradualmente envelhecem para avermelhadas no outono.<\/p>\n<p>Durante o inverno, deixar essas flores no local do jardim as manter\u00e1 com \u00f3tima apar\u00eancia. Os p\u00e1ssaros os amam e crescem at\u00e9 60 cm de altura e largura.<\/p>\n<p>Certifique-se de que eles recebam exposi\u00e7\u00e3o total ao sol para evitar que seus caules e cabe\u00e7as de flores caiam.<\/p>\n<div>\n<figure id=\"attachment_74965\" aria-describedby=\"caption-attachment-74965\" style=\"width: 1024px\" class=\"wp-caption alignnone\"><img decoding=\"async\" class=\"wp-image-74965 size-large\" title=\"Sedum\" src=\"https:\/\/www.aarquiteta.com.br\/blog\/wp-content\/uploads\/2023\/02\/sedum11-1024x576.jpg\" alt=\"sedum11\" width=\"1024\" height=\"576\" srcset=\"https:\/\/www.aarquiteta.com.br\/blog\/wp-content\/uploads\/2023\/02\/sedum11-1024x576.jpg 1024w, https:\/\/www.aarquiteta.com.br\/blog\/wp-content\/uploads\/2023\/02\/sedum11-696x392.jpg 696w, https:\/\/www.aarquiteta.com.br\/blog\/wp-content\/uploads\/2023\/02\/sedum11-150x84.jpg 150w, https:\/\/www.aarquiteta.com.br\/blog\/wp-content\/uploads\/2023\/02\/sedum11.jpg 1280w\" sizes=\"(max-width: 1024px) 100vw, 1024px\" \/><figcaption id=\"caption-attachment-74965\" class=\"wp-caption-text\">Por: YouTube<\/figcaption><\/figure>\n<\/div>\n<div>\n<h2>E a\u00ed, gostou do artigo sobre Sedum &#8211; 5 esp\u00e9cies dessa suculenta do sol?<\/h2>\n<p>Ent\u00e3o deslize a tela para baixo e<a href=\"https:\/\/br.pinterest.com\/aarquitetapinterest\/_created\/\" target=\"_blank\" rel=\"noopener\"> confira mais dicas<\/a> como esta e n\u00e3o se esque\u00e7a de compartilhar com os amigos!<\/p>\n<p>Quer mais dicas sobre o mundo da Arquitetura e Decora\u00e7\u00e3o, ent\u00e3o confira alguns dos nossos artigos em:<\/p>\n<ul>\n<li><a href=\"https:\/\/www.aarquiteta.com.br\/blog\/paisagismo\/\" target=\"_blank\" rel=\"noopener\">Casa e Jardim<\/a><\/li>\n<li><a href=\"https:\/\/www.aarquiteta.com.br\/blog\/arquitetura\/mundo-arquitetura\/\" target=\"_blank\" rel=\"noopener\">Mundo Arquitetura<\/a><\/li>\n<li><a href=\"https:\/\/www.aarquiteta.com.br\/decoracao\/\" target=\"_blank\" rel=\"noopener\">Decora\u00e7\u00e3o<br \/>\n<\/a><\/li>\n<\/ul>\n<\/div>\n","protected":false},"excerpt":{"rendered":"<p>Uma suculenta sedum pertence \u00e0 lista de esp\u00e9cies suculentas do sol. Apresenta folhas delicadas e carnudas que crescem pequenas e gordas. A exposi\u00e7\u00e3o \u00e0 luz da planta determina a cor das folhas da planta. As plantas cultivadas a pleno sol apresentam uma tonalidade amarelada, no entanto, as plantas cultivadas em ambientes sombreados parecem mais verdes. [&hellip;]<\/p>\n","protected":false},"author":102,"featured_media":74968,"comment_status":"open","ping_status":"closed","sticky":false,"template":"","format":"standard","meta":{"footnotes":""},"categories":[35393,10005,1484,18758],"tags":[26317,26318,26319,26320,26322,26321],"class_list":["post-74906","post","type-post","status-publish","format-standard","has-post-thumbnail","category-cactos-e-suculentas","category-casa-e-jardim","category-decoracao","category-decoracao-de-varanda-terraco","tag-sedum","tag-sedum-tipos","tag-suculenta-sedum","tag-suculenta-sedum-acre","tag-suculenta-sedum-fogo-do-outono","tag-suculenta-sedum-sangue-de-dragao"],"_wp_attached_file":null,"_wp_attachment_metadata":null,"_wp_attachment_context":null,"_wp_attachment_is_custom_header":null,"geo_longitude":null,"geo_public":null,"geo_latitude":null,"_publicize_done_external":null,"_wpas_done_3897181":null,"publicize_twitter_user":null,"_wpas_done_3897175":null,"_wpas_skip_3897181":null,"_wpas_skip_3897175":null,"_wpas_skip_3924723":null,"_wpas_mess":null,"_wpas_done_3924723":null,"wps_subtitle":"Confira essa maravilha de suculenta Sedum e algumas esp\u00e9cies para voc\u00ea ter em sua casa!","_links":{"self":[{"href":"https:\/\/www.aarquiteta.com.br\/blog\/wp-json\/wp\/v2\/posts\/74906","targetHints":{"allow":["GET"]}}],"collection":[{"href":"https:\/\/www.aarquiteta.com.br\/blog\/wp-json\/wp\/v2\/posts"}],"about":[{"href":"https:\/\/www.aarquiteta.com.br\/blog\/wp-json\/wp\/v2\/types\/post"}],"author":[{"embeddable":true,"href":"https:\/\/www.aarquiteta.com.br\/blog\/wp-json\/wp\/v2\/users\/102"}],"replies":[{"embeddable":true,"href":"https:\/\/www.aarquiteta.com.br\/blog\/wp-json\/wp\/v2\/comments?post=74906"}],"version-history":[{"count":0,"href":"https:\/\/www.aarquiteta.com.br\/blog\/wp-json\/wp\/v2\/posts\/74906\/revisions"}],"wp:featuredmedia":[{"embeddable":true,"href":"https:\/\/www.aarquiteta.com.br\/blog\/wp-json\/wp\/v2\/media\/74968"}],"wp:attachment":[{"href":"https:\/\/www.aarquiteta.com.br\/blog\/wp-json\/wp\/v2\/media?parent=74906"}],"wp:term":[{"taxonomy":"category","embeddable":true,"href":"https:\/\/www.aarquiteta.com.br\/blog\/wp-json\/wp\/v2\/categories?post=74906"},{"taxonomy":"post_tag","embeddable":true,"href":"https:\/\/www.aarquiteta.com.br\/blog\/wp-json\/wp\/v2\/tags?post=74906"}],"curies":[{"name":"wp","href":"https:\/\/api.w.org\/{rel}","templated":true}]}}