{"id":74722,"date":"2023-01-31T17:00:58","date_gmt":"2023-01-31T20:00:58","guid":{"rendered":"http:\/\/aarquiteta.com.br\/?p=74722"},"modified":"2024-06-28T11:02:56","modified_gmt":"2024-06-28T14:02:56","slug":"calathea-5-curiosidades-dessa-planta","status":"publish","type":"post","link":"https:\/\/www.aarquiteta.com.br\/blog\/calathea-5-curiosidades-dessa-planta\/","title":{"rendered":"Calathea &#8211; 5 curiosidades dessa planta diferenciada!"},"content":{"rendered":"<p>Calathea \u00e9 um g\u00eanero de plantas tropicais nativas da Am\u00e9rica do Sul e Central, conhecidas por suas folhas distintas e coloridas.<\/p>\n<p>Elas s\u00e3o populares como plantas ornamentais e s\u00e3o comumente cultivados como plantas de casa devido aos seus requisitos de pouca luz e umidade.<\/p>\n<figure id=\"attachment_74732\" aria-describedby=\"caption-attachment-74732\" style=\"width: 1024px\" class=\"wp-caption alignnone\"><img decoding=\"async\" class=\"wp-image-74732 size-large\" src=\"https:\/\/www.aarquiteta.com.br\/blog\/wp-content\/uploads\/2023\/01\/calathea6-1024x540.jpg\" alt=\"calathea6\" width=\"1024\" height=\"540\" title=\"\" srcset=\"https:\/\/www.aarquiteta.com.br\/blog\/wp-content\/uploads\/2023\/01\/calathea6-1024x540.jpg 1024w, https:\/\/www.aarquiteta.com.br\/blog\/wp-content\/uploads\/2023\/01\/calathea6-696x367.jpg 696w, https:\/\/www.aarquiteta.com.br\/blog\/wp-content\/uploads\/2023\/01\/calathea6-150x79.jpg 150w, https:\/\/www.aarquiteta.com.br\/blog\/wp-content\/uploads\/2023\/01\/calathea6-scaled.jpg 2048w\" sizes=\"(max-width: 1024px) 100vw, 1024px\" \/><figcaption id=\"caption-attachment-74732\" class=\"wp-caption-text\">Por: Amazon<\/figcaption><\/figure>\n<p>As esp\u00e9cies de Calathea s\u00e3o conhecidas por seus padr\u00f5es e cores \u00fanicas de folhas e s\u00e3o frequentemente chamadas de plantas de ora\u00e7\u00e3o devido \u00e0 maneira como suas folhas se dobram \u00e0 noite, lembrando m\u00e3os em ora\u00e7\u00e3o.<\/p>\n<h2>Calathea e sua distribui\u00e7\u00e3o no mundo<\/h2>\n<p>Calathea \u00e9 um g\u00eanero de plantas pertencente \u00e0 fam\u00edlia Marantaceae, origin\u00e1rias das florestas tropicais da Am\u00e9rica do Sul e Central.<\/p>\n<figure id=\"attachment_74740\" aria-describedby=\"caption-attachment-74740\" style=\"width: 1024px\" class=\"wp-caption alignnone\"><img decoding=\"async\" class=\"wp-image-74740 size-full\" title=\"Calathea e sua distribui\u00e7\u00e3o no mundo\" src=\"https:\/\/www.aarquiteta.com.br\/blog\/wp-content\/uploads\/2023\/01\/calathea15.jpeg\" alt=\"calathea15\" width=\"1024\" height=\"682\" srcset=\"https:\/\/www.aarquiteta.com.br\/blog\/wp-content\/uploads\/2023\/01\/calathea15.jpeg 1024w, https:\/\/www.aarquiteta.com.br\/blog\/wp-content\/uploads\/2023\/01\/calathea15-696x464.jpeg 696w, https:\/\/www.aarquiteta.com.br\/blog\/wp-content\/uploads\/2023\/01\/calathea15-150x100.jpeg 150w\" sizes=\"(max-width: 1024px) 100vw, 1024px\" \/><figcaption id=\"caption-attachment-74740\" class=\"wp-caption-text\">Por: Floresta SP<\/figcaption><\/figure>\n<p>S\u00e3o conhecidos por suas folhas coloridas e distintas, que variam em cor, tamanho e formato. Calathea \u00e9 uma planta perene, o que significa que pode viver por muitos anos quando cuidada corretamente.<\/p>\n<p>\u00c9 amplamente cultivada como planta ornamental, sendo comumente encontrada em casas e apartamentos como planta de interior.<\/p>\n<figure id=\"attachment_74738\" aria-describedby=\"caption-attachment-74738\" style=\"width: 668px\" class=\"wp-caption alignnone\"><img decoding=\"async\" class=\"wp-image-74738 size-full\" title=\"Calathea e sua distribui\u00e7\u00e3o no mundo\" src=\"https:\/\/www.aarquiteta.com.br\/blog\/wp-content\/uploads\/2023\/01\/calathea12.jpg\" alt=\"calathea12\" width=\"668\" height=\"400\" srcset=\"https:\/\/www.aarquiteta.com.br\/blog\/wp-content\/uploads\/2023\/01\/calathea12.jpg 668w, https:\/\/www.aarquiteta.com.br\/blog\/wp-content\/uploads\/2023\/01\/calathea12-150x90.jpg 150w\" sizes=\"(max-width: 668px) 100vw, 668px\" \/><figcaption id=\"caption-attachment-74738\" class=\"wp-caption-text\">Por: Hogarmania<\/figcaption><\/figure>\n<p>A distribui\u00e7\u00e3o geogr\u00e1fica de Calathea abrange pa\u00edses como Brasil, Col\u00f4mbia, Peru e Venezuela.<\/p>\n<h3>1 \u2014 Caracter\u00edsticas da Calathea:<\/h3>\n<p>As plantas Calathea apresentam folhas grandes e vibrantes, que variam em cor, tamanho e formato.<\/p>\n<figure id=\"attachment_74742\" aria-describedby=\"caption-attachment-74742\" style=\"width: 564px\" class=\"wp-caption alignnone\"><img decoding=\"async\" class=\"wp-image-74742 size-full\" title=\"Caracter\u00edsticas da Calathea\" src=\"https:\/\/www.aarquiteta.com.br\/blog\/wp-content\/uploads\/2023\/01\/calathea18.jpg\" alt=\"calathea18\" width=\"564\" height=\"705\" srcset=\"https:\/\/www.aarquiteta.com.br\/blog\/wp-content\/uploads\/2023\/01\/calathea18.jpg 564w, https:\/\/www.aarquiteta.com.br\/blog\/wp-content\/uploads\/2023\/01\/calathea18-150x188.jpg 150w\" sizes=\"(max-width: 564px) 100vw, 564px\" \/><figcaption id=\"caption-attachment-74742\" class=\"wp-caption-text\">Por: ArkPad<\/figcaption><\/figure>\n<p>Algumas esp\u00e9cies apresentam folhas verdes com faixas brancas ou amarelas, enquanto outras apresentam folhas vermelhas, roxas ou cor de cobre, as folhas s\u00e3o comumente arredondadas ou ovaladas, mas tamb\u00e9m podem ser alongadas e estreitas.<\/p>\n<p>As flores de Calathea s\u00e3o pequenas e aparecem em espigas, normalmente na primavera ou ver\u00e3o, as flores s\u00e3o geralmente brancas ou rosa-claro e t\u00eam uma conex\u00e3o suave.<\/p>\n<p>Em termos de tamanho, Calathea pode variar de pequenas plantas com folhas de 10 cm a grandes plantas com folhas de 1 metro de comprimento, a\u00a0altura da planta tamb\u00e9m pode variar, desde 30 cm at\u00e9 mais de 1 metro.<\/p>\n<figure id=\"attachment_74741\" aria-describedby=\"caption-attachment-74741\" style=\"width: 564px\" class=\"wp-caption alignnone\"><img decoding=\"async\" class=\"wp-image-74741 size-full\" title=\"Caracter\u00edsticas da Calathea\" src=\"https:\/\/www.aarquiteta.com.br\/blog\/wp-content\/uploads\/2023\/01\/calathea17.jpg\" alt=\"calathea17\" width=\"564\" height=\"564\" srcset=\"https:\/\/www.aarquiteta.com.br\/blog\/wp-content\/uploads\/2023\/01\/calathea17.jpg 564w, https:\/\/www.aarquiteta.com.br\/blog\/wp-content\/uploads\/2023\/01\/calathea17-96x96.jpg 96w, https:\/\/www.aarquiteta.com.br\/blog\/wp-content\/uploads\/2023\/01\/calathea17-150x150.jpg 150w\" sizes=\"(max-width: 564px) 100vw, 564px\" \/><figcaption id=\"caption-attachment-74741\" class=\"wp-caption-text\">Por: 100 Franteiras<\/figcaption><\/figure>\n<p>Em geral, as plantas Calathea s\u00e3o conhecidas por suas folhas distintas e coloridas, que podem ser usadas para adicionar cor e textura a um ambiente.<\/p>\n<h3>2 \u2014 Cuidados com a Calathea:<\/h3>\n<p>Calathea \u00e9 amplamente utilizada como planta ornamental, especialmente como planta de interior. Sua popularidade \u00e9 devida \u00e0 sua bela folhagem colorida e \u00e0s suas necessidades de cuidado relativamente baixas.<\/p>\n<figure id=\"attachment_74739\" aria-describedby=\"caption-attachment-74739\" style=\"width: 850px\" class=\"wp-caption alignnone\"><img decoding=\"async\" class=\"wp-image-74739 size-full\" title=\"Cuidados com a Calathea\" src=\"https:\/\/www.aarquiteta.com.br\/blog\/wp-content\/uploads\/2023\/01\/calathea14.jpg\" alt=\"calathea14\" width=\"850\" height=\"450\" srcset=\"https:\/\/www.aarquiteta.com.br\/blog\/wp-content\/uploads\/2023\/01\/calathea14.jpg 850w, https:\/\/www.aarquiteta.com.br\/blog\/wp-content\/uploads\/2023\/01\/calathea14-696x368.jpg 696w, https:\/\/www.aarquiteta.com.br\/blog\/wp-content\/uploads\/2023\/01\/calathea14-150x79.jpg 150w\" sizes=\"(max-width: 850px) 100vw, 850px\" \/><figcaption id=\"caption-attachment-74739\" class=\"wp-caption-text\">Por: Horto de Campo Grande<\/figcaption><\/figure>\n<p>Para se manter saud\u00e1vel, a Calathea precisa de luz indireta e moderadamente a baixa temperatura. Ela tamb\u00e9m precisa ser regada regularmente, mas sem excesso para evitar o ac\u00famulo de \u00e1gua no solo. O solo deve ser mantido \u00famido, mas sem ficar encharcado.<\/p>\n<p>Al\u00e9m disso, Calathea \u00e9 sens\u00edvel a mudan\u00e7as bruscas de temperatura e correntes de ar, ent\u00e3o \u00e9 importante manter-la longe de correntes de ar frio e evitar mudan\u00e7as extremas de temperatura. Tamb\u00e9m \u00e9 importante pulverizar suas folhas periodicamente para manter a umidade adequada.<\/p>\n<h3>3 \u2014 Calathea e suas variedades:<\/h3>\n<p>Calathea \u00e9 uma planta de interior popular que possui uma ampla variedade de folhas coloridas e padr\u00f5es distintos.<\/p>\n<p>Algumas das variedades mais comuns incluem:<\/p>\n<p><strong>Calathea zebrina:<\/strong> folhas verdes-escuras com listras brancas e amarelas<\/p>\n<figure id=\"attachment_74726\" aria-describedby=\"caption-attachment-74726\" style=\"width: 700px\" class=\"wp-caption alignnone\"><img decoding=\"async\" class=\"wp-image-74726 size-full\" title=\"Calathea zebrina\" src=\"https:\/\/www.aarquiteta.com.br\/blog\/wp-content\/uploads\/2023\/01\/calathea.jpg\" alt=\"calathea\" width=\"700\" height=\"525\" srcset=\"https:\/\/www.aarquiteta.com.br\/blog\/wp-content\/uploads\/2023\/01\/calathea.jpg 700w, https:\/\/www.aarquiteta.com.br\/blog\/wp-content\/uploads\/2023\/01\/calathea-696x522.jpg 696w, https:\/\/www.aarquiteta.com.br\/blog\/wp-content\/uploads\/2023\/01\/calathea-150x113.jpg 150w\" sizes=\"(max-width: 700px) 100vw, 700px\" \/><figcaption id=\"caption-attachment-74726\" class=\"wp-caption-text\">Por: S\u00edtio da Mata<\/figcaption><\/figure>\n<p><strong>Calathea orbifolia:<\/strong> folhas verdes-escuras com manchas circulares<\/p>\n<figure id=\"attachment_74727\" aria-describedby=\"caption-attachment-74727\" style=\"width: 573px\" class=\"wp-caption alignnone\"><img decoding=\"async\" class=\"wp-image-74727 size-full\" title=\"Calathea orbifolia\" src=\"https:\/\/www.aarquiteta.com.br\/blog\/wp-content\/uploads\/2023\/01\/calathea2.webp\" alt=\"calathea2\" width=\"573\" height=\"644\" srcset=\"https:\/\/www.aarquiteta.com.br\/blog\/wp-content\/uploads\/2023\/01\/calathea2.webp 573w, https:\/\/www.aarquiteta.com.br\/blog\/wp-content\/uploads\/2023\/01\/calathea2-150x169.webp 150w\" sizes=\"(max-width: 573px) 100vw, 573px\" \/><figcaption id=\"caption-attachment-74727\" class=\"wp-caption-text\">Por: Urban Jungle<\/figcaption><\/figure>\n<p><strong>Medalh\u00e3o Calathea:<\/strong> folhas verdes-claras com manchas marrons circulares<\/p>\n<figure id=\"attachment_74728\" aria-describedby=\"caption-attachment-74728\" style=\"width: 777px\" class=\"wp-caption alignnone\"><img decoding=\"async\" class=\"wp-image-74728 size-full\" title=\"Medalh\u00e3o Calathea\" src=\"https:\/\/www.aarquiteta.com.br\/blog\/wp-content\/uploads\/2023\/01\/calathea3.jpg\" alt=\"calathea3\" width=\"777\" height=\"518\" srcset=\"https:\/\/www.aarquiteta.com.br\/blog\/wp-content\/uploads\/2023\/01\/calathea3.jpg 777w, https:\/\/www.aarquiteta.com.br\/blog\/wp-content\/uploads\/2023\/01\/calathea3-696x464.jpg 696w, https:\/\/www.aarquiteta.com.br\/blog\/wp-content\/uploads\/2023\/01\/calathea3-150x100.jpg 150w\" sizes=\"(max-width: 777px) 100vw, 777px\" \/><figcaption id=\"caption-attachment-74728\" class=\"wp-caption-text\">Por: Plantas em Casa<\/figcaption><\/figure>\n<p><strong>Calathea roseo picta<\/strong>: folhas verdes-claras com listras rosadas<\/p>\n<figure id=\"attachment_74729\" aria-describedby=\"caption-attachment-74729\" style=\"width: 630px\" class=\"wp-caption alignnone\"><img decoding=\"async\" class=\"wp-image-74729 size-full\" title=\"Calathea roseo picta\" src=\"https:\/\/www.aarquiteta.com.br\/blog\/wp-content\/uploads\/2023\/01\/calathea4.jpg\" alt=\"calathea4\" width=\"630\" height=\"945\" srcset=\"https:\/\/www.aarquiteta.com.br\/blog\/wp-content\/uploads\/2023\/01\/calathea4.jpg 630w, https:\/\/www.aarquiteta.com.br\/blog\/wp-content\/uploads\/2023\/01\/calathea4-150x225.jpg 150w\" sizes=\"(max-width: 630px) 100vw, 630px\" \/><figcaption id=\"caption-attachment-74729\" class=\"wp-caption-text\">Por: Plantiza<\/figcaption><\/figure>\n<p><strong>Calathea makoyana:<\/strong> folhas verdes-escuras com listras rosadas e brancas<\/p>\n<figure id=\"attachment_74730\" aria-describedby=\"caption-attachment-74730\" style=\"width: 1024px\" class=\"wp-caption alignnone\"><img decoding=\"async\" class=\"wp-image-74730 size-large\" title=\"Calathea makoyana\" src=\"https:\/\/www.aarquiteta.com.br\/blog\/wp-content\/uploads\/2023\/01\/calathea5-1024x1024.jpg\" alt=\"calathea5\" width=\"1024\" height=\"1024\" srcset=\"https:\/\/www.aarquiteta.com.br\/blog\/wp-content\/uploads\/2023\/01\/calathea5-1024x1024.jpg 1024w, https:\/\/www.aarquiteta.com.br\/blog\/wp-content\/uploads\/2023\/01\/calathea5-696x696.jpg 696w, https:\/\/www.aarquiteta.com.br\/blog\/wp-content\/uploads\/2023\/01\/calathea5-96x96.jpg 96w, https:\/\/www.aarquiteta.com.br\/blog\/wp-content\/uploads\/2023\/01\/calathea5-150x150.jpg 150w, https:\/\/www.aarquiteta.com.br\/blog\/wp-content\/uploads\/2023\/01\/calathea5.jpg 1080w\" sizes=\"(max-width: 1024px) 100vw, 1024px\" \/><figcaption id=\"caption-attachment-74730\" class=\"wp-caption-text\">Pinterest<\/figcaption><\/figure>\n<p>Cada variedade de Calathea tem requisitos de cuidado \u00fanicos, incluindo umidade, luz e temperatura, sendo importante seguir as instru\u00e7\u00f5es de cuidado para mant\u00ea-los saud\u00e1veis.<\/p>\n<h3>4 \u2014 Como cultivar Calathea com sucesso?<\/h3>\n<p>Para cultivar Calathea com sucesso, \u00e9 importante seguir algumas dicas:<\/p>\n<figure id=\"attachment_74734\" aria-describedby=\"caption-attachment-74734\" style=\"width: 1000px\" class=\"wp-caption alignnone\"><img decoding=\"async\" class=\"wp-image-74734 size-full\" title=\"Como cultivar Calathea com sucesso?\" src=\"https:\/\/www.aarquiteta.com.br\/blog\/wp-content\/uploads\/2023\/01\/calathea8.webp\" alt=\"calathea8\" width=\"1000\" height=\"667\" srcset=\"https:\/\/www.aarquiteta.com.br\/blog\/wp-content\/uploads\/2023\/01\/calathea8.webp 1000w, https:\/\/www.aarquiteta.com.br\/blog\/wp-content\/uploads\/2023\/01\/calathea8-696x464.webp 696w, https:\/\/www.aarquiteta.com.br\/blog\/wp-content\/uploads\/2023\/01\/calathea8-150x100.webp 150w\" sizes=\"(max-width: 1000px) 100vw, 1000px\" \/><figcaption id=\"caption-attachment-74734\" class=\"wp-caption-text\">Por: Ideias Inteligentes<\/figcaption><\/figure>\n<p><strong>Ilumina\u00e7\u00e3o:<\/strong> Calathea precisa de luz indireta, sem sol direto, para evitar que as folhas fiquem danificadas ou queimadas.<\/p>\n<p><strong>Umidade:<\/strong> Calathea requer umidade elevada para manter as folhas macias e vibrantes. Use um pulverizador regularmente ou coloque um recipiente de \u00e1gua pr\u00f3ximo \u00e0 planta para aumentar a umidade.<\/p>\n<p><strong>Solo:<\/strong> Use um solo bem drenado, com adi\u00e7\u00e3o de mat\u00e9ria org\u00e2nica. Adicione uma camada de esfagno na superf\u00edcie para manter a umidade e ajudar a regular a temperatura.<\/p>\n<figure id=\"attachment_74733\" aria-describedby=\"caption-attachment-74733\" style=\"width: 819px\" class=\"wp-caption alignnone\"><img decoding=\"async\" class=\"wp-image-74733 size-full\" title=\"Solo\" src=\"https:\/\/www.aarquiteta.com.br\/blog\/wp-content\/uploads\/2023\/01\/calathea7.webp\" alt=\"calathea7\" width=\"819\" height=\"1023\" srcset=\"https:\/\/www.aarquiteta.com.br\/blog\/wp-content\/uploads\/2023\/01\/calathea7.webp 819w, https:\/\/www.aarquiteta.com.br\/blog\/wp-content\/uploads\/2023\/01\/calathea7-696x869.webp 696w, https:\/\/www.aarquiteta.com.br\/blog\/wp-content\/uploads\/2023\/01\/calathea7-150x187.webp 150w\" sizes=\"(max-width: 819px) 100vw, 819px\" \/><figcaption id=\"caption-attachment-74733\" class=\"wp-caption-text\">Por: Casa Abril<\/figcaption><\/figure>\n<p><strong>Rega:<\/strong> Regue regularmente, mantendo o solo sempre \u00famido, mas sem encharcamento. Deixe o solo secar levemente antes de se regar novamente.<\/p>\n<p><strong>Temperatura:<\/strong> Mantenha a temperatura da Calathea entre 18 \u00b0C \u200b\u200be 24 \u00b0C, evitando correntes de ar frio.<\/p>\n<p><strong>Aduba\u00e7\u00e3o:<\/strong> Adube sua Calathea com fertilizante l\u00edquido a cada 2-3 semanas durante a primavera e o ver\u00e3o. Reduza a aduba\u00e7\u00e3o no outono e no inverno.<\/p>\n<figure id=\"attachment_74735\" aria-describedby=\"caption-attachment-74735\" style=\"width: 1024px\" class=\"wp-caption alignnone\"><img decoding=\"async\" class=\"wp-image-74735 size-large\" title=\"Aduba\u00e7\u00e3o\" src=\"https:\/\/www.aarquiteta.com.br\/blog\/wp-content\/uploads\/2023\/01\/calathea9-1024x576.jpg\" alt=\"calathea9\" width=\"1024\" height=\"576\" srcset=\"https:\/\/www.aarquiteta.com.br\/blog\/wp-content\/uploads\/2023\/01\/calathea9-1024x576.jpg 1024w, https:\/\/www.aarquiteta.com.br\/blog\/wp-content\/uploads\/2023\/01\/calathea9-696x392.jpg 696w, https:\/\/www.aarquiteta.com.br\/blog\/wp-content\/uploads\/2023\/01\/calathea9-150x84.jpg 150w, https:\/\/www.aarquiteta.com.br\/blog\/wp-content\/uploads\/2023\/01\/calathea9.jpg 1280w\" sizes=\"(max-width: 1024px) 100vw, 1024px\" \/><figcaption id=\"caption-attachment-74735\" class=\"wp-caption-text\">Por: YouTube<\/figcaption><\/figure>\n<p>Seguindo essas dicas, sua Calathea pode florescer e se desenvolver saudavelmente em sua casa ou escrit\u00f3rio.<\/p>\n<h3>5 \u2014 Beleza e a versatilidade das plantas Calathea:<\/h3>\n<p>Definitivamente, as plantas Calathea s\u00e3o conhecidas por sua beleza e versatilidade, tornando-as uma excelente adi\u00e7\u00e3o a qualquer cole\u00e7\u00e3o de plantas.<\/p>\n<figure id=\"attachment_74736\" aria-describedby=\"caption-attachment-74736\" style=\"width: 1200px\" class=\"wp-caption alignnone\"><img decoding=\"async\" class=\"wp-image-74736 size-full\" title=\"Beleza e a versatilidade das plantas Calathea\" src=\"https:\/\/www.aarquiteta.com.br\/blog\/wp-content\/uploads\/2023\/01\/calathea10.webp\" alt=\"calathea10\" width=\"1200\" height=\"800\" srcset=\"https:\/\/www.aarquiteta.com.br\/blog\/wp-content\/uploads\/2023\/01\/calathea10.webp 1200w, https:\/\/www.aarquiteta.com.br\/blog\/wp-content\/uploads\/2023\/01\/calathea10-1024x683.webp 1024w, https:\/\/www.aarquiteta.com.br\/blog\/wp-content\/uploads\/2023\/01\/calathea10-696x464.webp 696w, https:\/\/www.aarquiteta.com.br\/blog\/wp-content\/uploads\/2023\/01\/calathea10-150x100.webp 150w\" sizes=\"(max-width: 1200px) 100vw, 1200px\" \/><figcaption id=\"caption-attachment-74736\" class=\"wp-caption-text\">Por: Urban Jungle<\/figcaption><\/figure>\n<p>Com suas folhas coloridas e padr\u00f5es distintos, elas podem ser usadas como um elemento de destaque na decora\u00e7\u00e3o, complementando qualquer estilo de design de interiores.<\/p>\n<p>Al\u00e9m disso, as Calatheas s\u00e3o plantas de interior ideais, pois s\u00e3o f\u00e1ceis de cuidar e manter a umidade do ar, o que \u00e9 ben\u00e9fico para a sa\u00fade e o bem-estar.<\/p>\n<figure id=\"attachment_74737\" aria-describedby=\"caption-attachment-74737\" style=\"width: 640px\" class=\"wp-caption alignnone\"><img decoding=\"async\" class=\"wp-image-74737 size-full\" title=\"Beleza e a versatilidade das plantas Calathea\" src=\"https:\/\/www.aarquiteta.com.br\/blog\/wp-content\/uploads\/2023\/01\/calathea11.webp\" alt=\"calathea11\" width=\"640\" height=\"640\" srcset=\"https:\/\/www.aarquiteta.com.br\/blog\/wp-content\/uploads\/2023\/01\/calathea11.webp 640w, https:\/\/www.aarquiteta.com.br\/blog\/wp-content\/uploads\/2023\/01\/calathea11-96x96.webp 96w, https:\/\/www.aarquiteta.com.br\/blog\/wp-content\/uploads\/2023\/01\/calathea11-150x150.webp 150w\" sizes=\"(max-width: 640px) 100vw, 640px\" \/><figcaption id=\"caption-attachment-74737\" class=\"wp-caption-text\">Por: Casa Vogue<\/figcaption><\/figure>\n<p>Portanto, se voc\u00ea est\u00e1 procurando uma planta de interior elegante e vibrante, a Calathea \u00e9 uma excelente escolha.<\/p>\n<p>&nbsp;<\/p>\n","protected":false},"excerpt":{"rendered":"<p>Calathea \u00e9 um g\u00eanero de plantas tropicais nativas da Am\u00e9rica do Sul e Central, conhecidas por suas folhas distintas e coloridas. Elas s\u00e3o populares como plantas ornamentais e s\u00e3o comumente cultivados como plantas de casa devido aos seus requisitos de pouca luz e umidade. As esp\u00e9cies de Calathea s\u00e3o conhecidas por seus padr\u00f5es e cores [&hellip;]<\/p>\n","protected":false},"author":102,"featured_media":74731,"comment_status":"closed","ping_status":"closed","sticky":false,"template":"","format":"standard","meta":{"footnotes":""},"categories":[1507,10005,31218,1484,18758],"tags":[26138,26145,26144,26141,26143,26140,26146,26148,26147,26142,26139],"class_list":["post-74722","post","type-post","status-publish","format-standard","has-post-thumbnail","category-arquitetura","category-casa-e-jardim","category-cidades-e-curiosidades","category-decoracao","category-decoracao-de-varanda-terraco","tag-calathea","tag-calathea-como-cuidar","tag-calathea-makoyana","tag-calathea-orbifolia","tag-calathea-roseo-picta","tag-calathea-zebrina","tag-como-cuidar-da-calathea","tag-como-cultivar-calathea","tag-como-regar-a-calathea","tag-medalhao-calathea","tag-planta-calathea"],"_wp_attached_file":null,"_wp_attachment_metadata":null,"_wp_attachment_context":null,"_wp_attachment_is_custom_header":null,"geo_longitude":null,"geo_public":null,"geo_latitude":null,"_publicize_done_external":null,"_wpas_done_3897181":null,"publicize_twitter_user":null,"_wpas_done_3897175":null,"_wpas_skip_3897181":null,"_wpas_skip_3897175":null,"_wpas_skip_3924723":null,"_wpas_mess":null,"_wpas_done_3924723":null,"wps_subtitle":"Confira essa diferente planta e suas caracter\u00edsticas lendo o noso post!","_links":{"self":[{"href":"https:\/\/www.aarquiteta.com.br\/blog\/wp-json\/wp\/v2\/posts\/74722","targetHints":{"allow":["GET"]}}],"collection":[{"href":"https:\/\/www.aarquiteta.com.br\/blog\/wp-json\/wp\/v2\/posts"}],"about":[{"href":"https:\/\/www.aarquiteta.com.br\/blog\/wp-json\/wp\/v2\/types\/post"}],"author":[{"embeddable":true,"href":"https:\/\/www.aarquiteta.com.br\/blog\/wp-json\/wp\/v2\/users\/102"}],"replies":[{"embeddable":true,"href":"https:\/\/www.aarquiteta.com.br\/blog\/wp-json\/wp\/v2\/comments?post=74722"}],"version-history":[{"count":0,"href":"https:\/\/www.aarquiteta.com.br\/blog\/wp-json\/wp\/v2\/posts\/74722\/revisions"}],"wp:featuredmedia":[{"embeddable":true,"href":"https:\/\/www.aarquiteta.com.br\/blog\/wp-json\/wp\/v2\/media\/74731"}],"wp:attachment":[{"href":"https:\/\/www.aarquiteta.com.br\/blog\/wp-json\/wp\/v2\/media?parent=74722"}],"wp:term":[{"taxonomy":"category","embeddable":true,"href":"https:\/\/www.aarquiteta.com.br\/blog\/wp-json\/wp\/v2\/categories?post=74722"},{"taxonomy":"post_tag","embeddable":true,"href":"https:\/\/www.aarquiteta.com.br\/blog\/wp-json\/wp\/v2\/tags?post=74722"}],"curies":[{"name":"wp","href":"https:\/\/api.w.org\/{rel}","templated":true}]}}