{"id":744,"date":"2013-12-03T23:12:29","date_gmt":"2013-12-04T02:12:29","guid":{"rendered":"http:\/\/aarquiteta.com.br\/?p=744"},"modified":"2026-09-01T16:03:24","modified_gmt":"2026-09-01T19:03:24","slug":"decabim","status":"publish","type":"post","link":"https:\/\/www.aarquiteta.com.br\/blog\/decabim\/","title":{"rendered":"Biblioteca Gr\u00e1tis | Fam\u00edlias DECABIM para Revit &#8211; Baixe a sua!"},"content":{"rendered":"<p style=\"text-align: justify;\">Voc\u00ea sabe o que \u00e9 Decabim?\u00a0Eis-me aqui novamente para informar a voc\u00eas esse trabalho maravilhoso que a Deca, lou\u00e7as e metais est\u00e1 fazendo!<\/p>\n<p style=\"text-align: justify;\">Buscando atender a crescente demanda dos profissionais por fam\u00edlias de lou\u00e7as e metais sanit\u00e1rios para projetos com o conceito BIM (Building Information Modeling)<\/p>\n<p style=\"text-align: justify;\">A Deca \u00e9 o primeiro fabricante nacional de lou\u00e7as e metais sanit\u00e1rios a oferecer uma biblioteca desenvolvida para os projetos com esse conceito.<\/p>\n<p style=\"text-align: justify;\"><a href=\"https:\/\/www.aarquiteta.com.br\/blog\/wp-content\/uploads\/2013\/09\/DecaBIM_banner_001.jpg\"><img decoding=\"async\" class=\"aligncenter wp-image-745\" src=\"https:\/\/www.aarquiteta.com.br\/blog\/wp-content\/uploads\/2013\/09\/DecaBIM_banner_001.jpg\" alt=\"DecaBIM_banner_001\" width=\"750\" height=\"404\" title=\"\" srcset=\"https:\/\/www.aarquiteta.com.br\/blog\/wp-content\/uploads\/2013\/09\/DecaBIM_banner_001.jpg 340w, https:\/\/www.aarquiteta.com.br\/blog\/wp-content\/uploads\/2013\/09\/DecaBIM_banner_001-150x81.jpg 150w\" sizes=\"(max-width: 750px) 100vw, 750px\" \/><\/a><\/p>\n<p style=\"text-align: center;\">DECABIM -Componentes <a href=\"https:\/\/www.aarquiteta.com.br\/biblioteca-revit\/\" target=\"_blank\" rel=\"noopener\">Fam\u00edlias Revit<\/a><\/p>\n<h2 style=\"text-align: justify;\">Decabim &#8211; Biblioteca de blocos para REVIT<\/h2>\n<p style=\"text-align: justify;\">A biblioteca foi desenvolvida inicialmente na plataforma Autodesk Revit\u00ae em conjunto com as empresas especialistas quattro D e Corbis Global.<\/p>\n<p style=\"text-align: justify;\">Contando com a participa\u00e7\u00e3o de profissionais de escrit\u00f3rios de arquitetura, sistemas prediais e construtores no processo de desenvolvimento dos modelos, para garantir a qualidade e funcionalidade esperada pelo mercado.<\/p>\n<p style=\"text-align: justify;\">Bem como a utiliza\u00e7\u00e3o plena da biblioteca no dia a dia dos profissionais nas diversas fases de projetos de edif\u00edcios.<\/p>\n<h3 style=\"text-align: justify;\">Todo este processo contou com o envolvimento da fabricante do software.<\/h3>\n<p style=\"text-align: justify;\">Em caso de d\u00favidas, entre em contato atrav\u00e9s do email\u00a0<a href=\"mailto:engenhariadeaplicacoes@deca.com.br\">engenhariadeaplicacoes@deca.com.br<\/a><\/p>\n<span style=\"font-weight: bold; color: #f00;\">Error, group does not exist! Check your syntax! (ID: 31)<\/span>\n<p style=\"text-align: justify;\">Com a <a href=\"https:\/\/www.aarquiteta.com.br\/biblioteca-revit\/\" target=\"_blank\" rel=\"noopener\">biblioteca<\/a> DecaBIM, a Deca visa auxiliar os profissionais do mercado a obter maior agilidade, sofistica\u00e7\u00e3o e facilidade ao desenvolver seu trabalho.<\/p>\n<p style=\"text-align: justify;\">Assim, promove a valoriza\u00e7\u00e3o dos projetos de arquitetura e engenharia, o desenvolvimento tecnol\u00f3gico da constru\u00e7\u00e3o civil, al\u00e9m de fornecer uma biblioteca com a qualidade esperada pelo mercado e desempenhar seu papel como empresa l\u00edder e inovadora.<\/p>\n<p style=\"text-align: justify;\">A biblioteca ser\u00e1 lan\u00e7ada em etapas, com um pacote espec\u00edfico de tipos e\/ou linhas de produtos, de forma que os profissionais do mercado possam dar sua opini\u00e3o sobre o conte\u00fado desenvolvido.<\/p>\n<p style=\"text-align: justify;\">Acessem gratuitamente e continuem acompanhando os lan\u00e7amentos da maior empresa de lou\u00e7as e metais sanit\u00e1rios do pa\u00eds no link abaixo:<\/p>\n<p style=\"text-align: justify;\">https:\/\/www.deca.com.br\/deca-para-profissionais\/decabim\/<\/p>\n<p>As bibliotecas gr\u00e1tis est\u00e3o dispon\u00edveis para download para todo independente se forem alunos, clientes, seguidores e etc, e elas n\u00e3o s\u00e3o enviadas pelos correios, elas est\u00e3o dispon\u00edveis somente para download direto no seu computador!<\/p>\n<p>Ent\u00e3o \u00e9 isso a\u00ed pessoal!<\/p>\n<p>O BIM veio para ficar! Revit Arquitetura \u00e9 da Autodesk como o<a href=\"https:\/\/www.aarquiteta.com.br\/curso-autocad-completo\/\" target=\"_blank\" rel=\"noopener\"> AutoCAD<\/a> que faz dele a refer\u00eancia do mercado devido a interface e os comandos serem muito parecidos com o<a href=\"https:\/\/www.aarquiteta.com.br\/curso-autocad-completo\/\" target=\"_blank\" rel=\"noopener\"> AutoCAD<\/a>.<\/p>\n<p>Com isso levantamos uma quest\u00e3o: ser\u00e1 o fim dos sistema CAD\u00a0de desenho?<\/p>\n<p>Amigos ser\u00e1 esse o fim do <a href=\"https:\/\/www.aarquiteta.com.br\/curso-autocad-completo\/\" target=\"_blank\" rel=\"noopener\">AutoCAD<\/a>? Adios ? Bye bye\u2026 hasta la vista?<\/p>\n<p>Huuum\u2026 Confira o post especifico que preparei sobre esse assunto <a title=\"Autocad\" href=\"https:\/\/aarquitetadicas.wordpress.com\/2013\/06\/22\/autocad-x-revit-sera-o-fim-dos-sistemas-cad-de-desenho\/\" target=\"_blank\" rel=\"noopener\">AQUI<\/a>\u00a0e descubra!<\/p>\n<p>&nbsp;<\/p>\n","protected":false},"excerpt":{"rendered":"<p>Voc\u00ea sabe o que \u00e9 Decabim?\u00a0Eis-me aqui novamente para informar a voc\u00eas esse trabalho maravilhoso que a Deca, lou\u00e7as e metais est\u00e1 fazendo! Buscando atender a crescente demanda dos profissionais por fam\u00edlias de lou\u00e7as e metais sanit\u00e1rios para projetos com o conceito BIM (Building Information Modeling) A Deca \u00e9 o primeiro fabricante nacional de lou\u00e7as [&hellip;]<\/p>\n","protected":false},"author":102,"featured_media":39114,"comment_status":"closed","ping_status":"closed","sticky":false,"template":"","format":"standard","meta":{"footnotes":""},"categories":[5],"tags":[146],"class_list":["post-744","post","type-post","status-publish","format-standard","has-post-thumbnail","category-biblioteca-arquitetura","tag-decabim"],"_wp_attached_file":null,"_wp_attachment_metadata":null,"_wp_attachment_context":null,"_wp_attachment_is_custom_header":null,"geo_longitude":null,"geo_public":null,"geo_latitude":null,"_publicize_done_external":null,"_wpas_done_3897181":null,"publicize_twitter_user":null,"_wpas_done_3897175":null,"_wpas_skip_3897181":null,"_wpas_skip_3897175":null,"_wpas_skip_3924723":null,"_wpas_mess":null,"_wpas_done_3924723":null,"wps_subtitle":"Confira neste artigo as dicas sobre o programa mais utilizado pelas construtoras e incorporadoras do Brasil!","_links":{"self":[{"href":"https:\/\/www.aarquiteta.com.br\/blog\/wp-json\/wp\/v2\/posts\/744","targetHints":{"allow":["GET"]}}],"collection":[{"href":"https:\/\/www.aarquiteta.com.br\/blog\/wp-json\/wp\/v2\/posts"}],"about":[{"href":"https:\/\/www.aarquiteta.com.br\/blog\/wp-json\/wp\/v2\/types\/post"}],"author":[{"embeddable":true,"href":"https:\/\/www.aarquiteta.com.br\/blog\/wp-json\/wp\/v2\/users\/102"}],"replies":[{"embeddable":true,"href":"https:\/\/www.aarquiteta.com.br\/blog\/wp-json\/wp\/v2\/comments?post=744"}],"version-history":[{"count":2,"href":"https:\/\/www.aarquiteta.com.br\/blog\/wp-json\/wp\/v2\/posts\/744\/revisions"}],"predecessor-version":[{"id":157939,"href":"https:\/\/www.aarquiteta.com.br\/blog\/wp-json\/wp\/v2\/posts\/744\/revisions\/157939"}],"wp:featuredmedia":[{"embeddable":true,"href":"https:\/\/www.aarquiteta.com.br\/blog\/wp-json\/wp\/v2\/media\/39114"}],"wp:attachment":[{"href":"https:\/\/www.aarquiteta.com.br\/blog\/wp-json\/wp\/v2\/media?parent=744"}],"wp:term":[{"taxonomy":"category","embeddable":true,"href":"https:\/\/www.aarquiteta.com.br\/blog\/wp-json\/wp\/v2\/categories?post=744"},{"taxonomy":"post_tag","embeddable":true,"href":"https:\/\/www.aarquiteta.com.br\/blog\/wp-json\/wp\/v2\/tags?post=744"}],"curies":[{"name":"wp","href":"https:\/\/api.w.org\/{rel}","templated":true}]}}