{"id":74247,"date":"2023-01-16T17:15:31","date_gmt":"2023-01-16T20:15:31","guid":{"rendered":"http:\/\/aarquiteta.com.br\/?p=74247"},"modified":"2023-01-18T18:17:33","modified_gmt":"2023-01-18T21:17:33","slug":"salao-de-beleza","status":"publish","type":"post","link":"https:\/\/www.aarquiteta.com.br\/blog\/salao-de-beleza\/","title":{"rendered":"Sal\u00e3o de Beleza &#8211; 5 dicas para aprimorar o ambiente!"},"content":{"rendered":"<p>O sal\u00e3o de beleza \u00e9 um estabelecimento onde s\u00e3o realizados diversos tipos de servi\u00e7os relacionados \u00e0 est\u00e9tica, como corte de cabelo, colora\u00e7\u00e3o, maquiagem, manicure, entre outros.<\/p>\n<p>Os sal\u00f5es de beleza s\u00e3o frequentados tanto por homens quanto por mulheres e podem oferecer servi\u00e7os para todas as idades.<\/p>\n<figure id=\"attachment_74303\" aria-describedby=\"caption-attachment-74303\" style=\"width: 620px\" class=\"wp-caption alignnone\"><img decoding=\"async\" class=\"wp-image-74303 size-full\" src=\"https:\/\/www.aarquiteta.com.br\/blog\/wp-content\/uploads\/2023\/01\/salao12.jpg\" alt=\"salao12\" width=\"620\" height=\"531\" title=\"\" srcset=\"https:\/\/www.aarquiteta.com.br\/blog\/wp-content\/uploads\/2023\/01\/salao12.jpg 620w, https:\/\/www.aarquiteta.com.br\/blog\/wp-content\/uploads\/2023\/01\/salao12-150x128.jpg 150w\" sizes=\"(max-width: 620px) 100vw, 620px\" \/><figcaption id=\"caption-attachment-74303\" class=\"wp-caption-text\">Por: Transforme sua Casa<\/figcaption><\/figure>\n<p>Alguns sal\u00f5es de beleza tamb\u00e9m oferecem servi\u00e7os de spa e tratamentos de pele.<\/p>\n<figure id=\"attachment_74304\" aria-describedby=\"caption-attachment-74304\" style=\"width: 768px\" class=\"wp-caption alignnone\"><img decoding=\"async\" class=\"wp-image-74304 size-full\" src=\"https:\/\/www.aarquiteta.com.br\/blog\/wp-content\/uploads\/2023\/01\/salao13.webp\" alt=\"salao13\" width=\"768\" height=\"430\" title=\"\" srcset=\"https:\/\/www.aarquiteta.com.br\/blog\/wp-content\/uploads\/2023\/01\/salao13.webp 768w, https:\/\/www.aarquiteta.com.br\/blog\/wp-content\/uploads\/2023\/01\/salao13-696x390.webp 696w, https:\/\/www.aarquiteta.com.br\/blog\/wp-content\/uploads\/2023\/01\/salao13-150x84.webp 150w\" sizes=\"(max-width: 768px) 100vw, 768px\" \/><figcaption id=\"caption-attachment-74304\" class=\"wp-caption-text\">Por: Derma Club<\/figcaption><\/figure>\n<h2>Como montar um sal\u00e3o de beleza?<\/h2>\n<figure id=\"attachment_74302\" aria-describedby=\"caption-attachment-74302\" style=\"width: 432px\" class=\"wp-caption alignnone\"><img decoding=\"async\" class=\"wp-image-74302 size-full\" title=\"Como ter um sal\u00e3o de beleza?\" src=\"https:\/\/www.aarquiteta.com.br\/blog\/wp-content\/uploads\/2023\/01\/salao9.jpg\" alt=\"salao9\" width=\"432\" height=\"648\" srcset=\"https:\/\/www.aarquiteta.com.br\/blog\/wp-content\/uploads\/2023\/01\/salao9.jpg 432w, https:\/\/www.aarquiteta.com.br\/blog\/wp-content\/uploads\/2023\/01\/salao9-150x225.jpg 150w\" sizes=\"(max-width: 432px) 100vw, 432px\" \/><figcaption id=\"caption-attachment-74302\" class=\"wp-caption-text\">Por: Decor F\u00e1cil<\/figcaption><\/figure>\n<p>Para ter um sal\u00e3o de beleza, \u00e9 necess\u00e1rio seguir alguns passos b\u00e1sicos:<\/p>\n<p>Fa\u00e7a um plano de neg\u00f3cios, determine o tamanho, a localiza\u00e7\u00e3o e o or\u00e7amento do seu sal\u00e3o, bem como o p\u00fablico-alvo e os servi\u00e7os que oferecer\u00e1.<\/p>\n<p>Obtenha as licen\u00e7as e registros necess\u00e1rios, voc\u00ea precisar\u00e1 de licen\u00e7as de neg\u00f3cio e sanit\u00e1rias, al\u00e9m de se registrar como um empregador e obter seguros de responsabilidade civil e de sa\u00fade.<\/p>\n<figure id=\"attachment_74305\" aria-describedby=\"caption-attachment-74305\" style=\"width: 700px\" class=\"wp-caption alignnone\"><img decoding=\"async\" class=\"wp-image-74305 size-full\" title=\"Como ter um sal\u00e3o de beleza?\" src=\"https:\/\/www.aarquiteta.com.br\/blog\/wp-content\/uploads\/2023\/01\/salao14.jpg\" alt=\"salao14\" width=\"700\" height=\"500\" srcset=\"https:\/\/www.aarquiteta.com.br\/blog\/wp-content\/uploads\/2023\/01\/salao14.jpg 700w, https:\/\/www.aarquiteta.com.br\/blog\/wp-content\/uploads\/2023\/01\/salao14-696x497.jpg 696w, https:\/\/www.aarquiteta.com.br\/blog\/wp-content\/uploads\/2023\/01\/salao14-150x107.jpg 150w\" sizes=\"(max-width: 700px) 100vw, 700px\" \/><figcaption id=\"caption-attachment-74305\" class=\"wp-caption-text\">Por: Montar um Neg\u00f3cio<\/figcaption><\/figure>\n<p>Escolha um local apropriado para o seu sal\u00e3o, considerando a localiza\u00e7\u00e3o, o tamanho e o or\u00e7amento.<\/p>\n<p>Adquira equipamentos e fornecedores, compre equipamentos e produtos de beleza de qualidade, al\u00e9m de estabelecer rela\u00e7\u00f5es com fornecedores confi\u00e1veis.<\/p>\n<p>Confira a seguir algumas dicas para o seu neg\u00f3cio dar certo:<\/p>\n<h3>1 \u2014 Como decorar e organizar um sal\u00e3o de beleza, dicas e truques:<\/h3>\n<figure id=\"attachment_74300\" aria-describedby=\"caption-attachment-74300\" style=\"width: 790px\" class=\"wp-caption alignnone\"><img decoding=\"async\" class=\"wp-image-74300 size-full\" title=\"Como decorar e organizar um sal\u00e3o de beleza, dicas e truques\" src=\"https:\/\/www.aarquiteta.com.br\/blog\/wp-content\/uploads\/2023\/01\/salao7.jpg\" alt=\"salao7\" width=\"790\" height=\"550\" srcset=\"https:\/\/www.aarquiteta.com.br\/blog\/wp-content\/uploads\/2023\/01\/salao7.jpg 790w, https:\/\/www.aarquiteta.com.br\/blog\/wp-content\/uploads\/2023\/01\/salao7-696x485.jpg 696w, https:\/\/www.aarquiteta.com.br\/blog\/wp-content\/uploads\/2023\/01\/salao7-150x104.jpg 150w\" sizes=\"(max-width: 790px) 100vw, 790px\" \/><figcaption id=\"caption-attachment-74300\" class=\"wp-caption-text\">Por: Trinks<\/figcaption><\/figure>\n<p>Use cores e ilumina\u00e7\u00e3o para criar uma atmosfera acolhedora: escolha cores suaves e ilumina\u00e7\u00e3o indireta para criar uma atmosfera relaxante e convidativa.<\/p>\n<p>Maximize o espa\u00e7o com m\u00f3veis multifuncionais: utilize m\u00f3veis que possam ser usados para armazenar produtos e equipamentos, como prateleiras e arm\u00e1rios embutidos.<\/p>\n<p>Organize os produtos e equipamentos: use organizadores e etiquetas para manter os produtos e equipamentos em ordem e facilitar a encontr\u00e1-los.<\/p>\n<p>&nbsp;<\/p>\n<p>Adicione toques pessoais: inclua elementos decorativos, como quadros, plantas e objetos de arte, para dar personalidade ao seu sal\u00e3o.<\/p>\n<p>Recorra \u00e0 tecnologia: inclua recursos tecnol\u00f3gicos, como televis\u00f5es e dispositivos de som, para proporcionar uma experi\u00eancia mais agrad\u00e1vel aos clientes.<\/p>\n<p>Mantenha o ambiente limpo e organizado: crie rotinas de limpeza e manuten\u00e7\u00e3o para manter o sal\u00e3o limpo e organizado e garantir a satisfa\u00e7\u00e3o dos clientes.<\/p>\n<h3>2 \u2014 Como maximizar o espa\u00e7o no seu sal\u00e3o de beleza:<\/h3>\n<figure id=\"attachment_74299\" aria-describedby=\"caption-attachment-74299\" style=\"width: 1200px\" class=\"wp-caption alignnone\"><img decoding=\"async\" class=\"wp-image-74299 size-full\" title=\"Como maximizar o espa\u00e7o no seu sal\u00e3o de beleza\" src=\"https:\/\/www.aarquiteta.com.br\/blog\/wp-content\/uploads\/2023\/01\/salao6.webp\" alt=\"salao6\" width=\"1200\" height=\"675\" srcset=\"https:\/\/www.aarquiteta.com.br\/blog\/wp-content\/uploads\/2023\/01\/salao6.webp 1200w, https:\/\/www.aarquiteta.com.br\/blog\/wp-content\/uploads\/2023\/01\/salao6-1024x576.webp 1024w, https:\/\/www.aarquiteta.com.br\/blog\/wp-content\/uploads\/2023\/01\/salao6-696x392.webp 696w, https:\/\/www.aarquiteta.com.br\/blog\/wp-content\/uploads\/2023\/01\/salao6-150x84.webp 150w\" sizes=\"(max-width: 1200px) 100vw, 1200px\" \/><figcaption id=\"caption-attachment-74299\" class=\"wp-caption-text\">Por: Lojas KD<\/figcaption><\/figure>\n<div class=\"w-full border-b border-black\/10 dark:border-gray-900\/50 text-gray-800 dark:text-gray-100 group bg-gray-50 dark:bg-[#444654]\">\n<div class=\"text-base gap-4 md:gap-6 m-auto md:max-w-2xl lg:max-w-2xl xl:max-w-3xl p-4 md:py-6 flex lg:px-0\">\n<div class=\"relative flex w-[calc(100%-50px)] md:flex-col lg:w-[calc(100%-115px)]\">\n<div class=\"flex flex-grow flex-col gap-3\">\n<div class=\"min-h-[20px] flex flex-col items-start gap-4 whitespace-pre-wrap\">\n<div class=\"markdown prose w-full break-words dark:prose-invert result-streaming light\">\n<p>Existem v\u00e1rias maneiras de maximizar o espa\u00e7o no seu sal\u00e3o de beleza, incluindo:<\/p>\n<p>Utilize m\u00f3veis multifuncionais: invista em m\u00f3veis que possam ser usados para mais de uma finalidade, como cadeiras de sal\u00e3o que possam ser transformadas em bancos para os clientes colocarem os p\u00e9s.<\/p>\n<p>Organize suprimentos: mantenha suprimentos organizados e em arm\u00e1rios ou prateleiras para liberar espa\u00e7o no ch\u00e3o e nas mesas.<\/p>\n<p>Utilize a vertical: aproveite a altura do seu espa\u00e7o para armazenar itens, como prateleiras que v\u00e3o do ch\u00e3o ao teto.<\/p>\n<p>Utilize as paredes: Utilize as paredes para pendurar ferramentas, como secadores de cabelo e escovas, em vez de coloc\u00e1-los em cima de mesas ou bancadas.<\/p>\n<p>Seja seletivo com os itens: Seja seletivo com os itens que voc\u00ea mant\u00e9m no seu sal\u00e3o. Se voc\u00ea n\u00e3o usa nada regularmente, considere remov\u00ea-lo para liberar espa\u00e7o.<\/p>\n<p>Utilize tecnologia: Utilize tecnologias para ajudar a maximizar o espa\u00e7o, como aplicativos de agendamento.<\/p>\n<\/div>\n<\/div>\n<\/div>\n<div class=\"text-gray-400 flex self-end lg:self-center justify-center mt-2 gap-4 lg:gap-1 lg:absolute lg:top-0 lg:translate-x-full lg:right-0 lg:mt-0 lg:pl-2 invisible\"><\/div>\n<\/div>\n<\/div>\n<\/div>\n<h3>3 \u2014 Como criar uma atmosfera acolhedora no seu sal\u00e3o de beleza:<\/h3>\n<figure id=\"attachment_74296\" aria-describedby=\"caption-attachment-74296\" style=\"width: 630px\" class=\"wp-caption alignnone\"><img decoding=\"async\" class=\"wp-image-74296 size-full\" title=\"Como criar uma atmosfera acolhedora no seu sal\u00e3o de beleza\" src=\"https:\/\/www.aarquiteta.com.br\/blog\/wp-content\/uploads\/2023\/01\/salao3.jpg\" alt=\"salao3\" width=\"630\" height=\"420\" srcset=\"https:\/\/www.aarquiteta.com.br\/blog\/wp-content\/uploads\/2023\/01\/salao3.jpg 630w, https:\/\/www.aarquiteta.com.br\/blog\/wp-content\/uploads\/2023\/01\/salao3-150x100.jpg 150w\" sizes=\"(max-width: 630px) 100vw, 630px\" \/><figcaption id=\"caption-attachment-74296\" class=\"wp-caption-text\">Por: Transforme sua Casa<\/figcaption><\/figure>\n<div class=\"w-full border-b border-black\/10 dark:border-gray-900\/50 text-gray-800 dark:text-gray-100 group bg-gray-50 dark:bg-[#444654]\">\n<div class=\"text-base gap-4 md:gap-6 m-auto md:max-w-2xl lg:max-w-2xl xl:max-w-3xl p-4 md:py-6 flex lg:px-0\">\n<div class=\"relative flex w-[calc(100%-50px)] md:flex-col lg:w-[calc(100%-115px)]\">\n<div class=\"flex flex-grow flex-col gap-3\">\n<div class=\"min-h-[20px] flex flex-col items-start gap-4 whitespace-pre-wrap\">\n<div class=\"markdown prose w-full break-words dark:prose-invert light\">\n<p>Existem v\u00e1rias maneiras de criar uma atmosfera acolhedora no seu sal\u00e3o de beleza:<\/p>\n<p>Decora\u00e7\u00e3o: Escolha cores e m\u00f3veis que transmitam aconchego e conforto. Adicione plantas, velas e objetos decorativos para criar um ambiente mais acolhedor.<\/p>\n<p>Ilumina\u00e7\u00e3o: Use luzes suaves e difusa para criar uma atmosfera relaxante.<\/p>\n<p>M\u00fasica: Escolha m\u00fasicas suaves e relaxantes para tocar no sal\u00e3o.<\/p>\n<p>Cheiro: Use aromas agrad\u00e1veis para criar uma atmosfera confort\u00e1vel.<\/p>\n<p>Atendimento: Seus funcion\u00e1rios devem ser amig\u00e1veis e prestativos para fazer os clientes se sentirem bem-vindos e acolhidos.<\/p>\n<figure id=\"attachment_74306\" aria-describedby=\"caption-attachment-74306\" style=\"width: 700px\" class=\"wp-caption alignnone\"><img decoding=\"async\" class=\"wp-image-74306 size-full\" title=\"Como criar uma atmosfera acolhedora no seu sal\u00e3o de beleza\" src=\"https:\/\/www.aarquiteta.com.br\/blog\/wp-content\/uploads\/2023\/01\/salao15.jpg\" alt=\"salao15\" width=\"700\" height=\"467\" srcset=\"https:\/\/www.aarquiteta.com.br\/blog\/wp-content\/uploads\/2023\/01\/salao15.jpg 700w, https:\/\/www.aarquiteta.com.br\/blog\/wp-content\/uploads\/2023\/01\/salao15-696x464.jpg 696w, https:\/\/www.aarquiteta.com.br\/blog\/wp-content\/uploads\/2023\/01\/salao15-150x100.jpg 150w\" sizes=\"(max-width: 700px) 100vw, 700px\" \/><figcaption id=\"caption-attachment-74306\" class=\"wp-caption-text\">Por: hji.co.uk<\/figcaption><\/figure>\n<p>Ofere\u00e7a servi\u00e7os extras como caf\u00e9, bebidas frescas, revistas e etc, para melhorar a experi\u00eancia do cliente.<\/p>\n<\/div>\n<\/div>\n<\/div>\n<div class=\"text-gray-400 flex self-end lg:self-center justify-center mt-2 gap-4 lg:gap-1 lg:absolute lg:top-0 lg:translate-x-full lg:right-0 lg:mt-0 lg:pl-2 visible\"><\/div>\n<\/div>\n<\/div>\n<\/div>\n<h3>4 \u2014 Como organizar os produtos e equipamentos no seu sal\u00e3o de beleza:<\/h3>\n<figure id=\"attachment_74297\" aria-describedby=\"caption-attachment-74297\" style=\"width: 564px\" class=\"wp-caption alignnone\"><img decoding=\"async\" class=\"wp-image-74297 size-full\" title=\"Como organizar os produtos e equipamentos no seu sal\u00e3o de beleza\" src=\"https:\/\/www.aarquiteta.com.br\/blog\/wp-content\/uploads\/2023\/01\/salao4.webp\" alt=\"salao4\" width=\"564\" height=\"846\" srcset=\"https:\/\/www.aarquiteta.com.br\/blog\/wp-content\/uploads\/2023\/01\/salao4.webp 564w, https:\/\/www.aarquiteta.com.br\/blog\/wp-content\/uploads\/2023\/01\/salao4-150x225.webp 150w\" sizes=\"(max-width: 564px) 100vw, 564px\" \/><figcaption id=\"caption-attachment-74297\" class=\"wp-caption-text\">Por: Decorando Minha Casa<\/figcaption><\/figure>\n<p>Criar uma lista de tudo o que voc\u00ea tem no sal\u00e3o e classificar os itens por categoria, como tinturas, produtos para cabelos, maquiagem, etc.<\/p>\n<p>Organize os produtos por ordem de uso. Por exemplo, coloque os produtos usados em primeiro lugar, seguidos dos produtos de limpeza e de finaliza\u00e7\u00e3o.<\/p>\n<p>Utilize prateleiras e arm\u00e1rios para armazenar os produtos. Certifique-se de que as prateleiras s\u00e3o de tamanho adequado para os produtos que voc\u00ea est\u00e1 armazenando.<\/p>\n<p>Utilize etiquetas ou rotulagem para identificar os produtos e facilitar a localiza\u00e7\u00e3o deles.<\/p>\n<figure id=\"attachment_74307\" aria-describedby=\"caption-attachment-74307\" style=\"width: 800px\" class=\"wp-caption alignnone\"><img decoding=\"async\" class=\"wp-image-74307 size-full\" title=\"Como organizar os produtos e equipamentos no seu sal\u00e3o de beleza\" src=\"https:\/\/www.aarquiteta.com.br\/blog\/wp-content\/uploads\/2023\/01\/salao16.jpg\" alt=\"salao16\" width=\"800\" height=\"450\" srcset=\"https:\/\/www.aarquiteta.com.br\/blog\/wp-content\/uploads\/2023\/01\/salao16.jpg 800w, https:\/\/www.aarquiteta.com.br\/blog\/wp-content\/uploads\/2023\/01\/salao16-696x392.jpg 696w, https:\/\/www.aarquiteta.com.br\/blog\/wp-content\/uploads\/2023\/01\/salao16-150x84.jpg 150w\" sizes=\"(max-width: 800px) 100vw, 800px\" \/><figcaption id=\"caption-attachment-74307\" class=\"wp-caption-text\">Por: Trinks<\/figcaption><\/figure>\n<p>Certifique-se de que os equipamentos est\u00e3o limpos e em bom estado de funcionamento e mantenha-os em lugares acess\u00edveis.<\/p>\n<p>Tenha uma rotina de limpeza e manuten\u00e7\u00e3o para garantir que os produtos e equipamentos est\u00e3o sempre limpos e organizados.<\/p>\n<p>Tenha um espa\u00e7o reservado para estoque de suprimentos, para n\u00e3o misturar com os produtos de uso atual.<\/p>\n<h3>5 \u2014 Como manter um sal\u00e3o de beleza limpo e organizado:<\/h3>\n<figure id=\"attachment_74298\" aria-describedby=\"caption-attachment-74298\" style=\"width: 968px\" class=\"wp-caption alignnone\"><img decoding=\"async\" class=\"wp-image-74298 size-full\" title=\"como manter um sal\u00e3o de beleza limpo e organizado:\" src=\"https:\/\/www.aarquiteta.com.br\/blog\/wp-content\/uploads\/2023\/01\/salao5.jpg\" alt=\"salao5\" width=\"968\" height=\"506\" srcset=\"https:\/\/www.aarquiteta.com.br\/blog\/wp-content\/uploads\/2023\/01\/salao5.jpg 968w, https:\/\/www.aarquiteta.com.br\/blog\/wp-content\/uploads\/2023\/01\/salao5-696x364.jpg 696w, https:\/\/www.aarquiteta.com.br\/blog\/wp-content\/uploads\/2023\/01\/salao5-150x78.jpg 150w\" sizes=\"(max-width: 968px) 100vw, 968px\" \/><figcaption id=\"caption-attachment-74298\" class=\"wp-caption-text\">Por: GC Limpeza<\/figcaption><\/figure>\n<p>Aqui est\u00e3o algumas dicas para manter um sal\u00e3o de beleza limpo e organizado:<\/p>\n<p>Fa\u00e7a uma limpeza di\u00e1ria: Certifique-se de limpar todas as superf\u00edcies, incluindo mesas de trabalho, cadeiras, pisos e banheiros.<\/p>\n<p>Organize suprimentos: Mantenha suprimentos de cabelo, como tesouras, pentes e escovas, em sua pr\u00f3pria \u00e1rea organizada e limpe regularmente.<\/p>\n<figure id=\"attachment_74308\" aria-describedby=\"caption-attachment-74308\" style=\"width: 560px\" class=\"wp-caption alignnone\"><img decoding=\"async\" class=\"wp-image-74308 size-full\" title=\"Como manter um sal\u00e3o de beleza limpo e organizado\" src=\"https:\/\/www.aarquiteta.com.br\/blog\/wp-content\/uploads\/2023\/01\/salao17.webp\" alt=\"salao17\" width=\"560\" height=\"560\" srcset=\"https:\/\/www.aarquiteta.com.br\/blog\/wp-content\/uploads\/2023\/01\/salao17.webp 560w, https:\/\/www.aarquiteta.com.br\/blog\/wp-content\/uploads\/2023\/01\/salao17-96x96.webp 96w, https:\/\/www.aarquiteta.com.br\/blog\/wp-content\/uploads\/2023\/01\/salao17-150x150.webp 150w\" sizes=\"(max-width: 560px) 100vw, 560px\" \/><figcaption id=\"caption-attachment-74308\" class=\"wp-caption-text\">Por: Magazine Luiza<\/figcaption><\/figure>\n<p>Fa\u00e7a uma limpeza profunda regularmente: Fa\u00e7a uma limpeza mais profunda do sal\u00e3o uma vez por semana, incluindo limpeza de carpetes e estofados.<\/p>\n<p>Mantenha as \u00e1reas de espera limpas e organizadas: Certifique-se de que as \u00e1reas de espera para clientes estejam sempre limpas e organizadas.<\/p>\n<p>Tenha um plano de manuten\u00e7\u00e3o: Tenha um plano para manter as coisas limpas e organizadas, incluindo designa\u00e7\u00f5es de limpeza di\u00e1rias e semanais.<\/p>\n<p>Adote boas pr\u00e1ticas de higiene: Certifique-se de que os funcion\u00e1rios estejam seguindo as boas pr\u00e1ticas de higiene, como lavar as m\u00e3os com frequ\u00eancia e limpar as ferramentas de trabalho.<\/p>\n<figure id=\"attachment_74301\" aria-describedby=\"caption-attachment-74301\" style=\"width: 1110px\" class=\"wp-caption alignnone\"><img decoding=\"async\" class=\"wp-image-74301 size-full\" src=\"https:\/\/www.aarquiteta.com.br\/blog\/wp-content\/uploads\/2023\/01\/salao8.jpg\" alt=\"salao8\" width=\"1110\" height=\"555\" title=\"\" srcset=\"https:\/\/www.aarquiteta.com.br\/blog\/wp-content\/uploads\/2023\/01\/salao8.jpg 1110w, https:\/\/www.aarquiteta.com.br\/blog\/wp-content\/uploads\/2023\/01\/salao8-1024x512.jpg 1024w, https:\/\/www.aarquiteta.com.br\/blog\/wp-content\/uploads\/2023\/01\/salao8-696x348.jpg 696w, https:\/\/www.aarquiteta.com.br\/blog\/wp-content\/uploads\/2023\/01\/salao8-150x75.jpg 150w\" sizes=\"(max-width: 1110px) 100vw, 1110px\" \/><figcaption id=\"caption-attachment-74301\" class=\"wp-caption-text\">Por: Casa e Festa<\/figcaption><\/figure>\n<h2>E a\u00ed, gostou do artigo sobre Sal\u00e3o de Beleza &#8211; 5 dicas para aprimorar o ambiente?<\/h2>\n<p>Ent\u00e3o deslize a tela para baixo e<a href=\"https:\/\/br.pinterest.com\/aarquitetapinterest\/_created\/\" target=\"_blank\" rel=\"noopener\"> confira mais dicas<\/a> como esta e n\u00e3o se esque\u00e7a de compartilhar com os amigos!<\/p>\n<p>Quer mais dicas sobre o mundo da Arquitetura e Decora\u00e7\u00e3o, ent\u00e3o confira alguns dos nossos artigos em:<\/p>\n<ul>\n<li><a href=\"https:\/\/www.aarquiteta.com.br\/blog\/paisagismo\/\" target=\"_blank\" rel=\"noopener\">Casa e Jardim<\/a><\/li>\n<li><a href=\"https:\/\/www.aarquiteta.com.br\/blog\/arquitetura\/mundo-arquitetura\/\" target=\"_blank\" rel=\"noopener\">Mundo Arquitetura<\/a><\/li>\n<li><a href=\"https:\/\/www.aarquiteta.com.br\/decoracao\/\" target=\"_blank\" rel=\"noopener\">Decora\u00e7\u00e3o<br \/>\n<\/a><\/li>\n<\/ul>\n<p>&nbsp;<\/p>\n","protected":false},"excerpt":{"rendered":"<p>O sal\u00e3o de beleza \u00e9 um estabelecimento onde s\u00e3o realizados diversos tipos de servi\u00e7os relacionados \u00e0 est\u00e9tica, como corte de cabelo, colora\u00e7\u00e3o, maquiagem, manicure, entre outros. Os sal\u00f5es de beleza s\u00e3o frequentados tanto por homens quanto por mulheres e podem oferecer servi\u00e7os para todas as idades. Alguns sal\u00f5es de beleza tamb\u00e9m oferecem servi\u00e7os de spa [&hellip;]<\/p>\n","protected":false},"author":102,"featured_media":74295,"comment_status":"open","ping_status":"closed","sticky":false,"template":"","format":"standard","meta":{"footnotes":""},"categories":[1484,18757],"tags":[25725,25733,25734,25735,25727,25731,25726,25728,25730,25729,25732],"class_list":["post-74247","post","type-post","status-publish","format-standard","has-post-thumbnail","category-decoracao","category-decoracao-de-escritorio","tag-cadeira-para-salao-de-beleza","tag-como-abrir-um-salao-de-beleza","tag-como-montar-um-salao-de-beleza","tag-como-montar-um-salao-de-beleza-e-estetica","tag-como-montar-um-salao-de-beleza-em-um-espaco-pequeno","tag-como-montar-um-salao-de-beleza-simples-e-barato","tag-moveis-para-salao-de-beleza","tag-salao-de-beleza-decoracao","tag-salao-de-beleza-feminino","tag-salao-de-beleza-masculino","tag-salao-de-beleza-unissex"],"_wp_attached_file":null,"_wp_attachment_metadata":null,"_wp_attachment_context":null,"_wp_attachment_is_custom_header":null,"geo_longitude":null,"geo_public":null,"geo_latitude":null,"_publicize_done_external":null,"_wpas_done_3897181":null,"publicize_twitter_user":null,"_wpas_done_3897175":null,"_wpas_skip_3897181":null,"_wpas_skip_3897175":null,"_wpas_skip_3924723":null,"_wpas_mess":null,"_wpas_done_3924723":null,"wps_subtitle":"Para voc\u00ea que deseja abrir um sal\u00e3o de beleza aqui vai v\u00e1rias dicas de como ter o seu pr\u00f3prio neg\u00f3cio, confira!","_links":{"self":[{"href":"https:\/\/www.aarquiteta.com.br\/blog\/wp-json\/wp\/v2\/posts\/74247","targetHints":{"allow":["GET"]}}],"collection":[{"href":"https:\/\/www.aarquiteta.com.br\/blog\/wp-json\/wp\/v2\/posts"}],"about":[{"href":"https:\/\/www.aarquiteta.com.br\/blog\/wp-json\/wp\/v2\/types\/post"}],"author":[{"embeddable":true,"href":"https:\/\/www.aarquiteta.com.br\/blog\/wp-json\/wp\/v2\/users\/102"}],"replies":[{"embeddable":true,"href":"https:\/\/www.aarquiteta.com.br\/blog\/wp-json\/wp\/v2\/comments?post=74247"}],"version-history":[{"count":0,"href":"https:\/\/www.aarquiteta.com.br\/blog\/wp-json\/wp\/v2\/posts\/74247\/revisions"}],"wp:featuredmedia":[{"embeddable":true,"href":"https:\/\/www.aarquiteta.com.br\/blog\/wp-json\/wp\/v2\/media\/74295"}],"wp:attachment":[{"href":"https:\/\/www.aarquiteta.com.br\/blog\/wp-json\/wp\/v2\/media?parent=74247"}],"wp:term":[{"taxonomy":"category","embeddable":true,"href":"https:\/\/www.aarquiteta.com.br\/blog\/wp-json\/wp\/v2\/categories?post=74247"},{"taxonomy":"post_tag","embeddable":true,"href":"https:\/\/www.aarquiteta.com.br\/blog\/wp-json\/wp\/v2\/tags?post=74247"}],"curies":[{"name":"wp","href":"https:\/\/api.w.org\/{rel}","templated":true}]}}