{"id":73924,"date":"2023-01-08T09:11:19","date_gmt":"2023-01-08T12:11:19","guid":{"rendered":"http:\/\/aarquiteta.com.br\/?p=73924"},"modified":"2023-12-13T12:36:29","modified_gmt":"2023-12-13T15:36:29","slug":"dia-de-tirar-decoracao-de-natal","status":"publish","type":"post","link":"https:\/\/www.aarquiteta.com.br\/blog\/dia-de-tirar-decoracao-de-natal\/","title":{"rendered":"Qual o dia correto de retirar as decora\u00e7\u00f5es de Natal?"},"content":{"rendered":"<p>Qual o dia correto de retirar as decora\u00e7\u00f5es de Natal?<\/p>\n<p>Quanto \u00e0 retirada das decora\u00e7\u00f5es de Natal, isso depende das tradi\u00e7\u00f5es e costumes de cada pessoa ou fam\u00edlia.<\/p>\n<p>Algumas pessoas costumam tirar as decora\u00e7\u00f5es no mesmo dia em que comemoram o Dia dos Reis, enquanto outras as deixam por mais tempo.<\/p>\n<p>Alguns tamb\u00e9m costumam esperar at\u00e9 o final da festa de Carnaval, que acontece em fevereiro, para retirar as decora\u00e7\u00f5es.<\/p>\n<h2>Dia dos Reis \u00e9 o dia que retiramos as decora\u00e7\u00f5es de Natal.<\/h2>\n<p>Dia dos Reis \u00e9 uma comemora\u00e7\u00e3o crist\u00e3 que acontece todo dia 6 de janeiro, logo ap\u00f3s o Natal. \u00c9 o dia em que se celebra a visita dos tr\u00eas reis magos a Jesus ap\u00f3s o seu nascimento.<\/p>\n<p>Na tradi\u00e7\u00e3o crist\u00e3, os reis magos s\u00e3o Melchior, Baltasar e Gaspar, considerados s\u00edmbolos da sabedoria, riqueza e poder.<\/p>\n<p>N\u00e3o h\u00e1 um dia &#8220;correto&#8221; universalmente aceito para desmontar as decora\u00e7\u00f5es de Natal. Isso depende das tradi\u00e7\u00f5es e costumes de cada pessoa ou fam\u00edlia.<\/p>\n<p>Algumas pessoas costumam tirar as decora\u00e7\u00f5es logo ap\u00f3s o Natal, enquanto outras as deixam por mais tempo, at\u00e9 o Dia dos Reis ou at\u00e9 o final da festa de Carnaval.<\/p>\n<p>Alguns tamb\u00e9m podem optar por deixar as decora\u00e7\u00f5es at\u00e9 o final do m\u00eas de dezembro ou at\u00e9 o in\u00edcio de janeiro.<\/p>\n<h2>Quais as raz\u00f5es para desmontar as decora\u00e7\u00f5es de natal em determinadas datas?<\/h2>\n<p>Existem algumas raz\u00f5es pelas quais as pessoas podem optar por desmontar as decora\u00e7\u00f5es de Natal em momentos diferentes.<\/p>\n<p>Alguns podem querer tirar as decora\u00e7\u00f5es logo ap\u00f3s o Natal para evitar o trabalho de desmont\u00e1-las mais tarde.<\/p>\n<p>Outros podem preferir deixar as decora\u00e7\u00f5es por mais tempo para prolongar a sensa\u00e7\u00e3o de festividade e alegria durante o inverno.<\/p>\n<p>Alguns tamb\u00e9m podem ter tradi\u00e7\u00f5es familiares ou religiosas que determinam quando as decora\u00e7\u00f5es devem ser retiradas.<\/p>\n<p>No final, o importante \u00e9 que cada pessoa ou fam\u00edlia decida o que \u00e9 melhor para ela.<\/p>\n<h3>Aqui est\u00e3o algumas dicas que podem ajudar a facilitar e organizar a desmontagem das decora\u00e7\u00f5es de Natal:<\/h3>\n<ol>\n<li><strong>Comece cedo:<\/strong> comece a tirar as decora\u00e7\u00f5es o mais cedo poss\u00edvel para evitar ac\u00famulo de trabalho e para n\u00e3o deixar tudo para a \u00faltima hora.<\/li>\n<li><strong>Comece pelas decora\u00e7\u00f5es externas:<\/strong> comece a desmontar as decora\u00e7\u00f5es externas, como as luzes e enfeites da fachada da casa, e depois v\u00e1 para as decora\u00e7\u00f5es internas.<\/li>\n<li><strong>Tenha uma caixa ou saco para cada tipo de decora\u00e7\u00e3o:<\/strong> isso ajudar\u00e1 a mant\u00ea-las organizadas e f\u00e1ceis de encontrar no pr\u00f3ximo ano.<\/li>\n<li><strong>Desmonte as luzes com cuidado:<\/strong> tome cuidado ao desmontar as luzes de Natal para evitar danific\u00e1-las. Enrole-as organizadamente e guarde-as em caixas ou sacos adequados.<\/li>\n<li><strong>Desmonte os enfeites com cuidado:<\/strong> assim como as luzes, desmonte os enfeites com cuidado para evitar quebr\u00e1-los. Empacote-os em caixas ou sacos adequados para proteg\u00ea-los durante o armazenamento.<\/li>\n<li><strong>N\u00e3o esque\u00e7a de limpar:<\/strong> limpe a casa ap\u00f3s tirar todas as decora\u00e7\u00f5es para deix\u00e1-la pronta para o resto do ver\u00e3o.<\/li>\n<li>Armazene as decora\u00e7\u00f5es em um local seguro: escolha um lugar limpo e seco para armazenar as decora\u00e7\u00f5es de Natal at\u00e9 o pr\u00f3ximo ano.<\/li>\n<li>Certifique-se de que elas est\u00e3o bem protegidas e que n\u00e3o arriscam serem danificadas durante o armazenamento.<\/li>\n<\/ol>\n<h2>Por fim, gostou de saber qual\u00a0o dia correto de retirar as decora\u00e7\u00f5es de Natal?<\/h2>\n<p>Espero que este artigo tenha ajudado voc\u00ea!<\/p>\n<p>Ent\u00e3o deslize a tela para baixo e<a href=\"https:\/\/br.pinterest.com\/aarquitetapinterest\/_created\/\" target=\"_blank\" rel=\"noopener\">\u00a0confira mais dicas<\/a>\u00a0como esta e n\u00e3o se esque\u00e7a de compartilhar com os amigos!<\/p>\n<p>Quer mais dicas sobre o mundo da\u00a0<a href=\"https:\/\/www.aarquiteta.com.br\/blog\/o-que-e-arquitetura\/\">arquitetura<\/a>\u00a0e\u00a0<a href=\"https:\/\/www.aarquiteta.com.br\/blog\/decoracao\/\">Decora\u00e7\u00e3o<\/a>, ent\u00e3o confira alguns dos nossos artigos em:<\/p>\n<ul>\n<li><a href=\"https:\/\/www.aarquiteta.com.br\/blog\/paisagismo\/\" target=\"_blank\" rel=\"noopener\">Casa e Jardim<\/a><\/li>\n<li><a href=\"https:\/\/www.aarquiteta.com.br\/blog\/arquitetura\/mundo-arquitetura\/\" target=\"_blank\" rel=\"noopener\">Mundo Arquitetura<\/a><\/li>\n<li><a href=\"https:\/\/www.aarquiteta.com.br\/decoracao\/\" target=\"_blank\" rel=\"noopener\">Decora\u00e7\u00e3o\u00a0<\/a><\/li>\n<\/ul>\n<p>&nbsp;<\/p>\n","protected":false},"excerpt":{"rendered":"<p>Qual o dia correto de retirar as decora\u00e7\u00f5es de Natal? Quanto \u00e0 retirada das decora\u00e7\u00f5es de Natal, isso depende das tradi\u00e7\u00f5es e costumes de cada pessoa ou fam\u00edlia. Algumas pessoas costumam tirar as decora\u00e7\u00f5es no mesmo dia em que comemoram o Dia dos Reis, enquanto outras as deixam por mais tempo. Alguns tamb\u00e9m costumam esperar [&hellip;]<\/p>\n","protected":false},"author":20,"featured_media":73926,"comment_status":"open","ping_status":"closed","sticky":false,"template":"","format":"standard","meta":{"footnotes":""},"categories":[10005,1484,19112,19108,20353],"tags":[25573,25574,25572],"class_list":["post-73924","post","type-post","status-publish","format-standard","has-post-thumbnail","category-casa-e-jardim","category-decoracao","category-diy","category-festas-e-confraternizacoes","category-home-decor","tag-desmontar-arvore-de-natal","tag-dia-dos-reis","tag-tirar-decoracao-natal"],"_wp_attached_file":null,"_wp_attachment_metadata":null,"_wp_attachment_context":null,"_wp_attachment_is_custom_header":null,"geo_longitude":null,"geo_public":null,"geo_latitude":null,"_publicize_done_external":null,"_wpas_done_3897181":null,"publicize_twitter_user":null,"_wpas_done_3897175":null,"_wpas_skip_3897181":null,"_wpas_skip_3897175":null,"_wpas_skip_3924723":null,"_wpas_mess":null,"_wpas_done_3924723":null,"wps_subtitle":"","_links":{"self":[{"href":"https:\/\/www.aarquiteta.com.br\/blog\/wp-json\/wp\/v2\/posts\/73924","targetHints":{"allow":["GET"]}}],"collection":[{"href":"https:\/\/www.aarquiteta.com.br\/blog\/wp-json\/wp\/v2\/posts"}],"about":[{"href":"https:\/\/www.aarquiteta.com.br\/blog\/wp-json\/wp\/v2\/types\/post"}],"author":[{"embeddable":true,"href":"https:\/\/www.aarquiteta.com.br\/blog\/wp-json\/wp\/v2\/users\/20"}],"replies":[{"embeddable":true,"href":"https:\/\/www.aarquiteta.com.br\/blog\/wp-json\/wp\/v2\/comments?post=73924"}],"version-history":[{"count":0,"href":"https:\/\/www.aarquiteta.com.br\/blog\/wp-json\/wp\/v2\/posts\/73924\/revisions"}],"wp:featuredmedia":[{"embeddable":true,"href":"https:\/\/www.aarquiteta.com.br\/blog\/wp-json\/wp\/v2\/media\/73926"}],"wp:attachment":[{"href":"https:\/\/www.aarquiteta.com.br\/blog\/wp-json\/wp\/v2\/media?parent=73924"}],"wp:term":[{"taxonomy":"category","embeddable":true,"href":"https:\/\/www.aarquiteta.com.br\/blog\/wp-json\/wp\/v2\/categories?post=73924"},{"taxonomy":"post_tag","embeddable":true,"href":"https:\/\/www.aarquiteta.com.br\/blog\/wp-json\/wp\/v2\/tags?post=73924"}],"curies":[{"name":"wp","href":"https:\/\/api.w.org\/{rel}","templated":true}]}}