{"id":73734,"date":"2022-12-28T16:20:13","date_gmt":"2022-12-28T19:20:13","guid":{"rendered":"http:\/\/aarquiteta.com.br\/?p=73734"},"modified":"2022-12-28T16:17:46","modified_gmt":"2022-12-28T19:17:46","slug":"cadeira-de-escritorio","status":"publish","type":"post","link":"https:\/\/www.aarquiteta.com.br\/blog\/cadeira-de-escritorio\/","title":{"rendered":"Cadeira de escrit\u00f3rio &#8211; 5 modelos para seu trabalho!"},"content":{"rendered":"<p>Os funcion\u00e1rios de uma empresa precisam de uma cadeira de escrit\u00f3rio que seja funcional e atraente.<\/p>\n<p>Eles precisam escolher uma cadeira de escrit\u00f3rio que os ajude a realizar suas tarefas di\u00e1rias.<\/p>\n<p>A decora\u00e7\u00e3o do ambiente de seu home office ou escrit\u00f3rio corporativo deve ser bem pensada para evitar problemas de funcionalidade ou conforto.<\/p>\n<figure id=\"attachment_73744\" aria-describedby=\"caption-attachment-73744\" style=\"width: 620px\" class=\"wp-caption alignnone\"><img decoding=\"async\" class=\"wp-image-73744 size-full\" src=\"https:\/\/www.aarquiteta.com.br\/blog\/wp-content\/uploads\/2022\/12\/escritorio2.webp\" alt=\"escritorio2\" width=\"620\" height=\"930\" title=\"\" srcset=\"https:\/\/www.aarquiteta.com.br\/blog\/wp-content\/uploads\/2022\/12\/escritorio2.webp 620w, https:\/\/www.aarquiteta.com.br\/blog\/wp-content\/uploads\/2022\/12\/escritorio2-150x225.webp 150w\" sizes=\"(max-width: 620px) 100vw, 620px\" \/><figcaption id=\"caption-attachment-73744\" class=\"wp-caption-text\">Por: Casa e Jardim<\/figcaption><\/figure>\n<p>Se eles criarem um requisito para uma pe\u00e7a de mobili\u00e1rio espec\u00edfica, devem escolher uma cadeira de escrit\u00f3rio.<\/p>\n<p>Para auxiliar na escolha da melhor cadeira de escrit\u00f3rio para a sua necessidade, este post apresenta diversas dicas e fotos de modelos para te inspirar.<\/p>\n<h2>Vantagens em ter uma boa cadeira de escrit\u00f3rio<\/h2>\n<p>Investir em uma cadeira de trabalho saud\u00e1vel melhora a sa\u00fade, reduz o risco de desenvolver problemas na coluna e problemas de circula\u00e7\u00e3o sangu\u00ednea, e al\u00e9m disso, uma boa cadeira de escrit\u00f3rio \u00e9 ergon\u00f4mica e confort\u00e1vel \u2014 dois atributos que a tornam valiosa.<\/p>\n<figure id=\"attachment_73749\" aria-describedby=\"caption-attachment-73749\" style=\"width: 500px\" class=\"wp-caption alignnone\"><img decoding=\"async\" class=\"wp-image-73749 size-full\" src=\"https:\/\/www.aarquiteta.com.br\/blog\/wp-content\/uploads\/2022\/12\/escritorio7.jpg\" alt=\"escritorio7\" width=\"500\" height=\"500\" title=\"\" srcset=\"https:\/\/www.aarquiteta.com.br\/blog\/wp-content\/uploads\/2022\/12\/escritorio7.jpg 500w, https:\/\/www.aarquiteta.com.br\/blog\/wp-content\/uploads\/2022\/12\/escritorio7-96x96.jpg 96w, https:\/\/www.aarquiteta.com.br\/blog\/wp-content\/uploads\/2022\/12\/escritorio7-150x150.jpg 150w\" sizes=\"(max-width: 500px) 100vw, 500px\" \/><figcaption id=\"caption-attachment-73749\" class=\"wp-caption-text\">Por: Beni Mobile<\/figcaption><\/figure>\n<p>Al\u00e9m disso, cadeiras apropriadas podem adicionar um senso de estilo muito cativante \u00e0 decora\u00e7\u00e3o.<\/p>\n<p>Quer sejam usadas em um escrit\u00f3rio ou como cadeira do presidente, escolha cadeiras que combinem com o estilo de decora\u00e7\u00e3o escolhido para a sala.<\/p>\n<h2>Modelos de cadeira de escrit\u00f3rio<\/h2>\n<p>Os consumidores podem adquirir diferentes modelos de cadeiras de escrit\u00f3rio.<\/p>\n<p>Algumas mais avan\u00e7adas e elegantes, como a cadeira do presidente, enquanto outras s\u00e3o mais b\u00e1sicas, como uma cadeira de escrit\u00f3rio padr\u00e3o.<\/p>\n<figure id=\"attachment_73750\" aria-describedby=\"caption-attachment-73750\" style=\"width: 700px\" class=\"wp-caption alignnone\"><img decoding=\"async\" class=\"wp-image-73750 size-full\" title=\"Modelos de cadeira de escrit\u00f3rio\" src=\"https:\/\/www.aarquiteta.com.br\/blog\/wp-content\/uploads\/2022\/12\/escritorio8.jpg\" alt=\"escritorio8\" width=\"700\" height=\"467\" srcset=\"https:\/\/www.aarquiteta.com.br\/blog\/wp-content\/uploads\/2022\/12\/escritorio8.jpg 700w, https:\/\/www.aarquiteta.com.br\/blog\/wp-content\/uploads\/2022\/12\/escritorio8-696x464.jpg 696w, https:\/\/www.aarquiteta.com.br\/blog\/wp-content\/uploads\/2022\/12\/escritorio8-150x100.jpg 150w\" sizes=\"(max-width: 700px) 100vw, 700px\" \/><figcaption id=\"caption-attachment-73750\" class=\"wp-caption-text\">Por: Chaves na M\u00e3o<\/figcaption><\/figure>\n<p>Todas essas cadeiras s\u00e3o voltadas para necessidades e usos espec\u00edficos. Por exemplo, os funcion\u00e1rios podem usar a cadeira do presidente para parecerem mais autorit\u00e1rios no trabalho ou quando visitam empresas.<\/p>\n<p>Al\u00e9m disso, os visitantes corporativos podem utilizar as cadeiras elegantes e avan\u00e7adas.<\/p>\n<figure id=\"attachment_73751\" aria-describedby=\"caption-attachment-73751\" style=\"width: 1024px\" class=\"wp-caption alignnone\"><img decoding=\"async\" class=\"wp-image-73751 size-large\" title=\"Modelos de cadeira de escrit\u00f3rio\" src=\"https:\/\/www.aarquiteta.com.br\/blog\/wp-content\/uploads\/2022\/12\/escritorio9-1024x768.jpg\" alt=\"escritorio9\" width=\"1024\" height=\"768\" srcset=\"https:\/\/www.aarquiteta.com.br\/blog\/wp-content\/uploads\/2022\/12\/escritorio9-1024x768.jpg 1024w, https:\/\/www.aarquiteta.com.br\/blog\/wp-content\/uploads\/2022\/12\/escritorio9-696x522.jpg 696w, https:\/\/www.aarquiteta.com.br\/blog\/wp-content\/uploads\/2022\/12\/escritorio9-150x113.jpg 150w, https:\/\/www.aarquiteta.com.br\/blog\/wp-content\/uploads\/2022\/12\/escritorio9.jpg 1200w\" sizes=\"(max-width: 1024px) 100vw, 1024px\" \/><figcaption id=\"caption-attachment-73751\" class=\"wp-caption-text\">Por: Golden M\u00f3veis<\/figcaption><\/figure>\n<p>Para ajud\u00e1-lo a entender melhor as cadeiras de escrit\u00f3rio, inclu\u00edmos listas separadas para diferentes modelos abaixo.<\/p>\n<h3>1 \u2014 Cadeira Recep\u00e7\u00e3o:<\/h3>\n<p>As cadeiras de recep\u00e7\u00e3o servem exatamente o que seu nome sugere: elas funcionam como um conjunto de escrit\u00f3rios colocados na recep\u00e7\u00e3o.<\/p>\n<p>Uma cadeira de escrit\u00f3rio t\u00edpica \u00e9 frequentemente usada, embora isso n\u00e3o seja um requisito.<\/p>\n<figure id=\"attachment_73748\" aria-describedby=\"caption-attachment-73748\" style=\"width: 800px\" class=\"wp-caption alignnone\"><img decoding=\"async\" class=\"wp-image-73748 size-full\" title=\"Cadeira Recep\u00e7\u00e3o\" src=\"https:\/\/www.aarquiteta.com.br\/blog\/wp-content\/uploads\/2022\/12\/escritorio6.jpg\" alt=\"escritorio6\" width=\"800\" height=\"600\" srcset=\"https:\/\/www.aarquiteta.com.br\/blog\/wp-content\/uploads\/2022\/12\/escritorio6.jpg 800w, https:\/\/www.aarquiteta.com.br\/blog\/wp-content\/uploads\/2022\/12\/escritorio6-696x522.jpg 696w, https:\/\/www.aarquiteta.com.br\/blog\/wp-content\/uploads\/2022\/12\/escritorio6-150x113.jpg 150w\" sizes=\"(max-width: 800px) 100vw, 800px\" \/><figcaption id=\"caption-attachment-73748\" class=\"wp-caption-text\">Por: Stiloflex<\/figcaption><\/figure>\n<p>Cadeiras de escrit\u00f3rio confort\u00e1veis \u200b\u200be modernas desempenham um papel importante em qualquer neg\u00f3cio.<\/p>\n<p>Adicionando uma vibra\u00e7\u00e3o especial ao ambiente do escrit\u00f3rio, essas cadeiras ajudam a criar assentos adicionais para os usu\u00e1rios.<\/p>\n<p>Alguns at\u00e9 s\u00e3o fixados em uma forma e tamanho espec\u00edficos.<\/p>\n<h3>2 \u2014 Cadeira Gamer:<\/h3>\n<p>Uma cadeira ergon\u00f4mica especialmente projetada para jogadores de videogame e jogos de computador \u00e9 a cadeira mais confort\u00e1vel para usar no escrit\u00f3rio.<\/p>\n<figure id=\"attachment_73745\" aria-describedby=\"caption-attachment-73745\" style=\"width: 1024px\" class=\"wp-caption alignnone\"><img decoding=\"async\" class=\"wp-image-73745 size-large\" title=\"Cadeira Gamer\" src=\"https:\/\/www.aarquiteta.com.br\/blog\/wp-content\/uploads\/2022\/12\/escritorio3-1024x465.webp\" alt=\"escritorio3\" width=\"1024\" height=\"465\" srcset=\"https:\/\/www.aarquiteta.com.br\/blog\/wp-content\/uploads\/2022\/12\/escritorio3-1024x465.webp 1024w, https:\/\/www.aarquiteta.com.br\/blog\/wp-content\/uploads\/2022\/12\/escritorio3-696x316.webp 696w, https:\/\/www.aarquiteta.com.br\/blog\/wp-content\/uploads\/2022\/12\/escritorio3-150x68.webp 150w, https:\/\/www.aarquiteta.com.br\/blog\/wp-content\/uploads\/2022\/12\/escritorio3.webp 1200w\" sizes=\"(max-width: 1024px) 100vw, 1024px\" \/><figcaption id=\"caption-attachment-73745\" class=\"wp-caption-text\">Por: Adrenaline<\/figcaption><\/figure>\n<p>Esta cadeira possui regulagem de altura e \u00e2ngulo, al\u00e9m de apoios de bra\u00e7os que acompanham o movimento de seus usu\u00e1rios.<\/p>\n<p>Al\u00e9m disso, possui rod\u00edzios e um design angulado que facilita o sentar.<\/p>\n<p>Essa cadeira de escrit\u00f3rio espec\u00edfica \u00e9 popular entre as pessoas que trabalham com programa\u00e7\u00e3o e videogames &#8211; elas a escolhem em vez de cadeiras mais tradicionais.<\/p>\n<h3>3 \u2014 Cadeira Caixa:<\/h3>\n<p>As caixas s\u00e3o excelentes cadeiras de escrit\u00f3rio para quem trabalha longas horas.<\/p>\n<figure id=\"attachment_73746\" aria-describedby=\"caption-attachment-73746\" style=\"width: 500px\" class=\"wp-caption alignnone\"><img decoding=\"async\" class=\"wp-image-73746 size-full\" title=\"Cadeira Caixa\" src=\"https:\/\/www.aarquiteta.com.br\/blog\/wp-content\/uploads\/2022\/12\/escritorio4.webp\" alt=\"escritorio4\" width=\"500\" height=\"750\" srcset=\"https:\/\/www.aarquiteta.com.br\/blog\/wp-content\/uploads\/2022\/12\/escritorio4.webp 500w, https:\/\/www.aarquiteta.com.br\/blog\/wp-content\/uploads\/2022\/12\/escritorio4-150x225.webp 150w\" sizes=\"(max-width: 500px) 100vw, 500px\" \/><figcaption id=\"caption-attachment-73746\" class=\"wp-caption-text\">Por: M\u00f3veis Curitiba<\/figcaption><\/figure>\n<p>Proporcionam muito conforto e praticidade com apoio de bra\u00e7os, rodinhas e regulagem de altura.<\/p>\n<p>Muitos v\u00eam em v\u00e1rias cores, tornando-os f\u00e1ceis de combinar com a decora\u00e7\u00e3o do escrit\u00f3rio.<\/p>\n<p>&nbsp;<\/p>\n<h3>4 \u2014 Cadeira Secret\u00e1ria:<\/h3>\n<p>Cadeiras de secret\u00e1ria podem ser com com rodas ou com base fixa.<\/p>\n<figure id=\"attachment_73747\" aria-describedby=\"caption-attachment-73747\" style=\"width: 450px\" class=\"wp-caption alignnone\"><img decoding=\"async\" class=\"wp-image-73747 size-full\" title=\"Cadeira Secret\u00e1ria\" src=\"https:\/\/www.aarquiteta.com.br\/blog\/wp-content\/uploads\/2022\/12\/escritorio5.webp\" alt=\"escritorio5\" width=\"450\" height=\"450\" srcset=\"https:\/\/www.aarquiteta.com.br\/blog\/wp-content\/uploads\/2022\/12\/escritorio5.webp 450w, https:\/\/www.aarquiteta.com.br\/blog\/wp-content\/uploads\/2022\/12\/escritorio5-96x96.webp 96w, https:\/\/www.aarquiteta.com.br\/blog\/wp-content\/uploads\/2022\/12\/escritorio5-150x150.webp 150w\" sizes=\"(max-width: 450px) 100vw, 450px\" \/><figcaption id=\"caption-attachment-73747\" class=\"wp-caption-text\">Por: Ideaflex<\/figcaption><\/figure>\n<p>Na hora de escolher a melhor cadeira para a sua rotina de trabalho, voc\u00ea precisa considerar a rotina de trabalho da sua mesa.<\/p>\n<p>Para qualquer trabalho que exija mais movimento, uma cadeira de escrit\u00f3rio com rodinhas \u00e9 prefer\u00edvel a uma estacion\u00e1ria.<\/p>\n<p>Outras tarefas que exigem mais movimento incluem atender o telefone, acessar documentos na bancada e nas gavetas e muito mais.<\/p>\n<p><span style=\"color: #2b2b2b; font-size: 16px;\">Em alguns casos, uma cadeira estacion\u00e1ria tamb\u00e9m funciona.<\/span><\/p>\n<h3>5 \u2014 Cadeira Presidente:<\/h3>\n<p>A cadeira do escrit\u00f3rio presidencial \u00e9 semelhante \u00e0 cadeira do diretor, pois pode ser usada por qualquer pessoa, no entanto, esta cadeira tem caracter\u00edsticas especiais que a distinguem das restantes.<\/p>\n<figure id=\"attachment_73752\" aria-describedby=\"caption-attachment-73752\" style=\"width: 690px\" class=\"wp-caption alignnone\"><img decoding=\"async\" class=\"wp-image-73752 size-full\" title=\"Cadeira Presidente\" src=\"https:\/\/www.aarquiteta.com.br\/blog\/wp-content\/uploads\/2022\/12\/escritorio10.jpg\" alt=\"escritorio10\" width=\"690\" height=\"466\" srcset=\"https:\/\/www.aarquiteta.com.br\/blog\/wp-content\/uploads\/2022\/12\/escritorio10.jpg 690w, https:\/\/www.aarquiteta.com.br\/blog\/wp-content\/uploads\/2022\/12\/escritorio10-150x101.jpg 150w\" sizes=\"(max-width: 690px) 100vw, 690px\" \/><figcaption id=\"caption-attachment-73752\" class=\"wp-caption-text\">Por: Debate Para\u00edba<\/figcaption><\/figure>\n<p>Ele ainda possui recursos reclin\u00e1veis, como as cadeiras de outros diretores.<\/p>\n<p>A cadeira de escrit\u00f3rio do presidente \u00e9 tipicamente constru\u00edda com materiais de alta qualidade, como couro, e apresenta um design avan\u00e7ado que agrega modernidade e sofistica\u00e7\u00e3o \u00e0 decora\u00e7\u00e3o.<\/p>\n<figure id=\"attachment_73753\" aria-describedby=\"caption-attachment-73753\" style=\"width: 458px\" class=\"wp-caption alignnone\"><img decoding=\"async\" class=\"wp-image-73753 size-full\" title=\"Cadeira Presidente\" src=\"https:\/\/www.aarquiteta.com.br\/blog\/wp-content\/uploads\/2022\/12\/escritorio11.jpg\" alt=\"escritorio11\" width=\"458\" height=\"458\" srcset=\"https:\/\/www.aarquiteta.com.br\/blog\/wp-content\/uploads\/2022\/12\/escritorio11.jpg 458w, https:\/\/www.aarquiteta.com.br\/blog\/wp-content\/uploads\/2022\/12\/escritorio11-96x96.jpg 96w, https:\/\/www.aarquiteta.com.br\/blog\/wp-content\/uploads\/2022\/12\/escritorio11-150x150.jpg 150w\" sizes=\"(max-width: 458px) 100vw, 458px\" \/><figcaption id=\"caption-attachment-73753\" class=\"wp-caption-text\">Por: Abela M\u00f3veis<\/figcaption><\/figure>\n<p>Tamb\u00e9m \u00e9 importante lembrar que esta cadeira possui ajustes n\u00e3o apenas de altura, mas tamb\u00e9m de apoio de bra\u00e7o, costas e cabe\u00e7a.<\/p>\n<p>Para real\u00e7ar ainda mais a sua apar\u00eancia, esta cadeira incorpora um apoio de cabe\u00e7a e bra\u00e7o ajust\u00e1vel e suporte para as costas.<\/p>\n<p>&nbsp;<\/p>\n<h2>E a\u00ed, gostou do artigo sobre Cadeira de escrit\u00f3rio &#8211; 5 modelos para seu trabalho?<\/h2>\n<p>Ent\u00e3o deslize a tela para baixo e<a href=\"https:\/\/br.pinterest.com\/aarquitetapinterest\/_created\/\" target=\"_blank\" rel=\"noopener\"> confira mais dicas<\/a> como esta e n\u00e3o se esque\u00e7a de compartilhar com os amigos!<\/p>\n<p>Quer mais dicas sobre o mundo da Arquitetura e Decora\u00e7\u00e3o, ent\u00e3o confira alguns dos nossos artigos em:<\/p>\n<ul>\n<li><a href=\"https:\/\/www.aarquiteta.com.br\/blog\/paisagismo\/\" target=\"_blank\" rel=\"noopener\">Casa e Jardim<\/a><\/li>\n<li><a href=\"https:\/\/www.aarquiteta.com.br\/blog\/arquitetura\/mundo-arquitetura\/\" target=\"_blank\" rel=\"noopener\">Mundo Arquitetura<\/a><\/li>\n<li><a href=\"https:\/\/www.aarquiteta.com.br\/decoracao\/\" target=\"_blank\" rel=\"noopener\">Decora\u00e7\u00e3o<br \/>\n<\/a><\/li>\n<\/ul>\n<p>&nbsp;<\/p>\n","protected":false},"excerpt":{"rendered":"<p>Os funcion\u00e1rios de uma empresa precisam de uma cadeira de escrit\u00f3rio que seja funcional e atraente. Eles precisam escolher uma cadeira de escrit\u00f3rio que os ajude a realizar suas tarefas di\u00e1rias. A decora\u00e7\u00e3o do ambiente de seu home office ou escrit\u00f3rio corporativo deve ser bem pensada para evitar problemas de funcionalidade ou conforto. Se eles [&hellip;]<\/p>\n","protected":false},"author":102,"featured_media":73743,"comment_status":"open","ping_status":"closed","sticky":false,"template":"","format":"standard","meta":{"footnotes":""},"categories":[1484,18757],"tags":[1679,25387,25382,25388,25389,25380,25391,25386,25384,25383,25385,25390,25381],"class_list":["post-73734","post","type-post","status-publish","format-standard","has-post-thumbnail","category-decoracao","category-decoracao-de-escritorio","tag-cadeira-de-escritorio","tag-cadeira-de-escritorio-com-rodinhas","tag-cadeira-de-escritorio-confortavel","tag-cadeira-de-escritorio-confortavel-para-coluna","tag-cadeira-de-escritorio-diretor","tag-cadeira-de-escritorio-ergonomica","tag-cadeira-de-escritorio-estofada","tag-cadeira-de-escritorio-feminina","tag-cadeira-de-escritorio-fixa","tag-cadeira-de-escritorio-giratoria","tag-cadeira-de-escritorio-reclinavel","tag-cadeira-de-escritorio-secretaria","tag-cadeira-de-escritorio-simples"],"_wp_attached_file":null,"_wp_attachment_metadata":null,"_wp_attachment_context":null,"_wp_attachment_is_custom_header":null,"geo_longitude":null,"geo_public":null,"geo_latitude":null,"_publicize_done_external":null,"_wpas_done_3897181":null,"publicize_twitter_user":null,"_wpas_done_3897175":null,"_wpas_skip_3897181":null,"_wpas_skip_3897175":null,"_wpas_skip_3924723":null,"_wpas_mess":null,"_wpas_done_3924723":null,"wps_subtitle":"Confira 5 modelos de cadeira de escrit\u00f3rio para seu local de trabalho ficar mais confort\u00e1vel!","_links":{"self":[{"href":"https:\/\/www.aarquiteta.com.br\/blog\/wp-json\/wp\/v2\/posts\/73734","targetHints":{"allow":["GET"]}}],"collection":[{"href":"https:\/\/www.aarquiteta.com.br\/blog\/wp-json\/wp\/v2\/posts"}],"about":[{"href":"https:\/\/www.aarquiteta.com.br\/blog\/wp-json\/wp\/v2\/types\/post"}],"author":[{"embeddable":true,"href":"https:\/\/www.aarquiteta.com.br\/blog\/wp-json\/wp\/v2\/users\/102"}],"replies":[{"embeddable":true,"href":"https:\/\/www.aarquiteta.com.br\/blog\/wp-json\/wp\/v2\/comments?post=73734"}],"version-history":[{"count":0,"href":"https:\/\/www.aarquiteta.com.br\/blog\/wp-json\/wp\/v2\/posts\/73734\/revisions"}],"wp:featuredmedia":[{"embeddable":true,"href":"https:\/\/www.aarquiteta.com.br\/blog\/wp-json\/wp\/v2\/media\/73743"}],"wp:attachment":[{"href":"https:\/\/www.aarquiteta.com.br\/blog\/wp-json\/wp\/v2\/media?parent=73734"}],"wp:term":[{"taxonomy":"category","embeddable":true,"href":"https:\/\/www.aarquiteta.com.br\/blog\/wp-json\/wp\/v2\/categories?post=73734"},{"taxonomy":"post_tag","embeddable":true,"href":"https:\/\/www.aarquiteta.com.br\/blog\/wp-json\/wp\/v2\/tags?post=73734"}],"curies":[{"name":"wp","href":"https:\/\/api.w.org\/{rel}","templated":true}]}}